

{"id":1515,"date":"2023-04-20T17:54:00","date_gmt":"2023-04-20T17:54:00","guid":{"rendered":"http:\/\/192.168.25.123\/minpet\/?p=1515"},"modified":"2023-07-27T19:20:30","modified_gmt":"2023-07-27T19:20:30","slug":"ministro-tellechea-ratifica-compromiso-de-venezuela-para-seguir-impulsando-el-foro-de-paises-exportadores-de-gas","status":"publish","type":"post","link":"http:\/\/www.minhidrocarburos.gob.ve\/index.php\/2023\/04\/20\/ministro-tellechea-ratifica-compromiso-de-venezuela-para-seguir-impulsando-el-foro-de-paises-exportadores-de-gas\/","title":{"rendered":"Ministro Tellechea ratifica compromiso de Venezuela para seguir impulsando el Foro de Pa\u00edses Exportadores de Gas"},"content":{"rendered":"\n<p><strong>Caracas, 20 de abril de 2023.<\/strong>&#8211; El ministro del Poder Popular de Petr\u00f3leo, Pedro Rafael Tellechea agradeci\u00f3 este mi\u00e9rcoles al secretario general de los Pa\u00edses Exportadores de Gas (GECF), por sus siglas en ingl\u00e9s), Mohamed Hamel, por promover la reuni\u00f3n introductoria que permiti\u00f3 reafirmar en nombre del presidente de la Rep\u00fablica, Nicol\u00e1s Maduro el compromiso de Venezuela de seguir sumando esfuerzos mancomunados en pro de la estabilidad del mercado mundial del gas.<\/p>\n\n\n\n<p>A trav\u00e9s de su cuenta en la red social Twitter @TellecheaRuiz escribi\u00f3: \u201cExpresamos nuestro agradecimiento al secretario general de Pa\u00edses Exportadores de Gas, GECF, S.E. Mohamed Hamel, por esta reuni\u00f3n introductoria, en la que ratificamos el compromiso de Venezuela de seguir impulsando este prestigioso organismo para la estabilidad del mercado mundial del gas\u201d.<\/p>\n\n\n\n<p>Este mensaje se produce como respuesta a la publicaci\u00f3n realizada por el organismo en su cuenta @GECF_News, a trav\u00e9s del cual se reconoci\u00f3 \u00abel importante papel de Venezuela como miembro fundador\u201d.<\/p>\n\n\n\n<p>En el marco de esta alianza multilateral, Venezuela ha ratificado consecuentemente su apoyo a las propuestas de promover la complementariedad entre las diferentes fuentes de energ\u00eda como un factor estrat\u00e9gico, tanto para suplir la demanda global, como para fortalecer la din\u00e1mica econ\u00f3mica de los pa\u00edses productores.<\/p>\n\n\n\n<p>Es preciso destacar que el Foro de Pa\u00edses Exportadores de Gas est\u00e1 integrado por 19 pa\u00edses miembros que representan el 72 por ciento de las reservas de gas natural, lo que coloca a esta organizaci\u00f3n en un sitial privilegiado dentro de la ecuaci\u00f3n energ\u00e9tica mundial.<\/p>\n","protected":false},"excerpt":{"rendered":"<p>Caracas, 20 de abril de 2023.&#8211; El ministro del Poder Popular de Petr\u00f3leo, Pedro Rafael Tellechea agradeci\u00f3 este mi\u00e9rcoles al secretario general de los Pa\u00edses Exportadores de Gas (GECF), por sus siglas en ingl\u00e9s), Mohamed Hamel, por promover la reuni\u00f3n introductoria que permiti\u00f3 reafirmar en nombre del presidente de la Rep\u00fablica, Nicol\u00e1s Maduro el compromiso&hellip;&nbsp;<a href=\"http:\/\/www.minhidrocarburos.gob.ve\/index.php\/2023\/04\/20\/ministro-tellechea-ratifica-compromiso-de-venezuela-para-seguir-impulsando-el-foro-de-paises-exportadores-de-gas\/\" rel=\"bookmark\">Leer m\u00e1s &raquo;<span class=\"screen-reader-text\">Ministro Tellechea ratifica compromiso de Venezuela para seguir impulsando el Foro de Pa\u00edses Exportadores de Gas<\/span><\/a><\/p>\n","protected":false},"author":1,"featured_media":1517,"comment_status":"closed","ping_status":"closed","sticky":false,"template":"","format":"standard","meta":{"_editorskit_title_hidden":false,"_editorskit_reading_time":0,"_editorskit_is_block_options_detached":false,"_editorskit_block_options_position":"{}","neve_meta_sidebar":"","neve_meta_container":"","neve_meta_enable_content_width":"","neve_meta_content_width":0,"neve_meta_title_alignment":"","neve_meta_author_avatar":"","neve_post_elements_order":"","neve_meta_disable_header":"","neve_meta_disable_footer":"","neve_meta_disable_title":"","footnotes":""},"categories":[4],"tags":[],"class_list":["post-1515","post","type-post","status-publish","format-standard","has-post-thumbnail","hentry","category-noticias-2023"],"yoast_head":"<!-- This site is optimized with the Yoast SEO plugin v27.2 - https:\/\/yoast.com\/product\/yoast-seo-wordpress\/ -->\n<title>Ministro Tellechea ratifica compromiso de Venezuela para seguir impulsando el Foro de Pa\u00edses Exportadores de Gas - MinHidrocarburos<\/title>\n<meta name=\"robots\" content=\"index, follow, max-snippet:-1, max-image-preview:large, max-video-preview:-1\" \/>\n<link rel=\"canonical\" href=\"http:\/\/www.minhidrocarburos.gob.ve\/index.php\/2023\/04\/20\/ministro-tellechea-ratifica-compromiso-de-venezuela-para-seguir-impulsando-el-foro-de-paises-exportadores-de-gas\/\" \/>\n<meta property=\"og:locale\" content=\"es_ES\" \/>\n<meta property=\"og:type\" content=\"article\" \/>\n<meta property=\"og:title\" content=\"Ministro Tellechea ratifica compromiso de Venezuela para seguir impulsando el Foro de Pa\u00edses Exportadores de Gas - MinHidrocarburos\" \/>\n<meta property=\"og:description\" content=\"Caracas, 20 de abril de 2023.&#8211; El ministro del Poder Popular de Petr\u00f3leo, Pedro Rafael Tellechea agradeci\u00f3 este mi\u00e9rcoles al secretario general de los Pa\u00edses Exportadores de Gas (GECF), por sus siglas en ingl\u00e9s), Mohamed Hamel, por promover la reuni\u00f3n introductoria que permiti\u00f3 reafirmar en nombre del presidente de la Rep\u00fablica, Nicol\u00e1s Maduro el compromiso&hellip;&nbsp;Leer m\u00e1s &raquo;Ministro Tellechea ratifica compromiso de Venezuela para seguir impulsando el Foro de Pa\u00edses Exportadores de Gas\" \/>\n<meta property=\"og:url\" content=\"http:\/\/www.minhidrocarburos.gob.ve\/index.php\/2023\/04\/20\/ministro-tellechea-ratifica-compromiso-de-venezuela-para-seguir-impulsando-el-foro-de-paises-exportadores-de-gas\/\" \/>\n<meta property=\"og:site_name\" content=\"MinHidrocarburos\" \/>\n<meta property=\"article:published_time\" content=\"2023-04-20T17:54:00+00:00\" \/>\n<meta property=\"article:modified_time\" content=\"2023-07-27T19:20:30+00:00\" \/>\n<meta property=\"og:image\" content=\"http:\/\/www.minhidrocarburos.gob.ve\/wp-content\/uploads\/2023\/07\/FOTO5._de_adentro.jpg\" \/>\n\t<meta property=\"og:image:width\" content=\"883\" \/>\n\t<meta property=\"og:image:height\" content=\"531\" \/>\n\t<meta property=\"og:image:type\" content=\"image\/jpeg\" \/>\n<meta name=\"author\" content=\"mmartinez\" \/>\n<meta name=\"twitter:card\" content=\"summary_large_image\" \/>\n<meta name=\"twitter:label1\" content=\"Escrito por\" \/>\n\t<meta name=\"twitter:data1\" content=\"mmartinez\" \/>\n\t<meta name=\"twitter:label2\" content=\"Tiempo de lectura\" \/>\n\t<meta name=\"twitter:data2\" content=\"1 minuto\" \/>\n<script type=\"application\/ld+json\" class=\"yoast-schema-graph\">{\"@context\":\"https:\/\/schema.org\",\"@graph\":[{\"@type\":\"Article\",\"@id\":\"http:\/\/www.minhidrocarburos.gob.ve\/index.php\/2023\/04\/20\/ministro-tellechea-ratifica-compromiso-de-venezuela-para-seguir-impulsando-el-foro-de-paises-exportadores-de-gas\/#article\",\"isPartOf\":{\"@id\":\"http:\/\/www.minhidrocarburos.gob.ve\/index.php\/2023\/04\/20\/ministro-tellechea-ratifica-compromiso-de-venezuela-para-seguir-impulsando-el-foro-de-paises-exportadores-de-gas\/\"},\"author\":{\"name\":\"mmartinez\",\"@id\":\"http:\/\/www.minhidrocarburos.gob.ve\/#\/schema\/person\/789cb88f3e8d5e6a8775be3f00cf2810\"},\"headline\":\"Ministro Tellechea ratifica compromiso de Venezuela para seguir impulsando el Foro de Pa\u00edses Exportadores de Gas\",\"datePublished\":\"2023-04-20T17:54:00+00:00\",\"dateModified\":\"2023-07-27T19:20:30+00:00\",\"mainEntityOfPage\":{\"@id\":\"http:\/\/www.minhidrocarburos.gob.ve\/index.php\/2023\/04\/20\/ministro-tellechea-ratifica-compromiso-de-venezuela-para-seguir-impulsando-el-foro-de-paises-exportadores-de-gas\/\"},\"wordCount\":285,\"publisher\":{\"@id\":\"http:\/\/www.minhidrocarburos.gob.ve\/#organization\"},\"image\":{\"@id\":\"http:\/\/www.minhidrocarburos.gob.ve\/index.php\/2023\/04\/20\/ministro-tellechea-ratifica-compromiso-de-venezuela-para-seguir-impulsando-el-foro-de-paises-exportadores-de-gas\/#primaryimage\"},\"thumbnailUrl\":\"http:\/\/www.minhidrocarburos.gob.ve\/wp-content\/uploads\/2023\/07\/FOTO5._de_adentro.jpg\",\"articleSection\":[\"Noticias 2023\"],\"inLanguage\":\"es\"},{\"@type\":\"WebPage\",\"@id\":\"http:\/\/www.minhidrocarburos.gob.ve\/index.php\/2023\/04\/20\/ministro-tellechea-ratifica-compromiso-de-venezuela-para-seguir-impulsando-el-foro-de-paises-exportadores-de-gas\/\",\"url\":\"http:\/\/www.minhidrocarburos.gob.ve\/index.php\/2023\/04\/20\/ministro-tellechea-ratifica-compromiso-de-venezuela-para-seguir-impulsando-el-foro-de-paises-exportadores-de-gas\/\",\"name\":\"Ministro Tellechea ratifica compromiso de Venezuela para seguir impulsando el Foro de Pa\u00edses Exportadores de Gas - MinHidrocarburos\",\"isPartOf\":{\"@id\":\"http:\/\/www.minhidrocarburos.gob.ve\/#website\"},\"primaryImageOfPage\":{\"@id\":\"http:\/\/www.minhidrocarburos.gob.ve\/index.php\/2023\/04\/20\/ministro-tellechea-ratifica-compromiso-de-venezuela-para-seguir-impulsando-el-foro-de-paises-exportadores-de-gas\/#primaryimage\"},\"image\":{\"@id\":\"http:\/\/www.minhidrocarburos.gob.ve\/index.php\/2023\/04\/20\/ministro-tellechea-ratifica-compromiso-de-venezuela-para-seguir-impulsando-el-foro-de-paises-exportadores-de-gas\/#primaryimage\"},\"thumbnailUrl\":\"http:\/\/www.minhidrocarburos.gob.ve\/wp-content\/uploads\/2023\/07\/FOTO5._de_adentro.jpg\",\"datePublished\":\"2023-04-20T17:54:00+00:00\",\"dateModified\":\"2023-07-27T19:20:30+00:00\",\"inLanguage\":\"es\",\"potentialAction\":[{\"@type\":\"ReadAction\",\"target\":[\"http:\/\/www.minhidrocarburos.gob.ve\/index.php\/2023\/04\/20\/ministro-tellechea-ratifica-compromiso-de-venezuela-para-seguir-impulsando-el-foro-de-paises-exportadores-de-gas\/\"]}]},{\"@type\":\"ImageObject\",\"inLanguage\":\"es\",\"@id\":\"http:\/\/www.minhidrocarburos.gob.ve\/index.php\/2023\/04\/20\/ministro-tellechea-ratifica-compromiso-de-venezuela-para-seguir-impulsando-el-foro-de-paises-exportadores-de-gas\/#primaryimage\",\"url\":\"http:\/\/www.minhidrocarburos.gob.ve\/wp-content\/uploads\/2023\/07\/FOTO5._de_adentro.jpg\",\"contentUrl\":\"http:\/\/www.minhidrocarburos.gob.ve\/wp-content\/uploads\/2023\/07\/FOTO5._de_adentro.jpg\",\"width\":883,\"height\":531},{\"@type\":\"WebSite\",\"@id\":\"http:\/\/www.minhidrocarburos.gob.ve\/#website\",\"url\":\"http:\/\/www.minhidrocarburos.gob.ve\/\",\"name\":\"Minhidrocarburos\",\"description\":\"Regulaci\u00f3n, formulaci\u00f3n y seguimiento de pol\u00edticas; la planificaci\u00f3n, realizaci\u00f3n y fiscalizaci\u00f3n en materia de hidrocarburos\",\"publisher\":{\"@id\":\"http:\/\/www.minhidrocarburos.gob.ve\/#organization\"},\"potentialAction\":[{\"@type\":\"SearchAction\",\"target\":{\"@type\":\"EntryPoint\",\"urlTemplate\":\"http:\/\/www.minhidrocarburos.gob.ve\/?s={search_term_string}\"},\"query-input\":{\"@type\":\"PropertyValueSpecification\",\"valueRequired\":true,\"valueName\":\"search_term_string\"}}],\"inLanguage\":\"es\"},{\"@type\":\"Organization\",\"@id\":\"http:\/\/www.minhidrocarburos.gob.ve\/#organization\",\"name\":\"Ministerio del Poder Popular de Hidrocarburos\",\"url\":\"http:\/\/www.minhidrocarburos.gob.ve\/\",\"logo\":{\"@type\":\"ImageObject\",\"inLanguage\":\"es\",\"@id\":\"http:\/\/www.minhidrocarburos.gob.ve\/#\/schema\/logo\/image\/\",\"url\":\"http:\/\/www.minhidrocarburos.gob.ve\/wp-content\/uploads\/2024\/12\/Ministerio_de_Hidrocarburos.png\",\"contentUrl\":\"http:\/\/www.minhidrocarburos.gob.ve\/wp-content\/uploads\/2024\/12\/Ministerio_de_Hidrocarburos.png\",\"width\":2320,\"height\":324,\"caption\":\"Ministerio del Poder Popular de Hidrocarburos\"},\"image\":{\"@id\":\"http:\/\/www.minhidrocarburos.gob.ve\/#\/schema\/logo\/image\/\"}},{\"@type\":\"Person\",\"@id\":\"http:\/\/www.minhidrocarburos.gob.ve\/#\/schema\/person\/789cb88f3e8d5e6a8775be3f00cf2810\",\"name\":\"mmartinez\",\"image\":{\"@type\":\"ImageObject\",\"inLanguage\":\"es\",\"@id\":\"https:\/\/secure.gravatar.com\/avatar\/91a32d24e5574f3b390f8069f1d382cd401f3195a32b6d1a5fc7d127337b4c27?s=96&d=mm&r=g\",\"url\":\"https:\/\/secure.gravatar.com\/avatar\/91a32d24e5574f3b390f8069f1d382cd401f3195a32b6d1a5fc7d127337b4c27?s=96&d=mm&r=g\",\"contentUrl\":\"https:\/\/secure.gravatar.com\/avatar\/91a32d24e5574f3b390f8069f1d382cd401f3195a32b6d1a5fc7d127337b4c27?s=96&d=mm&r=g\",\"caption\":\"mmartinez\"},\"url\":\"http:\/\/www.minhidrocarburos.gob.ve\/index.php\/author\/mmartinez\/\"}]}<\/script>\n<!-- \/ Yoast SEO plugin. -->","yoast_head_json":{"title":"Ministro Tellechea ratifica compromiso de Venezuela para seguir impulsando el Foro de Pa\u00edses Exportadores de Gas - MinHidrocarburos","robots":{"index":"index","follow":"follow","max-snippet":"max-snippet:-1","max-image-preview":"max-image-preview:large","max-video-preview":"max-video-preview:-1"},"canonical":"http:\/\/www.minhidrocarburos.gob.ve\/index.php\/2023\/04\/20\/ministro-tellechea-ratifica-compromiso-de-venezuela-para-seguir-impulsando-el-foro-de-paises-exportadores-de-gas\/","og_locale":"es_ES","og_type":"article","og_title":"Ministro Tellechea ratifica compromiso de Venezuela para seguir impulsando el Foro de Pa\u00edses Exportadores de Gas - MinHidrocarburos","og_description":"Caracas, 20 de abril de 2023.&#8211; El ministro del Poder Popular de Petr\u00f3leo, Pedro Rafael Tellechea agradeci\u00f3 este mi\u00e9rcoles al secretario general de los Pa\u00edses Exportadores de Gas (GECF), por sus siglas en ingl\u00e9s), Mohamed Hamel, por promover la reuni\u00f3n introductoria que permiti\u00f3 reafirmar en nombre del presidente de la Rep\u00fablica, Nicol\u00e1s Maduro el compromiso&hellip;&nbsp;Leer m\u00e1s &raquo;Ministro Tellechea ratifica compromiso de Venezuela para seguir impulsando el Foro de Pa\u00edses Exportadores de Gas","og_url":"http:\/\/www.minhidrocarburos.gob.ve\/index.php\/2023\/04\/20\/ministro-tellechea-ratifica-compromiso-de-venezuela-para-seguir-impulsando-el-foro-de-paises-exportadores-de-gas\/","og_site_name":"MinHidrocarburos","article_published_time":"2023-04-20T17:54:00+00:00","article_modified_time":"2023-07-27T19:20:30+00:00","og_image":[{"width":883,"height":531,"url":"http:\/\/www.minhidrocarburos.gob.ve\/wp-content\/uploads\/2023\/07\/FOTO5._de_adentro.jpg","type":"image\/jpeg"}],"author":"mmartinez","twitter_card":"summary_large_image","twitter_misc":{"Escrito por":"mmartinez","Tiempo de lectura":"1 minuto"},"schema":{"@context":"https:\/\/schema.org","@graph":[{"@type":"Article","@id":"http:\/\/www.minhidrocarburos.gob.ve\/index.php\/2023\/04\/20\/ministro-tellechea-ratifica-compromiso-de-venezuela-para-seguir-impulsando-el-foro-de-paises-exportadores-de-gas\/#article","isPartOf":{"@id":"http:\/\/www.minhidrocarburos.gob.ve\/index.php\/2023\/04\/20\/ministro-tellechea-ratifica-compromiso-de-venezuela-para-seguir-impulsando-el-foro-de-paises-exportadores-de-gas\/"},"author":{"name":"mmartinez","@id":"http:\/\/www.minhidrocarburos.gob.ve\/#\/schema\/person\/789cb88f3e8d5e6a8775be3f00cf2810"},"headline":"Ministro Tellechea ratifica compromiso de Venezuela para seguir impulsando el Foro de Pa\u00edses Exportadores de Gas","datePublished":"2023-04-20T17:54:00+00:00","dateModified":"2023-07-27T19:20:30+00:00","mainEntityOfPage":{"@id":"http:\/\/www.minhidrocarburos.gob.ve\/index.php\/2023\/04\/20\/ministro-tellechea-ratifica-compromiso-de-venezuela-para-seguir-impulsando-el-foro-de-paises-exportadores-de-gas\/"},"wordCount":285,"publisher":{"@id":"http:\/\/www.minhidrocarburos.gob.ve\/#organization"},"image":{"@id":"http:\/\/www.minhidrocarburos.gob.ve\/index.php\/2023\/04\/20\/ministro-tellechea-ratifica-compromiso-de-venezuela-para-seguir-impulsando-el-foro-de-paises-exportadores-de-gas\/#primaryimage"},"thumbnailUrl":"http:\/\/www.minhidrocarburos.gob.ve\/wp-content\/uploads\/2023\/07\/FOTO5._de_adentro.jpg","articleSection":["Noticias 2023"],"inLanguage":"es"},{"@type":"WebPage","@id":"http:\/\/www.minhidrocarburos.gob.ve\/index.php\/2023\/04\/20\/ministro-tellechea-ratifica-compromiso-de-venezuela-para-seguir-impulsando-el-foro-de-paises-exportadores-de-gas\/","url":"http:\/\/www.minhidrocarburos.gob.ve\/index.php\/2023\/04\/20\/ministro-tellechea-ratifica-compromiso-de-venezuela-para-seguir-impulsando-el-foro-de-paises-exportadores-de-gas\/","name":"Ministro Tellechea ratifica compromiso de Venezuela para seguir impulsando el Foro de Pa\u00edses Exportadores de Gas - MinHidrocarburos","isPartOf":{"@id":"http:\/\/www.minhidrocarburos.gob.ve\/#website"},"primaryImageOfPage":{"@id":"http:\/\/www.minhidrocarburos.gob.ve\/index.php\/2023\/04\/20\/ministro-tellechea-ratifica-compromiso-de-venezuela-para-seguir-impulsando-el-foro-de-paises-exportadores-de-gas\/#primaryimage"},"image":{"@id":"http:\/\/www.minhidrocarburos.gob.ve\/index.php\/2023\/04\/20\/ministro-tellechea-ratifica-compromiso-de-venezuela-para-seguir-impulsando-el-foro-de-paises-exportadores-de-gas\/#primaryimage"},"thumbnailUrl":"http:\/\/www.minhidrocarburos.gob.ve\/wp-content\/uploads\/2023\/07\/FOTO5._de_adentro.jpg","datePublished":"2023-04-20T17:54:00+00:00","dateModified":"2023-07-27T19:20:30+00:00","inLanguage":"es","potentialAction":[{"@type":"ReadAction","target":["http:\/\/www.minhidrocarburos.gob.ve\/index.php\/2023\/04\/20\/ministro-tellechea-ratifica-compromiso-de-venezuela-para-seguir-impulsando-el-foro-de-paises-exportadores-de-gas\/"]}]},{"@type":"ImageObject","inLanguage":"es","@id":"http:\/\/www.minhidrocarburos.gob.ve\/index.php\/2023\/04\/20\/ministro-tellechea-ratifica-compromiso-de-venezuela-para-seguir-impulsando-el-foro-de-paises-exportadores-de-gas\/#primaryimage","url":"http:\/\/www.minhidrocarburos.gob.ve\/wp-content\/uploads\/2023\/07\/FOTO5._de_adentro.jpg","contentUrl":"http:\/\/www.minhidrocarburos.gob.ve\/wp-content\/uploads\/2023\/07\/FOTO5._de_adentro.jpg","width":883,"height":531},{"@type":"WebSite","@id":"http:\/\/www.minhidrocarburos.gob.ve\/#website","url":"http:\/\/www.minhidrocarburos.gob.ve\/","name":"Minhidrocarburos","description":"Regulaci\u00f3n, formulaci\u00f3n y seguimiento de pol\u00edticas; la planificaci\u00f3n, realizaci\u00f3n y fiscalizaci\u00f3n en materia de hidrocarburos","publisher":{"@id":"http:\/\/www.minhidrocarburos.gob.ve\/#organization"},"potentialAction":[{"@type":"SearchAction","target":{"@type":"EntryPoint","urlTemplate":"http:\/\/www.minhidrocarburos.gob.ve\/?s={search_term_string}"},"query-input":{"@type":"PropertyValueSpecification","valueRequired":true,"valueName":"search_term_string"}}],"inLanguage":"es"},{"@type":"Organization","@id":"http:\/\/www.minhidrocarburos.gob.ve\/#organization","name":"Ministerio del Poder Popular de Hidrocarburos","url":"http:\/\/www.minhidrocarburos.gob.ve\/","logo":{"@type":"ImageObject","inLanguage":"es","@id":"http:\/\/www.minhidrocarburos.gob.ve\/#\/schema\/logo\/image\/","url":"http:\/\/www.minhidrocarburos.gob.ve\/wp-content\/uploads\/2024\/12\/Ministerio_de_Hidrocarburos.png","contentUrl":"http:\/\/www.minhidrocarburos.gob.ve\/wp-content\/uploads\/2024\/12\/Ministerio_de_Hidrocarburos.png","width":2320,"height":324,"caption":"Ministerio del Poder Popular de Hidrocarburos"},"image":{"@id":"http:\/\/www.minhidrocarburos.gob.ve\/#\/schema\/logo\/image\/"}},{"@type":"Person","@id":"http:\/\/www.minhidrocarburos.gob.ve\/#\/schema\/person\/789cb88f3e8d5e6a8775be3f00cf2810","name":"mmartinez","image":{"@type":"ImageObject","inLanguage":"es","@id":"https:\/\/secure.gravatar.com\/avatar\/91a32d24e5574f3b390f8069f1d382cd401f3195a32b6d1a5fc7d127337b4c27?s=96&d=mm&r=g","url":"https:\/\/secure.gravatar.com\/avatar\/91a32d24e5574f3b390f8069f1d382cd401f3195a32b6d1a5fc7d127337b4c27?s=96&d=mm&r=g","contentUrl":"https:\/\/secure.gravatar.com\/avatar\/91a32d24e5574f3b390f8069f1d382cd401f3195a32b6d1a5fc7d127337b4c27?s=96&d=mm&r=g","caption":"mmartinez"},"url":"http:\/\/www.minhidrocarburos.gob.ve\/index.php\/author\/mmartinez\/"}]}},"_links":{"self":[{"href":"http:\/\/www.minhidrocarburos.gob.ve\/index.php\/wp-json\/wp\/v2\/posts\/1515","targetHints":{"allow":["GET"]}}],"collection":[{"href":"http:\/\/www.minhidrocarburos.gob.ve\/index.php\/wp-json\/wp\/v2\/posts"}],"about":[{"href":"http:\/\/www.minhidrocarburos.gob.ve\/index.php\/wp-json\/wp\/v2\/types\/post"}],"author":[{"embeddable":true,"href":"http:\/\/www.minhidrocarburos.gob.ve\/index.php\/wp-json\/wp\/v2\/users\/1"}],"replies":[{"embeddable":true,"href":"http:\/\/www.minhidrocarburos.gob.ve\/index.php\/wp-json\/wp\/v2\/comments?post=1515"}],"version-history":[{"count":1,"href":"http:\/\/www.minhidrocarburos.gob.ve\/index.php\/wp-json\/wp\/v2\/posts\/1515\/revisions"}],"predecessor-version":[{"id":1516,"href":"http:\/\/www.minhidrocarburos.gob.ve\/index.php\/wp-json\/wp\/v2\/posts\/1515\/revisions\/1516"}],"wp:featuredmedia":[{"embeddable":true,"href":"http:\/\/www.minhidrocarburos.gob.ve\/index.php\/wp-json\/wp\/v2\/media\/1517"}],"wp:attachment":[{"href":"http:\/\/www.minhidrocarburos.gob.ve\/index.php\/wp-json\/wp\/v2\/media?parent=1515"}],"wp:term":[{"taxonomy":"category","embeddable":true,"href":"http:\/\/www.minhidrocarburos.gob.ve\/index.php\/wp-json\/wp\/v2\/categories?post=1515"},{"taxonomy":"post_tag","embeddable":true,"href":"http:\/\/www.minhidrocarburos.gob.ve\/index.php\/wp-json\/wp\/v2\/tags?post=1515"}],"curies":[{"name":"wp","href":"https:\/\/api.w.org\/{rel}","templated":true}]}}