

{"id":1547,"date":"2023-06-28T20:50:00","date_gmt":"2023-06-28T20:50:00","guid":{"rendered":"http:\/\/192.168.25.123\/minpet\/?p=1547"},"modified":"2023-07-27T20:57:12","modified_gmt":"2023-07-27T20:57:12","slug":"minpetroleo-celebra-decima-segunda-reunion-del-ciclo-de-planificacion-2023","status":"publish","type":"post","link":"http:\/\/www.minhidrocarburos.gob.ve\/index.php\/2023\/06\/28\/minpetroleo-celebra-decima-segunda-reunion-del-ciclo-de-planificacion-2023\/","title":{"rendered":"MinPetr\u00f3leo\u00a0celebra\u00a0d\u00e9cima\u00a0segunda\u00a0reuni\u00f3n\u00a0del\u00a0Ciclo\u00a0de\u00a0Planificaci\u00f3n\u00a02023"},"content":{"rendered":"\n<p><strong>Caracas, 28 de junio de 2023-.<\/strong>&nbsp;En el marco de la nueva etapa de reorganizaci\u00f3n para el reimpulso del Ministerio del Poder Popular de Petr\u00f3leo (MinPetr\u00f3leo), los viceministros Leonardo Graterol de Gas y Erick P\u00e9rez de Hidrocarburos, bajo las orientaciones del responsable de la pol\u00edtica petrolera, Pedro Rafael Tellechea, celebraron la d\u00e9cima segunda reuni\u00f3n del Ciclo de Planificaci\u00f3n correspondiente al a\u00f1o 2023.<\/p>\n\n\n\n<p>Estas mesas de t\u00e9cnicas de trabajo tienen como objetivo crear un nuevo Plan Sectorial de Hidrocarburos, y el desarrollo de planes dirigidos al bienestar social de la clase trabajadora, el ordenamiento jur\u00eddico, adecuaci\u00f3n de la plataforma tecnol\u00f3gica y visi\u00f3n estrat\u00e9gica de las pol\u00edticas p\u00fablicas.<\/p>\n\n\n\n<p>Esta acci\u00f3n tiene como fin, garantizar la unificaci\u00f3n de esfuerzos para establecer una planificaci\u00f3n dentro de la instituci\u00f3n con l\u00edneas claras de acciones t\u00e1cticas, ejecuci\u00f3n oportuna y permanente en las actividades operacionales.<\/p>\n\n\n\n<p>En este sentido, y para adelantar el cumplimiento de todos lo objetivos planteados, se han realizado doce mesas t\u00e9cnicas de trabajo, en las cuales participaron directores, jefes regionales, presidentes de los entes adscritos y trabajadores.<\/p>\n\n\n\n<p>Es importante recalcar que a trav\u00e9s de estas jornadas se fortalecen las l\u00edneas de ejecuci\u00f3n oportuna, con el fin de retomar la construcci\u00f3n de una pol\u00edtica petrolera del pa\u00eds.<\/p>\n\n\n\n<p>De esta forma se podr\u00e1 llevar a cabo de manera eficiente y oportuna las actividades operacionales de todos los entes adscritos al MinPetr\u00f3leo de acuerdo a las directrices emanadas por el presidente de la Rep\u00fablica Bolivariana de Venezuela, Nicol\u00e1s Maduro.    <\/p>\n","protected":false},"excerpt":{"rendered":"<p>Caracas, 28 de junio de 2023-.&nbsp;En el marco de la nueva etapa de reorganizaci\u00f3n para el reimpulso del Ministerio del Poder Popular de Petr\u00f3leo (MinPetr\u00f3leo), los viceministros Leonardo Graterol de Gas y Erick P\u00e9rez de Hidrocarburos, bajo las orientaciones del responsable de la pol\u00edtica petrolera, Pedro Rafael Tellechea, celebraron la d\u00e9cima segunda reuni\u00f3n del Ciclo&hellip;&nbsp;<a href=\"http:\/\/www.minhidrocarburos.gob.ve\/index.php\/2023\/06\/28\/minpetroleo-celebra-decima-segunda-reunion-del-ciclo-de-planificacion-2023\/\" rel=\"bookmark\">Leer m\u00e1s &raquo;<span class=\"screen-reader-text\">MinPetr\u00f3leo\u00a0celebra\u00a0d\u00e9cima\u00a0segunda\u00a0reuni\u00f3n\u00a0del\u00a0Ciclo\u00a0de\u00a0Planificaci\u00f3n\u00a02023<\/span><\/a><\/p>\n","protected":false},"author":2,"featured_media":1548,"comment_status":"closed","ping_status":"closed","sticky":false,"template":"","format":"standard","meta":{"_editorskit_title_hidden":false,"_editorskit_reading_time":0,"_editorskit_is_block_options_detached":false,"_editorskit_block_options_position":"{}","neve_meta_sidebar":"","neve_meta_container":"","neve_meta_enable_content_width":"","neve_meta_content_width":0,"neve_meta_title_alignment":"","neve_meta_author_avatar":"","neve_post_elements_order":"","neve_meta_disable_header":"","neve_meta_disable_footer":"","neve_meta_disable_title":"","footnotes":""},"categories":[4],"tags":[],"class_list":["post-1547","post","type-post","status-publish","format-standard","has-post-thumbnail","hentry","category-noticias-2023"],"yoast_head":"<!-- This site is optimized with the Yoast SEO plugin v27.2 - https:\/\/yoast.com\/product\/yoast-seo-wordpress\/ -->\n<title>MinPetr\u00f3leo\u00a0celebra\u00a0d\u00e9cima\u00a0segunda\u00a0reuni\u00f3n\u00a0del\u00a0Ciclo\u00a0de\u00a0Planificaci\u00f3n\u00a02023 - MinHidrocarburos<\/title>\n<meta name=\"robots\" content=\"index, follow, max-snippet:-1, max-image-preview:large, max-video-preview:-1\" \/>\n<link rel=\"canonical\" href=\"http:\/\/www.minhidrocarburos.gob.ve\/index.php\/2023\/06\/28\/minpetroleo-celebra-decima-segunda-reunion-del-ciclo-de-planificacion-2023\/\" \/>\n<meta property=\"og:locale\" content=\"es_ES\" \/>\n<meta property=\"og:type\" content=\"article\" \/>\n<meta property=\"og:title\" content=\"MinPetr\u00f3leo\u00a0celebra\u00a0d\u00e9cima\u00a0segunda\u00a0reuni\u00f3n\u00a0del\u00a0Ciclo\u00a0de\u00a0Planificaci\u00f3n\u00a02023 - MinHidrocarburos\" \/>\n<meta property=\"og:description\" content=\"Caracas, 28 de junio de 2023-.&nbsp;En el marco de la nueva etapa de reorganizaci\u00f3n para el reimpulso del Ministerio del Poder Popular de Petr\u00f3leo (MinPetr\u00f3leo), los viceministros Leonardo Graterol de Gas y Erick P\u00e9rez de Hidrocarburos, bajo las orientaciones del responsable de la pol\u00edtica petrolera, Pedro Rafael Tellechea, celebraron la d\u00e9cima segunda reuni\u00f3n del Ciclo&hellip;&nbsp;Leer m\u00e1s &raquo;MinPetr\u00f3leo\u00a0celebra\u00a0d\u00e9cima\u00a0segunda\u00a0reuni\u00f3n\u00a0del\u00a0Ciclo\u00a0de\u00a0Planificaci\u00f3n\u00a02023\" \/>\n<meta property=\"og:url\" content=\"http:\/\/www.minhidrocarburos.gob.ve\/index.php\/2023\/06\/28\/minpetroleo-celebra-decima-segunda-reunion-del-ciclo-de-planificacion-2023\/\" \/>\n<meta property=\"og:site_name\" content=\"MinHidrocarburos\" \/>\n<meta property=\"article:published_time\" content=\"2023-06-28T20:50:00+00:00\" \/>\n<meta property=\"article:modified_time\" content=\"2023-07-27T20:57:12+00:00\" \/>\n<meta property=\"og:image\" content=\"http:\/\/www.minhidrocarburos.gob.ve\/wp-content\/uploads\/2023\/07\/MINPET-Realiza-12da-Jornada-de-Planificacion.jpeg\" \/>\n\t<meta property=\"og:image:width\" content=\"959\" \/>\n\t<meta property=\"og:image:height\" content=\"531\" \/>\n\t<meta property=\"og:image:type\" content=\"image\/jpeg\" \/>\n<meta name=\"author\" content=\"Jos\u00e9 Mart\u00ednez\" \/>\n<meta name=\"twitter:card\" content=\"summary_large_image\" \/>\n<meta name=\"twitter:label1\" content=\"Escrito por\" \/>\n\t<meta name=\"twitter:data1\" content=\"Jos\u00e9 Mart\u00ednez\" \/>\n\t<meta name=\"twitter:label2\" content=\"Tiempo de lectura\" \/>\n\t<meta name=\"twitter:data2\" content=\"1 minuto\" \/>\n<script type=\"application\/ld+json\" class=\"yoast-schema-graph\">{\"@context\":\"https:\/\/schema.org\",\"@graph\":[{\"@type\":\"Article\",\"@id\":\"http:\/\/www.minhidrocarburos.gob.ve\/index.php\/2023\/06\/28\/minpetroleo-celebra-decima-segunda-reunion-del-ciclo-de-planificacion-2023\/#article\",\"isPartOf\":{\"@id\":\"http:\/\/www.minhidrocarburos.gob.ve\/index.php\/2023\/06\/28\/minpetroleo-celebra-decima-segunda-reunion-del-ciclo-de-planificacion-2023\/\"},\"author\":{\"name\":\"Jos\u00e9 Mart\u00ednez\",\"@id\":\"http:\/\/www.minhidrocarburos.gob.ve\/#\/schema\/person\/4d9d5c153c50325eb111e2974e6cb008\"},\"headline\":\"MinPetr\u00f3leo\u00a0celebra\u00a0d\u00e9cima\u00a0segunda\u00a0reuni\u00f3n\u00a0del\u00a0Ciclo\u00a0de\u00a0Planificaci\u00f3n\u00a02023\",\"datePublished\":\"2023-06-28T20:50:00+00:00\",\"dateModified\":\"2023-07-27T20:57:12+00:00\",\"mainEntityOfPage\":{\"@id\":\"http:\/\/www.minhidrocarburos.gob.ve\/index.php\/2023\/06\/28\/minpetroleo-celebra-decima-segunda-reunion-del-ciclo-de-planificacion-2023\/\"},\"wordCount\":288,\"publisher\":{\"@id\":\"http:\/\/www.minhidrocarburos.gob.ve\/#organization\"},\"image\":{\"@id\":\"http:\/\/www.minhidrocarburos.gob.ve\/index.php\/2023\/06\/28\/minpetroleo-celebra-decima-segunda-reunion-del-ciclo-de-planificacion-2023\/#primaryimage\"},\"thumbnailUrl\":\"http:\/\/www.minhidrocarburos.gob.ve\/wp-content\/uploads\/2023\/07\/MINPET-Realiza-12da-Jornada-de-Planificacion.jpeg\",\"articleSection\":[\"Noticias 2023\"],\"inLanguage\":\"es\"},{\"@type\":\"WebPage\",\"@id\":\"http:\/\/www.minhidrocarburos.gob.ve\/index.php\/2023\/06\/28\/minpetroleo-celebra-decima-segunda-reunion-del-ciclo-de-planificacion-2023\/\",\"url\":\"http:\/\/www.minhidrocarburos.gob.ve\/index.php\/2023\/06\/28\/minpetroleo-celebra-decima-segunda-reunion-del-ciclo-de-planificacion-2023\/\",\"name\":\"MinPetr\u00f3leo\u00a0celebra\u00a0d\u00e9cima\u00a0segunda\u00a0reuni\u00f3n\u00a0del\u00a0Ciclo\u00a0de\u00a0Planificaci\u00f3n\u00a02023 - MinHidrocarburos\",\"isPartOf\":{\"@id\":\"http:\/\/www.minhidrocarburos.gob.ve\/#website\"},\"primaryImageOfPage\":{\"@id\":\"http:\/\/www.minhidrocarburos.gob.ve\/index.php\/2023\/06\/28\/minpetroleo-celebra-decima-segunda-reunion-del-ciclo-de-planificacion-2023\/#primaryimage\"},\"image\":{\"@id\":\"http:\/\/www.minhidrocarburos.gob.ve\/index.php\/2023\/06\/28\/minpetroleo-celebra-decima-segunda-reunion-del-ciclo-de-planificacion-2023\/#primaryimage\"},\"thumbnailUrl\":\"http:\/\/www.minhidrocarburos.gob.ve\/wp-content\/uploads\/2023\/07\/MINPET-Realiza-12da-Jornada-de-Planificacion.jpeg\",\"datePublished\":\"2023-06-28T20:50:00+00:00\",\"dateModified\":\"2023-07-27T20:57:12+00:00\",\"inLanguage\":\"es\",\"potentialAction\":[{\"@type\":\"ReadAction\",\"target\":[\"http:\/\/www.minhidrocarburos.gob.ve\/index.php\/2023\/06\/28\/minpetroleo-celebra-decima-segunda-reunion-del-ciclo-de-planificacion-2023\/\"]}]},{\"@type\":\"ImageObject\",\"inLanguage\":\"es\",\"@id\":\"http:\/\/www.minhidrocarburos.gob.ve\/index.php\/2023\/06\/28\/minpetroleo-celebra-decima-segunda-reunion-del-ciclo-de-planificacion-2023\/#primaryimage\",\"url\":\"http:\/\/www.minhidrocarburos.gob.ve\/wp-content\/uploads\/2023\/07\/MINPET-Realiza-12da-Jornada-de-Planificacion.jpeg\",\"contentUrl\":\"http:\/\/www.minhidrocarburos.gob.ve\/wp-content\/uploads\/2023\/07\/MINPET-Realiza-12da-Jornada-de-Planificacion.jpeg\",\"width\":959,\"height\":531},{\"@type\":\"WebSite\",\"@id\":\"http:\/\/www.minhidrocarburos.gob.ve\/#website\",\"url\":\"http:\/\/www.minhidrocarburos.gob.ve\/\",\"name\":\"Minhidrocarburos\",\"description\":\"Regulaci\u00f3n, formulaci\u00f3n y seguimiento de pol\u00edticas; la planificaci\u00f3n, realizaci\u00f3n y fiscalizaci\u00f3n en materia de hidrocarburos\",\"publisher\":{\"@id\":\"http:\/\/www.minhidrocarburos.gob.ve\/#organization\"},\"potentialAction\":[{\"@type\":\"SearchAction\",\"target\":{\"@type\":\"EntryPoint\",\"urlTemplate\":\"http:\/\/www.minhidrocarburos.gob.ve\/?s={search_term_string}\"},\"query-input\":{\"@type\":\"PropertyValueSpecification\",\"valueRequired\":true,\"valueName\":\"search_term_string\"}}],\"inLanguage\":\"es\"},{\"@type\":\"Organization\",\"@id\":\"http:\/\/www.minhidrocarburos.gob.ve\/#organization\",\"name\":\"Ministerio del Poder Popular de Hidrocarburos\",\"url\":\"http:\/\/www.minhidrocarburos.gob.ve\/\",\"logo\":{\"@type\":\"ImageObject\",\"inLanguage\":\"es\",\"@id\":\"http:\/\/www.minhidrocarburos.gob.ve\/#\/schema\/logo\/image\/\",\"url\":\"http:\/\/www.minhidrocarburos.gob.ve\/wp-content\/uploads\/2024\/12\/Ministerio_de_Hidrocarburos.png\",\"contentUrl\":\"http:\/\/www.minhidrocarburos.gob.ve\/wp-content\/uploads\/2024\/12\/Ministerio_de_Hidrocarburos.png\",\"width\":2320,\"height\":324,\"caption\":\"Ministerio del Poder Popular de Hidrocarburos\"},\"image\":{\"@id\":\"http:\/\/www.minhidrocarburos.gob.ve\/#\/schema\/logo\/image\/\"}},{\"@type\":\"Person\",\"@id\":\"http:\/\/www.minhidrocarburos.gob.ve\/#\/schema\/person\/4d9d5c153c50325eb111e2974e6cb008\",\"name\":\"Jos\u00e9 Mart\u00ednez\",\"image\":{\"@type\":\"ImageObject\",\"inLanguage\":\"es\",\"@id\":\"https:\/\/secure.gravatar.com\/avatar\/79ac1e08eb9745264b4ffe29122b6d25734d9d6bf36bceff78ba82b7d03fbbb7?s=96&d=mm&r=g\",\"url\":\"https:\/\/secure.gravatar.com\/avatar\/79ac1e08eb9745264b4ffe29122b6d25734d9d6bf36bceff78ba82b7d03fbbb7?s=96&d=mm&r=g\",\"contentUrl\":\"https:\/\/secure.gravatar.com\/avatar\/79ac1e08eb9745264b4ffe29122b6d25734d9d6bf36bceff78ba82b7d03fbbb7?s=96&d=mm&r=g\",\"caption\":\"Jos\u00e9 Mart\u00ednez\"},\"url\":\"http:\/\/www.minhidrocarburos.gob.ve\/index.php\/author\/jmartinez\/\"}]}<\/script>\n<!-- \/ Yoast SEO plugin. -->","yoast_head_json":{"title":"MinPetr\u00f3leo\u00a0celebra\u00a0d\u00e9cima\u00a0segunda\u00a0reuni\u00f3n\u00a0del\u00a0Ciclo\u00a0de\u00a0Planificaci\u00f3n\u00a02023 - MinHidrocarburos","robots":{"index":"index","follow":"follow","max-snippet":"max-snippet:-1","max-image-preview":"max-image-preview:large","max-video-preview":"max-video-preview:-1"},"canonical":"http:\/\/www.minhidrocarburos.gob.ve\/index.php\/2023\/06\/28\/minpetroleo-celebra-decima-segunda-reunion-del-ciclo-de-planificacion-2023\/","og_locale":"es_ES","og_type":"article","og_title":"MinPetr\u00f3leo\u00a0celebra\u00a0d\u00e9cima\u00a0segunda\u00a0reuni\u00f3n\u00a0del\u00a0Ciclo\u00a0de\u00a0Planificaci\u00f3n\u00a02023 - MinHidrocarburos","og_description":"Caracas, 28 de junio de 2023-.&nbsp;En el marco de la nueva etapa de reorganizaci\u00f3n para el reimpulso del Ministerio del Poder Popular de Petr\u00f3leo (MinPetr\u00f3leo), los viceministros Leonardo Graterol de Gas y Erick P\u00e9rez de Hidrocarburos, bajo las orientaciones del responsable de la pol\u00edtica petrolera, Pedro Rafael Tellechea, celebraron la d\u00e9cima segunda reuni\u00f3n del Ciclo&hellip;&nbsp;Leer m\u00e1s &raquo;MinPetr\u00f3leo\u00a0celebra\u00a0d\u00e9cima\u00a0segunda\u00a0reuni\u00f3n\u00a0del\u00a0Ciclo\u00a0de\u00a0Planificaci\u00f3n\u00a02023","og_url":"http:\/\/www.minhidrocarburos.gob.ve\/index.php\/2023\/06\/28\/minpetroleo-celebra-decima-segunda-reunion-del-ciclo-de-planificacion-2023\/","og_site_name":"MinHidrocarburos","article_published_time":"2023-06-28T20:50:00+00:00","article_modified_time":"2023-07-27T20:57:12+00:00","og_image":[{"width":959,"height":531,"url":"http:\/\/www.minhidrocarburos.gob.ve\/wp-content\/uploads\/2023\/07\/MINPET-Realiza-12da-Jornada-de-Planificacion.jpeg","type":"image\/jpeg"}],"author":"Jos\u00e9 Mart\u00ednez","twitter_card":"summary_large_image","twitter_misc":{"Escrito por":"Jos\u00e9 Mart\u00ednez","Tiempo de lectura":"1 minuto"},"schema":{"@context":"https:\/\/schema.org","@graph":[{"@type":"Article","@id":"http:\/\/www.minhidrocarburos.gob.ve\/index.php\/2023\/06\/28\/minpetroleo-celebra-decima-segunda-reunion-del-ciclo-de-planificacion-2023\/#article","isPartOf":{"@id":"http:\/\/www.minhidrocarburos.gob.ve\/index.php\/2023\/06\/28\/minpetroleo-celebra-decima-segunda-reunion-del-ciclo-de-planificacion-2023\/"},"author":{"name":"Jos\u00e9 Mart\u00ednez","@id":"http:\/\/www.minhidrocarburos.gob.ve\/#\/schema\/person\/4d9d5c153c50325eb111e2974e6cb008"},"headline":"MinPetr\u00f3leo\u00a0celebra\u00a0d\u00e9cima\u00a0segunda\u00a0reuni\u00f3n\u00a0del\u00a0Ciclo\u00a0de\u00a0Planificaci\u00f3n\u00a02023","datePublished":"2023-06-28T20:50:00+00:00","dateModified":"2023-07-27T20:57:12+00:00","mainEntityOfPage":{"@id":"http:\/\/www.minhidrocarburos.gob.ve\/index.php\/2023\/06\/28\/minpetroleo-celebra-decima-segunda-reunion-del-ciclo-de-planificacion-2023\/"},"wordCount":288,"publisher":{"@id":"http:\/\/www.minhidrocarburos.gob.ve\/#organization"},"image":{"@id":"http:\/\/www.minhidrocarburos.gob.ve\/index.php\/2023\/06\/28\/minpetroleo-celebra-decima-segunda-reunion-del-ciclo-de-planificacion-2023\/#primaryimage"},"thumbnailUrl":"http:\/\/www.minhidrocarburos.gob.ve\/wp-content\/uploads\/2023\/07\/MINPET-Realiza-12da-Jornada-de-Planificacion.jpeg","articleSection":["Noticias 2023"],"inLanguage":"es"},{"@type":"WebPage","@id":"http:\/\/www.minhidrocarburos.gob.ve\/index.php\/2023\/06\/28\/minpetroleo-celebra-decima-segunda-reunion-del-ciclo-de-planificacion-2023\/","url":"http:\/\/www.minhidrocarburos.gob.ve\/index.php\/2023\/06\/28\/minpetroleo-celebra-decima-segunda-reunion-del-ciclo-de-planificacion-2023\/","name":"MinPetr\u00f3leo\u00a0celebra\u00a0d\u00e9cima\u00a0segunda\u00a0reuni\u00f3n\u00a0del\u00a0Ciclo\u00a0de\u00a0Planificaci\u00f3n\u00a02023 - MinHidrocarburos","isPartOf":{"@id":"http:\/\/www.minhidrocarburos.gob.ve\/#website"},"primaryImageOfPage":{"@id":"http:\/\/www.minhidrocarburos.gob.ve\/index.php\/2023\/06\/28\/minpetroleo-celebra-decima-segunda-reunion-del-ciclo-de-planificacion-2023\/#primaryimage"},"image":{"@id":"http:\/\/www.minhidrocarburos.gob.ve\/index.php\/2023\/06\/28\/minpetroleo-celebra-decima-segunda-reunion-del-ciclo-de-planificacion-2023\/#primaryimage"},"thumbnailUrl":"http:\/\/www.minhidrocarburos.gob.ve\/wp-content\/uploads\/2023\/07\/MINPET-Realiza-12da-Jornada-de-Planificacion.jpeg","datePublished":"2023-06-28T20:50:00+00:00","dateModified":"2023-07-27T20:57:12+00:00","inLanguage":"es","potentialAction":[{"@type":"ReadAction","target":["http:\/\/www.minhidrocarburos.gob.ve\/index.php\/2023\/06\/28\/minpetroleo-celebra-decima-segunda-reunion-del-ciclo-de-planificacion-2023\/"]}]},{"@type":"ImageObject","inLanguage":"es","@id":"http:\/\/www.minhidrocarburos.gob.ve\/index.php\/2023\/06\/28\/minpetroleo-celebra-decima-segunda-reunion-del-ciclo-de-planificacion-2023\/#primaryimage","url":"http:\/\/www.minhidrocarburos.gob.ve\/wp-content\/uploads\/2023\/07\/MINPET-Realiza-12da-Jornada-de-Planificacion.jpeg","contentUrl":"http:\/\/www.minhidrocarburos.gob.ve\/wp-content\/uploads\/2023\/07\/MINPET-Realiza-12da-Jornada-de-Planificacion.jpeg","width":959,"height":531},{"@type":"WebSite","@id":"http:\/\/www.minhidrocarburos.gob.ve\/#website","url":"http:\/\/www.minhidrocarburos.gob.ve\/","name":"Minhidrocarburos","description":"Regulaci\u00f3n, formulaci\u00f3n y seguimiento de pol\u00edticas; la planificaci\u00f3n, realizaci\u00f3n y fiscalizaci\u00f3n en materia de hidrocarburos","publisher":{"@id":"http:\/\/www.minhidrocarburos.gob.ve\/#organization"},"potentialAction":[{"@type":"SearchAction","target":{"@type":"EntryPoint","urlTemplate":"http:\/\/www.minhidrocarburos.gob.ve\/?s={search_term_string}"},"query-input":{"@type":"PropertyValueSpecification","valueRequired":true,"valueName":"search_term_string"}}],"inLanguage":"es"},{"@type":"Organization","@id":"http:\/\/www.minhidrocarburos.gob.ve\/#organization","name":"Ministerio del Poder Popular de Hidrocarburos","url":"http:\/\/www.minhidrocarburos.gob.ve\/","logo":{"@type":"ImageObject","inLanguage":"es","@id":"http:\/\/www.minhidrocarburos.gob.ve\/#\/schema\/logo\/image\/","url":"http:\/\/www.minhidrocarburos.gob.ve\/wp-content\/uploads\/2024\/12\/Ministerio_de_Hidrocarburos.png","contentUrl":"http:\/\/www.minhidrocarburos.gob.ve\/wp-content\/uploads\/2024\/12\/Ministerio_de_Hidrocarburos.png","width":2320,"height":324,"caption":"Ministerio del Poder Popular de Hidrocarburos"},"image":{"@id":"http:\/\/www.minhidrocarburos.gob.ve\/#\/schema\/logo\/image\/"}},{"@type":"Person","@id":"http:\/\/www.minhidrocarburos.gob.ve\/#\/schema\/person\/4d9d5c153c50325eb111e2974e6cb008","name":"Jos\u00e9 Mart\u00ednez","image":{"@type":"ImageObject","inLanguage":"es","@id":"https:\/\/secure.gravatar.com\/avatar\/79ac1e08eb9745264b4ffe29122b6d25734d9d6bf36bceff78ba82b7d03fbbb7?s=96&d=mm&r=g","url":"https:\/\/secure.gravatar.com\/avatar\/79ac1e08eb9745264b4ffe29122b6d25734d9d6bf36bceff78ba82b7d03fbbb7?s=96&d=mm&r=g","contentUrl":"https:\/\/secure.gravatar.com\/avatar\/79ac1e08eb9745264b4ffe29122b6d25734d9d6bf36bceff78ba82b7d03fbbb7?s=96&d=mm&r=g","caption":"Jos\u00e9 Mart\u00ednez"},"url":"http:\/\/www.minhidrocarburos.gob.ve\/index.php\/author\/jmartinez\/"}]}},"_links":{"self":[{"href":"http:\/\/www.minhidrocarburos.gob.ve\/index.php\/wp-json\/wp\/v2\/posts\/1547","targetHints":{"allow":["GET"]}}],"collection":[{"href":"http:\/\/www.minhidrocarburos.gob.ve\/index.php\/wp-json\/wp\/v2\/posts"}],"about":[{"href":"http:\/\/www.minhidrocarburos.gob.ve\/index.php\/wp-json\/wp\/v2\/types\/post"}],"author":[{"embeddable":true,"href":"http:\/\/www.minhidrocarburos.gob.ve\/index.php\/wp-json\/wp\/v2\/users\/2"}],"replies":[{"embeddable":true,"href":"http:\/\/www.minhidrocarburos.gob.ve\/index.php\/wp-json\/wp\/v2\/comments?post=1547"}],"version-history":[{"count":1,"href":"http:\/\/www.minhidrocarburos.gob.ve\/index.php\/wp-json\/wp\/v2\/posts\/1547\/revisions"}],"predecessor-version":[{"id":1549,"href":"http:\/\/www.minhidrocarburos.gob.ve\/index.php\/wp-json\/wp\/v2\/posts\/1547\/revisions\/1549"}],"wp:featuredmedia":[{"embeddable":true,"href":"http:\/\/www.minhidrocarburos.gob.ve\/index.php\/wp-json\/wp\/v2\/media\/1548"}],"wp:attachment":[{"href":"http:\/\/www.minhidrocarburos.gob.ve\/index.php\/wp-json\/wp\/v2\/media?parent=1547"}],"wp:term":[{"taxonomy":"category","embeddable":true,"href":"http:\/\/www.minhidrocarburos.gob.ve\/index.php\/wp-json\/wp\/v2\/categories?post=1547"},{"taxonomy":"post_tag","embeddable":true,"href":"http:\/\/www.minhidrocarburos.gob.ve\/index.php\/wp-json\/wp\/v2\/tags?post=1547"}],"curies":[{"name":"wp","href":"https:\/\/api.w.org\/{rel}","templated":true}]}}