

{"id":1702,"date":"2023-07-19T18:13:35","date_gmt":"2023-07-19T18:13:35","guid":{"rendered":"http:\/\/192.168.25.123\/minpet\/?p=1702"},"modified":"2023-07-31T18:59:16","modified_gmt":"2023-07-31T18:59:16","slug":"develado-monumento-ecuestre-en-honor-a-simon-bolivar-en-moscu","status":"publish","type":"post","link":"http:\/\/www.minhidrocarburos.gob.ve\/index.php\/2023\/07\/19\/develado-monumento-ecuestre-en-honor-a-simon-bolivar-en-moscu\/","title":{"rendered":"Develado\u00a0monumento\u00a0ecuestre\u00a0en\u00a0honor\u00a0a\u00a0Sim\u00f3n\u00a0Bol\u00edvar\u00a0en\u00a0Mosc\u00fa"},"content":{"rendered":"\n<p><strong>Mosc\u00fa, Rusia, 19 de julio de 2023.-<\/strong>&nbsp;En el marco de una reuni\u00f3n preparatoria que sirve de antesala al pr\u00f3ximo Encuentro de la Comisi\u00f3n Intergubernamental de Alto Nivel (CIAN), altos funcionarios venezolanos junto a representantes de la Rep\u00fablica Federal de Rusia, celebran los 240 a\u00f1os de natalicio del Libertador Sim\u00f3n Bol\u00edvar, con la inauguraci\u00f3n de una estatua ecuestre ubicada en la Plaza Bol\u00edvar de Mosc\u00fa.<\/p>\n\n\n\n<p>A la ceremonia asisti\u00f3 la alcaldesa de Caracas, Almiranta Carmen Mel\u00e9ndez; el ministro de Petr\u00f3leo, presidente de PDVSA y copresidente de la CIAN Rusia-Venezuela, Pedro Rafael Tellechea; junto al embajador venezolano, M\/G Jes\u00fas Salazar. Por parte de la Federaci\u00f3n de Rusia, asistieron el viceprimer ministro, Alexander Novak; el director para Am\u00e9rica Latina del Ministerio de Relaciones Exteriores, Alexander Schetinin, entre otros representantes.<\/p>\n\n\n\n<p>El ministro Tellechea, en nombre del pueblo de Venezuela y el gobierno del presidente Nicol\u00e1s Maduro, agradeci\u00f3 a todas las autoridades del pa\u00eds euroasi\u00e1tico por acompa\u00f1ar y honrar la memoria de Sim\u00f3n Bol\u00edvar, \u00abhoy ante este monumento, renovamos nuestro compromiso de integraci\u00f3n, de respeto mutuo y autodeterminaci\u00f3n de nuestros pueblos\u00bb.<\/p>\n\n\n\n<p>&nbsp;La estatua que se erigi\u00f3 en el centro de la Plaza Bol\u00edvar de la capital rusa, representa la materializaci\u00f3n de uno de los proyectos del comandante Hugo Rafael Ch\u00e1vez Fr\u00edas, quien durante una de sus \u00faltimas visitas al pa\u00eds, el 15 de octubre de 2010, coloc\u00f3 la primera piedra donde hoy se levanta el insigne monumento que sella las alianzas de ambas naciones.<\/p>\n\n\n\n<p>Es una obra del artista venezolano Jes\u00fas Manuel Suesc\u00fan Quintero, meride\u00f1o que la elabor\u00f3 con la t\u00e9cnica de bronce a la cera perdida, tiene un peso de 3 mil kilogramos, y 4,30 metros de altura. Sin duda, un recordatorio del legado y los ideales del Libertador, hombre que luch\u00f3 por la libertad y la democracia de Venezuela y Am\u00e9rica.<\/p>\n\n\n<style>.kb-row-layout-id_0d6e19-0d > .kt-row-column-wrap{align-content:start;}:where(.kb-row-layout-id_0d6e19-0d > .kt-row-column-wrap) > .wp-block-kadence-column{justify-content:start;}.kb-row-layout-id_0d6e19-0d > .kt-row-column-wrap{column-gap:var(--global-kb-gap-md, 2rem);row-gap:var(--global-kb-gap-md, 2rem);padding-top:var(--global-kb-spacing-sm, 1.5rem);padding-bottom:var(--global-kb-spacing-sm, 1.5rem);grid-template-columns:minmax(0, 1fr);}.kb-row-layout-id_0d6e19-0d > .kt-row-layout-overlay{opacity:0.30;}@media all and (max-width: 1024px){.kb-row-layout-id_0d6e19-0d > .kt-row-column-wrap{grid-template-columns:minmax(0, 1fr);}}@media all and (max-width: 767px){.kb-row-layout-id_0d6e19-0d > .kt-row-column-wrap{grid-template-columns:minmax(0, 1fr);}}<\/style><div class=\"kb-row-layout-wrap kb-row-layout-id_0d6e19-0d alignnone wp-block-kadence-rowlayout\"><div class=\"kt-row-column-wrap kt-has-1-columns kt-row-layout-equal kt-tab-layout-inherit kt-mobile-layout-row kt-row-valign-top\">\n<style>.kadence-column_30beb1-9c > .kt-inside-inner-col,.kadence-column_30beb1-9c > .kt-inside-inner-col:before{border-top-left-radius:0px;border-top-right-radius:0px;border-bottom-right-radius:0px;border-bottom-left-radius:0px;}.kadence-column_30beb1-9c > .kt-inside-inner-col{column-gap:var(--global-kb-gap-sm, 1rem);}.kadence-column_30beb1-9c > .kt-inside-inner-col{flex-direction:column;}.kadence-column_30beb1-9c > .kt-inside-inner-col > .aligncenter{width:100%;}.kadence-column_30beb1-9c > .kt-inside-inner-col:before{opacity:0.3;}.kadence-column_30beb1-9c{position:relative;}@media all and (max-width: 1024px){.kadence-column_30beb1-9c > .kt-inside-inner-col{flex-direction:column;justify-content:center;}}@media all and (max-width: 767px){.kadence-column_30beb1-9c > .kt-inside-inner-col{flex-direction:column;justify-content:center;}}<\/style>\n<div class=\"wp-block-kadence-column kadence-column_30beb1-9c\"><div class=\"kt-inside-inner-col\"><style>.kb-image_9fc97c-ba .kb-image-has-overlay:after{opacity:0.3;}<\/style>\n<div class=\"wp-block-kadence-image kb-image_9fc97c-ba\"><figure class=\"aligncenter size-full\"><img loading=\"lazy\" decoding=\"async\" width=\"656\" height=\"369\" src=\"http:\/\/192.168.25.123\/minpet\/wp-content\/uploads\/2023\/07\/Monumento_Bolivar_R_este.jpeg\" alt=\"\" class=\"kb-img wp-image-1719\" srcset=\"http:\/\/www.minhidrocarburos.gob.ve\/wp-content\/uploads\/2023\/07\/Monumento_Bolivar_R_este.jpeg 656w, http:\/\/www.minhidrocarburos.gob.ve\/wp-content\/uploads\/2023\/07\/Monumento_Bolivar_R_este-300x169.jpeg 300w\" sizes=\"auto, (max-width: 656px) 100vw, 656px\" \/><\/figure><\/div>\n<\/div><\/div>\n\n<\/div><\/div>\n\n\n<p>Por su parte, la alcaldesa Mel\u00e9ndez se\u00f1al\u00f3: \u201cHicimos entrega de este monumento, que, en articulaci\u00f3n perfecta con la Alcald\u00eda de Mosc\u00fa, se hace realidad el d\u00eda de hoy, hemos cumplido con un sue\u00f1o del comandante Ch\u00e1vez. Es un d\u00eda emblem\u00e1tico, hist\u00f3rico y de emoci\u00f3n\u00bb.<\/p>\n\n\n\n<p>A su vez, el viceprimer ministro ruso, Alexander Novak, expres\u00f3 el valioso ejemplo que dio el Comandante Supremo a las naciones del mundo, legado que contin\u00faa el presidente Nicol\u00e1s Maduros en la actualidad, \u00abHugo Ch\u00e1vez fue uno de los primeros en la historia reciente de Am\u00e9rica Latina en declarar abiertamente los derechos de su pa\u00eds a la verdadera soberan\u00eda e independencia, sent\u00f3 las bases para las relaciones de confianza y respeto mutuo entre Rusia y Venezuela, que contin\u00faan desarroll\u00e1ndose bajo el liderazgo del presidente Nicol\u00e1s Maduro en el esp\u00edritu de asociaci\u00f3n y alianza estrat\u00e9gica\u201d.<\/p>\n\n\n\n<p>Tras 78 a\u00f1os de relaciones diplom\u00e1ticas, la naci\u00f3n euroasi\u00e1tica ha enaltecido la figura del Libertador Sim\u00f3n Bol\u00edvar como uno de los h\u00e9roes m\u00e1s importantes de la historia de Am\u00e9rica Latina, con dos bustos ubicados en espacios de alto valor para ambos pa\u00edses, como lo son la Embajada Venezolana en Mosc\u00fa y la Biblioteca de Lenguas Extranjeras Margarita Rodomino.<\/p>\n","protected":false},"excerpt":{"rendered":"<p>Mosc\u00fa, Rusia, 19 de julio de 2023.-&nbsp;En el marco de una reuni\u00f3n preparatoria que sirve de antesala al pr\u00f3ximo Encuentro de la Comisi\u00f3n Intergubernamental de Alto Nivel (CIAN), altos funcionarios venezolanos junto a representantes de la Rep\u00fablica Federal de Rusia, celebran los 240 a\u00f1os de natalicio del Libertador Sim\u00f3n Bol\u00edvar, con la inauguraci\u00f3n de una&hellip;&nbsp;<a href=\"http:\/\/www.minhidrocarburos.gob.ve\/index.php\/2023\/07\/19\/develado-monumento-ecuestre-en-honor-a-simon-bolivar-en-moscu\/\" rel=\"bookmark\">Leer m\u00e1s &raquo;<span class=\"screen-reader-text\">Develado\u00a0monumento\u00a0ecuestre\u00a0en\u00a0honor\u00a0a\u00a0Sim\u00f3n\u00a0Bol\u00edvar\u00a0en\u00a0Mosc\u00fa<\/span><\/a><\/p>\n","protected":false},"author":2,"featured_media":1703,"comment_status":"closed","ping_status":"closed","sticky":false,"template":"","format":"standard","meta":{"_editorskit_title_hidden":false,"_editorskit_reading_time":0,"_editorskit_is_block_options_detached":false,"_editorskit_block_options_position":"{}","neve_meta_sidebar":"","neve_meta_container":"","neve_meta_enable_content_width":"","neve_meta_content_width":0,"neve_meta_title_alignment":"","neve_meta_author_avatar":"","neve_post_elements_order":"","neve_meta_disable_header":"","neve_meta_disable_footer":"","neve_meta_disable_title":"","footnotes":""},"categories":[10],"tags":[],"class_list":["post-1702","post","type-post","status-publish","format-standard","has-post-thumbnail","hentry","category-noticias_slider"],"yoast_head":"<!-- This site is optimized with the Yoast SEO plugin v27.2 - https:\/\/yoast.com\/product\/yoast-seo-wordpress\/ -->\n<title>Develado\u00a0monumento\u00a0ecuestre\u00a0en\u00a0honor\u00a0a\u00a0Sim\u00f3n\u00a0Bol\u00edvar\u00a0en\u00a0Mosc\u00fa - MinHidrocarburos<\/title>\n<meta name=\"robots\" content=\"index, follow, max-snippet:-1, max-image-preview:large, max-video-preview:-1\" \/>\n<link rel=\"canonical\" href=\"http:\/\/www.minhidrocarburos.gob.ve\/index.php\/2023\/07\/19\/develado-monumento-ecuestre-en-honor-a-simon-bolivar-en-moscu\/\" \/>\n<meta property=\"og:locale\" content=\"es_ES\" \/>\n<meta property=\"og:type\" content=\"article\" \/>\n<meta property=\"og:title\" content=\"Develado\u00a0monumento\u00a0ecuestre\u00a0en\u00a0honor\u00a0a\u00a0Sim\u00f3n\u00a0Bol\u00edvar\u00a0en\u00a0Mosc\u00fa - MinHidrocarburos\" \/>\n<meta property=\"og:description\" content=\"Mosc\u00fa, Rusia, 19 de julio de 2023.-&nbsp;En el marco de una reuni\u00f3n preparatoria que sirve de antesala al pr\u00f3ximo Encuentro de la Comisi\u00f3n Intergubernamental de Alto Nivel (CIAN), altos funcionarios venezolanos junto a representantes de la Rep\u00fablica Federal de Rusia, celebran los 240 a\u00f1os de natalicio del Libertador Sim\u00f3n Bol\u00edvar, con la inauguraci\u00f3n de una&hellip;&nbsp;Leer m\u00e1s &raquo;Develado\u00a0monumento\u00a0ecuestre\u00a0en\u00a0honor\u00a0a\u00a0Sim\u00f3n\u00a0Bol\u00edvar\u00a0en\u00a0Mosc\u00fa\" \/>\n<meta property=\"og:url\" content=\"http:\/\/www.minhidrocarburos.gob.ve\/index.php\/2023\/07\/19\/develado-monumento-ecuestre-en-honor-a-simon-bolivar-en-moscu\/\" \/>\n<meta property=\"og:site_name\" content=\"MinHidrocarburos\" \/>\n<meta property=\"article:published_time\" content=\"2023-07-19T18:13:35+00:00\" \/>\n<meta property=\"article:modified_time\" content=\"2023-07-31T18:59:16+00:00\" \/>\n<meta property=\"og:image\" content=\"http:\/\/www.minhidrocarburos.gob.ve\/wp-content\/uploads\/2023\/07\/Monumento_-Ecuestre_-Moscu.jpeg\" \/>\n\t<meta property=\"og:image:width\" content=\"1280\" \/>\n\t<meta property=\"og:image:height\" content=\"720\" \/>\n\t<meta property=\"og:image:type\" content=\"image\/jpeg\" \/>\n<meta name=\"author\" content=\"Jos\u00e9 Mart\u00ednez\" \/>\n<meta name=\"twitter:card\" content=\"summary_large_image\" \/>\n<meta name=\"twitter:label1\" content=\"Escrito por\" \/>\n\t<meta name=\"twitter:data1\" content=\"Jos\u00e9 Mart\u00ednez\" \/>\n\t<meta name=\"twitter:label2\" content=\"Tiempo de lectura\" \/>\n\t<meta name=\"twitter:data2\" content=\"3 minutos\" \/>\n<script type=\"application\/ld+json\" class=\"yoast-schema-graph\">{\"@context\":\"https:\/\/schema.org\",\"@graph\":[{\"@type\":\"Article\",\"@id\":\"http:\/\/www.minhidrocarburos.gob.ve\/index.php\/2023\/07\/19\/develado-monumento-ecuestre-en-honor-a-simon-bolivar-en-moscu\/#article\",\"isPartOf\":{\"@id\":\"http:\/\/www.minhidrocarburos.gob.ve\/index.php\/2023\/07\/19\/develado-monumento-ecuestre-en-honor-a-simon-bolivar-en-moscu\/\"},\"author\":{\"name\":\"Jos\u00e9 Mart\u00ednez\",\"@id\":\"http:\/\/www.minhidrocarburos.gob.ve\/#\/schema\/person\/4d9d5c153c50325eb111e2974e6cb008\"},\"headline\":\"Develado\u00a0monumento\u00a0ecuestre\u00a0en\u00a0honor\u00a0a\u00a0Sim\u00f3n\u00a0Bol\u00edvar\u00a0en\u00a0Mosc\u00fa\",\"datePublished\":\"2023-07-19T18:13:35+00:00\",\"dateModified\":\"2023-07-31T18:59:16+00:00\",\"mainEntityOfPage\":{\"@id\":\"http:\/\/www.minhidrocarburos.gob.ve\/index.php\/2023\/07\/19\/develado-monumento-ecuestre-en-honor-a-simon-bolivar-en-moscu\/\"},\"wordCount\":568,\"publisher\":{\"@id\":\"http:\/\/www.minhidrocarburos.gob.ve\/#organization\"},\"image\":{\"@id\":\"http:\/\/www.minhidrocarburos.gob.ve\/index.php\/2023\/07\/19\/develado-monumento-ecuestre-en-honor-a-simon-bolivar-en-moscu\/#primaryimage\"},\"thumbnailUrl\":\"http:\/\/www.minhidrocarburos.gob.ve\/wp-content\/uploads\/2023\/07\/Monumento_-Ecuestre_-Moscu.jpeg\",\"articleSection\":[\"Noticias_Slider_23\"],\"inLanguage\":\"es\"},{\"@type\":\"WebPage\",\"@id\":\"http:\/\/www.minhidrocarburos.gob.ve\/index.php\/2023\/07\/19\/develado-monumento-ecuestre-en-honor-a-simon-bolivar-en-moscu\/\",\"url\":\"http:\/\/www.minhidrocarburos.gob.ve\/index.php\/2023\/07\/19\/develado-monumento-ecuestre-en-honor-a-simon-bolivar-en-moscu\/\",\"name\":\"Develado\u00a0monumento\u00a0ecuestre\u00a0en\u00a0honor\u00a0a\u00a0Sim\u00f3n\u00a0Bol\u00edvar\u00a0en\u00a0Mosc\u00fa - MinHidrocarburos\",\"isPartOf\":{\"@id\":\"http:\/\/www.minhidrocarburos.gob.ve\/#website\"},\"primaryImageOfPage\":{\"@id\":\"http:\/\/www.minhidrocarburos.gob.ve\/index.php\/2023\/07\/19\/develado-monumento-ecuestre-en-honor-a-simon-bolivar-en-moscu\/#primaryimage\"},\"image\":{\"@id\":\"http:\/\/www.minhidrocarburos.gob.ve\/index.php\/2023\/07\/19\/develado-monumento-ecuestre-en-honor-a-simon-bolivar-en-moscu\/#primaryimage\"},\"thumbnailUrl\":\"http:\/\/www.minhidrocarburos.gob.ve\/wp-content\/uploads\/2023\/07\/Monumento_-Ecuestre_-Moscu.jpeg\",\"datePublished\":\"2023-07-19T18:13:35+00:00\",\"dateModified\":\"2023-07-31T18:59:16+00:00\",\"inLanguage\":\"es\",\"potentialAction\":[{\"@type\":\"ReadAction\",\"target\":[\"http:\/\/www.minhidrocarburos.gob.ve\/index.php\/2023\/07\/19\/develado-monumento-ecuestre-en-honor-a-simon-bolivar-en-moscu\/\"]}]},{\"@type\":\"ImageObject\",\"inLanguage\":\"es\",\"@id\":\"http:\/\/www.minhidrocarburos.gob.ve\/index.php\/2023\/07\/19\/develado-monumento-ecuestre-en-honor-a-simon-bolivar-en-moscu\/#primaryimage\",\"url\":\"http:\/\/www.minhidrocarburos.gob.ve\/wp-content\/uploads\/2023\/07\/Monumento_-Ecuestre_-Moscu.jpeg\",\"contentUrl\":\"http:\/\/www.minhidrocarburos.gob.ve\/wp-content\/uploads\/2023\/07\/Monumento_-Ecuestre_-Moscu.jpeg\",\"width\":1280,\"height\":720},{\"@type\":\"WebSite\",\"@id\":\"http:\/\/www.minhidrocarburos.gob.ve\/#website\",\"url\":\"http:\/\/www.minhidrocarburos.gob.ve\/\",\"name\":\"Minhidrocarburos\",\"description\":\"Regulaci\u00f3n, formulaci\u00f3n y seguimiento de pol\u00edticas; la planificaci\u00f3n, realizaci\u00f3n y fiscalizaci\u00f3n en materia de hidrocarburos\",\"publisher\":{\"@id\":\"http:\/\/www.minhidrocarburos.gob.ve\/#organization\"},\"potentialAction\":[{\"@type\":\"SearchAction\",\"target\":{\"@type\":\"EntryPoint\",\"urlTemplate\":\"http:\/\/www.minhidrocarburos.gob.ve\/?s={search_term_string}\"},\"query-input\":{\"@type\":\"PropertyValueSpecification\",\"valueRequired\":true,\"valueName\":\"search_term_string\"}}],\"inLanguage\":\"es\"},{\"@type\":\"Organization\",\"@id\":\"http:\/\/www.minhidrocarburos.gob.ve\/#organization\",\"name\":\"Ministerio del Poder Popular de Hidrocarburos\",\"url\":\"http:\/\/www.minhidrocarburos.gob.ve\/\",\"logo\":{\"@type\":\"ImageObject\",\"inLanguage\":\"es\",\"@id\":\"http:\/\/www.minhidrocarburos.gob.ve\/#\/schema\/logo\/image\/\",\"url\":\"http:\/\/www.minhidrocarburos.gob.ve\/wp-content\/uploads\/2024\/12\/Ministerio_de_Hidrocarburos.png\",\"contentUrl\":\"http:\/\/www.minhidrocarburos.gob.ve\/wp-content\/uploads\/2024\/12\/Ministerio_de_Hidrocarburos.png\",\"width\":2320,\"height\":324,\"caption\":\"Ministerio del Poder Popular de Hidrocarburos\"},\"image\":{\"@id\":\"http:\/\/www.minhidrocarburos.gob.ve\/#\/schema\/logo\/image\/\"}},{\"@type\":\"Person\",\"@id\":\"http:\/\/www.minhidrocarburos.gob.ve\/#\/schema\/person\/4d9d5c153c50325eb111e2974e6cb008\",\"name\":\"Jos\u00e9 Mart\u00ednez\",\"image\":{\"@type\":\"ImageObject\",\"inLanguage\":\"es\",\"@id\":\"https:\/\/secure.gravatar.com\/avatar\/79ac1e08eb9745264b4ffe29122b6d25734d9d6bf36bceff78ba82b7d03fbbb7?s=96&d=mm&r=g\",\"url\":\"https:\/\/secure.gravatar.com\/avatar\/79ac1e08eb9745264b4ffe29122b6d25734d9d6bf36bceff78ba82b7d03fbbb7?s=96&d=mm&r=g\",\"contentUrl\":\"https:\/\/secure.gravatar.com\/avatar\/79ac1e08eb9745264b4ffe29122b6d25734d9d6bf36bceff78ba82b7d03fbbb7?s=96&d=mm&r=g\",\"caption\":\"Jos\u00e9 Mart\u00ednez\"},\"url\":\"http:\/\/www.minhidrocarburos.gob.ve\/index.php\/author\/jmartinez\/\"}]}<\/script>\n<!-- \/ Yoast SEO plugin. -->","yoast_head_json":{"title":"Develado\u00a0monumento\u00a0ecuestre\u00a0en\u00a0honor\u00a0a\u00a0Sim\u00f3n\u00a0Bol\u00edvar\u00a0en\u00a0Mosc\u00fa - MinHidrocarburos","robots":{"index":"index","follow":"follow","max-snippet":"max-snippet:-1","max-image-preview":"max-image-preview:large","max-video-preview":"max-video-preview:-1"},"canonical":"http:\/\/www.minhidrocarburos.gob.ve\/index.php\/2023\/07\/19\/develado-monumento-ecuestre-en-honor-a-simon-bolivar-en-moscu\/","og_locale":"es_ES","og_type":"article","og_title":"Develado\u00a0monumento\u00a0ecuestre\u00a0en\u00a0honor\u00a0a\u00a0Sim\u00f3n\u00a0Bol\u00edvar\u00a0en\u00a0Mosc\u00fa - MinHidrocarburos","og_description":"Mosc\u00fa, Rusia, 19 de julio de 2023.-&nbsp;En el marco de una reuni\u00f3n preparatoria que sirve de antesala al pr\u00f3ximo Encuentro de la Comisi\u00f3n Intergubernamental de Alto Nivel (CIAN), altos funcionarios venezolanos junto a representantes de la Rep\u00fablica Federal de Rusia, celebran los 240 a\u00f1os de natalicio del Libertador Sim\u00f3n Bol\u00edvar, con la inauguraci\u00f3n de una&hellip;&nbsp;Leer m\u00e1s &raquo;Develado\u00a0monumento\u00a0ecuestre\u00a0en\u00a0honor\u00a0a\u00a0Sim\u00f3n\u00a0Bol\u00edvar\u00a0en\u00a0Mosc\u00fa","og_url":"http:\/\/www.minhidrocarburos.gob.ve\/index.php\/2023\/07\/19\/develado-monumento-ecuestre-en-honor-a-simon-bolivar-en-moscu\/","og_site_name":"MinHidrocarburos","article_published_time":"2023-07-19T18:13:35+00:00","article_modified_time":"2023-07-31T18:59:16+00:00","og_image":[{"width":1280,"height":720,"url":"http:\/\/www.minhidrocarburos.gob.ve\/wp-content\/uploads\/2023\/07\/Monumento_-Ecuestre_-Moscu.jpeg","type":"image\/jpeg"}],"author":"Jos\u00e9 Mart\u00ednez","twitter_card":"summary_large_image","twitter_misc":{"Escrito por":"Jos\u00e9 Mart\u00ednez","Tiempo de lectura":"3 minutos"},"schema":{"@context":"https:\/\/schema.org","@graph":[{"@type":"Article","@id":"http:\/\/www.minhidrocarburos.gob.ve\/index.php\/2023\/07\/19\/develado-monumento-ecuestre-en-honor-a-simon-bolivar-en-moscu\/#article","isPartOf":{"@id":"http:\/\/www.minhidrocarburos.gob.ve\/index.php\/2023\/07\/19\/develado-monumento-ecuestre-en-honor-a-simon-bolivar-en-moscu\/"},"author":{"name":"Jos\u00e9 Mart\u00ednez","@id":"http:\/\/www.minhidrocarburos.gob.ve\/#\/schema\/person\/4d9d5c153c50325eb111e2974e6cb008"},"headline":"Develado\u00a0monumento\u00a0ecuestre\u00a0en\u00a0honor\u00a0a\u00a0Sim\u00f3n\u00a0Bol\u00edvar\u00a0en\u00a0Mosc\u00fa","datePublished":"2023-07-19T18:13:35+00:00","dateModified":"2023-07-31T18:59:16+00:00","mainEntityOfPage":{"@id":"http:\/\/www.minhidrocarburos.gob.ve\/index.php\/2023\/07\/19\/develado-monumento-ecuestre-en-honor-a-simon-bolivar-en-moscu\/"},"wordCount":568,"publisher":{"@id":"http:\/\/www.minhidrocarburos.gob.ve\/#organization"},"image":{"@id":"http:\/\/www.minhidrocarburos.gob.ve\/index.php\/2023\/07\/19\/develado-monumento-ecuestre-en-honor-a-simon-bolivar-en-moscu\/#primaryimage"},"thumbnailUrl":"http:\/\/www.minhidrocarburos.gob.ve\/wp-content\/uploads\/2023\/07\/Monumento_-Ecuestre_-Moscu.jpeg","articleSection":["Noticias_Slider_23"],"inLanguage":"es"},{"@type":"WebPage","@id":"http:\/\/www.minhidrocarburos.gob.ve\/index.php\/2023\/07\/19\/develado-monumento-ecuestre-en-honor-a-simon-bolivar-en-moscu\/","url":"http:\/\/www.minhidrocarburos.gob.ve\/index.php\/2023\/07\/19\/develado-monumento-ecuestre-en-honor-a-simon-bolivar-en-moscu\/","name":"Develado\u00a0monumento\u00a0ecuestre\u00a0en\u00a0honor\u00a0a\u00a0Sim\u00f3n\u00a0Bol\u00edvar\u00a0en\u00a0Mosc\u00fa - MinHidrocarburos","isPartOf":{"@id":"http:\/\/www.minhidrocarburos.gob.ve\/#website"},"primaryImageOfPage":{"@id":"http:\/\/www.minhidrocarburos.gob.ve\/index.php\/2023\/07\/19\/develado-monumento-ecuestre-en-honor-a-simon-bolivar-en-moscu\/#primaryimage"},"image":{"@id":"http:\/\/www.minhidrocarburos.gob.ve\/index.php\/2023\/07\/19\/develado-monumento-ecuestre-en-honor-a-simon-bolivar-en-moscu\/#primaryimage"},"thumbnailUrl":"http:\/\/www.minhidrocarburos.gob.ve\/wp-content\/uploads\/2023\/07\/Monumento_-Ecuestre_-Moscu.jpeg","datePublished":"2023-07-19T18:13:35+00:00","dateModified":"2023-07-31T18:59:16+00:00","inLanguage":"es","potentialAction":[{"@type":"ReadAction","target":["http:\/\/www.minhidrocarburos.gob.ve\/index.php\/2023\/07\/19\/develado-monumento-ecuestre-en-honor-a-simon-bolivar-en-moscu\/"]}]},{"@type":"ImageObject","inLanguage":"es","@id":"http:\/\/www.minhidrocarburos.gob.ve\/index.php\/2023\/07\/19\/develado-monumento-ecuestre-en-honor-a-simon-bolivar-en-moscu\/#primaryimage","url":"http:\/\/www.minhidrocarburos.gob.ve\/wp-content\/uploads\/2023\/07\/Monumento_-Ecuestre_-Moscu.jpeg","contentUrl":"http:\/\/www.minhidrocarburos.gob.ve\/wp-content\/uploads\/2023\/07\/Monumento_-Ecuestre_-Moscu.jpeg","width":1280,"height":720},{"@type":"WebSite","@id":"http:\/\/www.minhidrocarburos.gob.ve\/#website","url":"http:\/\/www.minhidrocarburos.gob.ve\/","name":"Minhidrocarburos","description":"Regulaci\u00f3n, formulaci\u00f3n y seguimiento de pol\u00edticas; la planificaci\u00f3n, realizaci\u00f3n y fiscalizaci\u00f3n en materia de hidrocarburos","publisher":{"@id":"http:\/\/www.minhidrocarburos.gob.ve\/#organization"},"potentialAction":[{"@type":"SearchAction","target":{"@type":"EntryPoint","urlTemplate":"http:\/\/www.minhidrocarburos.gob.ve\/?s={search_term_string}"},"query-input":{"@type":"PropertyValueSpecification","valueRequired":true,"valueName":"search_term_string"}}],"inLanguage":"es"},{"@type":"Organization","@id":"http:\/\/www.minhidrocarburos.gob.ve\/#organization","name":"Ministerio del Poder Popular de Hidrocarburos","url":"http:\/\/www.minhidrocarburos.gob.ve\/","logo":{"@type":"ImageObject","inLanguage":"es","@id":"http:\/\/www.minhidrocarburos.gob.ve\/#\/schema\/logo\/image\/","url":"http:\/\/www.minhidrocarburos.gob.ve\/wp-content\/uploads\/2024\/12\/Ministerio_de_Hidrocarburos.png","contentUrl":"http:\/\/www.minhidrocarburos.gob.ve\/wp-content\/uploads\/2024\/12\/Ministerio_de_Hidrocarburos.png","width":2320,"height":324,"caption":"Ministerio del Poder Popular de Hidrocarburos"},"image":{"@id":"http:\/\/www.minhidrocarburos.gob.ve\/#\/schema\/logo\/image\/"}},{"@type":"Person","@id":"http:\/\/www.minhidrocarburos.gob.ve\/#\/schema\/person\/4d9d5c153c50325eb111e2974e6cb008","name":"Jos\u00e9 Mart\u00ednez","image":{"@type":"ImageObject","inLanguage":"es","@id":"https:\/\/secure.gravatar.com\/avatar\/79ac1e08eb9745264b4ffe29122b6d25734d9d6bf36bceff78ba82b7d03fbbb7?s=96&d=mm&r=g","url":"https:\/\/secure.gravatar.com\/avatar\/79ac1e08eb9745264b4ffe29122b6d25734d9d6bf36bceff78ba82b7d03fbbb7?s=96&d=mm&r=g","contentUrl":"https:\/\/secure.gravatar.com\/avatar\/79ac1e08eb9745264b4ffe29122b6d25734d9d6bf36bceff78ba82b7d03fbbb7?s=96&d=mm&r=g","caption":"Jos\u00e9 Mart\u00ednez"},"url":"http:\/\/www.minhidrocarburos.gob.ve\/index.php\/author\/jmartinez\/"}]}},"_links":{"self":[{"href":"http:\/\/www.minhidrocarburos.gob.ve\/index.php\/wp-json\/wp\/v2\/posts\/1702","targetHints":{"allow":["GET"]}}],"collection":[{"href":"http:\/\/www.minhidrocarburos.gob.ve\/index.php\/wp-json\/wp\/v2\/posts"}],"about":[{"href":"http:\/\/www.minhidrocarburos.gob.ve\/index.php\/wp-json\/wp\/v2\/types\/post"}],"author":[{"embeddable":true,"href":"http:\/\/www.minhidrocarburos.gob.ve\/index.php\/wp-json\/wp\/v2\/users\/2"}],"replies":[{"embeddable":true,"href":"http:\/\/www.minhidrocarburos.gob.ve\/index.php\/wp-json\/wp\/v2\/comments?post=1702"}],"version-history":[{"count":3,"href":"http:\/\/www.minhidrocarburos.gob.ve\/index.php\/wp-json\/wp\/v2\/posts\/1702\/revisions"}],"predecessor-version":[{"id":1720,"href":"http:\/\/www.minhidrocarburos.gob.ve\/index.php\/wp-json\/wp\/v2\/posts\/1702\/revisions\/1720"}],"wp:featuredmedia":[{"embeddable":true,"href":"http:\/\/www.minhidrocarburos.gob.ve\/index.php\/wp-json\/wp\/v2\/media\/1703"}],"wp:attachment":[{"href":"http:\/\/www.minhidrocarburos.gob.ve\/index.php\/wp-json\/wp\/v2\/media?parent=1702"}],"wp:term":[{"taxonomy":"category","embeddable":true,"href":"http:\/\/www.minhidrocarburos.gob.ve\/index.php\/wp-json\/wp\/v2\/categories?post=1702"},{"taxonomy":"post_tag","embeddable":true,"href":"http:\/\/www.minhidrocarburos.gob.ve\/index.php\/wp-json\/wp\/v2\/tags?post=1702"}],"curies":[{"name":"wp","href":"https:\/\/api.w.org\/{rel}","templated":true}]}}