

{"id":1711,"date":"2023-07-26T18:41:05","date_gmt":"2023-07-26T18:41:05","guid":{"rendered":"http:\/\/192.168.25.123\/minpet\/?p=1711"},"modified":"2023-07-31T18:44:23","modified_gmt":"2023-07-31T18:44:23","slug":"ministro-de-petroleo-sostiene-encuentro-de-trabajo-con-el-secretario-general-del-gecf","status":"publish","type":"post","link":"http:\/\/www.minhidrocarburos.gob.ve\/index.php\/2023\/07\/26\/ministro-de-petroleo-sostiene-encuentro-de-trabajo-con-el-secretario-general-del-gecf\/","title":{"rendered":"Ministro\u00a0de\u00a0Petr\u00f3leo\u00a0sostiene\u00a0encuentro\u00a0de\u00a0trabajo\u00a0con\u00a0el\u00a0Secretario\u00a0General\u00a0del\u00a0GECF"},"content":{"rendered":"\n<p><strong>Caracas, 26 de julio de 2023.-<\/strong>&nbsp;Este mi\u00e9rcoles el ministro del Poder Popular de Petr\u00f3leo y presidente de PDVSA, Pedro Rafael Tellechea, sostuvo una reuni\u00f3n de trabajo con el secretario general del Foro de Pa\u00edses Exportadores de Gas (GECF, por sus siglas en ingl\u00e9s), Mohamed Hamel, con la finalidad de establecer y fortalecer la cooperaci\u00f3n conjunta.<\/p>\n\n\n\n<p>Durante el encuentro que se llev\u00f3 a cabo en el Complejo MinPetr\u00f3leo \u2013 PDVSA, el ministro Tellechea expres\u00f3 su agradecimiento a la delegaci\u00f3n encabezada por la m\u00e1xima autoridad del GECF, resaltando \u201cpromover la complementariedad entre las diferentes fuentes de energ\u00eda como un factor estrat\u00e9gico global\u201d.<\/p>\n\n\n\n<p>Por su parte, el viceministro de Gas, Juan Santana, present\u00f3 el Plan de Desarrollo en materia gas\u00edfera de la industria venezolana, \u201ceste recurso representa una excelente oportunidad para el desarrollo industrial del pa\u00eds y de exportaci\u00f3n para el mercado regional, por ejemplo, se estima que en diez a\u00f1os el consumo de gas natural licuado en el Caribe se incremente seis veces en relaci\u00f3n al consumo actual, dijo\u201d.<br><br>Es importante destacar que, en el escenario actual la Rep\u00fablica Bolivariana de Venezuela, bajo el liderazgo del presidente Nicol\u00e1s Maduro cuenta con la primera reserva probada de gas de Am\u00e9rica Latina y la novena a nivel Mundial. Cabe destacar, que en este a\u00f1o 2023 se iniciar\u00e1 el proceso de cuantificaci\u00f3n y certificaci\u00f3n de reservas de gas Costa Afuera, lo cual permitir\u00e1 posicionar al pa\u00eds estrat\u00e9gicamente como una de las principales reservas de gas del planeta.<\/p>\n\n\n\n<p>El GECF est\u00e1 integrado actualmente por 12 pa\u00edses miembros; Argelia, Bolivia, Egipto, Emiratos \u00c1rabes, Guinea Ecuatorial, Ir\u00e1n, Libia, Nigeria, Qatar, Rusia, Trinidad y Tobago y Venezuela; como observadores: Angola, Azerbaiy\u00e1n, Irak, Malasia, Mozambique, Noruega y Per\u00fa; representando 71 por ciento de las reservas probadas de gas en el planeta.<\/p>\n","protected":false},"excerpt":{"rendered":"<p>Caracas, 26 de julio de 2023.-&nbsp;Este mi\u00e9rcoles el ministro del Poder Popular de Petr\u00f3leo y presidente de PDVSA, Pedro Rafael Tellechea, sostuvo una reuni\u00f3n de trabajo con el secretario general del Foro de Pa\u00edses Exportadores de Gas (GECF, por sus siglas en ingl\u00e9s), Mohamed Hamel, con la finalidad de establecer y fortalecer la cooperaci\u00f3n conjunta.&hellip;&nbsp;<a href=\"http:\/\/www.minhidrocarburos.gob.ve\/index.php\/2023\/07\/26\/ministro-de-petroleo-sostiene-encuentro-de-trabajo-con-el-secretario-general-del-gecf\/\" rel=\"bookmark\">Leer m\u00e1s &raquo;<span class=\"screen-reader-text\">Ministro\u00a0de\u00a0Petr\u00f3leo\u00a0sostiene\u00a0encuentro\u00a0de\u00a0trabajo\u00a0con\u00a0el\u00a0Secretario\u00a0General\u00a0del\u00a0GECF<\/span><\/a><\/p>\n","protected":false},"author":2,"featured_media":1712,"comment_status":"closed","ping_status":"closed","sticky":false,"template":"","format":"standard","meta":{"_editorskit_title_hidden":false,"_editorskit_reading_time":0,"_editorskit_is_block_options_detached":false,"_editorskit_block_options_position":"{}","neve_meta_sidebar":"","neve_meta_container":"","neve_meta_enable_content_width":"","neve_meta_content_width":0,"neve_meta_title_alignment":"","neve_meta_author_avatar":"","neve_post_elements_order":"","neve_meta_disable_header":"","neve_meta_disable_footer":"","neve_meta_disable_title":"","footnotes":""},"categories":[10],"tags":[],"class_list":["post-1711","post","type-post","status-publish","format-standard","has-post-thumbnail","hentry","category-noticias_slider"],"yoast_head":"<!-- This site is optimized with the Yoast SEO plugin v27.2 - https:\/\/yoast.com\/product\/yoast-seo-wordpress\/ -->\n<title>Ministro\u00a0de\u00a0Petr\u00f3leo\u00a0sostiene\u00a0encuentro\u00a0de\u00a0trabajo\u00a0con\u00a0el\u00a0Secretario\u00a0General\u00a0del\u00a0GECF - MinHidrocarburos<\/title>\n<meta name=\"robots\" content=\"index, follow, max-snippet:-1, max-image-preview:large, max-video-preview:-1\" \/>\n<link rel=\"canonical\" href=\"http:\/\/www.minhidrocarburos.gob.ve\/index.php\/2023\/07\/26\/ministro-de-petroleo-sostiene-encuentro-de-trabajo-con-el-secretario-general-del-gecf\/\" \/>\n<meta property=\"og:locale\" content=\"es_ES\" \/>\n<meta property=\"og:type\" content=\"article\" \/>\n<meta property=\"og:title\" content=\"Ministro\u00a0de\u00a0Petr\u00f3leo\u00a0sostiene\u00a0encuentro\u00a0de\u00a0trabajo\u00a0con\u00a0el\u00a0Secretario\u00a0General\u00a0del\u00a0GECF - MinHidrocarburos\" \/>\n<meta property=\"og:description\" content=\"Caracas, 26 de julio de 2023.-&nbsp;Este mi\u00e9rcoles el ministro del Poder Popular de Petr\u00f3leo y presidente de PDVSA, Pedro Rafael Tellechea, sostuvo una reuni\u00f3n de trabajo con el secretario general del Foro de Pa\u00edses Exportadores de Gas (GECF, por sus siglas en ingl\u00e9s), Mohamed Hamel, con la finalidad de establecer y fortalecer la cooperaci\u00f3n conjunta.&hellip;&nbsp;Leer m\u00e1s &raquo;Ministro\u00a0de\u00a0Petr\u00f3leo\u00a0sostiene\u00a0encuentro\u00a0de\u00a0trabajo\u00a0con\u00a0el\u00a0Secretario\u00a0General\u00a0del\u00a0GECF\" \/>\n<meta property=\"og:url\" content=\"http:\/\/www.minhidrocarburos.gob.ve\/index.php\/2023\/07\/26\/ministro-de-petroleo-sostiene-encuentro-de-trabajo-con-el-secretario-general-del-gecf\/\" \/>\n<meta property=\"og:site_name\" content=\"MinHidrocarburos\" \/>\n<meta property=\"article:published_time\" content=\"2023-07-26T18:41:05+00:00\" \/>\n<meta property=\"article:modified_time\" content=\"2023-07-31T18:44:23+00:00\" \/>\n<meta property=\"og:image\" content=\"http:\/\/www.minhidrocarburos.gob.ve\/wp-content\/uploads\/2023\/07\/133.jpeg\" \/>\n\t<meta property=\"og:image:width\" content=\"1024\" \/>\n\t<meta property=\"og:image:height\" content=\"551\" \/>\n\t<meta property=\"og:image:type\" content=\"image\/jpeg\" \/>\n<meta name=\"author\" content=\"Jos\u00e9 Mart\u00ednez\" \/>\n<meta name=\"twitter:card\" content=\"summary_large_image\" \/>\n<meta name=\"twitter:label1\" content=\"Escrito por\" \/>\n\t<meta name=\"twitter:data1\" content=\"Jos\u00e9 Mart\u00ednez\" \/>\n\t<meta name=\"twitter:label2\" content=\"Tiempo de lectura\" \/>\n\t<meta name=\"twitter:data2\" content=\"2 minutos\" \/>\n<script type=\"application\/ld+json\" class=\"yoast-schema-graph\">{\"@context\":\"https:\/\/schema.org\",\"@graph\":[{\"@type\":\"Article\",\"@id\":\"http:\/\/www.minhidrocarburos.gob.ve\/index.php\/2023\/07\/26\/ministro-de-petroleo-sostiene-encuentro-de-trabajo-con-el-secretario-general-del-gecf\/#article\",\"isPartOf\":{\"@id\":\"http:\/\/www.minhidrocarburos.gob.ve\/index.php\/2023\/07\/26\/ministro-de-petroleo-sostiene-encuentro-de-trabajo-con-el-secretario-general-del-gecf\/\"},\"author\":{\"name\":\"Jos\u00e9 Mart\u00ednez\",\"@id\":\"http:\/\/www.minhidrocarburos.gob.ve\/#\/schema\/person\/4d9d5c153c50325eb111e2974e6cb008\"},\"headline\":\"Ministro\u00a0de\u00a0Petr\u00f3leo\u00a0sostiene\u00a0encuentro\u00a0de\u00a0trabajo\u00a0con\u00a0el\u00a0Secretario\u00a0General\u00a0del\u00a0GECF\",\"datePublished\":\"2023-07-26T18:41:05+00:00\",\"dateModified\":\"2023-07-31T18:44:23+00:00\",\"mainEntityOfPage\":{\"@id\":\"http:\/\/www.minhidrocarburos.gob.ve\/index.php\/2023\/07\/26\/ministro-de-petroleo-sostiene-encuentro-de-trabajo-con-el-secretario-general-del-gecf\/\"},\"wordCount\":329,\"publisher\":{\"@id\":\"http:\/\/www.minhidrocarburos.gob.ve\/#organization\"},\"image\":{\"@id\":\"http:\/\/www.minhidrocarburos.gob.ve\/index.php\/2023\/07\/26\/ministro-de-petroleo-sostiene-encuentro-de-trabajo-con-el-secretario-general-del-gecf\/#primaryimage\"},\"thumbnailUrl\":\"http:\/\/www.minhidrocarburos.gob.ve\/wp-content\/uploads\/2023\/07\/133.jpeg\",\"articleSection\":[\"Noticias_Slider_23\"],\"inLanguage\":\"es\"},{\"@type\":\"WebPage\",\"@id\":\"http:\/\/www.minhidrocarburos.gob.ve\/index.php\/2023\/07\/26\/ministro-de-petroleo-sostiene-encuentro-de-trabajo-con-el-secretario-general-del-gecf\/\",\"url\":\"http:\/\/www.minhidrocarburos.gob.ve\/index.php\/2023\/07\/26\/ministro-de-petroleo-sostiene-encuentro-de-trabajo-con-el-secretario-general-del-gecf\/\",\"name\":\"Ministro\u00a0de\u00a0Petr\u00f3leo\u00a0sostiene\u00a0encuentro\u00a0de\u00a0trabajo\u00a0con\u00a0el\u00a0Secretario\u00a0General\u00a0del\u00a0GECF - MinHidrocarburos\",\"isPartOf\":{\"@id\":\"http:\/\/www.minhidrocarburos.gob.ve\/#website\"},\"primaryImageOfPage\":{\"@id\":\"http:\/\/www.minhidrocarburos.gob.ve\/index.php\/2023\/07\/26\/ministro-de-petroleo-sostiene-encuentro-de-trabajo-con-el-secretario-general-del-gecf\/#primaryimage\"},\"image\":{\"@id\":\"http:\/\/www.minhidrocarburos.gob.ve\/index.php\/2023\/07\/26\/ministro-de-petroleo-sostiene-encuentro-de-trabajo-con-el-secretario-general-del-gecf\/#primaryimage\"},\"thumbnailUrl\":\"http:\/\/www.minhidrocarburos.gob.ve\/wp-content\/uploads\/2023\/07\/133.jpeg\",\"datePublished\":\"2023-07-26T18:41:05+00:00\",\"dateModified\":\"2023-07-31T18:44:23+00:00\",\"inLanguage\":\"es\",\"potentialAction\":[{\"@type\":\"ReadAction\",\"target\":[\"http:\/\/www.minhidrocarburos.gob.ve\/index.php\/2023\/07\/26\/ministro-de-petroleo-sostiene-encuentro-de-trabajo-con-el-secretario-general-del-gecf\/\"]}]},{\"@type\":\"ImageObject\",\"inLanguage\":\"es\",\"@id\":\"http:\/\/www.minhidrocarburos.gob.ve\/index.php\/2023\/07\/26\/ministro-de-petroleo-sostiene-encuentro-de-trabajo-con-el-secretario-general-del-gecf\/#primaryimage\",\"url\":\"http:\/\/www.minhidrocarburos.gob.ve\/wp-content\/uploads\/2023\/07\/133.jpeg\",\"contentUrl\":\"http:\/\/www.minhidrocarburos.gob.ve\/wp-content\/uploads\/2023\/07\/133.jpeg\",\"width\":1024,\"height\":551},{\"@type\":\"WebSite\",\"@id\":\"http:\/\/www.minhidrocarburos.gob.ve\/#website\",\"url\":\"http:\/\/www.minhidrocarburos.gob.ve\/\",\"name\":\"Minhidrocarburos\",\"description\":\"Regulaci\u00f3n, formulaci\u00f3n y seguimiento de pol\u00edticas; la planificaci\u00f3n, realizaci\u00f3n y fiscalizaci\u00f3n en materia de hidrocarburos\",\"publisher\":{\"@id\":\"http:\/\/www.minhidrocarburos.gob.ve\/#organization\"},\"potentialAction\":[{\"@type\":\"SearchAction\",\"target\":{\"@type\":\"EntryPoint\",\"urlTemplate\":\"http:\/\/www.minhidrocarburos.gob.ve\/?s={search_term_string}\"},\"query-input\":{\"@type\":\"PropertyValueSpecification\",\"valueRequired\":true,\"valueName\":\"search_term_string\"}}],\"inLanguage\":\"es\"},{\"@type\":\"Organization\",\"@id\":\"http:\/\/www.minhidrocarburos.gob.ve\/#organization\",\"name\":\"Ministerio del Poder Popular de Hidrocarburos\",\"url\":\"http:\/\/www.minhidrocarburos.gob.ve\/\",\"logo\":{\"@type\":\"ImageObject\",\"inLanguage\":\"es\",\"@id\":\"http:\/\/www.minhidrocarburos.gob.ve\/#\/schema\/logo\/image\/\",\"url\":\"http:\/\/www.minhidrocarburos.gob.ve\/wp-content\/uploads\/2024\/12\/Ministerio_de_Hidrocarburos.png\",\"contentUrl\":\"http:\/\/www.minhidrocarburos.gob.ve\/wp-content\/uploads\/2024\/12\/Ministerio_de_Hidrocarburos.png\",\"width\":2320,\"height\":324,\"caption\":\"Ministerio del Poder Popular de Hidrocarburos\"},\"image\":{\"@id\":\"http:\/\/www.minhidrocarburos.gob.ve\/#\/schema\/logo\/image\/\"}},{\"@type\":\"Person\",\"@id\":\"http:\/\/www.minhidrocarburos.gob.ve\/#\/schema\/person\/4d9d5c153c50325eb111e2974e6cb008\",\"name\":\"Jos\u00e9 Mart\u00ednez\",\"image\":{\"@type\":\"ImageObject\",\"inLanguage\":\"es\",\"@id\":\"https:\/\/secure.gravatar.com\/avatar\/79ac1e08eb9745264b4ffe29122b6d25734d9d6bf36bceff78ba82b7d03fbbb7?s=96&d=mm&r=g\",\"url\":\"https:\/\/secure.gravatar.com\/avatar\/79ac1e08eb9745264b4ffe29122b6d25734d9d6bf36bceff78ba82b7d03fbbb7?s=96&d=mm&r=g\",\"contentUrl\":\"https:\/\/secure.gravatar.com\/avatar\/79ac1e08eb9745264b4ffe29122b6d25734d9d6bf36bceff78ba82b7d03fbbb7?s=96&d=mm&r=g\",\"caption\":\"Jos\u00e9 Mart\u00ednez\"},\"url\":\"http:\/\/www.minhidrocarburos.gob.ve\/index.php\/author\/jmartinez\/\"}]}<\/script>\n<!-- \/ Yoast SEO plugin. -->","yoast_head_json":{"title":"Ministro\u00a0de\u00a0Petr\u00f3leo\u00a0sostiene\u00a0encuentro\u00a0de\u00a0trabajo\u00a0con\u00a0el\u00a0Secretario\u00a0General\u00a0del\u00a0GECF - MinHidrocarburos","robots":{"index":"index","follow":"follow","max-snippet":"max-snippet:-1","max-image-preview":"max-image-preview:large","max-video-preview":"max-video-preview:-1"},"canonical":"http:\/\/www.minhidrocarburos.gob.ve\/index.php\/2023\/07\/26\/ministro-de-petroleo-sostiene-encuentro-de-trabajo-con-el-secretario-general-del-gecf\/","og_locale":"es_ES","og_type":"article","og_title":"Ministro\u00a0de\u00a0Petr\u00f3leo\u00a0sostiene\u00a0encuentro\u00a0de\u00a0trabajo\u00a0con\u00a0el\u00a0Secretario\u00a0General\u00a0del\u00a0GECF - MinHidrocarburos","og_description":"Caracas, 26 de julio de 2023.-&nbsp;Este mi\u00e9rcoles el ministro del Poder Popular de Petr\u00f3leo y presidente de PDVSA, Pedro Rafael Tellechea, sostuvo una reuni\u00f3n de trabajo con el secretario general del Foro de Pa\u00edses Exportadores de Gas (GECF, por sus siglas en ingl\u00e9s), Mohamed Hamel, con la finalidad de establecer y fortalecer la cooperaci\u00f3n conjunta.&hellip;&nbsp;Leer m\u00e1s &raquo;Ministro\u00a0de\u00a0Petr\u00f3leo\u00a0sostiene\u00a0encuentro\u00a0de\u00a0trabajo\u00a0con\u00a0el\u00a0Secretario\u00a0General\u00a0del\u00a0GECF","og_url":"http:\/\/www.minhidrocarburos.gob.ve\/index.php\/2023\/07\/26\/ministro-de-petroleo-sostiene-encuentro-de-trabajo-con-el-secretario-general-del-gecf\/","og_site_name":"MinHidrocarburos","article_published_time":"2023-07-26T18:41:05+00:00","article_modified_time":"2023-07-31T18:44:23+00:00","og_image":[{"width":1024,"height":551,"url":"http:\/\/www.minhidrocarburos.gob.ve\/wp-content\/uploads\/2023\/07\/133.jpeg","type":"image\/jpeg"}],"author":"Jos\u00e9 Mart\u00ednez","twitter_card":"summary_large_image","twitter_misc":{"Escrito por":"Jos\u00e9 Mart\u00ednez","Tiempo de lectura":"2 minutos"},"schema":{"@context":"https:\/\/schema.org","@graph":[{"@type":"Article","@id":"http:\/\/www.minhidrocarburos.gob.ve\/index.php\/2023\/07\/26\/ministro-de-petroleo-sostiene-encuentro-de-trabajo-con-el-secretario-general-del-gecf\/#article","isPartOf":{"@id":"http:\/\/www.minhidrocarburos.gob.ve\/index.php\/2023\/07\/26\/ministro-de-petroleo-sostiene-encuentro-de-trabajo-con-el-secretario-general-del-gecf\/"},"author":{"name":"Jos\u00e9 Mart\u00ednez","@id":"http:\/\/www.minhidrocarburos.gob.ve\/#\/schema\/person\/4d9d5c153c50325eb111e2974e6cb008"},"headline":"Ministro\u00a0de\u00a0Petr\u00f3leo\u00a0sostiene\u00a0encuentro\u00a0de\u00a0trabajo\u00a0con\u00a0el\u00a0Secretario\u00a0General\u00a0del\u00a0GECF","datePublished":"2023-07-26T18:41:05+00:00","dateModified":"2023-07-31T18:44:23+00:00","mainEntityOfPage":{"@id":"http:\/\/www.minhidrocarburos.gob.ve\/index.php\/2023\/07\/26\/ministro-de-petroleo-sostiene-encuentro-de-trabajo-con-el-secretario-general-del-gecf\/"},"wordCount":329,"publisher":{"@id":"http:\/\/www.minhidrocarburos.gob.ve\/#organization"},"image":{"@id":"http:\/\/www.minhidrocarburos.gob.ve\/index.php\/2023\/07\/26\/ministro-de-petroleo-sostiene-encuentro-de-trabajo-con-el-secretario-general-del-gecf\/#primaryimage"},"thumbnailUrl":"http:\/\/www.minhidrocarburos.gob.ve\/wp-content\/uploads\/2023\/07\/133.jpeg","articleSection":["Noticias_Slider_23"],"inLanguage":"es"},{"@type":"WebPage","@id":"http:\/\/www.minhidrocarburos.gob.ve\/index.php\/2023\/07\/26\/ministro-de-petroleo-sostiene-encuentro-de-trabajo-con-el-secretario-general-del-gecf\/","url":"http:\/\/www.minhidrocarburos.gob.ve\/index.php\/2023\/07\/26\/ministro-de-petroleo-sostiene-encuentro-de-trabajo-con-el-secretario-general-del-gecf\/","name":"Ministro\u00a0de\u00a0Petr\u00f3leo\u00a0sostiene\u00a0encuentro\u00a0de\u00a0trabajo\u00a0con\u00a0el\u00a0Secretario\u00a0General\u00a0del\u00a0GECF - MinHidrocarburos","isPartOf":{"@id":"http:\/\/www.minhidrocarburos.gob.ve\/#website"},"primaryImageOfPage":{"@id":"http:\/\/www.minhidrocarburos.gob.ve\/index.php\/2023\/07\/26\/ministro-de-petroleo-sostiene-encuentro-de-trabajo-con-el-secretario-general-del-gecf\/#primaryimage"},"image":{"@id":"http:\/\/www.minhidrocarburos.gob.ve\/index.php\/2023\/07\/26\/ministro-de-petroleo-sostiene-encuentro-de-trabajo-con-el-secretario-general-del-gecf\/#primaryimage"},"thumbnailUrl":"http:\/\/www.minhidrocarburos.gob.ve\/wp-content\/uploads\/2023\/07\/133.jpeg","datePublished":"2023-07-26T18:41:05+00:00","dateModified":"2023-07-31T18:44:23+00:00","inLanguage":"es","potentialAction":[{"@type":"ReadAction","target":["http:\/\/www.minhidrocarburos.gob.ve\/index.php\/2023\/07\/26\/ministro-de-petroleo-sostiene-encuentro-de-trabajo-con-el-secretario-general-del-gecf\/"]}]},{"@type":"ImageObject","inLanguage":"es","@id":"http:\/\/www.minhidrocarburos.gob.ve\/index.php\/2023\/07\/26\/ministro-de-petroleo-sostiene-encuentro-de-trabajo-con-el-secretario-general-del-gecf\/#primaryimage","url":"http:\/\/www.minhidrocarburos.gob.ve\/wp-content\/uploads\/2023\/07\/133.jpeg","contentUrl":"http:\/\/www.minhidrocarburos.gob.ve\/wp-content\/uploads\/2023\/07\/133.jpeg","width":1024,"height":551},{"@type":"WebSite","@id":"http:\/\/www.minhidrocarburos.gob.ve\/#website","url":"http:\/\/www.minhidrocarburos.gob.ve\/","name":"Minhidrocarburos","description":"Regulaci\u00f3n, formulaci\u00f3n y seguimiento de pol\u00edticas; la planificaci\u00f3n, realizaci\u00f3n y fiscalizaci\u00f3n en materia de hidrocarburos","publisher":{"@id":"http:\/\/www.minhidrocarburos.gob.ve\/#organization"},"potentialAction":[{"@type":"SearchAction","target":{"@type":"EntryPoint","urlTemplate":"http:\/\/www.minhidrocarburos.gob.ve\/?s={search_term_string}"},"query-input":{"@type":"PropertyValueSpecification","valueRequired":true,"valueName":"search_term_string"}}],"inLanguage":"es"},{"@type":"Organization","@id":"http:\/\/www.minhidrocarburos.gob.ve\/#organization","name":"Ministerio del Poder Popular de Hidrocarburos","url":"http:\/\/www.minhidrocarburos.gob.ve\/","logo":{"@type":"ImageObject","inLanguage":"es","@id":"http:\/\/www.minhidrocarburos.gob.ve\/#\/schema\/logo\/image\/","url":"http:\/\/www.minhidrocarburos.gob.ve\/wp-content\/uploads\/2024\/12\/Ministerio_de_Hidrocarburos.png","contentUrl":"http:\/\/www.minhidrocarburos.gob.ve\/wp-content\/uploads\/2024\/12\/Ministerio_de_Hidrocarburos.png","width":2320,"height":324,"caption":"Ministerio del Poder Popular de Hidrocarburos"},"image":{"@id":"http:\/\/www.minhidrocarburos.gob.ve\/#\/schema\/logo\/image\/"}},{"@type":"Person","@id":"http:\/\/www.minhidrocarburos.gob.ve\/#\/schema\/person\/4d9d5c153c50325eb111e2974e6cb008","name":"Jos\u00e9 Mart\u00ednez","image":{"@type":"ImageObject","inLanguage":"es","@id":"https:\/\/secure.gravatar.com\/avatar\/79ac1e08eb9745264b4ffe29122b6d25734d9d6bf36bceff78ba82b7d03fbbb7?s=96&d=mm&r=g","url":"https:\/\/secure.gravatar.com\/avatar\/79ac1e08eb9745264b4ffe29122b6d25734d9d6bf36bceff78ba82b7d03fbbb7?s=96&d=mm&r=g","contentUrl":"https:\/\/secure.gravatar.com\/avatar\/79ac1e08eb9745264b4ffe29122b6d25734d9d6bf36bceff78ba82b7d03fbbb7?s=96&d=mm&r=g","caption":"Jos\u00e9 Mart\u00ednez"},"url":"http:\/\/www.minhidrocarburos.gob.ve\/index.php\/author\/jmartinez\/"}]}},"_links":{"self":[{"href":"http:\/\/www.minhidrocarburos.gob.ve\/index.php\/wp-json\/wp\/v2\/posts\/1711","targetHints":{"allow":["GET"]}}],"collection":[{"href":"http:\/\/www.minhidrocarburos.gob.ve\/index.php\/wp-json\/wp\/v2\/posts"}],"about":[{"href":"http:\/\/www.minhidrocarburos.gob.ve\/index.php\/wp-json\/wp\/v2\/types\/post"}],"author":[{"embeddable":true,"href":"http:\/\/www.minhidrocarburos.gob.ve\/index.php\/wp-json\/wp\/v2\/users\/2"}],"replies":[{"embeddable":true,"href":"http:\/\/www.minhidrocarburos.gob.ve\/index.php\/wp-json\/wp\/v2\/comments?post=1711"}],"version-history":[{"count":1,"href":"http:\/\/www.minhidrocarburos.gob.ve\/index.php\/wp-json\/wp\/v2\/posts\/1711\/revisions"}],"predecessor-version":[{"id":1713,"href":"http:\/\/www.minhidrocarburos.gob.ve\/index.php\/wp-json\/wp\/v2\/posts\/1711\/revisions\/1713"}],"wp:featuredmedia":[{"embeddable":true,"href":"http:\/\/www.minhidrocarburos.gob.ve\/index.php\/wp-json\/wp\/v2\/media\/1712"}],"wp:attachment":[{"href":"http:\/\/www.minhidrocarburos.gob.ve\/index.php\/wp-json\/wp\/v2\/media?parent=1711"}],"wp:term":[{"taxonomy":"category","embeddable":true,"href":"http:\/\/www.minhidrocarburos.gob.ve\/index.php\/wp-json\/wp\/v2\/categories?post=1711"},{"taxonomy":"post_tag","embeddable":true,"href":"http:\/\/www.minhidrocarburos.gob.ve\/index.php\/wp-json\/wp\/v2\/tags?post=1711"}],"curies":[{"name":"wp","href":"https:\/\/api.w.org\/{rel}","templated":true}]}}