

{"id":1941,"date":"2023-08-04T18:16:25","date_gmt":"2023-08-04T18:16:25","guid":{"rendered":"http:\/\/192.168.25.123\/minpet\/?p=1941"},"modified":"2023-08-07T18:25:37","modified_gmt":"2023-08-07T18:25:37","slug":"ministro-tellechea-participa-en-la-49-reunion-del-comite-de-ministerial-de-monitoreo-conjunto-opep","status":"publish","type":"post","link":"http:\/\/www.minhidrocarburos.gob.ve\/index.php\/2023\/08\/04\/ministro-tellechea-participa-en-la-49-reunion-del-comite-de-ministerial-de-monitoreo-conjunto-opep\/","title":{"rendered":"Ministro\u00a0Tellechea\u00a0participa\u00a0en\u00a0la\u00a049\u00b0\u00a0reuni\u00f3n\u00a0del\u00a0Comit\u00e9\u00a0de\u00a0Ministerial\u00a0de\u00a0Monitoreo\u00a0Conjunto\u00a0OPEP+"},"content":{"rendered":"\n<p><strong>Caracas, 04 de agosto de 2023.-<\/strong>&nbsp;El ministro del Poder Popular de Petr\u00f3leo, Pedro Rafael Tellechea, en representaci\u00f3n de la Rep\u00fablica Bolivariana de Venezuela y bajo el liderazgo del presidente Nicol\u00e1s Maduro particip\u00f3 este viernes en la 49\u00b0 Reuni\u00f3n del Comit\u00e9 Ministerial de Monitoreo Conjunto (JMMC, por sus siglas en ingl\u00e9s), durante la cual se revisaron las condiciones actuales del escenario energ\u00e9tico internacional.<\/p>\n\n\n\n<p>En este sentido, el ministro Tellechea escribi\u00f3, a trav\u00e9s de su cuenta @TellecheaRuiz en Twitter que \u201choy participamos en la 49\u00b0 Reuni\u00f3n del Comit\u00e9 Ministerial de Monitoreo Conjunto de la OPEP+, para continuar afianzando las medidas adoptadas en el marco de la Declaraci\u00f3n de Cooperaci\u00f3n en favor de un mercado petrolero mundial equilibrado\u00bb.<\/p>\n\n\n\n<p>Durante este encuentro, los ministros examinaron los datos de producci\u00f3n de crudo correspondiente a los meses de mayo y junio de 2023, as\u00ed como el cumplimiento general de los pa\u00edses OPEP y no OPEP con la Declaraci\u00f3n de Cooperaci\u00f3n. Igualmente, se inst\u00f3 a todos los pa\u00edses participantes a lograr la plena conformidad y adherirse al mecanismo de compensaci\u00f3n.&nbsp;<\/p>\n\n\n\n<p>Del mismo modo, se reconocieron los esfuerzos realizados por las naciones que conforman esta alianza multilateral energ\u00e9tica para continuar garantizando la estabilidad del mercado petrolero. Cabe destacar que la pr\u00f3xima reuni\u00f3n del JMMC fue acordada para el 4 de octubre de 2023.    <\/p>\n","protected":false},"excerpt":{"rendered":"<p>Caracas, 04 de agosto de 2023.-&nbsp;El ministro del Poder Popular de Petr\u00f3leo, Pedro Rafael Tellechea, en representaci\u00f3n de la Rep\u00fablica Bolivariana de Venezuela y bajo el liderazgo del presidente Nicol\u00e1s Maduro particip\u00f3 este viernes en la 49\u00b0 Reuni\u00f3n del Comit\u00e9 Ministerial de Monitoreo Conjunto (JMMC, por sus siglas en ingl\u00e9s), durante la cual se revisaron&hellip;&nbsp;<a href=\"http:\/\/www.minhidrocarburos.gob.ve\/index.php\/2023\/08\/04\/ministro-tellechea-participa-en-la-49-reunion-del-comite-de-ministerial-de-monitoreo-conjunto-opep\/\" rel=\"bookmark\">Leer m\u00e1s &raquo;<span class=\"screen-reader-text\">Ministro\u00a0Tellechea\u00a0participa\u00a0en\u00a0la\u00a049\u00b0\u00a0reuni\u00f3n\u00a0del\u00a0Comit\u00e9\u00a0de\u00a0Ministerial\u00a0de\u00a0Monitoreo\u00a0Conjunto\u00a0OPEP+<\/span><\/a><\/p>\n","protected":false},"author":2,"featured_media":1949,"comment_status":"closed","ping_status":"closed","sticky":false,"template":"","format":"standard","meta":{"_editorskit_title_hidden":false,"_editorskit_reading_time":0,"_editorskit_is_block_options_detached":false,"_editorskit_block_options_position":"{}","neve_meta_sidebar":"","neve_meta_container":"","neve_meta_enable_content_width":"","neve_meta_content_width":0,"neve_meta_title_alignment":"","neve_meta_author_avatar":"","neve_post_elements_order":"","neve_meta_disable_header":"","neve_meta_disable_footer":"","neve_meta_disable_title":"","footnotes":""},"categories":[10],"tags":[],"class_list":["post-1941","post","type-post","status-publish","format-standard","has-post-thumbnail","hentry","category-noticias_slider"],"yoast_head":"<!-- This site is optimized with the Yoast SEO plugin v27.2 - https:\/\/yoast.com\/product\/yoast-seo-wordpress\/ -->\n<title>Ministro\u00a0Tellechea\u00a0participa\u00a0en\u00a0la\u00a049\u00b0\u00a0reuni\u00f3n\u00a0del\u00a0Comit\u00e9\u00a0de\u00a0Ministerial\u00a0de\u00a0Monitoreo\u00a0Conjunto\u00a0OPEP+ - MinHidrocarburos<\/title>\n<meta name=\"robots\" content=\"index, follow, max-snippet:-1, max-image-preview:large, max-video-preview:-1\" \/>\n<link rel=\"canonical\" href=\"http:\/\/www.minhidrocarburos.gob.ve\/index.php\/2023\/08\/04\/ministro-tellechea-participa-en-la-49-reunion-del-comite-de-ministerial-de-monitoreo-conjunto-opep\/\" \/>\n<meta property=\"og:locale\" content=\"es_ES\" \/>\n<meta property=\"og:type\" content=\"article\" \/>\n<meta property=\"og:title\" content=\"Ministro\u00a0Tellechea\u00a0participa\u00a0en\u00a0la\u00a049\u00b0\u00a0reuni\u00f3n\u00a0del\u00a0Comit\u00e9\u00a0de\u00a0Ministerial\u00a0de\u00a0Monitoreo\u00a0Conjunto\u00a0OPEP+ - MinHidrocarburos\" \/>\n<meta property=\"og:description\" content=\"Caracas, 04 de agosto de 2023.-&nbsp;El ministro del Poder Popular de Petr\u00f3leo, Pedro Rafael Tellechea, en representaci\u00f3n de la Rep\u00fablica Bolivariana de Venezuela y bajo el liderazgo del presidente Nicol\u00e1s Maduro particip\u00f3 este viernes en la 49\u00b0 Reuni\u00f3n del Comit\u00e9 Ministerial de Monitoreo Conjunto (JMMC, por sus siglas en ingl\u00e9s), durante la cual se revisaron&hellip;&nbsp;Leer m\u00e1s &raquo;Ministro\u00a0Tellechea\u00a0participa\u00a0en\u00a0la\u00a049\u00b0\u00a0reuni\u00f3n\u00a0del\u00a0Comit\u00e9\u00a0de\u00a0Ministerial\u00a0de\u00a0Monitoreo\u00a0Conjunto\u00a0OPEP+\" \/>\n<meta property=\"og:url\" content=\"http:\/\/www.minhidrocarburos.gob.ve\/index.php\/2023\/08\/04\/ministro-tellechea-participa-en-la-49-reunion-del-comite-de-ministerial-de-monitoreo-conjunto-opep\/\" \/>\n<meta property=\"og:site_name\" content=\"MinHidrocarburos\" \/>\n<meta property=\"article:published_time\" content=\"2023-08-04T18:16:25+00:00\" \/>\n<meta property=\"article:modified_time\" content=\"2023-08-07T18:25:37+00:00\" \/>\n<meta property=\"og:image\" content=\"http:\/\/www.minhidrocarburos.gob.ve\/wp-content\/uploads\/2023\/08\/Ministro_49_reunion_Opep.jpg\" \/>\n\t<meta property=\"og:image:width\" content=\"1024\" \/>\n\t<meta property=\"og:image:height\" content=\"518\" \/>\n\t<meta property=\"og:image:type\" content=\"image\/jpeg\" \/>\n<meta name=\"author\" content=\"Jos\u00e9 Mart\u00ednez\" \/>\n<meta name=\"twitter:card\" content=\"summary_large_image\" \/>\n<meta name=\"twitter:label1\" content=\"Escrito por\" \/>\n\t<meta name=\"twitter:data1\" content=\"Jos\u00e9 Mart\u00ednez\" \/>\n\t<meta name=\"twitter:label2\" content=\"Tiempo de lectura\" \/>\n\t<meta name=\"twitter:data2\" content=\"1 minuto\" \/>\n<script type=\"application\/ld+json\" class=\"yoast-schema-graph\">{\"@context\":\"https:\/\/schema.org\",\"@graph\":[{\"@type\":\"Article\",\"@id\":\"http:\/\/www.minhidrocarburos.gob.ve\/index.php\/2023\/08\/04\/ministro-tellechea-participa-en-la-49-reunion-del-comite-de-ministerial-de-monitoreo-conjunto-opep\/#article\",\"isPartOf\":{\"@id\":\"http:\/\/www.minhidrocarburos.gob.ve\/index.php\/2023\/08\/04\/ministro-tellechea-participa-en-la-49-reunion-del-comite-de-ministerial-de-monitoreo-conjunto-opep\/\"},\"author\":{\"name\":\"Jos\u00e9 Mart\u00ednez\",\"@id\":\"http:\/\/www.minhidrocarburos.gob.ve\/#\/schema\/person\/4d9d5c153c50325eb111e2974e6cb008\"},\"headline\":\"Ministro\u00a0Tellechea\u00a0participa\u00a0en\u00a0la\u00a049\u00b0\u00a0reuni\u00f3n\u00a0del\u00a0Comit\u00e9\u00a0de\u00a0Ministerial\u00a0de\u00a0Monitoreo\u00a0Conjunto\u00a0OPEP+\",\"datePublished\":\"2023-08-04T18:16:25+00:00\",\"dateModified\":\"2023-08-07T18:25:37+00:00\",\"mainEntityOfPage\":{\"@id\":\"http:\/\/www.minhidrocarburos.gob.ve\/index.php\/2023\/08\/04\/ministro-tellechea-participa-en-la-49-reunion-del-comite-de-ministerial-de-monitoreo-conjunto-opep\/\"},\"wordCount\":247,\"publisher\":{\"@id\":\"http:\/\/www.minhidrocarburos.gob.ve\/#organization\"},\"image\":{\"@id\":\"http:\/\/www.minhidrocarburos.gob.ve\/index.php\/2023\/08\/04\/ministro-tellechea-participa-en-la-49-reunion-del-comite-de-ministerial-de-monitoreo-conjunto-opep\/#primaryimage\"},\"thumbnailUrl\":\"http:\/\/www.minhidrocarburos.gob.ve\/wp-content\/uploads\/2023\/08\/Ministro_49_reunion_Opep.jpg\",\"articleSection\":[\"Noticias_Slider_23\"],\"inLanguage\":\"es\"},{\"@type\":\"WebPage\",\"@id\":\"http:\/\/www.minhidrocarburos.gob.ve\/index.php\/2023\/08\/04\/ministro-tellechea-participa-en-la-49-reunion-del-comite-de-ministerial-de-monitoreo-conjunto-opep\/\",\"url\":\"http:\/\/www.minhidrocarburos.gob.ve\/index.php\/2023\/08\/04\/ministro-tellechea-participa-en-la-49-reunion-del-comite-de-ministerial-de-monitoreo-conjunto-opep\/\",\"name\":\"Ministro\u00a0Tellechea\u00a0participa\u00a0en\u00a0la\u00a049\u00b0\u00a0reuni\u00f3n\u00a0del\u00a0Comit\u00e9\u00a0de\u00a0Ministerial\u00a0de\u00a0Monitoreo\u00a0Conjunto\u00a0OPEP+ - MinHidrocarburos\",\"isPartOf\":{\"@id\":\"http:\/\/www.minhidrocarburos.gob.ve\/#website\"},\"primaryImageOfPage\":{\"@id\":\"http:\/\/www.minhidrocarburos.gob.ve\/index.php\/2023\/08\/04\/ministro-tellechea-participa-en-la-49-reunion-del-comite-de-ministerial-de-monitoreo-conjunto-opep\/#primaryimage\"},\"image\":{\"@id\":\"http:\/\/www.minhidrocarburos.gob.ve\/index.php\/2023\/08\/04\/ministro-tellechea-participa-en-la-49-reunion-del-comite-de-ministerial-de-monitoreo-conjunto-opep\/#primaryimage\"},\"thumbnailUrl\":\"http:\/\/www.minhidrocarburos.gob.ve\/wp-content\/uploads\/2023\/08\/Ministro_49_reunion_Opep.jpg\",\"datePublished\":\"2023-08-04T18:16:25+00:00\",\"dateModified\":\"2023-08-07T18:25:37+00:00\",\"inLanguage\":\"es\",\"potentialAction\":[{\"@type\":\"ReadAction\",\"target\":[\"http:\/\/www.minhidrocarburos.gob.ve\/index.php\/2023\/08\/04\/ministro-tellechea-participa-en-la-49-reunion-del-comite-de-ministerial-de-monitoreo-conjunto-opep\/\"]}]},{\"@type\":\"ImageObject\",\"inLanguage\":\"es\",\"@id\":\"http:\/\/www.minhidrocarburos.gob.ve\/index.php\/2023\/08\/04\/ministro-tellechea-participa-en-la-49-reunion-del-comite-de-ministerial-de-monitoreo-conjunto-opep\/#primaryimage\",\"url\":\"http:\/\/www.minhidrocarburos.gob.ve\/wp-content\/uploads\/2023\/08\/Ministro_49_reunion_Opep.jpg\",\"contentUrl\":\"http:\/\/www.minhidrocarburos.gob.ve\/wp-content\/uploads\/2023\/08\/Ministro_49_reunion_Opep.jpg\",\"width\":1024,\"height\":518},{\"@type\":\"WebSite\",\"@id\":\"http:\/\/www.minhidrocarburos.gob.ve\/#website\",\"url\":\"http:\/\/www.minhidrocarburos.gob.ve\/\",\"name\":\"Minhidrocarburos\",\"description\":\"Regulaci\u00f3n, formulaci\u00f3n y seguimiento de pol\u00edticas; la planificaci\u00f3n, realizaci\u00f3n y fiscalizaci\u00f3n en materia de hidrocarburos\",\"publisher\":{\"@id\":\"http:\/\/www.minhidrocarburos.gob.ve\/#organization\"},\"potentialAction\":[{\"@type\":\"SearchAction\",\"target\":{\"@type\":\"EntryPoint\",\"urlTemplate\":\"http:\/\/www.minhidrocarburos.gob.ve\/?s={search_term_string}\"},\"query-input\":{\"@type\":\"PropertyValueSpecification\",\"valueRequired\":true,\"valueName\":\"search_term_string\"}}],\"inLanguage\":\"es\"},{\"@type\":\"Organization\",\"@id\":\"http:\/\/www.minhidrocarburos.gob.ve\/#organization\",\"name\":\"Ministerio del Poder Popular de Hidrocarburos\",\"url\":\"http:\/\/www.minhidrocarburos.gob.ve\/\",\"logo\":{\"@type\":\"ImageObject\",\"inLanguage\":\"es\",\"@id\":\"http:\/\/www.minhidrocarburos.gob.ve\/#\/schema\/logo\/image\/\",\"url\":\"http:\/\/www.minhidrocarburos.gob.ve\/wp-content\/uploads\/2024\/12\/Ministerio_de_Hidrocarburos.png\",\"contentUrl\":\"http:\/\/www.minhidrocarburos.gob.ve\/wp-content\/uploads\/2024\/12\/Ministerio_de_Hidrocarburos.png\",\"width\":2320,\"height\":324,\"caption\":\"Ministerio del Poder Popular de Hidrocarburos\"},\"image\":{\"@id\":\"http:\/\/www.minhidrocarburos.gob.ve\/#\/schema\/logo\/image\/\"}},{\"@type\":\"Person\",\"@id\":\"http:\/\/www.minhidrocarburos.gob.ve\/#\/schema\/person\/4d9d5c153c50325eb111e2974e6cb008\",\"name\":\"Jos\u00e9 Mart\u00ednez\",\"image\":{\"@type\":\"ImageObject\",\"inLanguage\":\"es\",\"@id\":\"https:\/\/secure.gravatar.com\/avatar\/79ac1e08eb9745264b4ffe29122b6d25734d9d6bf36bceff78ba82b7d03fbbb7?s=96&d=mm&r=g\",\"url\":\"https:\/\/secure.gravatar.com\/avatar\/79ac1e08eb9745264b4ffe29122b6d25734d9d6bf36bceff78ba82b7d03fbbb7?s=96&d=mm&r=g\",\"contentUrl\":\"https:\/\/secure.gravatar.com\/avatar\/79ac1e08eb9745264b4ffe29122b6d25734d9d6bf36bceff78ba82b7d03fbbb7?s=96&d=mm&r=g\",\"caption\":\"Jos\u00e9 Mart\u00ednez\"},\"url\":\"http:\/\/www.minhidrocarburos.gob.ve\/index.php\/author\/jmartinez\/\"}]}<\/script>\n<!-- \/ Yoast SEO plugin. -->","yoast_head_json":{"title":"Ministro\u00a0Tellechea\u00a0participa\u00a0en\u00a0la\u00a049\u00b0\u00a0reuni\u00f3n\u00a0del\u00a0Comit\u00e9\u00a0de\u00a0Ministerial\u00a0de\u00a0Monitoreo\u00a0Conjunto\u00a0OPEP+ - MinHidrocarburos","robots":{"index":"index","follow":"follow","max-snippet":"max-snippet:-1","max-image-preview":"max-image-preview:large","max-video-preview":"max-video-preview:-1"},"canonical":"http:\/\/www.minhidrocarburos.gob.ve\/index.php\/2023\/08\/04\/ministro-tellechea-participa-en-la-49-reunion-del-comite-de-ministerial-de-monitoreo-conjunto-opep\/","og_locale":"es_ES","og_type":"article","og_title":"Ministro\u00a0Tellechea\u00a0participa\u00a0en\u00a0la\u00a049\u00b0\u00a0reuni\u00f3n\u00a0del\u00a0Comit\u00e9\u00a0de\u00a0Ministerial\u00a0de\u00a0Monitoreo\u00a0Conjunto\u00a0OPEP+ - MinHidrocarburos","og_description":"Caracas, 04 de agosto de 2023.-&nbsp;El ministro del Poder Popular de Petr\u00f3leo, Pedro Rafael Tellechea, en representaci\u00f3n de la Rep\u00fablica Bolivariana de Venezuela y bajo el liderazgo del presidente Nicol\u00e1s Maduro particip\u00f3 este viernes en la 49\u00b0 Reuni\u00f3n del Comit\u00e9 Ministerial de Monitoreo Conjunto (JMMC, por sus siglas en ingl\u00e9s), durante la cual se revisaron&hellip;&nbsp;Leer m\u00e1s &raquo;Ministro\u00a0Tellechea\u00a0participa\u00a0en\u00a0la\u00a049\u00b0\u00a0reuni\u00f3n\u00a0del\u00a0Comit\u00e9\u00a0de\u00a0Ministerial\u00a0de\u00a0Monitoreo\u00a0Conjunto\u00a0OPEP+","og_url":"http:\/\/www.minhidrocarburos.gob.ve\/index.php\/2023\/08\/04\/ministro-tellechea-participa-en-la-49-reunion-del-comite-de-ministerial-de-monitoreo-conjunto-opep\/","og_site_name":"MinHidrocarburos","article_published_time":"2023-08-04T18:16:25+00:00","article_modified_time":"2023-08-07T18:25:37+00:00","og_image":[{"width":1024,"height":518,"url":"http:\/\/www.minhidrocarburos.gob.ve\/wp-content\/uploads\/2023\/08\/Ministro_49_reunion_Opep.jpg","type":"image\/jpeg"}],"author":"Jos\u00e9 Mart\u00ednez","twitter_card":"summary_large_image","twitter_misc":{"Escrito por":"Jos\u00e9 Mart\u00ednez","Tiempo de lectura":"1 minuto"},"schema":{"@context":"https:\/\/schema.org","@graph":[{"@type":"Article","@id":"http:\/\/www.minhidrocarburos.gob.ve\/index.php\/2023\/08\/04\/ministro-tellechea-participa-en-la-49-reunion-del-comite-de-ministerial-de-monitoreo-conjunto-opep\/#article","isPartOf":{"@id":"http:\/\/www.minhidrocarburos.gob.ve\/index.php\/2023\/08\/04\/ministro-tellechea-participa-en-la-49-reunion-del-comite-de-ministerial-de-monitoreo-conjunto-opep\/"},"author":{"name":"Jos\u00e9 Mart\u00ednez","@id":"http:\/\/www.minhidrocarburos.gob.ve\/#\/schema\/person\/4d9d5c153c50325eb111e2974e6cb008"},"headline":"Ministro\u00a0Tellechea\u00a0participa\u00a0en\u00a0la\u00a049\u00b0\u00a0reuni\u00f3n\u00a0del\u00a0Comit\u00e9\u00a0de\u00a0Ministerial\u00a0de\u00a0Monitoreo\u00a0Conjunto\u00a0OPEP+","datePublished":"2023-08-04T18:16:25+00:00","dateModified":"2023-08-07T18:25:37+00:00","mainEntityOfPage":{"@id":"http:\/\/www.minhidrocarburos.gob.ve\/index.php\/2023\/08\/04\/ministro-tellechea-participa-en-la-49-reunion-del-comite-de-ministerial-de-monitoreo-conjunto-opep\/"},"wordCount":247,"publisher":{"@id":"http:\/\/www.minhidrocarburos.gob.ve\/#organization"},"image":{"@id":"http:\/\/www.minhidrocarburos.gob.ve\/index.php\/2023\/08\/04\/ministro-tellechea-participa-en-la-49-reunion-del-comite-de-ministerial-de-monitoreo-conjunto-opep\/#primaryimage"},"thumbnailUrl":"http:\/\/www.minhidrocarburos.gob.ve\/wp-content\/uploads\/2023\/08\/Ministro_49_reunion_Opep.jpg","articleSection":["Noticias_Slider_23"],"inLanguage":"es"},{"@type":"WebPage","@id":"http:\/\/www.minhidrocarburos.gob.ve\/index.php\/2023\/08\/04\/ministro-tellechea-participa-en-la-49-reunion-del-comite-de-ministerial-de-monitoreo-conjunto-opep\/","url":"http:\/\/www.minhidrocarburos.gob.ve\/index.php\/2023\/08\/04\/ministro-tellechea-participa-en-la-49-reunion-del-comite-de-ministerial-de-monitoreo-conjunto-opep\/","name":"Ministro\u00a0Tellechea\u00a0participa\u00a0en\u00a0la\u00a049\u00b0\u00a0reuni\u00f3n\u00a0del\u00a0Comit\u00e9\u00a0de\u00a0Ministerial\u00a0de\u00a0Monitoreo\u00a0Conjunto\u00a0OPEP+ - MinHidrocarburos","isPartOf":{"@id":"http:\/\/www.minhidrocarburos.gob.ve\/#website"},"primaryImageOfPage":{"@id":"http:\/\/www.minhidrocarburos.gob.ve\/index.php\/2023\/08\/04\/ministro-tellechea-participa-en-la-49-reunion-del-comite-de-ministerial-de-monitoreo-conjunto-opep\/#primaryimage"},"image":{"@id":"http:\/\/www.minhidrocarburos.gob.ve\/index.php\/2023\/08\/04\/ministro-tellechea-participa-en-la-49-reunion-del-comite-de-ministerial-de-monitoreo-conjunto-opep\/#primaryimage"},"thumbnailUrl":"http:\/\/www.minhidrocarburos.gob.ve\/wp-content\/uploads\/2023\/08\/Ministro_49_reunion_Opep.jpg","datePublished":"2023-08-04T18:16:25+00:00","dateModified":"2023-08-07T18:25:37+00:00","inLanguage":"es","potentialAction":[{"@type":"ReadAction","target":["http:\/\/www.minhidrocarburos.gob.ve\/index.php\/2023\/08\/04\/ministro-tellechea-participa-en-la-49-reunion-del-comite-de-ministerial-de-monitoreo-conjunto-opep\/"]}]},{"@type":"ImageObject","inLanguage":"es","@id":"http:\/\/www.minhidrocarburos.gob.ve\/index.php\/2023\/08\/04\/ministro-tellechea-participa-en-la-49-reunion-del-comite-de-ministerial-de-monitoreo-conjunto-opep\/#primaryimage","url":"http:\/\/www.minhidrocarburos.gob.ve\/wp-content\/uploads\/2023\/08\/Ministro_49_reunion_Opep.jpg","contentUrl":"http:\/\/www.minhidrocarburos.gob.ve\/wp-content\/uploads\/2023\/08\/Ministro_49_reunion_Opep.jpg","width":1024,"height":518},{"@type":"WebSite","@id":"http:\/\/www.minhidrocarburos.gob.ve\/#website","url":"http:\/\/www.minhidrocarburos.gob.ve\/","name":"Minhidrocarburos","description":"Regulaci\u00f3n, formulaci\u00f3n y seguimiento de pol\u00edticas; la planificaci\u00f3n, realizaci\u00f3n y fiscalizaci\u00f3n en materia de hidrocarburos","publisher":{"@id":"http:\/\/www.minhidrocarburos.gob.ve\/#organization"},"potentialAction":[{"@type":"SearchAction","target":{"@type":"EntryPoint","urlTemplate":"http:\/\/www.minhidrocarburos.gob.ve\/?s={search_term_string}"},"query-input":{"@type":"PropertyValueSpecification","valueRequired":true,"valueName":"search_term_string"}}],"inLanguage":"es"},{"@type":"Organization","@id":"http:\/\/www.minhidrocarburos.gob.ve\/#organization","name":"Ministerio del Poder Popular de Hidrocarburos","url":"http:\/\/www.minhidrocarburos.gob.ve\/","logo":{"@type":"ImageObject","inLanguage":"es","@id":"http:\/\/www.minhidrocarburos.gob.ve\/#\/schema\/logo\/image\/","url":"http:\/\/www.minhidrocarburos.gob.ve\/wp-content\/uploads\/2024\/12\/Ministerio_de_Hidrocarburos.png","contentUrl":"http:\/\/www.minhidrocarburos.gob.ve\/wp-content\/uploads\/2024\/12\/Ministerio_de_Hidrocarburos.png","width":2320,"height":324,"caption":"Ministerio del Poder Popular de Hidrocarburos"},"image":{"@id":"http:\/\/www.minhidrocarburos.gob.ve\/#\/schema\/logo\/image\/"}},{"@type":"Person","@id":"http:\/\/www.minhidrocarburos.gob.ve\/#\/schema\/person\/4d9d5c153c50325eb111e2974e6cb008","name":"Jos\u00e9 Mart\u00ednez","image":{"@type":"ImageObject","inLanguage":"es","@id":"https:\/\/secure.gravatar.com\/avatar\/79ac1e08eb9745264b4ffe29122b6d25734d9d6bf36bceff78ba82b7d03fbbb7?s=96&d=mm&r=g","url":"https:\/\/secure.gravatar.com\/avatar\/79ac1e08eb9745264b4ffe29122b6d25734d9d6bf36bceff78ba82b7d03fbbb7?s=96&d=mm&r=g","contentUrl":"https:\/\/secure.gravatar.com\/avatar\/79ac1e08eb9745264b4ffe29122b6d25734d9d6bf36bceff78ba82b7d03fbbb7?s=96&d=mm&r=g","caption":"Jos\u00e9 Mart\u00ednez"},"url":"http:\/\/www.minhidrocarburos.gob.ve\/index.php\/author\/jmartinez\/"}]}},"_links":{"self":[{"href":"http:\/\/www.minhidrocarburos.gob.ve\/index.php\/wp-json\/wp\/v2\/posts\/1941","targetHints":{"allow":["GET"]}}],"collection":[{"href":"http:\/\/www.minhidrocarburos.gob.ve\/index.php\/wp-json\/wp\/v2\/posts"}],"about":[{"href":"http:\/\/www.minhidrocarburos.gob.ve\/index.php\/wp-json\/wp\/v2\/types\/post"}],"author":[{"embeddable":true,"href":"http:\/\/www.minhidrocarburos.gob.ve\/index.php\/wp-json\/wp\/v2\/users\/2"}],"replies":[{"embeddable":true,"href":"http:\/\/www.minhidrocarburos.gob.ve\/index.php\/wp-json\/wp\/v2\/comments?post=1941"}],"version-history":[{"count":1,"href":"http:\/\/www.minhidrocarburos.gob.ve\/index.php\/wp-json\/wp\/v2\/posts\/1941\/revisions"}],"predecessor-version":[{"id":1950,"href":"http:\/\/www.minhidrocarburos.gob.ve\/index.php\/wp-json\/wp\/v2\/posts\/1941\/revisions\/1950"}],"wp:featuredmedia":[{"embeddable":true,"href":"http:\/\/www.minhidrocarburos.gob.ve\/index.php\/wp-json\/wp\/v2\/media\/1949"}],"wp:attachment":[{"href":"http:\/\/www.minhidrocarburos.gob.ve\/index.php\/wp-json\/wp\/v2\/media?parent=1941"}],"wp:term":[{"taxonomy":"category","embeddable":true,"href":"http:\/\/www.minhidrocarburos.gob.ve\/index.php\/wp-json\/wp\/v2\/categories?post=1941"},{"taxonomy":"post_tag","embeddable":true,"href":"http:\/\/www.minhidrocarburos.gob.ve\/index.php\/wp-json\/wp\/v2\/tags?post=1941"}],"curies":[{"name":"wp","href":"https:\/\/api.w.org\/{rel}","templated":true}]}}