

{"id":2296,"date":"2023-08-09T14:30:52","date_gmt":"2023-08-09T14:30:52","guid":{"rendered":"http:\/\/192.168.25.123\/minpet\/?p=2296"},"modified":"2023-08-25T18:13:49","modified_gmt":"2023-08-25T18:13:49","slug":"desde-merida-minpetroleo-pdvsa-y-pequiven-instalan-estado-mayor-de-hidrocarburos","status":"publish","type":"post","link":"http:\/\/www.minhidrocarburos.gob.ve\/index.php\/2023\/08\/09\/desde-merida-minpetroleo-pdvsa-y-pequiven-instalan-estado-mayor-de-hidrocarburos\/","title":{"rendered":"Desde\u00a0M\u00e9rida:\u00a0MinPetr\u00f3leo,\u00a0PDVSA\u00a0y\u00a0Pequiven,\u00a0instalan\u00a0Estado\u00a0Mayor\u00a0de\u00a0Hidrocarburos"},"content":{"rendered":"\n<p><strong>M\u00e9rida, 09 de agosto de 2023.-<\/strong>&nbsp;El Estado Mayor de Hidrocarburos se instala en M\u00e9rida, desde Mucuch\u00edes, municipio Rangel, para impulsar el desarrollo en esta zona productiva del pa\u00eds, donde a trav\u00e9s de la toma de decisiones inmediatas del equipo multidisciplinario conformado por el Ministerio del Poder Popular de Petr\u00f3leo (MinPetr\u00f3leo), PDVSA y Pequiven que otorga esta actividad, donde los meride\u00f1os recibir\u00e1n refuerzo para el fortalecimiento en la distribuci\u00f3n de combustibles l\u00edquidos y gaseosos importante para el desarrollo econ\u00f3mico as\u00ed como alcance a los fertilizantes, cadena de resinas pl\u00e1sticas y a servicios industriales donde resaltan planes de asfaltado.<\/p>\n\n\n\n<p>La actividad estuvo liderada por las m\u00e1ximas autoridades de la regi\u00f3n meride\u00f1a, con la presencia del secretario de gobierno, Richard Lobo; el vicepresidente de Comercio y Suministro Nacional de PDVSA, Juan Carlos D\u00edaz; el enlace pol\u00edtico territorial del ministerio del Poder Popular de Petr\u00f3leo (MinPetr\u00f3leo), Julio Rojas y el G\/D Belzares Escobar, segundo comandante de la ZODI N\u00b0 22.<\/p>\n\n\n\n<p>El representante por el estado M\u00e9rida agradeci\u00f3 la disposici\u00f3n de esta actividad que adem\u00e1s consolida esfuerzos en una misma mesa de trabajo, donde se escuchan las necesidades a trav\u00e9s de los derechos de palabra a alcaldes, representantes industriales, representantes de Estaciones de Servicio, as\u00ed como a los sectores agr\u00edcolas y pecuarios, con la intenci\u00f3n de dar respuestas inmediatas.<\/p>\n\n\n\n<p>Juan Carlos D\u00edaz inform\u00f3 que en este a\u00f1o se ha registrado el incremento de un 30% en la producci\u00f3n de diversos rubros que se cosechan en M\u00e9rida, seg\u00fan datos de la direcci\u00f3n regional del Ministerio de Agricultura y Tierras; de igual forma explic\u00f3 la aplicaci\u00f3n inmediata del plan para el aumento en el volumen de combustible dirigido al sector productivo, as\u00ed como el mejoramiento de las condiciones en las Estaciones de Servicio para garantizar el desplazamiento de la poblaci\u00f3n en general y turistas que visitar\u00e1n la entidad en este periodo vacacional.<\/p>\n\n\n\n<p>As\u00edmismo Diaz anunci\u00f3 que PDVSA pronto recibir\u00e1 450 chutos y 150 cisternas para fortalecer el transporte para distribuci\u00f3n de combustible, gracias al apoyo del gobierno nacional.&nbsp;<\/p>\n\n\n\n<p>Vale destacar que la Instalaci\u00f3n del Estado Mayor de Hidrocarburos en aras de contribuir en la reactivaci\u00f3n econom\u00eda del pa\u00eds y el crecimiento agroproductivo, tur\u00edstico y comercial, cuenta con todo el apoyo del ministro del Poder Popular de Petr\u00f3leo, Pedro Rafael Tellechea, cumpliendo las pol\u00edticas del Presidente, Nicol\u00e1s Maduro.<\/p>\n\n\n\n<p>Julio Rojas enfatiz\u00f3 que el sector agr\u00edcola y pecuario ha sido reconocido como seres revolucionarios, siendo combatientes en los momentos m\u00e1s dif\u00edciles del pa\u00eds, \u00abUstedes han llevado el alimento de calidad a las mesas venezolanas, es por ello que este equipo tiene el deber de desplegar a trav\u00e9s de la m\u00e1xima autoridad del estado M\u00e9rida una pol\u00edtica de territorializaci\u00f3n con el acompa\u00f1amiento del MinPetr\u00f3leo junto a sus entes adscritos PDVSA y Pequiven\u00bb.<\/p>\n\n\n\n<p>Con esta instancia y desde el epicentro del P\u00e1ramo, la Instalaci\u00f3n del Estado Mayor de Hidrocarburos queda instalada la cual aportar\u00e1 continuamente planes estrat\u00e9gicos para que el estado M\u00e9rida cuente con los requerimientos en tema de Combustible, Fertilizantes y Servicios Industriales, a trav\u00e9s de la implementaci\u00f3n de trabajos con resultados inmediatos.<\/p>\n","protected":false},"excerpt":{"rendered":"<p>M\u00e9rida, 09 de agosto de 2023.-&nbsp;El Estado Mayor de Hidrocarburos se instala en M\u00e9rida, desde Mucuch\u00edes, municipio Rangel, para impulsar el desarrollo en esta zona productiva del pa\u00eds, donde a trav\u00e9s de la toma de decisiones inmediatas del equipo multidisciplinario conformado por el Ministerio del Poder Popular de Petr\u00f3leo (MinPetr\u00f3leo), PDVSA y Pequiven que otorga&hellip;&nbsp;<a href=\"http:\/\/www.minhidrocarburos.gob.ve\/index.php\/2023\/08\/09\/desde-merida-minpetroleo-pdvsa-y-pequiven-instalan-estado-mayor-de-hidrocarburos\/\" rel=\"bookmark\">Leer m\u00e1s &raquo;<span class=\"screen-reader-text\">Desde\u00a0M\u00e9rida:\u00a0MinPetr\u00f3leo,\u00a0PDVSA\u00a0y\u00a0Pequiven,\u00a0instalan\u00a0Estado\u00a0Mayor\u00a0de\u00a0Hidrocarburos<\/span><\/a><\/p>\n","protected":false},"author":2,"featured_media":2297,"comment_status":"closed","ping_status":"closed","sticky":false,"template":"","format":"standard","meta":{"_editorskit_title_hidden":false,"_editorskit_reading_time":0,"_editorskit_is_block_options_detached":false,"_editorskit_block_options_position":"{}","neve_meta_sidebar":"","neve_meta_container":"","neve_meta_enable_content_width":"","neve_meta_content_width":0,"neve_meta_title_alignment":"","neve_meta_author_avatar":"","neve_post_elements_order":"","neve_meta_disable_header":"","neve_meta_disable_footer":"","neve_meta_disable_title":"","footnotes":""},"categories":[4],"tags":[],"class_list":["post-2296","post","type-post","status-publish","format-standard","has-post-thumbnail","hentry","category-noticias-2023"],"yoast_head":"<!-- This site is optimized with the Yoast SEO plugin v27.2 - https:\/\/yoast.com\/product\/yoast-seo-wordpress\/ -->\n<title>Desde\u00a0M\u00e9rida:\u00a0MinPetr\u00f3leo,\u00a0PDVSA\u00a0y\u00a0Pequiven,\u00a0instalan\u00a0Estado\u00a0Mayor\u00a0de\u00a0Hidrocarburos - MinHidrocarburos<\/title>\n<meta name=\"robots\" content=\"index, follow, max-snippet:-1, max-image-preview:large, max-video-preview:-1\" \/>\n<link rel=\"canonical\" href=\"http:\/\/www.minhidrocarburos.gob.ve\/index.php\/2023\/08\/09\/desde-merida-minpetroleo-pdvsa-y-pequiven-instalan-estado-mayor-de-hidrocarburos\/\" \/>\n<meta property=\"og:locale\" content=\"es_ES\" \/>\n<meta property=\"og:type\" content=\"article\" \/>\n<meta property=\"og:title\" content=\"Desde\u00a0M\u00e9rida:\u00a0MinPetr\u00f3leo,\u00a0PDVSA\u00a0y\u00a0Pequiven,\u00a0instalan\u00a0Estado\u00a0Mayor\u00a0de\u00a0Hidrocarburos - MinHidrocarburos\" \/>\n<meta property=\"og:description\" content=\"M\u00e9rida, 09 de agosto de 2023.-&nbsp;El Estado Mayor de Hidrocarburos se instala en M\u00e9rida, desde Mucuch\u00edes, municipio Rangel, para impulsar el desarrollo en esta zona productiva del pa\u00eds, donde a trav\u00e9s de la toma de decisiones inmediatas del equipo multidisciplinario conformado por el Ministerio del Poder Popular de Petr\u00f3leo (MinPetr\u00f3leo), PDVSA y Pequiven que otorga&hellip;&nbsp;Leer m\u00e1s &raquo;Desde\u00a0M\u00e9rida:\u00a0MinPetr\u00f3leo,\u00a0PDVSA\u00a0y\u00a0Pequiven,\u00a0instalan\u00a0Estado\u00a0Mayor\u00a0de\u00a0Hidrocarburos\" \/>\n<meta property=\"og:url\" content=\"http:\/\/www.minhidrocarburos.gob.ve\/index.php\/2023\/08\/09\/desde-merida-minpetroleo-pdvsa-y-pequiven-instalan-estado-mayor-de-hidrocarburos\/\" \/>\n<meta property=\"og:site_name\" content=\"MinHidrocarburos\" \/>\n<meta property=\"article:published_time\" content=\"2023-08-09T14:30:52+00:00\" \/>\n<meta property=\"article:modified_time\" content=\"2023-08-25T18:13:49+00:00\" \/>\n<meta property=\"og:image\" content=\"http:\/\/www.minhidrocarburos.gob.ve\/wp-content\/uploads\/2023\/08\/Desde-Merida-Instalan-estado-mayor-de-Hidrocarburos.jpg\" \/>\n\t<meta property=\"og:image:width\" content=\"543\" \/>\n\t<meta property=\"og:image:height\" content=\"526\" \/>\n\t<meta property=\"og:image:type\" content=\"image\/jpeg\" \/>\n<meta name=\"author\" content=\"Jos\u00e9 Mart\u00ednez\" \/>\n<meta name=\"twitter:card\" content=\"summary_large_image\" \/>\n<meta name=\"twitter:label1\" content=\"Escrito por\" \/>\n\t<meta name=\"twitter:data1\" content=\"Jos\u00e9 Mart\u00ednez\" \/>\n\t<meta name=\"twitter:label2\" content=\"Tiempo de lectura\" \/>\n\t<meta name=\"twitter:data2\" content=\"3 minutos\" \/>\n<script type=\"application\/ld+json\" class=\"yoast-schema-graph\">{\"@context\":\"https:\/\/schema.org\",\"@graph\":[{\"@type\":\"Article\",\"@id\":\"http:\/\/www.minhidrocarburos.gob.ve\/index.php\/2023\/08\/09\/desde-merida-minpetroleo-pdvsa-y-pequiven-instalan-estado-mayor-de-hidrocarburos\/#article\",\"isPartOf\":{\"@id\":\"http:\/\/www.minhidrocarburos.gob.ve\/index.php\/2023\/08\/09\/desde-merida-minpetroleo-pdvsa-y-pequiven-instalan-estado-mayor-de-hidrocarburos\/\"},\"author\":{\"name\":\"Jos\u00e9 Mart\u00ednez\",\"@id\":\"http:\/\/www.minhidrocarburos.gob.ve\/#\/schema\/person\/4d9d5c153c50325eb111e2974e6cb008\"},\"headline\":\"Desde\u00a0M\u00e9rida:\u00a0MinPetr\u00f3leo,\u00a0PDVSA\u00a0y\u00a0Pequiven,\u00a0instalan\u00a0Estado\u00a0Mayor\u00a0de\u00a0Hidrocarburos\",\"datePublished\":\"2023-08-09T14:30:52+00:00\",\"dateModified\":\"2023-08-25T18:13:49+00:00\",\"mainEntityOfPage\":{\"@id\":\"http:\/\/www.minhidrocarburos.gob.ve\/index.php\/2023\/08\/09\/desde-merida-minpetroleo-pdvsa-y-pequiven-instalan-estado-mayor-de-hidrocarburos\/\"},\"wordCount\":577,\"publisher\":{\"@id\":\"http:\/\/www.minhidrocarburos.gob.ve\/#organization\"},\"image\":{\"@id\":\"http:\/\/www.minhidrocarburos.gob.ve\/index.php\/2023\/08\/09\/desde-merida-minpetroleo-pdvsa-y-pequiven-instalan-estado-mayor-de-hidrocarburos\/#primaryimage\"},\"thumbnailUrl\":\"http:\/\/www.minhidrocarburos.gob.ve\/wp-content\/uploads\/2023\/08\/Desde-Merida-Instalan-estado-mayor-de-Hidrocarburos.jpg\",\"articleSection\":[\"Noticias 2023\"],\"inLanguage\":\"es\"},{\"@type\":\"WebPage\",\"@id\":\"http:\/\/www.minhidrocarburos.gob.ve\/index.php\/2023\/08\/09\/desde-merida-minpetroleo-pdvsa-y-pequiven-instalan-estado-mayor-de-hidrocarburos\/\",\"url\":\"http:\/\/www.minhidrocarburos.gob.ve\/index.php\/2023\/08\/09\/desde-merida-minpetroleo-pdvsa-y-pequiven-instalan-estado-mayor-de-hidrocarburos\/\",\"name\":\"Desde\u00a0M\u00e9rida:\u00a0MinPetr\u00f3leo,\u00a0PDVSA\u00a0y\u00a0Pequiven,\u00a0instalan\u00a0Estado\u00a0Mayor\u00a0de\u00a0Hidrocarburos - MinHidrocarburos\",\"isPartOf\":{\"@id\":\"http:\/\/www.minhidrocarburos.gob.ve\/#website\"},\"primaryImageOfPage\":{\"@id\":\"http:\/\/www.minhidrocarburos.gob.ve\/index.php\/2023\/08\/09\/desde-merida-minpetroleo-pdvsa-y-pequiven-instalan-estado-mayor-de-hidrocarburos\/#primaryimage\"},\"image\":{\"@id\":\"http:\/\/www.minhidrocarburos.gob.ve\/index.php\/2023\/08\/09\/desde-merida-minpetroleo-pdvsa-y-pequiven-instalan-estado-mayor-de-hidrocarburos\/#primaryimage\"},\"thumbnailUrl\":\"http:\/\/www.minhidrocarburos.gob.ve\/wp-content\/uploads\/2023\/08\/Desde-Merida-Instalan-estado-mayor-de-Hidrocarburos.jpg\",\"datePublished\":\"2023-08-09T14:30:52+00:00\",\"dateModified\":\"2023-08-25T18:13:49+00:00\",\"inLanguage\":\"es\",\"potentialAction\":[{\"@type\":\"ReadAction\",\"target\":[\"http:\/\/www.minhidrocarburos.gob.ve\/index.php\/2023\/08\/09\/desde-merida-minpetroleo-pdvsa-y-pequiven-instalan-estado-mayor-de-hidrocarburos\/\"]}]},{\"@type\":\"ImageObject\",\"inLanguage\":\"es\",\"@id\":\"http:\/\/www.minhidrocarburos.gob.ve\/index.php\/2023\/08\/09\/desde-merida-minpetroleo-pdvsa-y-pequiven-instalan-estado-mayor-de-hidrocarburos\/#primaryimage\",\"url\":\"http:\/\/www.minhidrocarburos.gob.ve\/wp-content\/uploads\/2023\/08\/Desde-Merida-Instalan-estado-mayor-de-Hidrocarburos.jpg\",\"contentUrl\":\"http:\/\/www.minhidrocarburos.gob.ve\/wp-content\/uploads\/2023\/08\/Desde-Merida-Instalan-estado-mayor-de-Hidrocarburos.jpg\",\"width\":543,\"height\":526},{\"@type\":\"WebSite\",\"@id\":\"http:\/\/www.minhidrocarburos.gob.ve\/#website\",\"url\":\"http:\/\/www.minhidrocarburos.gob.ve\/\",\"name\":\"Minhidrocarburos\",\"description\":\"Regulaci\u00f3n, formulaci\u00f3n y seguimiento de pol\u00edticas; la planificaci\u00f3n, realizaci\u00f3n y fiscalizaci\u00f3n en materia de hidrocarburos\",\"publisher\":{\"@id\":\"http:\/\/www.minhidrocarburos.gob.ve\/#organization\"},\"potentialAction\":[{\"@type\":\"SearchAction\",\"target\":{\"@type\":\"EntryPoint\",\"urlTemplate\":\"http:\/\/www.minhidrocarburos.gob.ve\/?s={search_term_string}\"},\"query-input\":{\"@type\":\"PropertyValueSpecification\",\"valueRequired\":true,\"valueName\":\"search_term_string\"}}],\"inLanguage\":\"es\"},{\"@type\":\"Organization\",\"@id\":\"http:\/\/www.minhidrocarburos.gob.ve\/#organization\",\"name\":\"Ministerio del Poder Popular de Hidrocarburos\",\"url\":\"http:\/\/www.minhidrocarburos.gob.ve\/\",\"logo\":{\"@type\":\"ImageObject\",\"inLanguage\":\"es\",\"@id\":\"http:\/\/www.minhidrocarburos.gob.ve\/#\/schema\/logo\/image\/\",\"url\":\"http:\/\/www.minhidrocarburos.gob.ve\/wp-content\/uploads\/2024\/12\/Ministerio_de_Hidrocarburos.png\",\"contentUrl\":\"http:\/\/www.minhidrocarburos.gob.ve\/wp-content\/uploads\/2024\/12\/Ministerio_de_Hidrocarburos.png\",\"width\":2320,\"height\":324,\"caption\":\"Ministerio del Poder Popular de Hidrocarburos\"},\"image\":{\"@id\":\"http:\/\/www.minhidrocarburos.gob.ve\/#\/schema\/logo\/image\/\"}},{\"@type\":\"Person\",\"@id\":\"http:\/\/www.minhidrocarburos.gob.ve\/#\/schema\/person\/4d9d5c153c50325eb111e2974e6cb008\",\"name\":\"Jos\u00e9 Mart\u00ednez\",\"image\":{\"@type\":\"ImageObject\",\"inLanguage\":\"es\",\"@id\":\"https:\/\/secure.gravatar.com\/avatar\/79ac1e08eb9745264b4ffe29122b6d25734d9d6bf36bceff78ba82b7d03fbbb7?s=96&d=mm&r=g\",\"url\":\"https:\/\/secure.gravatar.com\/avatar\/79ac1e08eb9745264b4ffe29122b6d25734d9d6bf36bceff78ba82b7d03fbbb7?s=96&d=mm&r=g\",\"contentUrl\":\"https:\/\/secure.gravatar.com\/avatar\/79ac1e08eb9745264b4ffe29122b6d25734d9d6bf36bceff78ba82b7d03fbbb7?s=96&d=mm&r=g\",\"caption\":\"Jos\u00e9 Mart\u00ednez\"},\"url\":\"http:\/\/www.minhidrocarburos.gob.ve\/index.php\/author\/jmartinez\/\"}]}<\/script>\n<!-- \/ Yoast SEO plugin. -->","yoast_head_json":{"title":"Desde\u00a0M\u00e9rida:\u00a0MinPetr\u00f3leo,\u00a0PDVSA\u00a0y\u00a0Pequiven,\u00a0instalan\u00a0Estado\u00a0Mayor\u00a0de\u00a0Hidrocarburos - MinHidrocarburos","robots":{"index":"index","follow":"follow","max-snippet":"max-snippet:-1","max-image-preview":"max-image-preview:large","max-video-preview":"max-video-preview:-1"},"canonical":"http:\/\/www.minhidrocarburos.gob.ve\/index.php\/2023\/08\/09\/desde-merida-minpetroleo-pdvsa-y-pequiven-instalan-estado-mayor-de-hidrocarburos\/","og_locale":"es_ES","og_type":"article","og_title":"Desde\u00a0M\u00e9rida:\u00a0MinPetr\u00f3leo,\u00a0PDVSA\u00a0y\u00a0Pequiven,\u00a0instalan\u00a0Estado\u00a0Mayor\u00a0de\u00a0Hidrocarburos - MinHidrocarburos","og_description":"M\u00e9rida, 09 de agosto de 2023.-&nbsp;El Estado Mayor de Hidrocarburos se instala en M\u00e9rida, desde Mucuch\u00edes, municipio Rangel, para impulsar el desarrollo en esta zona productiva del pa\u00eds, donde a trav\u00e9s de la toma de decisiones inmediatas del equipo multidisciplinario conformado por el Ministerio del Poder Popular de Petr\u00f3leo (MinPetr\u00f3leo), PDVSA y Pequiven que otorga&hellip;&nbsp;Leer m\u00e1s &raquo;Desde\u00a0M\u00e9rida:\u00a0MinPetr\u00f3leo,\u00a0PDVSA\u00a0y\u00a0Pequiven,\u00a0instalan\u00a0Estado\u00a0Mayor\u00a0de\u00a0Hidrocarburos","og_url":"http:\/\/www.minhidrocarburos.gob.ve\/index.php\/2023\/08\/09\/desde-merida-minpetroleo-pdvsa-y-pequiven-instalan-estado-mayor-de-hidrocarburos\/","og_site_name":"MinHidrocarburos","article_published_time":"2023-08-09T14:30:52+00:00","article_modified_time":"2023-08-25T18:13:49+00:00","og_image":[{"width":543,"height":526,"url":"http:\/\/www.minhidrocarburos.gob.ve\/wp-content\/uploads\/2023\/08\/Desde-Merida-Instalan-estado-mayor-de-Hidrocarburos.jpg","type":"image\/jpeg"}],"author":"Jos\u00e9 Mart\u00ednez","twitter_card":"summary_large_image","twitter_misc":{"Escrito por":"Jos\u00e9 Mart\u00ednez","Tiempo de lectura":"3 minutos"},"schema":{"@context":"https:\/\/schema.org","@graph":[{"@type":"Article","@id":"http:\/\/www.minhidrocarburos.gob.ve\/index.php\/2023\/08\/09\/desde-merida-minpetroleo-pdvsa-y-pequiven-instalan-estado-mayor-de-hidrocarburos\/#article","isPartOf":{"@id":"http:\/\/www.minhidrocarburos.gob.ve\/index.php\/2023\/08\/09\/desde-merida-minpetroleo-pdvsa-y-pequiven-instalan-estado-mayor-de-hidrocarburos\/"},"author":{"name":"Jos\u00e9 Mart\u00ednez","@id":"http:\/\/www.minhidrocarburos.gob.ve\/#\/schema\/person\/4d9d5c153c50325eb111e2974e6cb008"},"headline":"Desde\u00a0M\u00e9rida:\u00a0MinPetr\u00f3leo,\u00a0PDVSA\u00a0y\u00a0Pequiven,\u00a0instalan\u00a0Estado\u00a0Mayor\u00a0de\u00a0Hidrocarburos","datePublished":"2023-08-09T14:30:52+00:00","dateModified":"2023-08-25T18:13:49+00:00","mainEntityOfPage":{"@id":"http:\/\/www.minhidrocarburos.gob.ve\/index.php\/2023\/08\/09\/desde-merida-minpetroleo-pdvsa-y-pequiven-instalan-estado-mayor-de-hidrocarburos\/"},"wordCount":577,"publisher":{"@id":"http:\/\/www.minhidrocarburos.gob.ve\/#organization"},"image":{"@id":"http:\/\/www.minhidrocarburos.gob.ve\/index.php\/2023\/08\/09\/desde-merida-minpetroleo-pdvsa-y-pequiven-instalan-estado-mayor-de-hidrocarburos\/#primaryimage"},"thumbnailUrl":"http:\/\/www.minhidrocarburos.gob.ve\/wp-content\/uploads\/2023\/08\/Desde-Merida-Instalan-estado-mayor-de-Hidrocarburos.jpg","articleSection":["Noticias 2023"],"inLanguage":"es"},{"@type":"WebPage","@id":"http:\/\/www.minhidrocarburos.gob.ve\/index.php\/2023\/08\/09\/desde-merida-minpetroleo-pdvsa-y-pequiven-instalan-estado-mayor-de-hidrocarburos\/","url":"http:\/\/www.minhidrocarburos.gob.ve\/index.php\/2023\/08\/09\/desde-merida-minpetroleo-pdvsa-y-pequiven-instalan-estado-mayor-de-hidrocarburos\/","name":"Desde\u00a0M\u00e9rida:\u00a0MinPetr\u00f3leo,\u00a0PDVSA\u00a0y\u00a0Pequiven,\u00a0instalan\u00a0Estado\u00a0Mayor\u00a0de\u00a0Hidrocarburos - MinHidrocarburos","isPartOf":{"@id":"http:\/\/www.minhidrocarburos.gob.ve\/#website"},"primaryImageOfPage":{"@id":"http:\/\/www.minhidrocarburos.gob.ve\/index.php\/2023\/08\/09\/desde-merida-minpetroleo-pdvsa-y-pequiven-instalan-estado-mayor-de-hidrocarburos\/#primaryimage"},"image":{"@id":"http:\/\/www.minhidrocarburos.gob.ve\/index.php\/2023\/08\/09\/desde-merida-minpetroleo-pdvsa-y-pequiven-instalan-estado-mayor-de-hidrocarburos\/#primaryimage"},"thumbnailUrl":"http:\/\/www.minhidrocarburos.gob.ve\/wp-content\/uploads\/2023\/08\/Desde-Merida-Instalan-estado-mayor-de-Hidrocarburos.jpg","datePublished":"2023-08-09T14:30:52+00:00","dateModified":"2023-08-25T18:13:49+00:00","inLanguage":"es","potentialAction":[{"@type":"ReadAction","target":["http:\/\/www.minhidrocarburos.gob.ve\/index.php\/2023\/08\/09\/desde-merida-minpetroleo-pdvsa-y-pequiven-instalan-estado-mayor-de-hidrocarburos\/"]}]},{"@type":"ImageObject","inLanguage":"es","@id":"http:\/\/www.minhidrocarburos.gob.ve\/index.php\/2023\/08\/09\/desde-merida-minpetroleo-pdvsa-y-pequiven-instalan-estado-mayor-de-hidrocarburos\/#primaryimage","url":"http:\/\/www.minhidrocarburos.gob.ve\/wp-content\/uploads\/2023\/08\/Desde-Merida-Instalan-estado-mayor-de-Hidrocarburos.jpg","contentUrl":"http:\/\/www.minhidrocarburos.gob.ve\/wp-content\/uploads\/2023\/08\/Desde-Merida-Instalan-estado-mayor-de-Hidrocarburos.jpg","width":543,"height":526},{"@type":"WebSite","@id":"http:\/\/www.minhidrocarburos.gob.ve\/#website","url":"http:\/\/www.minhidrocarburos.gob.ve\/","name":"Minhidrocarburos","description":"Regulaci\u00f3n, formulaci\u00f3n y seguimiento de pol\u00edticas; la planificaci\u00f3n, realizaci\u00f3n y fiscalizaci\u00f3n en materia de hidrocarburos","publisher":{"@id":"http:\/\/www.minhidrocarburos.gob.ve\/#organization"},"potentialAction":[{"@type":"SearchAction","target":{"@type":"EntryPoint","urlTemplate":"http:\/\/www.minhidrocarburos.gob.ve\/?s={search_term_string}"},"query-input":{"@type":"PropertyValueSpecification","valueRequired":true,"valueName":"search_term_string"}}],"inLanguage":"es"},{"@type":"Organization","@id":"http:\/\/www.minhidrocarburos.gob.ve\/#organization","name":"Ministerio del Poder Popular de Hidrocarburos","url":"http:\/\/www.minhidrocarburos.gob.ve\/","logo":{"@type":"ImageObject","inLanguage":"es","@id":"http:\/\/www.minhidrocarburos.gob.ve\/#\/schema\/logo\/image\/","url":"http:\/\/www.minhidrocarburos.gob.ve\/wp-content\/uploads\/2024\/12\/Ministerio_de_Hidrocarburos.png","contentUrl":"http:\/\/www.minhidrocarburos.gob.ve\/wp-content\/uploads\/2024\/12\/Ministerio_de_Hidrocarburos.png","width":2320,"height":324,"caption":"Ministerio del Poder Popular de Hidrocarburos"},"image":{"@id":"http:\/\/www.minhidrocarburos.gob.ve\/#\/schema\/logo\/image\/"}},{"@type":"Person","@id":"http:\/\/www.minhidrocarburos.gob.ve\/#\/schema\/person\/4d9d5c153c50325eb111e2974e6cb008","name":"Jos\u00e9 Mart\u00ednez","image":{"@type":"ImageObject","inLanguage":"es","@id":"https:\/\/secure.gravatar.com\/avatar\/79ac1e08eb9745264b4ffe29122b6d25734d9d6bf36bceff78ba82b7d03fbbb7?s=96&d=mm&r=g","url":"https:\/\/secure.gravatar.com\/avatar\/79ac1e08eb9745264b4ffe29122b6d25734d9d6bf36bceff78ba82b7d03fbbb7?s=96&d=mm&r=g","contentUrl":"https:\/\/secure.gravatar.com\/avatar\/79ac1e08eb9745264b4ffe29122b6d25734d9d6bf36bceff78ba82b7d03fbbb7?s=96&d=mm&r=g","caption":"Jos\u00e9 Mart\u00ednez"},"url":"http:\/\/www.minhidrocarburos.gob.ve\/index.php\/author\/jmartinez\/"}]}},"_links":{"self":[{"href":"http:\/\/www.minhidrocarburos.gob.ve\/index.php\/wp-json\/wp\/v2\/posts\/2296","targetHints":{"allow":["GET"]}}],"collection":[{"href":"http:\/\/www.minhidrocarburos.gob.ve\/index.php\/wp-json\/wp\/v2\/posts"}],"about":[{"href":"http:\/\/www.minhidrocarburos.gob.ve\/index.php\/wp-json\/wp\/v2\/types\/post"}],"author":[{"embeddable":true,"href":"http:\/\/www.minhidrocarburos.gob.ve\/index.php\/wp-json\/wp\/v2\/users\/2"}],"replies":[{"embeddable":true,"href":"http:\/\/www.minhidrocarburos.gob.ve\/index.php\/wp-json\/wp\/v2\/comments?post=2296"}],"version-history":[{"count":1,"href":"http:\/\/www.minhidrocarburos.gob.ve\/index.php\/wp-json\/wp\/v2\/posts\/2296\/revisions"}],"predecessor-version":[{"id":2298,"href":"http:\/\/www.minhidrocarburos.gob.ve\/index.php\/wp-json\/wp\/v2\/posts\/2296\/revisions\/2298"}],"wp:featuredmedia":[{"embeddable":true,"href":"http:\/\/www.minhidrocarburos.gob.ve\/index.php\/wp-json\/wp\/v2\/media\/2297"}],"wp:attachment":[{"href":"http:\/\/www.minhidrocarburos.gob.ve\/index.php\/wp-json\/wp\/v2\/media?parent=2296"}],"wp:term":[{"taxonomy":"category","embeddable":true,"href":"http:\/\/www.minhidrocarburos.gob.ve\/index.php\/wp-json\/wp\/v2\/categories?post=2296"},{"taxonomy":"post_tag","embeddable":true,"href":"http:\/\/www.minhidrocarburos.gob.ve\/index.php\/wp-json\/wp\/v2\/tags?post=2296"}],"curies":[{"name":"wp","href":"https:\/\/api.w.org\/{rel}","templated":true}]}}