

{"id":3111,"date":"2024-10-02T12:31:55","date_gmt":"2024-10-02T16:31:55","guid":{"rendered":"http:\/\/www.minpet.gob.ve\/?p=3111"},"modified":"2024-10-02T12:31:56","modified_gmt":"2024-10-02T16:31:56","slug":"ministra-delcy-rodriguez-participa-en-lvi-reunion-del-comite-ministerial-de-monitoreo-conjunto-de-la-opep","status":"publish","type":"post","link":"http:\/\/www.minhidrocarburos.gob.ve\/index.php\/2024\/10\/02\/ministra-delcy-rodriguez-participa-en-lvi-reunion-del-comite-ministerial-de-monitoreo-conjunto-de-la-opep\/","title":{"rendered":"Ministra Delcy Rodr\u00edguez participa en LVI reuni\u00f3n del Comit\u00e9 Ministerial de Monitoreo Conjunto de la OPEP"},"content":{"rendered":"<div class=\"wp-block-image\">\n<figure class=\"alignright size-large is-resized\"><img loading=\"lazy\" decoding=\"async\" width=\"1024\" height=\"683\" src=\"http:\/\/www.minpet.gob.ve\/wp-content\/uploads\/2024\/10\/IMG_3461-1024x683.jpg\" alt=\"\" class=\"wp-image-3113\" style=\"width:426px;height:auto\" srcset=\"http:\/\/www.minhidrocarburos.gob.ve\/wp-content\/uploads\/2024\/10\/IMG_3461-1024x683.jpg 1024w, http:\/\/www.minhidrocarburos.gob.ve\/wp-content\/uploads\/2024\/10\/IMG_3461-300x200.jpg 300w, http:\/\/www.minhidrocarburos.gob.ve\/wp-content\/uploads\/2024\/10\/IMG_3461-768x512.jpg 768w, http:\/\/www.minhidrocarburos.gob.ve\/wp-content\/uploads\/2024\/10\/IMG_3461-1536x1024.jpg 1536w, http:\/\/www.minhidrocarburos.gob.ve\/wp-content\/uploads\/2024\/10\/IMG_3461-2048x1365.jpg 2048w, http:\/\/www.minhidrocarburos.gob.ve\/wp-content\/uploads\/2024\/10\/IMG_3461-930x620.jpg 930w\" sizes=\"auto, (max-width: 1024px) 100vw, 1024px\" \/><\/figure>\n<\/div>\n\n\n<p><strong>Caracas, 02 de octubre de 2024.-<\/strong> La ministra del Poder Popular de Petr\u00f3leo, Delcy Rodr\u00edguez particip\u00f3, a trav\u00e9s de videoconferencia, en la LVI reuni\u00f3n del Comit\u00e9 Ministerial de Monitoreo de la Organizaci\u00f3n de Pa\u00edses Exportadores de Petr\u00f3leo, OPEP.<\/p>\n\n\n\n<p>Durante la jornada se abordaron el cumplimiento de los ajustes de producci\u00f3n, los indicadores del mercado petrolero y las proyecciones de la econom\u00eda global, demanda y oferta para el a\u00f1o 2025.<\/p>\n\n\n\n<p>Dicho encuentro lo lider\u00f3 el excelent\u00edsimo se\u00f1or pr\u00edncipe Abdulaziz Bin Salman Bin Abdulaziz Al Saud, ministro de Energ\u00eda de Arabia Saudita y presidente del Comit\u00e9 Ministerial del Monitorio Conjunto; al igual que el se\u00f1or Alexander Novak, vicepresidente de gobierno responsable del sector energ\u00e9tico de Rusia y copresidente del Comit\u00e9 Ministerial de Monitoreo Conjunto.<\/p>\n\n\n\n<p>Tambi\u00e9n intervinieron  el honorable se\u00f1or Haitham Al-Ghais, secretario general de la OPEP; el excelent\u00edsimo se\u00f1or Mohamed Arkab, ministro de Energ\u00eda y Minas de Argelia; el excelent\u00edsimo sr. Suhail bin Mohammed Al Mazrouei, ministro de Energ\u00eda e Infraestructura de Emiratos \u00c1rabes Unidos; el excelent\u00edsimo se\u00f1or Hayan Abdul-Ghani, ministro de Petr\u00f3leo de Irak; la excelent\u00edsima se\u00f1ora Nura Al Fasam, ministra Interna de Petr\u00f3leo de Kuwaith; el excelent\u00edsimo se\u00f1or Senador Heineken Lokpobiri, ministro de Estado y Recursos Petroleros de Nigeria.<\/p>\n\n\n\n<p>En representaci\u00f3n de los pa\u00edses No OPEP estuvieron presentes el ministro de Energ\u00eda de Kazajst\u00e1n, Almasadam Satkaliev y como invitado no permanente el excelent\u00edsimo sr. Marcel Abeke, ministro de Petr\u00f3leo, Gas, Hidrocarburos y Minas de Gab\u00f3n y presidente de la Conferencia OPEP del 2024.<\/p>\n\n\n\n<p>Por la Patria acompa\u00f1aron a la ministra Rodr\u00edguez el presidente de PDVSA, H\u00e9ctor Obreg\u00f3n; Eduardo Ram\u00edrez, viceministro de Integraci\u00f3n y Asuntos Internacionales del Ministerio del Poder Popular de Petr\u00f3leo, as\u00ed como Ronny Romero, Gobernador de Venezuela ante la OPEP.<\/p>\n\n\n\n<p>Cabe resaltar que Venezuela forma parte de la Organizaci\u00f3n de Pa\u00edses Exportadores de Petr\u00f3leo desde el a\u00f1o 1960 y juega un papel fundamental en el mercado energ\u00e9tico mundial, ya que actualmente es el pa\u00eds con las mayores reservas de petr\u00f3leo certificadas del mundo, y de gas, en espera de la respectiva certificaci\u00f3n.<\/p>\n","protected":false},"excerpt":{"rendered":"<p>Caracas, 02 de octubre de 2024.- La ministra del Poder Popular de Petr\u00f3leo, Delcy Rodr\u00edguez particip\u00f3, a trav\u00e9s de videoconferencia, en la LVI reuni\u00f3n del Comit\u00e9 Ministerial de Monitoreo de la Organizaci\u00f3n de Pa\u00edses Exportadores de Petr\u00f3leo, OPEP. Durante la jornada se abordaron el cumplimiento de los ajustes de producci\u00f3n, los indicadores del mercado petrolero&hellip;&nbsp;<a href=\"http:\/\/www.minhidrocarburos.gob.ve\/index.php\/2024\/10\/02\/ministra-delcy-rodriguez-participa-en-lvi-reunion-del-comite-ministerial-de-monitoreo-conjunto-de-la-opep\/\" rel=\"bookmark\">Leer m\u00e1s &raquo;<span class=\"screen-reader-text\">Ministra Delcy Rodr\u00edguez participa en LVI reuni\u00f3n del Comit\u00e9 Ministerial de Monitoreo Conjunto de la OPEP<\/span><\/a><\/p>\n","protected":false},"author":7,"featured_media":3116,"comment_status":"open","ping_status":"open","sticky":false,"template":"","format":"standard","meta":{"_editorskit_title_hidden":false,"_editorskit_reading_time":0,"_editorskit_is_block_options_detached":false,"_editorskit_block_options_position":"{}","neve_meta_sidebar":"","neve_meta_container":"","neve_meta_enable_content_width":"","neve_meta_content_width":0,"neve_meta_title_alignment":"","neve_meta_author_avatar":"","neve_post_elements_order":"","neve_meta_disable_header":"","neve_meta_disable_footer":"","neve_meta_disable_title":"","footnotes":""},"categories":[121,122],"tags":[],"class_list":["post-3111","post","type-post","status-publish","format-standard","has-post-thumbnail","hentry","category-noticias-2024","category-noticias_slider_24"],"yoast_head":"<!-- This site is optimized with the Yoast SEO plugin v27.2 - https:\/\/yoast.com\/product\/yoast-seo-wordpress\/ -->\n<title>Ministra Delcy Rodr\u00edguez participa en LVI reuni\u00f3n del Comit\u00e9 Ministerial de Monitoreo Conjunto de la OPEP - MinHidrocarburos<\/title>\n<meta name=\"robots\" content=\"index, follow, max-snippet:-1, max-image-preview:large, max-video-preview:-1\" \/>\n<link rel=\"canonical\" href=\"http:\/\/www.minhidrocarburos.gob.ve\/index.php\/2024\/10\/02\/ministra-delcy-rodriguez-participa-en-lvi-reunion-del-comite-ministerial-de-monitoreo-conjunto-de-la-opep\/\" \/>\n<meta property=\"og:locale\" content=\"es_ES\" \/>\n<meta property=\"og:type\" content=\"article\" \/>\n<meta property=\"og:title\" content=\"Ministra Delcy Rodr\u00edguez participa en LVI reuni\u00f3n del Comit\u00e9 Ministerial de Monitoreo Conjunto de la OPEP - MinHidrocarburos\" \/>\n<meta property=\"og:description\" content=\"Caracas, 02 de octubre de 2024.- La ministra del Poder Popular de Petr\u00f3leo, Delcy Rodr\u00edguez particip\u00f3, a trav\u00e9s de videoconferencia, en la LVI reuni\u00f3n del Comit\u00e9 Ministerial de Monitoreo de la Organizaci\u00f3n de Pa\u00edses Exportadores de Petr\u00f3leo, OPEP. Durante la jornada se abordaron el cumplimiento de los ajustes de producci\u00f3n, los indicadores del mercado petrolero&hellip;&nbsp;Leer m\u00e1s &raquo;Ministra Delcy Rodr\u00edguez participa en LVI reuni\u00f3n del Comit\u00e9 Ministerial de Monitoreo Conjunto de la OPEP\" \/>\n<meta property=\"og:url\" content=\"http:\/\/www.minhidrocarburos.gob.ve\/index.php\/2024\/10\/02\/ministra-delcy-rodriguez-participa-en-lvi-reunion-del-comite-ministerial-de-monitoreo-conjunto-de-la-opep\/\" \/>\n<meta property=\"og:site_name\" content=\"MinHidrocarburos\" \/>\n<meta property=\"article:published_time\" content=\"2024-10-02T16:31:55+00:00\" \/>\n<meta property=\"article:modified_time\" content=\"2024-10-02T16:31:56+00:00\" \/>\n<meta property=\"og:image\" content=\"http:\/\/www.minhidrocarburos.gob.ve\/wp-content\/uploads\/2024\/10\/IMG_3458-scaled.jpg\" \/>\n\t<meta property=\"og:image:width\" content=\"2560\" \/>\n\t<meta property=\"og:image:height\" content=\"1707\" \/>\n\t<meta property=\"og:image:type\" content=\"image\/jpeg\" \/>\n<meta name=\"author\" content=\"rubi guadelis\" \/>\n<meta name=\"twitter:card\" content=\"summary_large_image\" \/>\n<meta name=\"twitter:label1\" content=\"Escrito por\" \/>\n\t<meta name=\"twitter:data1\" content=\"rubi guadelis\" \/>\n\t<meta name=\"twitter:label2\" content=\"Tiempo de lectura\" \/>\n\t<meta name=\"twitter:data2\" content=\"2 minutos\" \/>\n<script type=\"application\/ld+json\" class=\"yoast-schema-graph\">{\"@context\":\"https:\/\/schema.org\",\"@graph\":[{\"@type\":\"Article\",\"@id\":\"http:\/\/www.minhidrocarburos.gob.ve\/index.php\/2024\/10\/02\/ministra-delcy-rodriguez-participa-en-lvi-reunion-del-comite-ministerial-de-monitoreo-conjunto-de-la-opep\/#article\",\"isPartOf\":{\"@id\":\"http:\/\/www.minhidrocarburos.gob.ve\/index.php\/2024\/10\/02\/ministra-delcy-rodriguez-participa-en-lvi-reunion-del-comite-ministerial-de-monitoreo-conjunto-de-la-opep\/\"},\"author\":{\"name\":\"rubi guadelis\",\"@id\":\"http:\/\/www.minhidrocarburos.gob.ve\/#\/schema\/person\/a775d309f37aa396b8f21cbc37789c8f\"},\"headline\":\"Ministra Delcy Rodr\u00edguez participa en LVI reuni\u00f3n del Comit\u00e9 Ministerial de Monitoreo Conjunto de la OPEP\",\"datePublished\":\"2024-10-02T16:31:55+00:00\",\"dateModified\":\"2024-10-02T16:31:56+00:00\",\"mainEntityOfPage\":{\"@id\":\"http:\/\/www.minhidrocarburos.gob.ve\/index.php\/2024\/10\/02\/ministra-delcy-rodriguez-participa-en-lvi-reunion-del-comite-ministerial-de-monitoreo-conjunto-de-la-opep\/\"},\"wordCount\":401,\"commentCount\":5,\"publisher\":{\"@id\":\"http:\/\/www.minhidrocarburos.gob.ve\/#organization\"},\"image\":{\"@id\":\"http:\/\/www.minhidrocarburos.gob.ve\/index.php\/2024\/10\/02\/ministra-delcy-rodriguez-participa-en-lvi-reunion-del-comite-ministerial-de-monitoreo-conjunto-de-la-opep\/#primaryimage\"},\"thumbnailUrl\":\"http:\/\/www.minhidrocarburos.gob.ve\/wp-content\/uploads\/2024\/10\/IMG_3458-scaled.jpg\",\"articleSection\":[\"Noticias 2024\",\"Noticias_Slider_24\"],\"inLanguage\":\"es\",\"potentialAction\":[{\"@type\":\"CommentAction\",\"name\":\"Comment\",\"target\":[\"http:\/\/www.minhidrocarburos.gob.ve\/index.php\/2024\/10\/02\/ministra-delcy-rodriguez-participa-en-lvi-reunion-del-comite-ministerial-de-monitoreo-conjunto-de-la-opep\/#respond\"]}]},{\"@type\":\"WebPage\",\"@id\":\"http:\/\/www.minhidrocarburos.gob.ve\/index.php\/2024\/10\/02\/ministra-delcy-rodriguez-participa-en-lvi-reunion-del-comite-ministerial-de-monitoreo-conjunto-de-la-opep\/\",\"url\":\"http:\/\/www.minhidrocarburos.gob.ve\/index.php\/2024\/10\/02\/ministra-delcy-rodriguez-participa-en-lvi-reunion-del-comite-ministerial-de-monitoreo-conjunto-de-la-opep\/\",\"name\":\"Ministra Delcy Rodr\u00edguez participa en LVI reuni\u00f3n del Comit\u00e9 Ministerial de Monitoreo Conjunto de la OPEP - MinHidrocarburos\",\"isPartOf\":{\"@id\":\"http:\/\/www.minhidrocarburos.gob.ve\/#website\"},\"primaryImageOfPage\":{\"@id\":\"http:\/\/www.minhidrocarburos.gob.ve\/index.php\/2024\/10\/02\/ministra-delcy-rodriguez-participa-en-lvi-reunion-del-comite-ministerial-de-monitoreo-conjunto-de-la-opep\/#primaryimage\"},\"image\":{\"@id\":\"http:\/\/www.minhidrocarburos.gob.ve\/index.php\/2024\/10\/02\/ministra-delcy-rodriguez-participa-en-lvi-reunion-del-comite-ministerial-de-monitoreo-conjunto-de-la-opep\/#primaryimage\"},\"thumbnailUrl\":\"http:\/\/www.minhidrocarburos.gob.ve\/wp-content\/uploads\/2024\/10\/IMG_3458-scaled.jpg\",\"datePublished\":\"2024-10-02T16:31:55+00:00\",\"dateModified\":\"2024-10-02T16:31:56+00:00\",\"inLanguage\":\"es\",\"potentialAction\":[{\"@type\":\"ReadAction\",\"target\":[\"http:\/\/www.minhidrocarburos.gob.ve\/index.php\/2024\/10\/02\/ministra-delcy-rodriguez-participa-en-lvi-reunion-del-comite-ministerial-de-monitoreo-conjunto-de-la-opep\/\"]}]},{\"@type\":\"ImageObject\",\"inLanguage\":\"es\",\"@id\":\"http:\/\/www.minhidrocarburos.gob.ve\/index.php\/2024\/10\/02\/ministra-delcy-rodriguez-participa-en-lvi-reunion-del-comite-ministerial-de-monitoreo-conjunto-de-la-opep\/#primaryimage\",\"url\":\"http:\/\/www.minhidrocarburos.gob.ve\/wp-content\/uploads\/2024\/10\/IMG_3458-scaled.jpg\",\"contentUrl\":\"http:\/\/www.minhidrocarburos.gob.ve\/wp-content\/uploads\/2024\/10\/IMG_3458-scaled.jpg\",\"width\":2560,\"height\":1707},{\"@type\":\"WebSite\",\"@id\":\"http:\/\/www.minhidrocarburos.gob.ve\/#website\",\"url\":\"http:\/\/www.minhidrocarburos.gob.ve\/\",\"name\":\"Minhidrocarburos\",\"description\":\"Regulaci\u00f3n, formulaci\u00f3n y seguimiento de pol\u00edticas; la planificaci\u00f3n, realizaci\u00f3n y fiscalizaci\u00f3n en materia de hidrocarburos\",\"publisher\":{\"@id\":\"http:\/\/www.minhidrocarburos.gob.ve\/#organization\"},\"potentialAction\":[{\"@type\":\"SearchAction\",\"target\":{\"@type\":\"EntryPoint\",\"urlTemplate\":\"http:\/\/www.minhidrocarburos.gob.ve\/?s={search_term_string}\"},\"query-input\":{\"@type\":\"PropertyValueSpecification\",\"valueRequired\":true,\"valueName\":\"search_term_string\"}}],\"inLanguage\":\"es\"},{\"@type\":\"Organization\",\"@id\":\"http:\/\/www.minhidrocarburos.gob.ve\/#organization\",\"name\":\"Ministerio del Poder Popular de Hidrocarburos\",\"url\":\"http:\/\/www.minhidrocarburos.gob.ve\/\",\"logo\":{\"@type\":\"ImageObject\",\"inLanguage\":\"es\",\"@id\":\"http:\/\/www.minhidrocarburos.gob.ve\/#\/schema\/logo\/image\/\",\"url\":\"http:\/\/www.minhidrocarburos.gob.ve\/wp-content\/uploads\/2024\/12\/Ministerio_de_Hidrocarburos.png\",\"contentUrl\":\"http:\/\/www.minhidrocarburos.gob.ve\/wp-content\/uploads\/2024\/12\/Ministerio_de_Hidrocarburos.png\",\"width\":2320,\"height\":324,\"caption\":\"Ministerio del Poder Popular de Hidrocarburos\"},\"image\":{\"@id\":\"http:\/\/www.minhidrocarburos.gob.ve\/#\/schema\/logo\/image\/\"}},{\"@type\":\"Person\",\"@id\":\"http:\/\/www.minhidrocarburos.gob.ve\/#\/schema\/person\/a775d309f37aa396b8f21cbc37789c8f\",\"name\":\"rubi guadelis\",\"image\":{\"@type\":\"ImageObject\",\"inLanguage\":\"es\",\"@id\":\"https:\/\/secure.gravatar.com\/avatar\/13b775ea21a000e6c50bf3d9bf85b3ea6c4931f4bc5b3860ee7803247c294517?s=96&d=mm&r=g\",\"url\":\"https:\/\/secure.gravatar.com\/avatar\/13b775ea21a000e6c50bf3d9bf85b3ea6c4931f4bc5b3860ee7803247c294517?s=96&d=mm&r=g\",\"contentUrl\":\"https:\/\/secure.gravatar.com\/avatar\/13b775ea21a000e6c50bf3d9bf85b3ea6c4931f4bc5b3860ee7803247c294517?s=96&d=mm&r=g\",\"caption\":\"rubi guadelis\"},\"url\":\"http:\/\/www.minhidrocarburos.gob.ve\/index.php\/author\/rguadelis\/\"}]}<\/script>\n<!-- \/ Yoast SEO plugin. -->","yoast_head_json":{"title":"Ministra Delcy Rodr\u00edguez participa en LVI reuni\u00f3n del Comit\u00e9 Ministerial de Monitoreo Conjunto de la OPEP - MinHidrocarburos","robots":{"index":"index","follow":"follow","max-snippet":"max-snippet:-1","max-image-preview":"max-image-preview:large","max-video-preview":"max-video-preview:-1"},"canonical":"http:\/\/www.minhidrocarburos.gob.ve\/index.php\/2024\/10\/02\/ministra-delcy-rodriguez-participa-en-lvi-reunion-del-comite-ministerial-de-monitoreo-conjunto-de-la-opep\/","og_locale":"es_ES","og_type":"article","og_title":"Ministra Delcy Rodr\u00edguez participa en LVI reuni\u00f3n del Comit\u00e9 Ministerial de Monitoreo Conjunto de la OPEP - MinHidrocarburos","og_description":"Caracas, 02 de octubre de 2024.- La ministra del Poder Popular de Petr\u00f3leo, Delcy Rodr\u00edguez particip\u00f3, a trav\u00e9s de videoconferencia, en la LVI reuni\u00f3n del Comit\u00e9 Ministerial de Monitoreo de la Organizaci\u00f3n de Pa\u00edses Exportadores de Petr\u00f3leo, OPEP. Durante la jornada se abordaron el cumplimiento de los ajustes de producci\u00f3n, los indicadores del mercado petrolero&hellip;&nbsp;Leer m\u00e1s &raquo;Ministra Delcy Rodr\u00edguez participa en LVI reuni\u00f3n del Comit\u00e9 Ministerial de Monitoreo Conjunto de la OPEP","og_url":"http:\/\/www.minhidrocarburos.gob.ve\/index.php\/2024\/10\/02\/ministra-delcy-rodriguez-participa-en-lvi-reunion-del-comite-ministerial-de-monitoreo-conjunto-de-la-opep\/","og_site_name":"MinHidrocarburos","article_published_time":"2024-10-02T16:31:55+00:00","article_modified_time":"2024-10-02T16:31:56+00:00","og_image":[{"width":2560,"height":1707,"url":"http:\/\/www.minhidrocarburos.gob.ve\/wp-content\/uploads\/2024\/10\/IMG_3458-scaled.jpg","type":"image\/jpeg"}],"author":"rubi guadelis","twitter_card":"summary_large_image","twitter_misc":{"Escrito por":"rubi guadelis","Tiempo de lectura":"2 minutos"},"schema":{"@context":"https:\/\/schema.org","@graph":[{"@type":"Article","@id":"http:\/\/www.minhidrocarburos.gob.ve\/index.php\/2024\/10\/02\/ministra-delcy-rodriguez-participa-en-lvi-reunion-del-comite-ministerial-de-monitoreo-conjunto-de-la-opep\/#article","isPartOf":{"@id":"http:\/\/www.minhidrocarburos.gob.ve\/index.php\/2024\/10\/02\/ministra-delcy-rodriguez-participa-en-lvi-reunion-del-comite-ministerial-de-monitoreo-conjunto-de-la-opep\/"},"author":{"name":"rubi guadelis","@id":"http:\/\/www.minhidrocarburos.gob.ve\/#\/schema\/person\/a775d309f37aa396b8f21cbc37789c8f"},"headline":"Ministra Delcy Rodr\u00edguez participa en LVI reuni\u00f3n del Comit\u00e9 Ministerial de Monitoreo Conjunto de la OPEP","datePublished":"2024-10-02T16:31:55+00:00","dateModified":"2024-10-02T16:31:56+00:00","mainEntityOfPage":{"@id":"http:\/\/www.minhidrocarburos.gob.ve\/index.php\/2024\/10\/02\/ministra-delcy-rodriguez-participa-en-lvi-reunion-del-comite-ministerial-de-monitoreo-conjunto-de-la-opep\/"},"wordCount":401,"commentCount":5,"publisher":{"@id":"http:\/\/www.minhidrocarburos.gob.ve\/#organization"},"image":{"@id":"http:\/\/www.minhidrocarburos.gob.ve\/index.php\/2024\/10\/02\/ministra-delcy-rodriguez-participa-en-lvi-reunion-del-comite-ministerial-de-monitoreo-conjunto-de-la-opep\/#primaryimage"},"thumbnailUrl":"http:\/\/www.minhidrocarburos.gob.ve\/wp-content\/uploads\/2024\/10\/IMG_3458-scaled.jpg","articleSection":["Noticias 2024","Noticias_Slider_24"],"inLanguage":"es","potentialAction":[{"@type":"CommentAction","name":"Comment","target":["http:\/\/www.minhidrocarburos.gob.ve\/index.php\/2024\/10\/02\/ministra-delcy-rodriguez-participa-en-lvi-reunion-del-comite-ministerial-de-monitoreo-conjunto-de-la-opep\/#respond"]}]},{"@type":"WebPage","@id":"http:\/\/www.minhidrocarburos.gob.ve\/index.php\/2024\/10\/02\/ministra-delcy-rodriguez-participa-en-lvi-reunion-del-comite-ministerial-de-monitoreo-conjunto-de-la-opep\/","url":"http:\/\/www.minhidrocarburos.gob.ve\/index.php\/2024\/10\/02\/ministra-delcy-rodriguez-participa-en-lvi-reunion-del-comite-ministerial-de-monitoreo-conjunto-de-la-opep\/","name":"Ministra Delcy Rodr\u00edguez participa en LVI reuni\u00f3n del Comit\u00e9 Ministerial de Monitoreo Conjunto de la OPEP - MinHidrocarburos","isPartOf":{"@id":"http:\/\/www.minhidrocarburos.gob.ve\/#website"},"primaryImageOfPage":{"@id":"http:\/\/www.minhidrocarburos.gob.ve\/index.php\/2024\/10\/02\/ministra-delcy-rodriguez-participa-en-lvi-reunion-del-comite-ministerial-de-monitoreo-conjunto-de-la-opep\/#primaryimage"},"image":{"@id":"http:\/\/www.minhidrocarburos.gob.ve\/index.php\/2024\/10\/02\/ministra-delcy-rodriguez-participa-en-lvi-reunion-del-comite-ministerial-de-monitoreo-conjunto-de-la-opep\/#primaryimage"},"thumbnailUrl":"http:\/\/www.minhidrocarburos.gob.ve\/wp-content\/uploads\/2024\/10\/IMG_3458-scaled.jpg","datePublished":"2024-10-02T16:31:55+00:00","dateModified":"2024-10-02T16:31:56+00:00","inLanguage":"es","potentialAction":[{"@type":"ReadAction","target":["http:\/\/www.minhidrocarburos.gob.ve\/index.php\/2024\/10\/02\/ministra-delcy-rodriguez-participa-en-lvi-reunion-del-comite-ministerial-de-monitoreo-conjunto-de-la-opep\/"]}]},{"@type":"ImageObject","inLanguage":"es","@id":"http:\/\/www.minhidrocarburos.gob.ve\/index.php\/2024\/10\/02\/ministra-delcy-rodriguez-participa-en-lvi-reunion-del-comite-ministerial-de-monitoreo-conjunto-de-la-opep\/#primaryimage","url":"http:\/\/www.minhidrocarburos.gob.ve\/wp-content\/uploads\/2024\/10\/IMG_3458-scaled.jpg","contentUrl":"http:\/\/www.minhidrocarburos.gob.ve\/wp-content\/uploads\/2024\/10\/IMG_3458-scaled.jpg","width":2560,"height":1707},{"@type":"WebSite","@id":"http:\/\/www.minhidrocarburos.gob.ve\/#website","url":"http:\/\/www.minhidrocarburos.gob.ve\/","name":"Minhidrocarburos","description":"Regulaci\u00f3n, formulaci\u00f3n y seguimiento de pol\u00edticas; la planificaci\u00f3n, realizaci\u00f3n y fiscalizaci\u00f3n en materia de hidrocarburos","publisher":{"@id":"http:\/\/www.minhidrocarburos.gob.ve\/#organization"},"potentialAction":[{"@type":"SearchAction","target":{"@type":"EntryPoint","urlTemplate":"http:\/\/www.minhidrocarburos.gob.ve\/?s={search_term_string}"},"query-input":{"@type":"PropertyValueSpecification","valueRequired":true,"valueName":"search_term_string"}}],"inLanguage":"es"},{"@type":"Organization","@id":"http:\/\/www.minhidrocarburos.gob.ve\/#organization","name":"Ministerio del Poder Popular de Hidrocarburos","url":"http:\/\/www.minhidrocarburos.gob.ve\/","logo":{"@type":"ImageObject","inLanguage":"es","@id":"http:\/\/www.minhidrocarburos.gob.ve\/#\/schema\/logo\/image\/","url":"http:\/\/www.minhidrocarburos.gob.ve\/wp-content\/uploads\/2024\/12\/Ministerio_de_Hidrocarburos.png","contentUrl":"http:\/\/www.minhidrocarburos.gob.ve\/wp-content\/uploads\/2024\/12\/Ministerio_de_Hidrocarburos.png","width":2320,"height":324,"caption":"Ministerio del Poder Popular de Hidrocarburos"},"image":{"@id":"http:\/\/www.minhidrocarburos.gob.ve\/#\/schema\/logo\/image\/"}},{"@type":"Person","@id":"http:\/\/www.minhidrocarburos.gob.ve\/#\/schema\/person\/a775d309f37aa396b8f21cbc37789c8f","name":"rubi guadelis","image":{"@type":"ImageObject","inLanguage":"es","@id":"https:\/\/secure.gravatar.com\/avatar\/13b775ea21a000e6c50bf3d9bf85b3ea6c4931f4bc5b3860ee7803247c294517?s=96&d=mm&r=g","url":"https:\/\/secure.gravatar.com\/avatar\/13b775ea21a000e6c50bf3d9bf85b3ea6c4931f4bc5b3860ee7803247c294517?s=96&d=mm&r=g","contentUrl":"https:\/\/secure.gravatar.com\/avatar\/13b775ea21a000e6c50bf3d9bf85b3ea6c4931f4bc5b3860ee7803247c294517?s=96&d=mm&r=g","caption":"rubi guadelis"},"url":"http:\/\/www.minhidrocarburos.gob.ve\/index.php\/author\/rguadelis\/"}]}},"_links":{"self":[{"href":"http:\/\/www.minhidrocarburos.gob.ve\/index.php\/wp-json\/wp\/v2\/posts\/3111","targetHints":{"allow":["GET"]}}],"collection":[{"href":"http:\/\/www.minhidrocarburos.gob.ve\/index.php\/wp-json\/wp\/v2\/posts"}],"about":[{"href":"http:\/\/www.minhidrocarburos.gob.ve\/index.php\/wp-json\/wp\/v2\/types\/post"}],"author":[{"embeddable":true,"href":"http:\/\/www.minhidrocarburos.gob.ve\/index.php\/wp-json\/wp\/v2\/users\/7"}],"replies":[{"embeddable":true,"href":"http:\/\/www.minhidrocarburos.gob.ve\/index.php\/wp-json\/wp\/v2\/comments?post=3111"}],"version-history":[{"count":4,"href":"http:\/\/www.minhidrocarburos.gob.ve\/index.php\/wp-json\/wp\/v2\/posts\/3111\/revisions"}],"predecessor-version":[{"id":3119,"href":"http:\/\/www.minhidrocarburos.gob.ve\/index.php\/wp-json\/wp\/v2\/posts\/3111\/revisions\/3119"}],"wp:featuredmedia":[{"embeddable":true,"href":"http:\/\/www.minhidrocarburos.gob.ve\/index.php\/wp-json\/wp\/v2\/media\/3116"}],"wp:attachment":[{"href":"http:\/\/www.minhidrocarburos.gob.ve\/index.php\/wp-json\/wp\/v2\/media?parent=3111"}],"wp:term":[{"taxonomy":"category","embeddable":true,"href":"http:\/\/www.minhidrocarburos.gob.ve\/index.php\/wp-json\/wp\/v2\/categories?post=3111"},{"taxonomy":"post_tag","embeddable":true,"href":"http:\/\/www.minhidrocarburos.gob.ve\/index.php\/wp-json\/wp\/v2\/tags?post=3111"}],"curies":[{"name":"wp","href":"https:\/\/api.w.org\/{rel}","templated":true}]}}