

{"id":3348,"date":"2024-11-21T09:12:51","date_gmt":"2024-11-21T13:12:51","guid":{"rendered":"http:\/\/www.minpet.gob.ve\/?p=3348"},"modified":"2024-11-21T09:12:53","modified_gmt":"2024-11-21T13:12:53","slug":"ministra-delcy-rodriguez-invita-al-sector-empresarial-del-pais-a-invertir-en-el-area-energetica","status":"publish","type":"post","link":"http:\/\/www.minhidrocarburos.gob.ve\/index.php\/2024\/11\/21\/ministra-delcy-rodriguez-invita-al-sector-empresarial-del-pais-a-invertir-en-el-area-energetica\/","title":{"rendered":"Ministra Delcy Rodr\u00edguez invita al sector empresarial del pa\u00eds a invertir en el \u00e1rea energ\u00e9tica"},"content":{"rendered":"<style>.kadence-column3348_49ac5a-63 > .kt-inside-inner-col,.kadence-column3348_49ac5a-63 > .kt-inside-inner-col:before{border-top-left-radius:0px;border-top-right-radius:0px;border-bottom-right-radius:0px;border-bottom-left-radius:0px;}.kadence-column3348_49ac5a-63 > .kt-inside-inner-col{column-gap:var(--global-kb-gap-sm, 1rem);}.kadence-column3348_49ac5a-63 > .kt-inside-inner-col{flex-direction:column;}.kadence-column3348_49ac5a-63 > .kt-inside-inner-col > .aligncenter{width:100%;}.kadence-column3348_49ac5a-63 > .kt-inside-inner-col:before{opacity:0.3;}.kadence-column3348_49ac5a-63{position:relative;}@media all and (max-width: 1024px){.kadence-column3348_49ac5a-63 > .kt-inside-inner-col{flex-direction:column;justify-content:center;}}@media all and (max-width: 767px){.kadence-column3348_49ac5a-63 > .kt-inside-inner-col{flex-direction:column;justify-content:center;}}<\/style>\n<div class=\"wp-block-kadence-column kadence-column3348_49ac5a-63\"><div class=\"kt-inside-inner-col\">\n<p><strong>Caracas, 20 de noviembre de 2024.- <\/strong>Durante el Foro de la C\u00e1mara Petrolera de Venezuela 2024, la ministra del Poder Popular de Petr\u00f3leo, Delcy Rodr\u00edguez, destac\u00f3 las potencialidades energ\u00e9ticas del pa\u00eds e invit\u00f3 al sector empresarial a invertir en el \u00e1rea de los hidrocarburos.<\/p>\n\n\n\n<p>Rodr\u00edguez indic\u00f3 que las empresas venezolanas est\u00e1n en capacidad de sumar potencialidades para el desarrollo y crecimiento del sector hidrocarburos, por tanto, todos los empresarios que conforman esta C\u00e1mara son bienvenidos para su impulso.<\/p>\n\n\n\n<p>Por otra parte, la titular de la cartera petrolera puntualiz\u00f3 que el pa\u00eds tiene mucho que ofrecer al mundo en materia petrolera y gas\u00edfera. En ese sentido, las decisiones emprendidas por el Jefe de Estado de direccionar todos los planes y esfuerzos hacia el fortalecimiento de los pa\u00edses BRICS son acertadas, ya que este bloque supera al grupo G7 en cuanto al aporte que brinda a la econom\u00eda mundial.<\/p>\n\n\n\n<p>Finalmente, Rodr\u00edguez repudi\u00f3 las posturas antinacionales, de quienes atentaron contra el coraz\u00f3n de distribuci\u00f3n del gas en Venezuela; al tiempo que manifest\u00f3 su rechazo contundente a las posiciones pol\u00edticas que han respaldado la mal llamada \u201cLey Bol\u00edvar\u00bb que promueve EE.UU., sin importar la magnitud del da\u00f1o que provocar\u00eda a los sectores productivos de la naci\u00f3n.<\/p>\n\n\n\n<div class=\"wp-block-columns is-layout-flex wp-container-core-columns-is-layout-9d6595d7 wp-block-columns-is-layout-flex\">\n<div class=\"wp-block-column is-layout-flow wp-block-column-is-layout-flow\">\n<figure class=\"wp-block-image size-full\"><img loading=\"lazy\" decoding=\"async\" width=\"800\" height=\"640\" src=\"http:\/\/www.minpet.gob.ve\/wp-content\/uploads\/2024\/11\/5042011930574827089.jpg\" alt=\"\" class=\"wp-image-3349\" srcset=\"http:\/\/www.minhidrocarburos.gob.ve\/wp-content\/uploads\/2024\/11\/5042011930574827089.jpg 800w, http:\/\/www.minhidrocarburos.gob.ve\/wp-content\/uploads\/2024\/11\/5042011930574827089-300x240.jpg 300w, http:\/\/www.minhidrocarburos.gob.ve\/wp-content\/uploads\/2024\/11\/5042011930574827089-768x614.jpg 768w\" sizes=\"auto, (max-width: 800px) 100vw, 800px\" \/><\/figure>\n<\/div>\n\n\n\n<div class=\"wp-block-column is-layout-flow wp-block-column-is-layout-flow\">\n<figure class=\"wp-block-image size-full\"><img loading=\"lazy\" decoding=\"async\" width=\"800\" height=\"639\" src=\"http:\/\/www.minpet.gob.ve\/wp-content\/uploads\/2024\/11\/5042011930574827088.jpg\" alt=\"\" class=\"wp-image-3350\" srcset=\"http:\/\/www.minhidrocarburos.gob.ve\/wp-content\/uploads\/2024\/11\/5042011930574827088.jpg 800w, http:\/\/www.minhidrocarburos.gob.ve\/wp-content\/uploads\/2024\/11\/5042011930574827088-300x240.jpg 300w, http:\/\/www.minhidrocarburos.gob.ve\/wp-content\/uploads\/2024\/11\/5042011930574827088-768x613.jpg 768w\" sizes=\"auto, (max-width: 800px) 100vw, 800px\" \/><\/figure>\n<\/div>\n<\/div>\n<\/div><\/div>\n","protected":false},"excerpt":{"rendered":"<p>Caracas, 20 de noviembre de 2024.- Durante el Foro de la C\u00e1mara Petrolera de Venezuela 2024, la ministra del Poder Popular de Petr\u00f3leo, Delcy Rodr\u00edguez, destac\u00f3 las potencialidades energ\u00e9ticas del pa\u00eds e invit\u00f3 al sector empresarial a invertir en el \u00e1rea de los hidrocarburos. Rodr\u00edguez indic\u00f3 que las empresas venezolanas est\u00e1n en capacidad de sumar&hellip;&nbsp;<a href=\"http:\/\/www.minhidrocarburos.gob.ve\/index.php\/2024\/11\/21\/ministra-delcy-rodriguez-invita-al-sector-empresarial-del-pais-a-invertir-en-el-area-energetica\/\" rel=\"bookmark\">Leer m\u00e1s &raquo;<span class=\"screen-reader-text\">Ministra Delcy Rodr\u00edguez invita al sector empresarial del pa\u00eds a invertir en el \u00e1rea energ\u00e9tica<\/span><\/a><\/p>\n","protected":false},"author":3,"featured_media":3352,"comment_status":"open","ping_status":"open","sticky":false,"template":"","format":"standard","meta":{"_editorskit_title_hidden":false,"_editorskit_reading_time":0,"_editorskit_is_block_options_detached":false,"_editorskit_block_options_position":"{}","neve_meta_sidebar":"","neve_meta_container":"","neve_meta_enable_content_width":"","neve_meta_content_width":0,"neve_meta_title_alignment":"","neve_meta_author_avatar":"","neve_post_elements_order":"","neve_meta_disable_header":"","neve_meta_disable_footer":"","neve_meta_disable_title":"","footnotes":""},"categories":[121,122],"tags":[],"class_list":["post-3348","post","type-post","status-publish","format-standard","has-post-thumbnail","hentry","category-noticias-2024","category-noticias_slider_24"],"yoast_head":"<!-- This site is optimized with the Yoast SEO plugin v27.2 - https:\/\/yoast.com\/product\/yoast-seo-wordpress\/ -->\n<title>Ministra Delcy Rodr\u00edguez invita al sector empresarial del pa\u00eds a invertir en el \u00e1rea energ\u00e9tica - MinHidrocarburos<\/title>\n<meta name=\"robots\" content=\"index, follow, max-snippet:-1, max-image-preview:large, max-video-preview:-1\" \/>\n<link rel=\"canonical\" href=\"http:\/\/www.minhidrocarburos.gob.ve\/index.php\/2024\/11\/21\/ministra-delcy-rodriguez-invita-al-sector-empresarial-del-pais-a-invertir-en-el-area-energetica\/\" \/>\n<meta property=\"og:locale\" content=\"es_ES\" \/>\n<meta property=\"og:type\" content=\"article\" \/>\n<meta property=\"og:title\" content=\"Ministra Delcy Rodr\u00edguez invita al sector empresarial del pa\u00eds a invertir en el \u00e1rea energ\u00e9tica - MinHidrocarburos\" \/>\n<meta property=\"og:description\" content=\"Caracas, 20 de noviembre de 2024.- Durante el Foro de la C\u00e1mara Petrolera de Venezuela 2024, la ministra del Poder Popular de Petr\u00f3leo, Delcy Rodr\u00edguez, destac\u00f3 las potencialidades energ\u00e9ticas del pa\u00eds e invit\u00f3 al sector empresarial a invertir en el \u00e1rea de los hidrocarburos. Rodr\u00edguez indic\u00f3 que las empresas venezolanas est\u00e1n en capacidad de sumar&hellip;&nbsp;Leer m\u00e1s &raquo;Ministra Delcy Rodr\u00edguez invita al sector empresarial del pa\u00eds a invertir en el \u00e1rea energ\u00e9tica\" \/>\n<meta property=\"og:url\" content=\"http:\/\/www.minhidrocarburos.gob.ve\/index.php\/2024\/11\/21\/ministra-delcy-rodriguez-invita-al-sector-empresarial-del-pais-a-invertir-en-el-area-energetica\/\" \/>\n<meta property=\"og:site_name\" content=\"MinHidrocarburos\" \/>\n<meta property=\"article:published_time\" content=\"2024-11-21T13:12:51+00:00\" \/>\n<meta property=\"article:modified_time\" content=\"2024-11-21T13:12:53+00:00\" \/>\n<meta property=\"og:image\" content=\"http:\/\/www.minhidrocarburos.gob.ve\/wp-content\/uploads\/2024\/11\/5042011930574827088-1.jpg\" \/>\n\t<meta property=\"og:image:width\" content=\"800\" \/>\n\t<meta property=\"og:image:height\" content=\"639\" \/>\n\t<meta property=\"og:image:type\" content=\"image\/jpeg\" \/>\n<meta name=\"author\" content=\"Yamila Cede\u00f1o\" \/>\n<meta name=\"twitter:card\" content=\"summary_large_image\" \/>\n<meta name=\"twitter:label1\" content=\"Escrito por\" \/>\n\t<meta name=\"twitter:data1\" content=\"Yamila Cede\u00f1o\" \/>\n\t<meta name=\"twitter:label2\" content=\"Tiempo de lectura\" \/>\n\t<meta name=\"twitter:data2\" content=\"2 minutos\" \/>\n<script type=\"application\/ld+json\" class=\"yoast-schema-graph\">{\"@context\":\"https:\/\/schema.org\",\"@graph\":[{\"@type\":\"Article\",\"@id\":\"http:\/\/www.minhidrocarburos.gob.ve\/index.php\/2024\/11\/21\/ministra-delcy-rodriguez-invita-al-sector-empresarial-del-pais-a-invertir-en-el-area-energetica\/#article\",\"isPartOf\":{\"@id\":\"http:\/\/www.minhidrocarburos.gob.ve\/index.php\/2024\/11\/21\/ministra-delcy-rodriguez-invita-al-sector-empresarial-del-pais-a-invertir-en-el-area-energetica\/\"},\"author\":{\"name\":\"Yamila Cede\u00f1o\",\"@id\":\"http:\/\/www.minhidrocarburos.gob.ve\/#\/schema\/person\/45f3e73f85859d075f206f4e4ec72253\"},\"headline\":\"Ministra Delcy Rodr\u00edguez invita al sector empresarial del pa\u00eds a invertir en el \u00e1rea energ\u00e9tica\",\"datePublished\":\"2024-11-21T13:12:51+00:00\",\"dateModified\":\"2024-11-21T13:12:53+00:00\",\"mainEntityOfPage\":{\"@id\":\"http:\/\/www.minhidrocarburos.gob.ve\/index.php\/2024\/11\/21\/ministra-delcy-rodriguez-invita-al-sector-empresarial-del-pais-a-invertir-en-el-area-energetica\/\"},\"wordCount\":239,\"commentCount\":10,\"publisher\":{\"@id\":\"http:\/\/www.minhidrocarburos.gob.ve\/#organization\"},\"image\":{\"@id\":\"http:\/\/www.minhidrocarburos.gob.ve\/index.php\/2024\/11\/21\/ministra-delcy-rodriguez-invita-al-sector-empresarial-del-pais-a-invertir-en-el-area-energetica\/#primaryimage\"},\"thumbnailUrl\":\"http:\/\/www.minhidrocarburos.gob.ve\/wp-content\/uploads\/2024\/11\/5042011930574827088-1.jpg\",\"articleSection\":[\"Noticias 2024\",\"Noticias_Slider_24\"],\"inLanguage\":\"es\",\"potentialAction\":[{\"@type\":\"CommentAction\",\"name\":\"Comment\",\"target\":[\"http:\/\/www.minhidrocarburos.gob.ve\/index.php\/2024\/11\/21\/ministra-delcy-rodriguez-invita-al-sector-empresarial-del-pais-a-invertir-en-el-area-energetica\/#respond\"]}]},{\"@type\":\"WebPage\",\"@id\":\"http:\/\/www.minhidrocarburos.gob.ve\/index.php\/2024\/11\/21\/ministra-delcy-rodriguez-invita-al-sector-empresarial-del-pais-a-invertir-en-el-area-energetica\/\",\"url\":\"http:\/\/www.minhidrocarburos.gob.ve\/index.php\/2024\/11\/21\/ministra-delcy-rodriguez-invita-al-sector-empresarial-del-pais-a-invertir-en-el-area-energetica\/\",\"name\":\"Ministra Delcy Rodr\u00edguez invita al sector empresarial del pa\u00eds a invertir en el \u00e1rea energ\u00e9tica - MinHidrocarburos\",\"isPartOf\":{\"@id\":\"http:\/\/www.minhidrocarburos.gob.ve\/#website\"},\"primaryImageOfPage\":{\"@id\":\"http:\/\/www.minhidrocarburos.gob.ve\/index.php\/2024\/11\/21\/ministra-delcy-rodriguez-invita-al-sector-empresarial-del-pais-a-invertir-en-el-area-energetica\/#primaryimage\"},\"image\":{\"@id\":\"http:\/\/www.minhidrocarburos.gob.ve\/index.php\/2024\/11\/21\/ministra-delcy-rodriguez-invita-al-sector-empresarial-del-pais-a-invertir-en-el-area-energetica\/#primaryimage\"},\"thumbnailUrl\":\"http:\/\/www.minhidrocarburos.gob.ve\/wp-content\/uploads\/2024\/11\/5042011930574827088-1.jpg\",\"datePublished\":\"2024-11-21T13:12:51+00:00\",\"dateModified\":\"2024-11-21T13:12:53+00:00\",\"inLanguage\":\"es\",\"potentialAction\":[{\"@type\":\"ReadAction\",\"target\":[\"http:\/\/www.minhidrocarburos.gob.ve\/index.php\/2024\/11\/21\/ministra-delcy-rodriguez-invita-al-sector-empresarial-del-pais-a-invertir-en-el-area-energetica\/\"]}]},{\"@type\":\"ImageObject\",\"inLanguage\":\"es\",\"@id\":\"http:\/\/www.minhidrocarburos.gob.ve\/index.php\/2024\/11\/21\/ministra-delcy-rodriguez-invita-al-sector-empresarial-del-pais-a-invertir-en-el-area-energetica\/#primaryimage\",\"url\":\"http:\/\/www.minhidrocarburos.gob.ve\/wp-content\/uploads\/2024\/11\/5042011930574827088-1.jpg\",\"contentUrl\":\"http:\/\/www.minhidrocarburos.gob.ve\/wp-content\/uploads\/2024\/11\/5042011930574827088-1.jpg\",\"width\":800,\"height\":639},{\"@type\":\"WebSite\",\"@id\":\"http:\/\/www.minhidrocarburos.gob.ve\/#website\",\"url\":\"http:\/\/www.minhidrocarburos.gob.ve\/\",\"name\":\"Minhidrocarburos\",\"description\":\"Regulaci\u00f3n, formulaci\u00f3n y seguimiento de pol\u00edticas; la planificaci\u00f3n, realizaci\u00f3n y fiscalizaci\u00f3n en materia de hidrocarburos\",\"publisher\":{\"@id\":\"http:\/\/www.minhidrocarburos.gob.ve\/#organization\"},\"potentialAction\":[{\"@type\":\"SearchAction\",\"target\":{\"@type\":\"EntryPoint\",\"urlTemplate\":\"http:\/\/www.minhidrocarburos.gob.ve\/?s={search_term_string}\"},\"query-input\":{\"@type\":\"PropertyValueSpecification\",\"valueRequired\":true,\"valueName\":\"search_term_string\"}}],\"inLanguage\":\"es\"},{\"@type\":\"Organization\",\"@id\":\"http:\/\/www.minhidrocarburos.gob.ve\/#organization\",\"name\":\"Ministerio del Poder Popular de Hidrocarburos\",\"url\":\"http:\/\/www.minhidrocarburos.gob.ve\/\",\"logo\":{\"@type\":\"ImageObject\",\"inLanguage\":\"es\",\"@id\":\"http:\/\/www.minhidrocarburos.gob.ve\/#\/schema\/logo\/image\/\",\"url\":\"http:\/\/www.minhidrocarburos.gob.ve\/wp-content\/uploads\/2024\/12\/Ministerio_de_Hidrocarburos.png\",\"contentUrl\":\"http:\/\/www.minhidrocarburos.gob.ve\/wp-content\/uploads\/2024\/12\/Ministerio_de_Hidrocarburos.png\",\"width\":2320,\"height\":324,\"caption\":\"Ministerio del Poder Popular de Hidrocarburos\"},\"image\":{\"@id\":\"http:\/\/www.minhidrocarburos.gob.ve\/#\/schema\/logo\/image\/\"}},{\"@type\":\"Person\",\"@id\":\"http:\/\/www.minhidrocarburos.gob.ve\/#\/schema\/person\/45f3e73f85859d075f206f4e4ec72253\",\"name\":\"Yamila Cede\u00f1o\",\"image\":{\"@type\":\"ImageObject\",\"inLanguage\":\"es\",\"@id\":\"https:\/\/secure.gravatar.com\/avatar\/5ce7432a71fd15f8da67f4a51982621c46498e302f54aebf2efb094a0ae48550?s=96&d=mm&r=g\",\"url\":\"https:\/\/secure.gravatar.com\/avatar\/5ce7432a71fd15f8da67f4a51982621c46498e302f54aebf2efb094a0ae48550?s=96&d=mm&r=g\",\"contentUrl\":\"https:\/\/secure.gravatar.com\/avatar\/5ce7432a71fd15f8da67f4a51982621c46498e302f54aebf2efb094a0ae48550?s=96&d=mm&r=g\",\"caption\":\"Yamila Cede\u00f1o\"},\"url\":\"http:\/\/www.minhidrocarburos.gob.ve\/index.php\/author\/ycedeno\/\"}]}<\/script>\n<!-- \/ Yoast SEO plugin. -->","yoast_head_json":{"title":"Ministra Delcy Rodr\u00edguez invita al sector empresarial del pa\u00eds a invertir en el \u00e1rea energ\u00e9tica - MinHidrocarburos","robots":{"index":"index","follow":"follow","max-snippet":"max-snippet:-1","max-image-preview":"max-image-preview:large","max-video-preview":"max-video-preview:-1"},"canonical":"http:\/\/www.minhidrocarburos.gob.ve\/index.php\/2024\/11\/21\/ministra-delcy-rodriguez-invita-al-sector-empresarial-del-pais-a-invertir-en-el-area-energetica\/","og_locale":"es_ES","og_type":"article","og_title":"Ministra Delcy Rodr\u00edguez invita al sector empresarial del pa\u00eds a invertir en el \u00e1rea energ\u00e9tica - MinHidrocarburos","og_description":"Caracas, 20 de noviembre de 2024.- Durante el Foro de la C\u00e1mara Petrolera de Venezuela 2024, la ministra del Poder Popular de Petr\u00f3leo, Delcy Rodr\u00edguez, destac\u00f3 las potencialidades energ\u00e9ticas del pa\u00eds e invit\u00f3 al sector empresarial a invertir en el \u00e1rea de los hidrocarburos. Rodr\u00edguez indic\u00f3 que las empresas venezolanas est\u00e1n en capacidad de sumar&hellip;&nbsp;Leer m\u00e1s &raquo;Ministra Delcy Rodr\u00edguez invita al sector empresarial del pa\u00eds a invertir en el \u00e1rea energ\u00e9tica","og_url":"http:\/\/www.minhidrocarburos.gob.ve\/index.php\/2024\/11\/21\/ministra-delcy-rodriguez-invita-al-sector-empresarial-del-pais-a-invertir-en-el-area-energetica\/","og_site_name":"MinHidrocarburos","article_published_time":"2024-11-21T13:12:51+00:00","article_modified_time":"2024-11-21T13:12:53+00:00","og_image":[{"width":800,"height":639,"url":"http:\/\/www.minhidrocarburos.gob.ve\/wp-content\/uploads\/2024\/11\/5042011930574827088-1.jpg","type":"image\/jpeg"}],"author":"Yamila Cede\u00f1o","twitter_card":"summary_large_image","twitter_misc":{"Escrito por":"Yamila Cede\u00f1o","Tiempo de lectura":"2 minutos"},"schema":{"@context":"https:\/\/schema.org","@graph":[{"@type":"Article","@id":"http:\/\/www.minhidrocarburos.gob.ve\/index.php\/2024\/11\/21\/ministra-delcy-rodriguez-invita-al-sector-empresarial-del-pais-a-invertir-en-el-area-energetica\/#article","isPartOf":{"@id":"http:\/\/www.minhidrocarburos.gob.ve\/index.php\/2024\/11\/21\/ministra-delcy-rodriguez-invita-al-sector-empresarial-del-pais-a-invertir-en-el-area-energetica\/"},"author":{"name":"Yamila Cede\u00f1o","@id":"http:\/\/www.minhidrocarburos.gob.ve\/#\/schema\/person\/45f3e73f85859d075f206f4e4ec72253"},"headline":"Ministra Delcy Rodr\u00edguez invita al sector empresarial del pa\u00eds a invertir en el \u00e1rea energ\u00e9tica","datePublished":"2024-11-21T13:12:51+00:00","dateModified":"2024-11-21T13:12:53+00:00","mainEntityOfPage":{"@id":"http:\/\/www.minhidrocarburos.gob.ve\/index.php\/2024\/11\/21\/ministra-delcy-rodriguez-invita-al-sector-empresarial-del-pais-a-invertir-en-el-area-energetica\/"},"wordCount":239,"commentCount":10,"publisher":{"@id":"http:\/\/www.minhidrocarburos.gob.ve\/#organization"},"image":{"@id":"http:\/\/www.minhidrocarburos.gob.ve\/index.php\/2024\/11\/21\/ministra-delcy-rodriguez-invita-al-sector-empresarial-del-pais-a-invertir-en-el-area-energetica\/#primaryimage"},"thumbnailUrl":"http:\/\/www.minhidrocarburos.gob.ve\/wp-content\/uploads\/2024\/11\/5042011930574827088-1.jpg","articleSection":["Noticias 2024","Noticias_Slider_24"],"inLanguage":"es","potentialAction":[{"@type":"CommentAction","name":"Comment","target":["http:\/\/www.minhidrocarburos.gob.ve\/index.php\/2024\/11\/21\/ministra-delcy-rodriguez-invita-al-sector-empresarial-del-pais-a-invertir-en-el-area-energetica\/#respond"]}]},{"@type":"WebPage","@id":"http:\/\/www.minhidrocarburos.gob.ve\/index.php\/2024\/11\/21\/ministra-delcy-rodriguez-invita-al-sector-empresarial-del-pais-a-invertir-en-el-area-energetica\/","url":"http:\/\/www.minhidrocarburos.gob.ve\/index.php\/2024\/11\/21\/ministra-delcy-rodriguez-invita-al-sector-empresarial-del-pais-a-invertir-en-el-area-energetica\/","name":"Ministra Delcy Rodr\u00edguez invita al sector empresarial del pa\u00eds a invertir en el \u00e1rea energ\u00e9tica - MinHidrocarburos","isPartOf":{"@id":"http:\/\/www.minhidrocarburos.gob.ve\/#website"},"primaryImageOfPage":{"@id":"http:\/\/www.minhidrocarburos.gob.ve\/index.php\/2024\/11\/21\/ministra-delcy-rodriguez-invita-al-sector-empresarial-del-pais-a-invertir-en-el-area-energetica\/#primaryimage"},"image":{"@id":"http:\/\/www.minhidrocarburos.gob.ve\/index.php\/2024\/11\/21\/ministra-delcy-rodriguez-invita-al-sector-empresarial-del-pais-a-invertir-en-el-area-energetica\/#primaryimage"},"thumbnailUrl":"http:\/\/www.minhidrocarburos.gob.ve\/wp-content\/uploads\/2024\/11\/5042011930574827088-1.jpg","datePublished":"2024-11-21T13:12:51+00:00","dateModified":"2024-11-21T13:12:53+00:00","inLanguage":"es","potentialAction":[{"@type":"ReadAction","target":["http:\/\/www.minhidrocarburos.gob.ve\/index.php\/2024\/11\/21\/ministra-delcy-rodriguez-invita-al-sector-empresarial-del-pais-a-invertir-en-el-area-energetica\/"]}]},{"@type":"ImageObject","inLanguage":"es","@id":"http:\/\/www.minhidrocarburos.gob.ve\/index.php\/2024\/11\/21\/ministra-delcy-rodriguez-invita-al-sector-empresarial-del-pais-a-invertir-en-el-area-energetica\/#primaryimage","url":"http:\/\/www.minhidrocarburos.gob.ve\/wp-content\/uploads\/2024\/11\/5042011930574827088-1.jpg","contentUrl":"http:\/\/www.minhidrocarburos.gob.ve\/wp-content\/uploads\/2024\/11\/5042011930574827088-1.jpg","width":800,"height":639},{"@type":"WebSite","@id":"http:\/\/www.minhidrocarburos.gob.ve\/#website","url":"http:\/\/www.minhidrocarburos.gob.ve\/","name":"Minhidrocarburos","description":"Regulaci\u00f3n, formulaci\u00f3n y seguimiento de pol\u00edticas; la planificaci\u00f3n, realizaci\u00f3n y fiscalizaci\u00f3n en materia de hidrocarburos","publisher":{"@id":"http:\/\/www.minhidrocarburos.gob.ve\/#organization"},"potentialAction":[{"@type":"SearchAction","target":{"@type":"EntryPoint","urlTemplate":"http:\/\/www.minhidrocarburos.gob.ve\/?s={search_term_string}"},"query-input":{"@type":"PropertyValueSpecification","valueRequired":true,"valueName":"search_term_string"}}],"inLanguage":"es"},{"@type":"Organization","@id":"http:\/\/www.minhidrocarburos.gob.ve\/#organization","name":"Ministerio del Poder Popular de Hidrocarburos","url":"http:\/\/www.minhidrocarburos.gob.ve\/","logo":{"@type":"ImageObject","inLanguage":"es","@id":"http:\/\/www.minhidrocarburos.gob.ve\/#\/schema\/logo\/image\/","url":"http:\/\/www.minhidrocarburos.gob.ve\/wp-content\/uploads\/2024\/12\/Ministerio_de_Hidrocarburos.png","contentUrl":"http:\/\/www.minhidrocarburos.gob.ve\/wp-content\/uploads\/2024\/12\/Ministerio_de_Hidrocarburos.png","width":2320,"height":324,"caption":"Ministerio del Poder Popular de Hidrocarburos"},"image":{"@id":"http:\/\/www.minhidrocarburos.gob.ve\/#\/schema\/logo\/image\/"}},{"@type":"Person","@id":"http:\/\/www.minhidrocarburos.gob.ve\/#\/schema\/person\/45f3e73f85859d075f206f4e4ec72253","name":"Yamila Cede\u00f1o","image":{"@type":"ImageObject","inLanguage":"es","@id":"https:\/\/secure.gravatar.com\/avatar\/5ce7432a71fd15f8da67f4a51982621c46498e302f54aebf2efb094a0ae48550?s=96&d=mm&r=g","url":"https:\/\/secure.gravatar.com\/avatar\/5ce7432a71fd15f8da67f4a51982621c46498e302f54aebf2efb094a0ae48550?s=96&d=mm&r=g","contentUrl":"https:\/\/secure.gravatar.com\/avatar\/5ce7432a71fd15f8da67f4a51982621c46498e302f54aebf2efb094a0ae48550?s=96&d=mm&r=g","caption":"Yamila Cede\u00f1o"},"url":"http:\/\/www.minhidrocarburos.gob.ve\/index.php\/author\/ycedeno\/"}]}},"_links":{"self":[{"href":"http:\/\/www.minhidrocarburos.gob.ve\/index.php\/wp-json\/wp\/v2\/posts\/3348","targetHints":{"allow":["GET"]}}],"collection":[{"href":"http:\/\/www.minhidrocarburos.gob.ve\/index.php\/wp-json\/wp\/v2\/posts"}],"about":[{"href":"http:\/\/www.minhidrocarburos.gob.ve\/index.php\/wp-json\/wp\/v2\/types\/post"}],"author":[{"embeddable":true,"href":"http:\/\/www.minhidrocarburos.gob.ve\/index.php\/wp-json\/wp\/v2\/users\/3"}],"replies":[{"embeddable":true,"href":"http:\/\/www.minhidrocarburos.gob.ve\/index.php\/wp-json\/wp\/v2\/comments?post=3348"}],"version-history":[{"count":1,"href":"http:\/\/www.minhidrocarburos.gob.ve\/index.php\/wp-json\/wp\/v2\/posts\/3348\/revisions"}],"predecessor-version":[{"id":3351,"href":"http:\/\/www.minhidrocarburos.gob.ve\/index.php\/wp-json\/wp\/v2\/posts\/3348\/revisions\/3351"}],"wp:featuredmedia":[{"embeddable":true,"href":"http:\/\/www.minhidrocarburos.gob.ve\/index.php\/wp-json\/wp\/v2\/media\/3352"}],"wp:attachment":[{"href":"http:\/\/www.minhidrocarburos.gob.ve\/index.php\/wp-json\/wp\/v2\/media?parent=3348"}],"wp:term":[{"taxonomy":"category","embeddable":true,"href":"http:\/\/www.minhidrocarburos.gob.ve\/index.php\/wp-json\/wp\/v2\/categories?post=3348"},{"taxonomy":"post_tag","embeddable":true,"href":"http:\/\/www.minhidrocarburos.gob.ve\/index.php\/wp-json\/wp\/v2\/tags?post=3348"}],"curies":[{"name":"wp","href":"https:\/\/api.w.org\/{rel}","templated":true}]}}