

{"id":3433,"date":"2024-12-18T19:11:53","date_gmt":"2024-12-18T23:11:53","guid":{"rendered":"http:\/\/www.minpet.gob.ve\/?p=3433"},"modified":"2024-12-18T19:11:55","modified_gmt":"2024-12-18T23:11:55","slug":"ministra-delcy-rodriguez-a-partir-de-hoy-somos-el-ministerio-del-poder-popular-de-hidrocarburos","status":"publish","type":"post","link":"http:\/\/www.minhidrocarburos.gob.ve\/index.php\/2024\/12\/18\/ministra-delcy-rodriguez-a-partir-de-hoy-somos-el-ministerio-del-poder-popular-de-hidrocarburos\/","title":{"rendered":"Ministra Delcy Rodr\u00edguez: A partir de hoy somos el Ministerio del Poder Popular de Hidrocarburos"},"content":{"rendered":"\n<p><strong>Caracas, 18 de diciembre de 2024<\/strong>.- En seguimiento de las instrucciones emanadas por el presidente Nicol\u00e1s Maduro Moros con el objetivo de dar un impulso al desarrollo nacional y productivo, la vicepresidenta Ejecutiva de la Rep\u00fablica y ministra, Delcy Rodr\u00edguez, anunci\u00f3 este martes la modificaci\u00f3n en la denominaci\u00f3n del ente rector en materia energ\u00e9tica, el cual pasar\u00e1 a llamarse Ministerio del Poder Popular de Hidrocarburos.<\/p>\n\n\n\n<p>Dicha decisi\u00f3n se dio a conocer en una reuni\u00f3n donde particip\u00f3 la junta directiva de Petr\u00f3leos de Venezuela (PDVSA) y directores del ministerio, adem\u00e1s de representantes de los viceministerios de Gas y Petroqu\u00edmicos, cuyo prop\u00f3sito se centr\u00f3 en unificar en una estructura estos sectores productivos que cuentan con un papel fundamental para la econom\u00eda nacional.<\/p>\n\n\n\n<p>En este sentido, la ministra Rodr\u00edguez agradeci\u00f3 al jefe de Estado por este cambio que busca repotenciar y proteger los recursos del pa\u00eds, en especial los del sector gas\u00edfero; \u201cQueremos darle las gracias al presidente Nicol\u00e1s Maduro por haber dado este giro estrat\u00e9gico y crear una nueva visi\u00f3n para dar impulso a las producciones tanto de petr\u00f3leo como de gas, que Venezuela pase a ser ahora una potencia exportadora de gas cuando salga la primera mol\u00e9cula de nuestro pa\u00eds en el a\u00f1o 2026-2027\u201d, dijo.<\/p>\n\n\n\n<p>El Gobierno Bolivariano est\u00e1 reorganizando su sector energ\u00e9tico, priorizando los distintos sectores productivos. Sumado a esto, visualiza a una Venezuela potencia en la exportaci\u00f3n de sus recursos hidrocarburos, acci\u00f3n que lograr\u00e1 un crecimiento econ\u00f3mico significativo en los pr\u00f3ximos a\u00f1os.<\/p>\n\n\n\n<p>\u201cVenezuela mira el futuro con gran esperanza, porque somos un pa\u00eds potencia energ\u00e9tica para el desarrollo nacional\u201d, puntualiz\u00f3.<\/p>\n\n\n\n<figure class=\"wp-block-gallery has-nested-images columns-default is-cropped wp-block-gallery-1 is-layout-flex wp-block-gallery-is-layout-flex\">\n<figure class=\"wp-block-image size-large\"><img loading=\"lazy\" decoding=\"async\" width=\"1024\" height=\"819\" data-id=\"3434\" src=\"http:\/\/www.minpet.gob.ve\/wp-content\/uploads\/2024\/12\/WhatsApp-Image-2024-12-18-at-7.06.44-PM-1024x819.jpeg\" alt=\"\" class=\"wp-image-3434\" srcset=\"http:\/\/www.minhidrocarburos.gob.ve\/wp-content\/uploads\/2024\/12\/WhatsApp-Image-2024-12-18-at-7.06.44-PM-1024x819.jpeg 1024w, http:\/\/www.minhidrocarburos.gob.ve\/wp-content\/uploads\/2024\/12\/WhatsApp-Image-2024-12-18-at-7.06.44-PM-300x240.jpeg 300w, http:\/\/www.minhidrocarburos.gob.ve\/wp-content\/uploads\/2024\/12\/WhatsApp-Image-2024-12-18-at-7.06.44-PM-768x614.jpeg 768w, http:\/\/www.minhidrocarburos.gob.ve\/wp-content\/uploads\/2024\/12\/WhatsApp-Image-2024-12-18-at-7.06.44-PM.jpeg 1080w\" sizes=\"auto, (max-width: 1024px) 100vw, 1024px\" \/><\/figure>\n<\/figure>\n","protected":false},"excerpt":{"rendered":"<p>Caracas, 18 de diciembre de 2024.- En seguimiento de las instrucciones emanadas por el presidente Nicol\u00e1s Maduro Moros con el objetivo de dar un impulso al desarrollo nacional y productivo, la vicepresidenta Ejecutiva de la Rep\u00fablica y ministra, Delcy Rodr\u00edguez, anunci\u00f3 este martes la modificaci\u00f3n en la denominaci\u00f3n del ente rector en materia energ\u00e9tica, el&hellip;&nbsp;<a href=\"http:\/\/www.minhidrocarburos.gob.ve\/index.php\/2024\/12\/18\/ministra-delcy-rodriguez-a-partir-de-hoy-somos-el-ministerio-del-poder-popular-de-hidrocarburos\/\" rel=\"bookmark\">Leer m\u00e1s &raquo;<span class=\"screen-reader-text\">Ministra Delcy Rodr\u00edguez: A partir de hoy somos el Ministerio del Poder Popular de Hidrocarburos<\/span><\/a><\/p>\n","protected":false},"author":6,"featured_media":3435,"comment_status":"open","ping_status":"open","sticky":false,"template":"","format":"standard","meta":{"_editorskit_title_hidden":false,"_editorskit_reading_time":0,"_editorskit_is_block_options_detached":false,"_editorskit_block_options_position":"{}","neve_meta_sidebar":"","neve_meta_container":"","neve_meta_enable_content_width":"","neve_meta_content_width":0,"neve_meta_title_alignment":"","neve_meta_author_avatar":"","neve_post_elements_order":"","neve_meta_disable_header":"","neve_meta_disable_footer":"","neve_meta_disable_title":"","footnotes":""},"categories":[121,122],"tags":[],"class_list":["post-3433","post","type-post","status-publish","format-standard","has-post-thumbnail","hentry","category-noticias-2024","category-noticias_slider_24"],"yoast_head":"<!-- This site is optimized with the Yoast SEO plugin v27.2 - https:\/\/yoast.com\/product\/yoast-seo-wordpress\/ -->\n<title>Ministra Delcy Rodr\u00edguez: A partir de hoy somos el Ministerio del Poder Popular de Hidrocarburos - MinHidrocarburos<\/title>\n<meta name=\"robots\" content=\"index, follow, max-snippet:-1, max-image-preview:large, max-video-preview:-1\" \/>\n<link rel=\"canonical\" href=\"http:\/\/www.minhidrocarburos.gob.ve\/index.php\/2024\/12\/18\/ministra-delcy-rodriguez-a-partir-de-hoy-somos-el-ministerio-del-poder-popular-de-hidrocarburos\/\" \/>\n<meta property=\"og:locale\" content=\"es_ES\" \/>\n<meta property=\"og:type\" content=\"article\" \/>\n<meta property=\"og:title\" content=\"Ministra Delcy Rodr\u00edguez: A partir de hoy somos el Ministerio del Poder Popular de Hidrocarburos - MinHidrocarburos\" \/>\n<meta property=\"og:description\" content=\"Caracas, 18 de diciembre de 2024.- En seguimiento de las instrucciones emanadas por el presidente Nicol\u00e1s Maduro Moros con el objetivo de dar un impulso al desarrollo nacional y productivo, la vicepresidenta Ejecutiva de la Rep\u00fablica y ministra, Delcy Rodr\u00edguez, anunci\u00f3 este martes la modificaci\u00f3n en la denominaci\u00f3n del ente rector en materia energ\u00e9tica, el&hellip;&nbsp;Leer m\u00e1s &raquo;Ministra Delcy Rodr\u00edguez: A partir de hoy somos el Ministerio del Poder Popular de Hidrocarburos\" \/>\n<meta property=\"og:url\" content=\"http:\/\/www.minhidrocarburos.gob.ve\/index.php\/2024\/12\/18\/ministra-delcy-rodriguez-a-partir-de-hoy-somos-el-ministerio-del-poder-popular-de-hidrocarburos\/\" \/>\n<meta property=\"og:site_name\" content=\"MinHidrocarburos\" \/>\n<meta property=\"article:published_time\" content=\"2024-12-18T23:11:53+00:00\" \/>\n<meta property=\"article:modified_time\" content=\"2024-12-18T23:11:55+00:00\" \/>\n<meta property=\"og:image\" content=\"http:\/\/www.minhidrocarburos.gob.ve\/wp-content\/uploads\/2024\/12\/WhatsApp-Image-2024-12-18-at-7.07.46-PM.jpeg\" \/>\n\t<meta property=\"og:image:width\" content=\"1080\" \/>\n\t<meta property=\"og:image:height\" content=\"864\" \/>\n\t<meta property=\"og:image:type\" content=\"image\/jpeg\" \/>\n<meta name=\"author\" content=\"Rafael Soto\" \/>\n<meta name=\"twitter:card\" content=\"summary_large_image\" \/>\n<meta name=\"twitter:label1\" content=\"Escrito por\" \/>\n\t<meta name=\"twitter:data1\" content=\"Rafael Soto\" \/>\n\t<meta name=\"twitter:label2\" content=\"Tiempo de lectura\" \/>\n\t<meta name=\"twitter:data2\" content=\"2 minutos\" \/>\n<script type=\"application\/ld+json\" class=\"yoast-schema-graph\">{\"@context\":\"https:\/\/schema.org\",\"@graph\":[{\"@type\":\"Article\",\"@id\":\"http:\/\/www.minhidrocarburos.gob.ve\/index.php\/2024\/12\/18\/ministra-delcy-rodriguez-a-partir-de-hoy-somos-el-ministerio-del-poder-popular-de-hidrocarburos\/#article\",\"isPartOf\":{\"@id\":\"http:\/\/www.minhidrocarburos.gob.ve\/index.php\/2024\/12\/18\/ministra-delcy-rodriguez-a-partir-de-hoy-somos-el-ministerio-del-poder-popular-de-hidrocarburos\/\"},\"author\":{\"name\":\"Rafael Soto\",\"@id\":\"http:\/\/www.minhidrocarburos.gob.ve\/#\/schema\/person\/8e0af0506e7a69049237fccec85d590d\"},\"headline\":\"Ministra Delcy Rodr\u00edguez: A partir de hoy somos el Ministerio del Poder Popular de Hidrocarburos\",\"datePublished\":\"2024-12-18T23:11:53+00:00\",\"dateModified\":\"2024-12-18T23:11:55+00:00\",\"mainEntityOfPage\":{\"@id\":\"http:\/\/www.minhidrocarburos.gob.ve\/index.php\/2024\/12\/18\/ministra-delcy-rodriguez-a-partir-de-hoy-somos-el-ministerio-del-poder-popular-de-hidrocarburos\/\"},\"wordCount\":307,\"commentCount\":4,\"publisher\":{\"@id\":\"http:\/\/www.minhidrocarburos.gob.ve\/#organization\"},\"image\":{\"@id\":\"http:\/\/www.minhidrocarburos.gob.ve\/index.php\/2024\/12\/18\/ministra-delcy-rodriguez-a-partir-de-hoy-somos-el-ministerio-del-poder-popular-de-hidrocarburos\/#primaryimage\"},\"thumbnailUrl\":\"http:\/\/www.minhidrocarburos.gob.ve\/wp-content\/uploads\/2024\/12\/WhatsApp-Image-2024-12-18-at-7.07.46-PM.jpeg\",\"articleSection\":[\"Noticias 2024\",\"Noticias_Slider_24\"],\"inLanguage\":\"es\",\"potentialAction\":[{\"@type\":\"CommentAction\",\"name\":\"Comment\",\"target\":[\"http:\/\/www.minhidrocarburos.gob.ve\/index.php\/2024\/12\/18\/ministra-delcy-rodriguez-a-partir-de-hoy-somos-el-ministerio-del-poder-popular-de-hidrocarburos\/#respond\"]}]},{\"@type\":\"WebPage\",\"@id\":\"http:\/\/www.minhidrocarburos.gob.ve\/index.php\/2024\/12\/18\/ministra-delcy-rodriguez-a-partir-de-hoy-somos-el-ministerio-del-poder-popular-de-hidrocarburos\/\",\"url\":\"http:\/\/www.minhidrocarburos.gob.ve\/index.php\/2024\/12\/18\/ministra-delcy-rodriguez-a-partir-de-hoy-somos-el-ministerio-del-poder-popular-de-hidrocarburos\/\",\"name\":\"Ministra Delcy Rodr\u00edguez: A partir de hoy somos el Ministerio del Poder Popular de Hidrocarburos - MinHidrocarburos\",\"isPartOf\":{\"@id\":\"http:\/\/www.minhidrocarburos.gob.ve\/#website\"},\"primaryImageOfPage\":{\"@id\":\"http:\/\/www.minhidrocarburos.gob.ve\/index.php\/2024\/12\/18\/ministra-delcy-rodriguez-a-partir-de-hoy-somos-el-ministerio-del-poder-popular-de-hidrocarburos\/#primaryimage\"},\"image\":{\"@id\":\"http:\/\/www.minhidrocarburos.gob.ve\/index.php\/2024\/12\/18\/ministra-delcy-rodriguez-a-partir-de-hoy-somos-el-ministerio-del-poder-popular-de-hidrocarburos\/#primaryimage\"},\"thumbnailUrl\":\"http:\/\/www.minhidrocarburos.gob.ve\/wp-content\/uploads\/2024\/12\/WhatsApp-Image-2024-12-18-at-7.07.46-PM.jpeg\",\"datePublished\":\"2024-12-18T23:11:53+00:00\",\"dateModified\":\"2024-12-18T23:11:55+00:00\",\"inLanguage\":\"es\",\"potentialAction\":[{\"@type\":\"ReadAction\",\"target\":[\"http:\/\/www.minhidrocarburos.gob.ve\/index.php\/2024\/12\/18\/ministra-delcy-rodriguez-a-partir-de-hoy-somos-el-ministerio-del-poder-popular-de-hidrocarburos\/\"]}]},{\"@type\":\"ImageObject\",\"inLanguage\":\"es\",\"@id\":\"http:\/\/www.minhidrocarburos.gob.ve\/index.php\/2024\/12\/18\/ministra-delcy-rodriguez-a-partir-de-hoy-somos-el-ministerio-del-poder-popular-de-hidrocarburos\/#primaryimage\",\"url\":\"http:\/\/www.minhidrocarburos.gob.ve\/wp-content\/uploads\/2024\/12\/WhatsApp-Image-2024-12-18-at-7.07.46-PM.jpeg\",\"contentUrl\":\"http:\/\/www.minhidrocarburos.gob.ve\/wp-content\/uploads\/2024\/12\/WhatsApp-Image-2024-12-18-at-7.07.46-PM.jpeg\",\"width\":1080,\"height\":864},{\"@type\":\"WebSite\",\"@id\":\"http:\/\/www.minhidrocarburos.gob.ve\/#website\",\"url\":\"http:\/\/www.minhidrocarburos.gob.ve\/\",\"name\":\"Minhidrocarburos\",\"description\":\"Regulaci\u00f3n, formulaci\u00f3n y seguimiento de pol\u00edticas; la planificaci\u00f3n, realizaci\u00f3n y fiscalizaci\u00f3n en materia de hidrocarburos\",\"publisher\":{\"@id\":\"http:\/\/www.minhidrocarburos.gob.ve\/#organization\"},\"potentialAction\":[{\"@type\":\"SearchAction\",\"target\":{\"@type\":\"EntryPoint\",\"urlTemplate\":\"http:\/\/www.minhidrocarburos.gob.ve\/?s={search_term_string}\"},\"query-input\":{\"@type\":\"PropertyValueSpecification\",\"valueRequired\":true,\"valueName\":\"search_term_string\"}}],\"inLanguage\":\"es\"},{\"@type\":\"Organization\",\"@id\":\"http:\/\/www.minhidrocarburos.gob.ve\/#organization\",\"name\":\"Ministerio del Poder Popular de Hidrocarburos\",\"url\":\"http:\/\/www.minhidrocarburos.gob.ve\/\",\"logo\":{\"@type\":\"ImageObject\",\"inLanguage\":\"es\",\"@id\":\"http:\/\/www.minhidrocarburos.gob.ve\/#\/schema\/logo\/image\/\",\"url\":\"http:\/\/www.minhidrocarburos.gob.ve\/wp-content\/uploads\/2024\/12\/Ministerio_de_Hidrocarburos.png\",\"contentUrl\":\"http:\/\/www.minhidrocarburos.gob.ve\/wp-content\/uploads\/2024\/12\/Ministerio_de_Hidrocarburos.png\",\"width\":2320,\"height\":324,\"caption\":\"Ministerio del Poder Popular de Hidrocarburos\"},\"image\":{\"@id\":\"http:\/\/www.minhidrocarburos.gob.ve\/#\/schema\/logo\/image\/\"}},{\"@type\":\"Person\",\"@id\":\"http:\/\/www.minhidrocarburos.gob.ve\/#\/schema\/person\/8e0af0506e7a69049237fccec85d590d\",\"name\":\"Rafael Soto\",\"image\":{\"@type\":\"ImageObject\",\"inLanguage\":\"es\",\"@id\":\"https:\/\/secure.gravatar.com\/avatar\/b7e96d7e31898c488b4465d38771db8c897b547b3459b93fec70e40690f0e965?s=96&d=mm&r=g\",\"url\":\"https:\/\/secure.gravatar.com\/avatar\/b7e96d7e31898c488b4465d38771db8c897b547b3459b93fec70e40690f0e965?s=96&d=mm&r=g\",\"contentUrl\":\"https:\/\/secure.gravatar.com\/avatar\/b7e96d7e31898c488b4465d38771db8c897b547b3459b93fec70e40690f0e965?s=96&d=mm&r=g\",\"caption\":\"Rafael Soto\"},\"url\":\"http:\/\/www.minhidrocarburos.gob.ve\/index.php\/author\/rafsoto\/\"}]}<\/script>\n<!-- \/ Yoast SEO plugin. -->","yoast_head_json":{"title":"Ministra Delcy Rodr\u00edguez: A partir de hoy somos el Ministerio del Poder Popular de Hidrocarburos - MinHidrocarburos","robots":{"index":"index","follow":"follow","max-snippet":"max-snippet:-1","max-image-preview":"max-image-preview:large","max-video-preview":"max-video-preview:-1"},"canonical":"http:\/\/www.minhidrocarburos.gob.ve\/index.php\/2024\/12\/18\/ministra-delcy-rodriguez-a-partir-de-hoy-somos-el-ministerio-del-poder-popular-de-hidrocarburos\/","og_locale":"es_ES","og_type":"article","og_title":"Ministra Delcy Rodr\u00edguez: A partir de hoy somos el Ministerio del Poder Popular de Hidrocarburos - MinHidrocarburos","og_description":"Caracas, 18 de diciembre de 2024.- En seguimiento de las instrucciones emanadas por el presidente Nicol\u00e1s Maduro Moros con el objetivo de dar un impulso al desarrollo nacional y productivo, la vicepresidenta Ejecutiva de la Rep\u00fablica y ministra, Delcy Rodr\u00edguez, anunci\u00f3 este martes la modificaci\u00f3n en la denominaci\u00f3n del ente rector en materia energ\u00e9tica, el&hellip;&nbsp;Leer m\u00e1s &raquo;Ministra Delcy Rodr\u00edguez: A partir de hoy somos el Ministerio del Poder Popular de Hidrocarburos","og_url":"http:\/\/www.minhidrocarburos.gob.ve\/index.php\/2024\/12\/18\/ministra-delcy-rodriguez-a-partir-de-hoy-somos-el-ministerio-del-poder-popular-de-hidrocarburos\/","og_site_name":"MinHidrocarburos","article_published_time":"2024-12-18T23:11:53+00:00","article_modified_time":"2024-12-18T23:11:55+00:00","og_image":[{"width":1080,"height":864,"url":"http:\/\/www.minhidrocarburos.gob.ve\/wp-content\/uploads\/2024\/12\/WhatsApp-Image-2024-12-18-at-7.07.46-PM.jpeg","type":"image\/jpeg"}],"author":"Rafael Soto","twitter_card":"summary_large_image","twitter_misc":{"Escrito por":"Rafael Soto","Tiempo de lectura":"2 minutos"},"schema":{"@context":"https:\/\/schema.org","@graph":[{"@type":"Article","@id":"http:\/\/www.minhidrocarburos.gob.ve\/index.php\/2024\/12\/18\/ministra-delcy-rodriguez-a-partir-de-hoy-somos-el-ministerio-del-poder-popular-de-hidrocarburos\/#article","isPartOf":{"@id":"http:\/\/www.minhidrocarburos.gob.ve\/index.php\/2024\/12\/18\/ministra-delcy-rodriguez-a-partir-de-hoy-somos-el-ministerio-del-poder-popular-de-hidrocarburos\/"},"author":{"name":"Rafael Soto","@id":"http:\/\/www.minhidrocarburos.gob.ve\/#\/schema\/person\/8e0af0506e7a69049237fccec85d590d"},"headline":"Ministra Delcy Rodr\u00edguez: A partir de hoy somos el Ministerio del Poder Popular de Hidrocarburos","datePublished":"2024-12-18T23:11:53+00:00","dateModified":"2024-12-18T23:11:55+00:00","mainEntityOfPage":{"@id":"http:\/\/www.minhidrocarburos.gob.ve\/index.php\/2024\/12\/18\/ministra-delcy-rodriguez-a-partir-de-hoy-somos-el-ministerio-del-poder-popular-de-hidrocarburos\/"},"wordCount":307,"commentCount":4,"publisher":{"@id":"http:\/\/www.minhidrocarburos.gob.ve\/#organization"},"image":{"@id":"http:\/\/www.minhidrocarburos.gob.ve\/index.php\/2024\/12\/18\/ministra-delcy-rodriguez-a-partir-de-hoy-somos-el-ministerio-del-poder-popular-de-hidrocarburos\/#primaryimage"},"thumbnailUrl":"http:\/\/www.minhidrocarburos.gob.ve\/wp-content\/uploads\/2024\/12\/WhatsApp-Image-2024-12-18-at-7.07.46-PM.jpeg","articleSection":["Noticias 2024","Noticias_Slider_24"],"inLanguage":"es","potentialAction":[{"@type":"CommentAction","name":"Comment","target":["http:\/\/www.minhidrocarburos.gob.ve\/index.php\/2024\/12\/18\/ministra-delcy-rodriguez-a-partir-de-hoy-somos-el-ministerio-del-poder-popular-de-hidrocarburos\/#respond"]}]},{"@type":"WebPage","@id":"http:\/\/www.minhidrocarburos.gob.ve\/index.php\/2024\/12\/18\/ministra-delcy-rodriguez-a-partir-de-hoy-somos-el-ministerio-del-poder-popular-de-hidrocarburos\/","url":"http:\/\/www.minhidrocarburos.gob.ve\/index.php\/2024\/12\/18\/ministra-delcy-rodriguez-a-partir-de-hoy-somos-el-ministerio-del-poder-popular-de-hidrocarburos\/","name":"Ministra Delcy Rodr\u00edguez: A partir de hoy somos el Ministerio del Poder Popular de Hidrocarburos - MinHidrocarburos","isPartOf":{"@id":"http:\/\/www.minhidrocarburos.gob.ve\/#website"},"primaryImageOfPage":{"@id":"http:\/\/www.minhidrocarburos.gob.ve\/index.php\/2024\/12\/18\/ministra-delcy-rodriguez-a-partir-de-hoy-somos-el-ministerio-del-poder-popular-de-hidrocarburos\/#primaryimage"},"image":{"@id":"http:\/\/www.minhidrocarburos.gob.ve\/index.php\/2024\/12\/18\/ministra-delcy-rodriguez-a-partir-de-hoy-somos-el-ministerio-del-poder-popular-de-hidrocarburos\/#primaryimage"},"thumbnailUrl":"http:\/\/www.minhidrocarburos.gob.ve\/wp-content\/uploads\/2024\/12\/WhatsApp-Image-2024-12-18-at-7.07.46-PM.jpeg","datePublished":"2024-12-18T23:11:53+00:00","dateModified":"2024-12-18T23:11:55+00:00","inLanguage":"es","potentialAction":[{"@type":"ReadAction","target":["http:\/\/www.minhidrocarburos.gob.ve\/index.php\/2024\/12\/18\/ministra-delcy-rodriguez-a-partir-de-hoy-somos-el-ministerio-del-poder-popular-de-hidrocarburos\/"]}]},{"@type":"ImageObject","inLanguage":"es","@id":"http:\/\/www.minhidrocarburos.gob.ve\/index.php\/2024\/12\/18\/ministra-delcy-rodriguez-a-partir-de-hoy-somos-el-ministerio-del-poder-popular-de-hidrocarburos\/#primaryimage","url":"http:\/\/www.minhidrocarburos.gob.ve\/wp-content\/uploads\/2024\/12\/WhatsApp-Image-2024-12-18-at-7.07.46-PM.jpeg","contentUrl":"http:\/\/www.minhidrocarburos.gob.ve\/wp-content\/uploads\/2024\/12\/WhatsApp-Image-2024-12-18-at-7.07.46-PM.jpeg","width":1080,"height":864},{"@type":"WebSite","@id":"http:\/\/www.minhidrocarburos.gob.ve\/#website","url":"http:\/\/www.minhidrocarburos.gob.ve\/","name":"Minhidrocarburos","description":"Regulaci\u00f3n, formulaci\u00f3n y seguimiento de pol\u00edticas; la planificaci\u00f3n, realizaci\u00f3n y fiscalizaci\u00f3n en materia de hidrocarburos","publisher":{"@id":"http:\/\/www.minhidrocarburos.gob.ve\/#organization"},"potentialAction":[{"@type":"SearchAction","target":{"@type":"EntryPoint","urlTemplate":"http:\/\/www.minhidrocarburos.gob.ve\/?s={search_term_string}"},"query-input":{"@type":"PropertyValueSpecification","valueRequired":true,"valueName":"search_term_string"}}],"inLanguage":"es"},{"@type":"Organization","@id":"http:\/\/www.minhidrocarburos.gob.ve\/#organization","name":"Ministerio del Poder Popular de Hidrocarburos","url":"http:\/\/www.minhidrocarburos.gob.ve\/","logo":{"@type":"ImageObject","inLanguage":"es","@id":"http:\/\/www.minhidrocarburos.gob.ve\/#\/schema\/logo\/image\/","url":"http:\/\/www.minhidrocarburos.gob.ve\/wp-content\/uploads\/2024\/12\/Ministerio_de_Hidrocarburos.png","contentUrl":"http:\/\/www.minhidrocarburos.gob.ve\/wp-content\/uploads\/2024\/12\/Ministerio_de_Hidrocarburos.png","width":2320,"height":324,"caption":"Ministerio del Poder Popular de Hidrocarburos"},"image":{"@id":"http:\/\/www.minhidrocarburos.gob.ve\/#\/schema\/logo\/image\/"}},{"@type":"Person","@id":"http:\/\/www.minhidrocarburos.gob.ve\/#\/schema\/person\/8e0af0506e7a69049237fccec85d590d","name":"Rafael Soto","image":{"@type":"ImageObject","inLanguage":"es","@id":"https:\/\/secure.gravatar.com\/avatar\/b7e96d7e31898c488b4465d38771db8c897b547b3459b93fec70e40690f0e965?s=96&d=mm&r=g","url":"https:\/\/secure.gravatar.com\/avatar\/b7e96d7e31898c488b4465d38771db8c897b547b3459b93fec70e40690f0e965?s=96&d=mm&r=g","contentUrl":"https:\/\/secure.gravatar.com\/avatar\/b7e96d7e31898c488b4465d38771db8c897b547b3459b93fec70e40690f0e965?s=96&d=mm&r=g","caption":"Rafael Soto"},"url":"http:\/\/www.minhidrocarburos.gob.ve\/index.php\/author\/rafsoto\/"}]}},"_links":{"self":[{"href":"http:\/\/www.minhidrocarburos.gob.ve\/index.php\/wp-json\/wp\/v2\/posts\/3433","targetHints":{"allow":["GET"]}}],"collection":[{"href":"http:\/\/www.minhidrocarburos.gob.ve\/index.php\/wp-json\/wp\/v2\/posts"}],"about":[{"href":"http:\/\/www.minhidrocarburos.gob.ve\/index.php\/wp-json\/wp\/v2\/types\/post"}],"author":[{"embeddable":true,"href":"http:\/\/www.minhidrocarburos.gob.ve\/index.php\/wp-json\/wp\/v2\/users\/6"}],"replies":[{"embeddable":true,"href":"http:\/\/www.minhidrocarburos.gob.ve\/index.php\/wp-json\/wp\/v2\/comments?post=3433"}],"version-history":[{"count":1,"href":"http:\/\/www.minhidrocarburos.gob.ve\/index.php\/wp-json\/wp\/v2\/posts\/3433\/revisions"}],"predecessor-version":[{"id":3437,"href":"http:\/\/www.minhidrocarburos.gob.ve\/index.php\/wp-json\/wp\/v2\/posts\/3433\/revisions\/3437"}],"wp:featuredmedia":[{"embeddable":true,"href":"http:\/\/www.minhidrocarburos.gob.ve\/index.php\/wp-json\/wp\/v2\/media\/3435"}],"wp:attachment":[{"href":"http:\/\/www.minhidrocarburos.gob.ve\/index.php\/wp-json\/wp\/v2\/media?parent=3433"}],"wp:term":[{"taxonomy":"category","embeddable":true,"href":"http:\/\/www.minhidrocarburos.gob.ve\/index.php\/wp-json\/wp\/v2\/categories?post=3433"},{"taxonomy":"post_tag","embeddable":true,"href":"http:\/\/www.minhidrocarburos.gob.ve\/index.php\/wp-json\/wp\/v2\/tags?post=3433"}],"curies":[{"name":"wp","href":"https:\/\/api.w.org\/{rel}","templated":true}]}}