

{"id":3626,"date":"2025-02-11T07:23:35","date_gmt":"2025-02-11T11:23:35","guid":{"rendered":"http:\/\/www.minhidrocarburos.gob.ve\/?p=3626"},"modified":"2025-02-11T07:24:41","modified_gmt":"2025-02-11T11:24:41","slug":"ministra-rodriguez-sostiene-reunion-bilateral-con-el-secretario-general-de-la-opep","status":"publish","type":"post","link":"http:\/\/www.minhidrocarburos.gob.ve\/index.php\/2025\/02\/11\/ministra-rodriguez-sostiene-reunion-bilateral-con-el-secretario-general-de-la-opep\/","title":{"rendered":"Ministra Rodr\u00edguez sostiene reuni\u00f3n bilateral con el secretario general de la OPEP"},"content":{"rendered":"\n<p><strong>Caracas, 11 de febrero de 2025-.<\/strong> En el marco de la realizaci\u00f3n de la Tercera Edici\u00f3n Anual de la Semana de la Energ\u00eda en Nueva Delhi, la ministra del Poder Popular de Hidrocarburos, Delcy Rodr\u00edguez sostuvo una reuni\u00f3n bilateral con el secretario general de la OPEP Haitham Al Ghais.<\/p>\n\n\n\n<p>De acuerdo a lo publicado en sus redes sociales, la tambi\u00e9n vicepresidenta de la Rep\u00fablica se\u00f1al\u00f3 que este durante este encuentro transmiti\u00f3 el saludo del presidente Maduro a esta organizaci\u00f3n tan importante para la estabilidad de los precios y del mercado energ\u00e9tico internacional.<\/p>\n\n\n\n<p>A\u00f1adi\u00f3 la ministra Rodr\u00edguez que durante este productivo encuentro se reiter\u00f3 las bondades y virtudes de la OPEP y de la OPEP Plus, adem\u00e1s de conversar sobre la cooperaci\u00f3n y cohesi\u00f3n intraorganizacional para alcanzar nuevas metas en el futuro.<\/p>\n\n\n\n<p>Venezuela como miembro fundador de la Organizaci\u00f3n de Pa\u00edses Exportadores de Petr\u00f3leo (OPEP) ha velado por la estabilidad del mercado petrolero, as\u00ed como la uni\u00f3n de los pa\u00edses miembros.<\/p>\n\n\n<div class=\"wp-block-image\">\n<figure class=\"aligncenter size-large is-resized\"><img loading=\"lazy\" decoding=\"async\" width=\"1024\" height=\"682\" src=\"http:\/\/www.minhidrocarburos.gob.ve\/wp-content\/uploads\/2025\/02\/photo_2025-02-11_05-50-37-1024x682.jpg\" alt=\"\" class=\"wp-image-3627\" style=\"width:730px;height:auto\" srcset=\"http:\/\/www.minhidrocarburos.gob.ve\/wp-content\/uploads\/2025\/02\/photo_2025-02-11_05-50-37-1024x682.jpg 1024w, http:\/\/www.minhidrocarburos.gob.ve\/wp-content\/uploads\/2025\/02\/photo_2025-02-11_05-50-37-300x200.jpg 300w, http:\/\/www.minhidrocarburos.gob.ve\/wp-content\/uploads\/2025\/02\/photo_2025-02-11_05-50-37-768x512.jpg 768w, http:\/\/www.minhidrocarburos.gob.ve\/wp-content\/uploads\/2025\/02\/photo_2025-02-11_05-50-37-930x620.jpg 930w, http:\/\/www.minhidrocarburos.gob.ve\/wp-content\/uploads\/2025\/02\/photo_2025-02-11_05-50-37.jpg 1280w\" sizes=\"auto, (max-width: 1024px) 100vw, 1024px\" \/><\/figure>\n<\/div>\n\n\n<p><\/p>\n","protected":false},"excerpt":{"rendered":"<p>Caracas, 11 de febrero de 2025-. En el marco de la realizaci\u00f3n de la Tercera Edici\u00f3n Anual de la Semana de la Energ\u00eda en Nueva Delhi, la ministra del Poder Popular de Hidrocarburos, Delcy Rodr\u00edguez sostuvo una reuni\u00f3n bilateral con el secretario general de la OPEP Haitham Al Ghais. De acuerdo a lo publicado en&hellip;&nbsp;<a href=\"http:\/\/www.minhidrocarburos.gob.ve\/index.php\/2025\/02\/11\/ministra-rodriguez-sostiene-reunion-bilateral-con-el-secretario-general-de-la-opep\/\" rel=\"bookmark\">Leer m\u00e1s &raquo;<span class=\"screen-reader-text\">Ministra Rodr\u00edguez sostiene reuni\u00f3n bilateral con el secretario general de la OPEP<\/span><\/a><\/p>\n","protected":false},"author":8,"featured_media":3628,"comment_status":"open","ping_status":"open","sticky":false,"template":"","format":"standard","meta":{"_editorskit_title_hidden":false,"_editorskit_reading_time":0,"_editorskit_is_block_options_detached":false,"_editorskit_block_options_position":"{}","neve_meta_sidebar":"","neve_meta_container":"","neve_meta_enable_content_width":"","neve_meta_content_width":0,"neve_meta_title_alignment":"","neve_meta_author_avatar":"","neve_post_elements_order":"","neve_meta_disable_header":"","neve_meta_disable_footer":"","neve_meta_disable_title":"","footnotes":""},"categories":[127,122],"tags":[],"class_list":["post-3626","post","type-post","status-publish","format-standard","has-post-thumbnail","hentry","category-noticias-2025","category-noticias_slider_24"],"yoast_head":"<!-- This site is optimized with the Yoast SEO plugin v27.2 - https:\/\/yoast.com\/product\/yoast-seo-wordpress\/ -->\n<title>Ministra Rodr\u00edguez sostiene reuni\u00f3n bilateral con el secretario general de la OPEP - MinHidrocarburos<\/title>\n<meta name=\"robots\" content=\"index, follow, max-snippet:-1, max-image-preview:large, max-video-preview:-1\" \/>\n<link rel=\"canonical\" href=\"http:\/\/www.minhidrocarburos.gob.ve\/index.php\/2025\/02\/11\/ministra-rodriguez-sostiene-reunion-bilateral-con-el-secretario-general-de-la-opep\/\" \/>\n<meta property=\"og:locale\" content=\"es_ES\" \/>\n<meta property=\"og:type\" content=\"article\" \/>\n<meta property=\"og:title\" content=\"Ministra Rodr\u00edguez sostiene reuni\u00f3n bilateral con el secretario general de la OPEP - MinHidrocarburos\" \/>\n<meta property=\"og:description\" content=\"Caracas, 11 de febrero de 2025-. En el marco de la realizaci\u00f3n de la Tercera Edici\u00f3n Anual de la Semana de la Energ\u00eda en Nueva Delhi, la ministra del Poder Popular de Hidrocarburos, Delcy Rodr\u00edguez sostuvo una reuni\u00f3n bilateral con el secretario general de la OPEP Haitham Al Ghais. De acuerdo a lo publicado en&hellip;&nbsp;Leer m\u00e1s &raquo;Ministra Rodr\u00edguez sostiene reuni\u00f3n bilateral con el secretario general de la OPEP\" \/>\n<meta property=\"og:url\" content=\"http:\/\/www.minhidrocarburos.gob.ve\/index.php\/2025\/02\/11\/ministra-rodriguez-sostiene-reunion-bilateral-con-el-secretario-general-de-la-opep\/\" \/>\n<meta property=\"og:site_name\" content=\"MinHidrocarburos\" \/>\n<meta property=\"article:published_time\" content=\"2025-02-11T11:23:35+00:00\" \/>\n<meta property=\"article:modified_time\" content=\"2025-02-11T11:24:41+00:00\" \/>\n<meta property=\"og:image\" content=\"http:\/\/www.minhidrocarburos.gob.ve\/wp-content\/uploads\/2025\/02\/photo_2025-02-11_05-50-41.jpg\" \/>\n\t<meta property=\"og:image:width\" content=\"1280\" \/>\n\t<meta property=\"og:image:height\" content=\"922\" \/>\n\t<meta property=\"og:image:type\" content=\"image\/jpeg\" \/>\n<meta name=\"author\" content=\"Alejandro Mendoza\" \/>\n<meta name=\"twitter:card\" content=\"summary_large_image\" \/>\n<meta name=\"twitter:label1\" content=\"Escrito por\" \/>\n\t<meta name=\"twitter:data1\" content=\"Alejandro Mendoza\" \/>\n\t<meta name=\"twitter:label2\" content=\"Tiempo de lectura\" \/>\n\t<meta name=\"twitter:data2\" content=\"2 minutos\" \/>\n<script type=\"application\/ld+json\" class=\"yoast-schema-graph\">{\"@context\":\"https:\/\/schema.org\",\"@graph\":[{\"@type\":\"Article\",\"@id\":\"http:\/\/www.minhidrocarburos.gob.ve\/index.php\/2025\/02\/11\/ministra-rodriguez-sostiene-reunion-bilateral-con-el-secretario-general-de-la-opep\/#article\",\"isPartOf\":{\"@id\":\"http:\/\/www.minhidrocarburos.gob.ve\/index.php\/2025\/02\/11\/ministra-rodriguez-sostiene-reunion-bilateral-con-el-secretario-general-de-la-opep\/\"},\"author\":{\"name\":\"Alejandro Mendoza\",\"@id\":\"http:\/\/www.minhidrocarburos.gob.ve\/#\/schema\/person\/05dcf91a97e31d879f431d1f45dd729a\"},\"headline\":\"Ministra Rodr\u00edguez sostiene reuni\u00f3n bilateral con el secretario general de la OPEP\",\"datePublished\":\"2025-02-11T11:23:35+00:00\",\"dateModified\":\"2025-02-11T11:24:41+00:00\",\"mainEntityOfPage\":{\"@id\":\"http:\/\/www.minhidrocarburos.gob.ve\/index.php\/2025\/02\/11\/ministra-rodriguez-sostiene-reunion-bilateral-con-el-secretario-general-de-la-opep\/\"},\"wordCount\":193,\"commentCount\":0,\"publisher\":{\"@id\":\"http:\/\/www.minhidrocarburos.gob.ve\/#organization\"},\"image\":{\"@id\":\"http:\/\/www.minhidrocarburos.gob.ve\/index.php\/2025\/02\/11\/ministra-rodriguez-sostiene-reunion-bilateral-con-el-secretario-general-de-la-opep\/#primaryimage\"},\"thumbnailUrl\":\"http:\/\/www.minhidrocarburos.gob.ve\/wp-content\/uploads\/2025\/02\/photo_2025-02-11_05-50-41.jpg\",\"articleSection\":[\"Noticias 2025\",\"Noticias_Slider_24\"],\"inLanguage\":\"es\",\"potentialAction\":[{\"@type\":\"CommentAction\",\"name\":\"Comment\",\"target\":[\"http:\/\/www.minhidrocarburos.gob.ve\/index.php\/2025\/02\/11\/ministra-rodriguez-sostiene-reunion-bilateral-con-el-secretario-general-de-la-opep\/#respond\"]}]},{\"@type\":\"WebPage\",\"@id\":\"http:\/\/www.minhidrocarburos.gob.ve\/index.php\/2025\/02\/11\/ministra-rodriguez-sostiene-reunion-bilateral-con-el-secretario-general-de-la-opep\/\",\"url\":\"http:\/\/www.minhidrocarburos.gob.ve\/index.php\/2025\/02\/11\/ministra-rodriguez-sostiene-reunion-bilateral-con-el-secretario-general-de-la-opep\/\",\"name\":\"Ministra Rodr\u00edguez sostiene reuni\u00f3n bilateral con el secretario general de la OPEP - MinHidrocarburos\",\"isPartOf\":{\"@id\":\"http:\/\/www.minhidrocarburos.gob.ve\/#website\"},\"primaryImageOfPage\":{\"@id\":\"http:\/\/www.minhidrocarburos.gob.ve\/index.php\/2025\/02\/11\/ministra-rodriguez-sostiene-reunion-bilateral-con-el-secretario-general-de-la-opep\/#primaryimage\"},\"image\":{\"@id\":\"http:\/\/www.minhidrocarburos.gob.ve\/index.php\/2025\/02\/11\/ministra-rodriguez-sostiene-reunion-bilateral-con-el-secretario-general-de-la-opep\/#primaryimage\"},\"thumbnailUrl\":\"http:\/\/www.minhidrocarburos.gob.ve\/wp-content\/uploads\/2025\/02\/photo_2025-02-11_05-50-41.jpg\",\"datePublished\":\"2025-02-11T11:23:35+00:00\",\"dateModified\":\"2025-02-11T11:24:41+00:00\",\"inLanguage\":\"es\",\"potentialAction\":[{\"@type\":\"ReadAction\",\"target\":[\"http:\/\/www.minhidrocarburos.gob.ve\/index.php\/2025\/02\/11\/ministra-rodriguez-sostiene-reunion-bilateral-con-el-secretario-general-de-la-opep\/\"]}]},{\"@type\":\"ImageObject\",\"inLanguage\":\"es\",\"@id\":\"http:\/\/www.minhidrocarburos.gob.ve\/index.php\/2025\/02\/11\/ministra-rodriguez-sostiene-reunion-bilateral-con-el-secretario-general-de-la-opep\/#primaryimage\",\"url\":\"http:\/\/www.minhidrocarburos.gob.ve\/wp-content\/uploads\/2025\/02\/photo_2025-02-11_05-50-41.jpg\",\"contentUrl\":\"http:\/\/www.minhidrocarburos.gob.ve\/wp-content\/uploads\/2025\/02\/photo_2025-02-11_05-50-41.jpg\",\"width\":1280,\"height\":922},{\"@type\":\"WebSite\",\"@id\":\"http:\/\/www.minhidrocarburos.gob.ve\/#website\",\"url\":\"http:\/\/www.minhidrocarburos.gob.ve\/\",\"name\":\"Minhidrocarburos\",\"description\":\"Regulaci\u00f3n, formulaci\u00f3n y seguimiento de pol\u00edticas; la planificaci\u00f3n, realizaci\u00f3n y fiscalizaci\u00f3n en materia de hidrocarburos\",\"publisher\":{\"@id\":\"http:\/\/www.minhidrocarburos.gob.ve\/#organization\"},\"potentialAction\":[{\"@type\":\"SearchAction\",\"target\":{\"@type\":\"EntryPoint\",\"urlTemplate\":\"http:\/\/www.minhidrocarburos.gob.ve\/?s={search_term_string}\"},\"query-input\":{\"@type\":\"PropertyValueSpecification\",\"valueRequired\":true,\"valueName\":\"search_term_string\"}}],\"inLanguage\":\"es\"},{\"@type\":\"Organization\",\"@id\":\"http:\/\/www.minhidrocarburos.gob.ve\/#organization\",\"name\":\"Ministerio del Poder Popular de Hidrocarburos\",\"url\":\"http:\/\/www.minhidrocarburos.gob.ve\/\",\"logo\":{\"@type\":\"ImageObject\",\"inLanguage\":\"es\",\"@id\":\"http:\/\/www.minhidrocarburos.gob.ve\/#\/schema\/logo\/image\/\",\"url\":\"http:\/\/www.minhidrocarburos.gob.ve\/wp-content\/uploads\/2024\/12\/Ministerio_de_Hidrocarburos.png\",\"contentUrl\":\"http:\/\/www.minhidrocarburos.gob.ve\/wp-content\/uploads\/2024\/12\/Ministerio_de_Hidrocarburos.png\",\"width\":2320,\"height\":324,\"caption\":\"Ministerio del Poder Popular de Hidrocarburos\"},\"image\":{\"@id\":\"http:\/\/www.minhidrocarburos.gob.ve\/#\/schema\/logo\/image\/\"}},{\"@type\":\"Person\",\"@id\":\"http:\/\/www.minhidrocarburos.gob.ve\/#\/schema\/person\/05dcf91a97e31d879f431d1f45dd729a\",\"name\":\"Alejandro Mendoza\",\"image\":{\"@type\":\"ImageObject\",\"inLanguage\":\"es\",\"@id\":\"https:\/\/secure.gravatar.com\/avatar\/135eff945fb2cbd75c6f3ee930c6c79f5c4a13a074e191bd95d0f9a31f5cc775?s=96&d=mm&r=g\",\"url\":\"https:\/\/secure.gravatar.com\/avatar\/135eff945fb2cbd75c6f3ee930c6c79f5c4a13a074e191bd95d0f9a31f5cc775?s=96&d=mm&r=g\",\"contentUrl\":\"https:\/\/secure.gravatar.com\/avatar\/135eff945fb2cbd75c6f3ee930c6c79f5c4a13a074e191bd95d0f9a31f5cc775?s=96&d=mm&r=g\",\"caption\":\"Alejandro Mendoza\"},\"url\":\"http:\/\/www.minhidrocarburos.gob.ve\/index.php\/author\/agmendoza\/\"}]}<\/script>\n<!-- \/ Yoast SEO plugin. -->","yoast_head_json":{"title":"Ministra Rodr\u00edguez sostiene reuni\u00f3n bilateral con el secretario general de la OPEP - MinHidrocarburos","robots":{"index":"index","follow":"follow","max-snippet":"max-snippet:-1","max-image-preview":"max-image-preview:large","max-video-preview":"max-video-preview:-1"},"canonical":"http:\/\/www.minhidrocarburos.gob.ve\/index.php\/2025\/02\/11\/ministra-rodriguez-sostiene-reunion-bilateral-con-el-secretario-general-de-la-opep\/","og_locale":"es_ES","og_type":"article","og_title":"Ministra Rodr\u00edguez sostiene reuni\u00f3n bilateral con el secretario general de la OPEP - MinHidrocarburos","og_description":"Caracas, 11 de febrero de 2025-. En el marco de la realizaci\u00f3n de la Tercera Edici\u00f3n Anual de la Semana de la Energ\u00eda en Nueva Delhi, la ministra del Poder Popular de Hidrocarburos, Delcy Rodr\u00edguez sostuvo una reuni\u00f3n bilateral con el secretario general de la OPEP Haitham Al Ghais. De acuerdo a lo publicado en&hellip;&nbsp;Leer m\u00e1s &raquo;Ministra Rodr\u00edguez sostiene reuni\u00f3n bilateral con el secretario general de la OPEP","og_url":"http:\/\/www.minhidrocarburos.gob.ve\/index.php\/2025\/02\/11\/ministra-rodriguez-sostiene-reunion-bilateral-con-el-secretario-general-de-la-opep\/","og_site_name":"MinHidrocarburos","article_published_time":"2025-02-11T11:23:35+00:00","article_modified_time":"2025-02-11T11:24:41+00:00","og_image":[{"width":1280,"height":922,"url":"http:\/\/www.minhidrocarburos.gob.ve\/wp-content\/uploads\/2025\/02\/photo_2025-02-11_05-50-41.jpg","type":"image\/jpeg"}],"author":"Alejandro Mendoza","twitter_card":"summary_large_image","twitter_misc":{"Escrito por":"Alejandro Mendoza","Tiempo de lectura":"2 minutos"},"schema":{"@context":"https:\/\/schema.org","@graph":[{"@type":"Article","@id":"http:\/\/www.minhidrocarburos.gob.ve\/index.php\/2025\/02\/11\/ministra-rodriguez-sostiene-reunion-bilateral-con-el-secretario-general-de-la-opep\/#article","isPartOf":{"@id":"http:\/\/www.minhidrocarburos.gob.ve\/index.php\/2025\/02\/11\/ministra-rodriguez-sostiene-reunion-bilateral-con-el-secretario-general-de-la-opep\/"},"author":{"name":"Alejandro Mendoza","@id":"http:\/\/www.minhidrocarburos.gob.ve\/#\/schema\/person\/05dcf91a97e31d879f431d1f45dd729a"},"headline":"Ministra Rodr\u00edguez sostiene reuni\u00f3n bilateral con el secretario general de la OPEP","datePublished":"2025-02-11T11:23:35+00:00","dateModified":"2025-02-11T11:24:41+00:00","mainEntityOfPage":{"@id":"http:\/\/www.minhidrocarburos.gob.ve\/index.php\/2025\/02\/11\/ministra-rodriguez-sostiene-reunion-bilateral-con-el-secretario-general-de-la-opep\/"},"wordCount":193,"commentCount":0,"publisher":{"@id":"http:\/\/www.minhidrocarburos.gob.ve\/#organization"},"image":{"@id":"http:\/\/www.minhidrocarburos.gob.ve\/index.php\/2025\/02\/11\/ministra-rodriguez-sostiene-reunion-bilateral-con-el-secretario-general-de-la-opep\/#primaryimage"},"thumbnailUrl":"http:\/\/www.minhidrocarburos.gob.ve\/wp-content\/uploads\/2025\/02\/photo_2025-02-11_05-50-41.jpg","articleSection":["Noticias 2025","Noticias_Slider_24"],"inLanguage":"es","potentialAction":[{"@type":"CommentAction","name":"Comment","target":["http:\/\/www.minhidrocarburos.gob.ve\/index.php\/2025\/02\/11\/ministra-rodriguez-sostiene-reunion-bilateral-con-el-secretario-general-de-la-opep\/#respond"]}]},{"@type":"WebPage","@id":"http:\/\/www.minhidrocarburos.gob.ve\/index.php\/2025\/02\/11\/ministra-rodriguez-sostiene-reunion-bilateral-con-el-secretario-general-de-la-opep\/","url":"http:\/\/www.minhidrocarburos.gob.ve\/index.php\/2025\/02\/11\/ministra-rodriguez-sostiene-reunion-bilateral-con-el-secretario-general-de-la-opep\/","name":"Ministra Rodr\u00edguez sostiene reuni\u00f3n bilateral con el secretario general de la OPEP - MinHidrocarburos","isPartOf":{"@id":"http:\/\/www.minhidrocarburos.gob.ve\/#website"},"primaryImageOfPage":{"@id":"http:\/\/www.minhidrocarburos.gob.ve\/index.php\/2025\/02\/11\/ministra-rodriguez-sostiene-reunion-bilateral-con-el-secretario-general-de-la-opep\/#primaryimage"},"image":{"@id":"http:\/\/www.minhidrocarburos.gob.ve\/index.php\/2025\/02\/11\/ministra-rodriguez-sostiene-reunion-bilateral-con-el-secretario-general-de-la-opep\/#primaryimage"},"thumbnailUrl":"http:\/\/www.minhidrocarburos.gob.ve\/wp-content\/uploads\/2025\/02\/photo_2025-02-11_05-50-41.jpg","datePublished":"2025-02-11T11:23:35+00:00","dateModified":"2025-02-11T11:24:41+00:00","inLanguage":"es","potentialAction":[{"@type":"ReadAction","target":["http:\/\/www.minhidrocarburos.gob.ve\/index.php\/2025\/02\/11\/ministra-rodriguez-sostiene-reunion-bilateral-con-el-secretario-general-de-la-opep\/"]}]},{"@type":"ImageObject","inLanguage":"es","@id":"http:\/\/www.minhidrocarburos.gob.ve\/index.php\/2025\/02\/11\/ministra-rodriguez-sostiene-reunion-bilateral-con-el-secretario-general-de-la-opep\/#primaryimage","url":"http:\/\/www.minhidrocarburos.gob.ve\/wp-content\/uploads\/2025\/02\/photo_2025-02-11_05-50-41.jpg","contentUrl":"http:\/\/www.minhidrocarburos.gob.ve\/wp-content\/uploads\/2025\/02\/photo_2025-02-11_05-50-41.jpg","width":1280,"height":922},{"@type":"WebSite","@id":"http:\/\/www.minhidrocarburos.gob.ve\/#website","url":"http:\/\/www.minhidrocarburos.gob.ve\/","name":"Minhidrocarburos","description":"Regulaci\u00f3n, formulaci\u00f3n y seguimiento de pol\u00edticas; la planificaci\u00f3n, realizaci\u00f3n y fiscalizaci\u00f3n en materia de hidrocarburos","publisher":{"@id":"http:\/\/www.minhidrocarburos.gob.ve\/#organization"},"potentialAction":[{"@type":"SearchAction","target":{"@type":"EntryPoint","urlTemplate":"http:\/\/www.minhidrocarburos.gob.ve\/?s={search_term_string}"},"query-input":{"@type":"PropertyValueSpecification","valueRequired":true,"valueName":"search_term_string"}}],"inLanguage":"es"},{"@type":"Organization","@id":"http:\/\/www.minhidrocarburos.gob.ve\/#organization","name":"Ministerio del Poder Popular de Hidrocarburos","url":"http:\/\/www.minhidrocarburos.gob.ve\/","logo":{"@type":"ImageObject","inLanguage":"es","@id":"http:\/\/www.minhidrocarburos.gob.ve\/#\/schema\/logo\/image\/","url":"http:\/\/www.minhidrocarburos.gob.ve\/wp-content\/uploads\/2024\/12\/Ministerio_de_Hidrocarburos.png","contentUrl":"http:\/\/www.minhidrocarburos.gob.ve\/wp-content\/uploads\/2024\/12\/Ministerio_de_Hidrocarburos.png","width":2320,"height":324,"caption":"Ministerio del Poder Popular de Hidrocarburos"},"image":{"@id":"http:\/\/www.minhidrocarburos.gob.ve\/#\/schema\/logo\/image\/"}},{"@type":"Person","@id":"http:\/\/www.minhidrocarburos.gob.ve\/#\/schema\/person\/05dcf91a97e31d879f431d1f45dd729a","name":"Alejandro Mendoza","image":{"@type":"ImageObject","inLanguage":"es","@id":"https:\/\/secure.gravatar.com\/avatar\/135eff945fb2cbd75c6f3ee930c6c79f5c4a13a074e191bd95d0f9a31f5cc775?s=96&d=mm&r=g","url":"https:\/\/secure.gravatar.com\/avatar\/135eff945fb2cbd75c6f3ee930c6c79f5c4a13a074e191bd95d0f9a31f5cc775?s=96&d=mm&r=g","contentUrl":"https:\/\/secure.gravatar.com\/avatar\/135eff945fb2cbd75c6f3ee930c6c79f5c4a13a074e191bd95d0f9a31f5cc775?s=96&d=mm&r=g","caption":"Alejandro Mendoza"},"url":"http:\/\/www.minhidrocarburos.gob.ve\/index.php\/author\/agmendoza\/"}]}},"_links":{"self":[{"href":"http:\/\/www.minhidrocarburos.gob.ve\/index.php\/wp-json\/wp\/v2\/posts\/3626","targetHints":{"allow":["GET"]}}],"collection":[{"href":"http:\/\/www.minhidrocarburos.gob.ve\/index.php\/wp-json\/wp\/v2\/posts"}],"about":[{"href":"http:\/\/www.minhidrocarburos.gob.ve\/index.php\/wp-json\/wp\/v2\/types\/post"}],"author":[{"embeddable":true,"href":"http:\/\/www.minhidrocarburos.gob.ve\/index.php\/wp-json\/wp\/v2\/users\/8"}],"replies":[{"embeddable":true,"href":"http:\/\/www.minhidrocarburos.gob.ve\/index.php\/wp-json\/wp\/v2\/comments?post=3626"}],"version-history":[{"count":1,"href":"http:\/\/www.minhidrocarburos.gob.ve\/index.php\/wp-json\/wp\/v2\/posts\/3626\/revisions"}],"predecessor-version":[{"id":3629,"href":"http:\/\/www.minhidrocarburos.gob.ve\/index.php\/wp-json\/wp\/v2\/posts\/3626\/revisions\/3629"}],"wp:featuredmedia":[{"embeddable":true,"href":"http:\/\/www.minhidrocarburos.gob.ve\/index.php\/wp-json\/wp\/v2\/media\/3628"}],"wp:attachment":[{"href":"http:\/\/www.minhidrocarburos.gob.ve\/index.php\/wp-json\/wp\/v2\/media?parent=3626"}],"wp:term":[{"taxonomy":"category","embeddable":true,"href":"http:\/\/www.minhidrocarburos.gob.ve\/index.php\/wp-json\/wp\/v2\/categories?post=3626"},{"taxonomy":"post_tag","embeddable":true,"href":"http:\/\/www.minhidrocarburos.gob.ve\/index.php\/wp-json\/wp\/v2\/tags?post=3626"}],"curies":[{"name":"wp","href":"https:\/\/api.w.org\/{rel}","templated":true}]}}