

{"id":366,"date":"2023-06-23T17:45:36","date_gmt":"2023-06-23T17:45:36","guid":{"rendered":"http:\/\/192.168.25.123\/minpet\/?p=366"},"modified":"2023-06-27T18:02:15","modified_gmt":"2023-06-27T18:02:15","slug":"ministro-tellechea-y-trabajadores-de-occidente-arrancan-planta-compresora-lama-3c","status":"publish","type":"post","link":"http:\/\/www.minhidrocarburos.gob.ve\/index.php\/2023\/06\/23\/ministro-tellechea-y-trabajadores-de-occidente-arrancan-planta-compresora-lama-3c\/","title":{"rendered":"Ministro Tellechea y trabajadores de occidente arrancan Planta Compresora Lama 3C"},"content":{"rendered":"\n<p><strong>Maracaibo, 23 de junio de 2023.-<\/strong> El ministro del Poder Popular de Petr\u00f3leo, Pedro Rafael Tellechea, realiz\u00f3 un recorrido en las instalaciones estrat\u00e9gicas de Petr\u00f3leos de Venezuela, S.A. (PDVSA) del Occidente, con el objetivo de constatar los avances del plan de reimpulso de la producci\u00f3n en esta regi\u00f3n del pa\u00eds.<\/p>\n\n\n\n<p>Junto al equipo de la Direcci\u00f3n Ejecutiva de Producci\u00f3n Occidente, liderado por Jannier Viloria prioriz\u00f3 la visita a la Planta de Compresi\u00f3n Lama, ubicada en el Lago de Maracaibo, para presenciar el arranque seguro del M\u00f3dulo Lama 3C, equipo que permitir\u00e1 la incorporaci\u00f3n de 5 mil nuevos barriles a la meta establecida, una victoria que se suma al plan de incremento de bombeo de hidrocarburos desde el Zulia.<\/p>\n\n\n\n<p>Igualmente, se traslad\u00f3 hasta la Unidad de Producci\u00f3n Lagomar, donde particip\u00f3 en la entrega de cinco embarcaciones recuperadas con el apoyo de los Consejos Productivos de Trabajadores y Trabajadoras (CPTT). Esta acci\u00f3n garantiza una mayor respuesta log\u00edstica a las necesidades propias de los campos operados en el lago.<\/p>\n\n\n\n<p>Entre las unidades reacondicionadas se encuentran lanchas de buceo, transporte de personal y remolcadores mec\u00e1nicos que ser\u00e1n incorporados de manera inmediata a la flota liviana y pesada activa para labores diarias.<\/p>\n\n\n\n<p>Como \u00faltimo punto de la inspecci\u00f3n, Tellechea lleg\u00f3 hasta la Planta Urdaneta Garc\u00eda, ubicada en La Ca\u00f1ada de Urdaneta, donde se verific\u00f3 la activaci\u00f3n de la Endulzadora de 740 barriles diarios de Crudo \u00c1cido. La puesta en marcha de esta \u00e1rea medular potenciar\u00e1 la confiabilidad en el manejo de hidrocarburos.<\/p>\n\n\n\n<p>El despliegue permanente de la m\u00e1xima autoridad de la industria petrolera continuar\u00e1 en todas las \u00e1reas, para seguir acompa\u00f1ando los logros de la clase trabajadora en este renacer de PDVSA, bajo las orientaciones definidas por el presidente de la Rep\u00fablica Bolivariana de Venezuela, Nicol\u00e1s Maduro Moros.<\/p>\n","protected":false},"excerpt":{"rendered":"<p>Maracaibo, 23 de junio de 2023.- El ministro del Poder Popular de Petr\u00f3leo, Pedro Rafael Tellechea, realiz\u00f3 un recorrido en las instalaciones estrat\u00e9gicas de Petr\u00f3leos de Venezuela, S.A. (PDVSA) del Occidente, con el objetivo de constatar los avances del plan de reimpulso de la producci\u00f3n en esta regi\u00f3n del pa\u00eds. Junto al equipo de la&hellip;&nbsp;<a href=\"http:\/\/www.minhidrocarburos.gob.ve\/index.php\/2023\/06\/23\/ministro-tellechea-y-trabajadores-de-occidente-arrancan-planta-compresora-lama-3c\/\" rel=\"bookmark\">Leer m\u00e1s &raquo;<span class=\"screen-reader-text\">Ministro Tellechea y trabajadores de occidente arrancan Planta Compresora Lama 3C<\/span><\/a><\/p>\n","protected":false},"author":1,"featured_media":368,"comment_status":"closed","ping_status":"closed","sticky":false,"template":"","format":"standard","meta":{"_editorskit_title_hidden":false,"_editorskit_reading_time":0,"_editorskit_is_block_options_detached":false,"_editorskit_block_options_position":"{}","neve_meta_sidebar":"","neve_meta_container":"","neve_meta_enable_content_width":"","neve_meta_content_width":0,"neve_meta_title_alignment":"","neve_meta_author_avatar":"","neve_post_elements_order":"","neve_meta_disable_header":"","neve_meta_disable_footer":"","neve_meta_disable_title":"","footnotes":""},"categories":[4],"tags":[],"class_list":["post-366","post","type-post","status-publish","format-standard","has-post-thumbnail","hentry","category-noticias-2023"],"yoast_head":"<!-- This site is optimized with the Yoast SEO plugin v27.2 - https:\/\/yoast.com\/product\/yoast-seo-wordpress\/ -->\n<title>Ministro Tellechea y trabajadores de occidente arrancan Planta Compresora Lama 3C - MinHidrocarburos<\/title>\n<meta name=\"robots\" content=\"index, follow, max-snippet:-1, max-image-preview:large, max-video-preview:-1\" \/>\n<link rel=\"canonical\" href=\"http:\/\/www.minhidrocarburos.gob.ve\/index.php\/2023\/06\/23\/ministro-tellechea-y-trabajadores-de-occidente-arrancan-planta-compresora-lama-3c\/\" \/>\n<meta property=\"og:locale\" content=\"es_ES\" \/>\n<meta property=\"og:type\" content=\"article\" \/>\n<meta property=\"og:title\" content=\"Ministro Tellechea y trabajadores de occidente arrancan Planta Compresora Lama 3C - MinHidrocarburos\" \/>\n<meta property=\"og:description\" content=\"Maracaibo, 23 de junio de 2023.- El ministro del Poder Popular de Petr\u00f3leo, Pedro Rafael Tellechea, realiz\u00f3 un recorrido en las instalaciones estrat\u00e9gicas de Petr\u00f3leos de Venezuela, S.A. (PDVSA) del Occidente, con el objetivo de constatar los avances del plan de reimpulso de la producci\u00f3n en esta regi\u00f3n del pa\u00eds. Junto al equipo de la&hellip;&nbsp;Leer m\u00e1s &raquo;Ministro Tellechea y trabajadores de occidente arrancan Planta Compresora Lama 3C\" \/>\n<meta property=\"og:url\" content=\"http:\/\/www.minhidrocarburos.gob.ve\/index.php\/2023\/06\/23\/ministro-tellechea-y-trabajadores-de-occidente-arrancan-planta-compresora-lama-3c\/\" \/>\n<meta property=\"og:site_name\" content=\"MinHidrocarburos\" \/>\n<meta property=\"article:published_time\" content=\"2023-06-23T17:45:36+00:00\" \/>\n<meta property=\"article:modified_time\" content=\"2023-06-27T18:02:15+00:00\" \/>\n<meta property=\"og:image\" content=\"http:\/\/www.minhidrocarburos.gob.ve\/wp-content\/uploads\/2023\/06\/ZILIA12.jpg\" \/>\n\t<meta property=\"og:image:width\" content=\"1280\" \/>\n\t<meta property=\"og:image:height\" content=\"491\" \/>\n\t<meta property=\"og:image:type\" content=\"image\/jpeg\" \/>\n<meta name=\"author\" content=\"mmartinez\" \/>\n<meta name=\"twitter:card\" content=\"summary_large_image\" \/>\n<meta name=\"twitter:label1\" content=\"Escrito por\" \/>\n\t<meta name=\"twitter:data1\" content=\"mmartinez\" \/>\n\t<meta name=\"twitter:label2\" content=\"Tiempo de lectura\" \/>\n\t<meta name=\"twitter:data2\" content=\"2 minutos\" \/>\n<script type=\"application\/ld+json\" class=\"yoast-schema-graph\">{\"@context\":\"https:\/\/schema.org\",\"@graph\":[{\"@type\":\"Article\",\"@id\":\"http:\/\/www.minhidrocarburos.gob.ve\/index.php\/2023\/06\/23\/ministro-tellechea-y-trabajadores-de-occidente-arrancan-planta-compresora-lama-3c\/#article\",\"isPartOf\":{\"@id\":\"http:\/\/www.minhidrocarburos.gob.ve\/index.php\/2023\/06\/23\/ministro-tellechea-y-trabajadores-de-occidente-arrancan-planta-compresora-lama-3c\/\"},\"author\":{\"name\":\"mmartinez\",\"@id\":\"http:\/\/www.minhidrocarburos.gob.ve\/#\/schema\/person\/789cb88f3e8d5e6a8775be3f00cf2810\"},\"headline\":\"Ministro Tellechea y trabajadores de occidente arrancan Planta Compresora Lama 3C\",\"datePublished\":\"2023-06-23T17:45:36+00:00\",\"dateModified\":\"2023-06-27T18:02:15+00:00\",\"mainEntityOfPage\":{\"@id\":\"http:\/\/www.minhidrocarburos.gob.ve\/index.php\/2023\/06\/23\/ministro-tellechea-y-trabajadores-de-occidente-arrancan-planta-compresora-lama-3c\/\"},\"wordCount\":326,\"publisher\":{\"@id\":\"http:\/\/www.minhidrocarburos.gob.ve\/#organization\"},\"image\":{\"@id\":\"http:\/\/www.minhidrocarburos.gob.ve\/index.php\/2023\/06\/23\/ministro-tellechea-y-trabajadores-de-occidente-arrancan-planta-compresora-lama-3c\/#primaryimage\"},\"thumbnailUrl\":\"http:\/\/www.minhidrocarburos.gob.ve\/wp-content\/uploads\/2023\/06\/ZILIA12.jpg\",\"articleSection\":[\"Noticias 2023\"],\"inLanguage\":\"es\"},{\"@type\":\"WebPage\",\"@id\":\"http:\/\/www.minhidrocarburos.gob.ve\/index.php\/2023\/06\/23\/ministro-tellechea-y-trabajadores-de-occidente-arrancan-planta-compresora-lama-3c\/\",\"url\":\"http:\/\/www.minhidrocarburos.gob.ve\/index.php\/2023\/06\/23\/ministro-tellechea-y-trabajadores-de-occidente-arrancan-planta-compresora-lama-3c\/\",\"name\":\"Ministro Tellechea y trabajadores de occidente arrancan Planta Compresora Lama 3C - MinHidrocarburos\",\"isPartOf\":{\"@id\":\"http:\/\/www.minhidrocarburos.gob.ve\/#website\"},\"primaryImageOfPage\":{\"@id\":\"http:\/\/www.minhidrocarburos.gob.ve\/index.php\/2023\/06\/23\/ministro-tellechea-y-trabajadores-de-occidente-arrancan-planta-compresora-lama-3c\/#primaryimage\"},\"image\":{\"@id\":\"http:\/\/www.minhidrocarburos.gob.ve\/index.php\/2023\/06\/23\/ministro-tellechea-y-trabajadores-de-occidente-arrancan-planta-compresora-lama-3c\/#primaryimage\"},\"thumbnailUrl\":\"http:\/\/www.minhidrocarburos.gob.ve\/wp-content\/uploads\/2023\/06\/ZILIA12.jpg\",\"datePublished\":\"2023-06-23T17:45:36+00:00\",\"dateModified\":\"2023-06-27T18:02:15+00:00\",\"inLanguage\":\"es\",\"potentialAction\":[{\"@type\":\"ReadAction\",\"target\":[\"http:\/\/www.minhidrocarburos.gob.ve\/index.php\/2023\/06\/23\/ministro-tellechea-y-trabajadores-de-occidente-arrancan-planta-compresora-lama-3c\/\"]}]},{\"@type\":\"ImageObject\",\"inLanguage\":\"es\",\"@id\":\"http:\/\/www.minhidrocarburos.gob.ve\/index.php\/2023\/06\/23\/ministro-tellechea-y-trabajadores-de-occidente-arrancan-planta-compresora-lama-3c\/#primaryimage\",\"url\":\"http:\/\/www.minhidrocarburos.gob.ve\/wp-content\/uploads\/2023\/06\/ZILIA12.jpg\",\"contentUrl\":\"http:\/\/www.minhidrocarburos.gob.ve\/wp-content\/uploads\/2023\/06\/ZILIA12.jpg\",\"width\":1280,\"height\":491},{\"@type\":\"WebSite\",\"@id\":\"http:\/\/www.minhidrocarburos.gob.ve\/#website\",\"url\":\"http:\/\/www.minhidrocarburos.gob.ve\/\",\"name\":\"Minhidrocarburos\",\"description\":\"Regulaci\u00f3n, formulaci\u00f3n y seguimiento de pol\u00edticas; la planificaci\u00f3n, realizaci\u00f3n y fiscalizaci\u00f3n en materia de hidrocarburos\",\"publisher\":{\"@id\":\"http:\/\/www.minhidrocarburos.gob.ve\/#organization\"},\"potentialAction\":[{\"@type\":\"SearchAction\",\"target\":{\"@type\":\"EntryPoint\",\"urlTemplate\":\"http:\/\/www.minhidrocarburos.gob.ve\/?s={search_term_string}\"},\"query-input\":{\"@type\":\"PropertyValueSpecification\",\"valueRequired\":true,\"valueName\":\"search_term_string\"}}],\"inLanguage\":\"es\"},{\"@type\":\"Organization\",\"@id\":\"http:\/\/www.minhidrocarburos.gob.ve\/#organization\",\"name\":\"Ministerio del Poder Popular de Hidrocarburos\",\"url\":\"http:\/\/www.minhidrocarburos.gob.ve\/\",\"logo\":{\"@type\":\"ImageObject\",\"inLanguage\":\"es\",\"@id\":\"http:\/\/www.minhidrocarburos.gob.ve\/#\/schema\/logo\/image\/\",\"url\":\"http:\/\/www.minhidrocarburos.gob.ve\/wp-content\/uploads\/2024\/12\/Ministerio_de_Hidrocarburos.png\",\"contentUrl\":\"http:\/\/www.minhidrocarburos.gob.ve\/wp-content\/uploads\/2024\/12\/Ministerio_de_Hidrocarburos.png\",\"width\":2320,\"height\":324,\"caption\":\"Ministerio del Poder Popular de Hidrocarburos\"},\"image\":{\"@id\":\"http:\/\/www.minhidrocarburos.gob.ve\/#\/schema\/logo\/image\/\"}},{\"@type\":\"Person\",\"@id\":\"http:\/\/www.minhidrocarburos.gob.ve\/#\/schema\/person\/789cb88f3e8d5e6a8775be3f00cf2810\",\"name\":\"mmartinez\",\"image\":{\"@type\":\"ImageObject\",\"inLanguage\":\"es\",\"@id\":\"https:\/\/secure.gravatar.com\/avatar\/91a32d24e5574f3b390f8069f1d382cd401f3195a32b6d1a5fc7d127337b4c27?s=96&d=mm&r=g\",\"url\":\"https:\/\/secure.gravatar.com\/avatar\/91a32d24e5574f3b390f8069f1d382cd401f3195a32b6d1a5fc7d127337b4c27?s=96&d=mm&r=g\",\"contentUrl\":\"https:\/\/secure.gravatar.com\/avatar\/91a32d24e5574f3b390f8069f1d382cd401f3195a32b6d1a5fc7d127337b4c27?s=96&d=mm&r=g\",\"caption\":\"mmartinez\"},\"url\":\"http:\/\/www.minhidrocarburos.gob.ve\/index.php\/author\/mmartinez\/\"}]}<\/script>\n<!-- \/ Yoast SEO plugin. -->","yoast_head_json":{"title":"Ministro Tellechea y trabajadores de occidente arrancan Planta Compresora Lama 3C - MinHidrocarburos","robots":{"index":"index","follow":"follow","max-snippet":"max-snippet:-1","max-image-preview":"max-image-preview:large","max-video-preview":"max-video-preview:-1"},"canonical":"http:\/\/www.minhidrocarburos.gob.ve\/index.php\/2023\/06\/23\/ministro-tellechea-y-trabajadores-de-occidente-arrancan-planta-compresora-lama-3c\/","og_locale":"es_ES","og_type":"article","og_title":"Ministro Tellechea y trabajadores de occidente arrancan Planta Compresora Lama 3C - MinHidrocarburos","og_description":"Maracaibo, 23 de junio de 2023.- El ministro del Poder Popular de Petr\u00f3leo, Pedro Rafael Tellechea, realiz\u00f3 un recorrido en las instalaciones estrat\u00e9gicas de Petr\u00f3leos de Venezuela, S.A. (PDVSA) del Occidente, con el objetivo de constatar los avances del plan de reimpulso de la producci\u00f3n en esta regi\u00f3n del pa\u00eds. Junto al equipo de la&hellip;&nbsp;Leer m\u00e1s &raquo;Ministro Tellechea y trabajadores de occidente arrancan Planta Compresora Lama 3C","og_url":"http:\/\/www.minhidrocarburos.gob.ve\/index.php\/2023\/06\/23\/ministro-tellechea-y-trabajadores-de-occidente-arrancan-planta-compresora-lama-3c\/","og_site_name":"MinHidrocarburos","article_published_time":"2023-06-23T17:45:36+00:00","article_modified_time":"2023-06-27T18:02:15+00:00","og_image":[{"width":1280,"height":491,"url":"http:\/\/www.minhidrocarburos.gob.ve\/wp-content\/uploads\/2023\/06\/ZILIA12.jpg","type":"image\/jpeg"}],"author":"mmartinez","twitter_card":"summary_large_image","twitter_misc":{"Escrito por":"mmartinez","Tiempo de lectura":"2 minutos"},"schema":{"@context":"https:\/\/schema.org","@graph":[{"@type":"Article","@id":"http:\/\/www.minhidrocarburos.gob.ve\/index.php\/2023\/06\/23\/ministro-tellechea-y-trabajadores-de-occidente-arrancan-planta-compresora-lama-3c\/#article","isPartOf":{"@id":"http:\/\/www.minhidrocarburos.gob.ve\/index.php\/2023\/06\/23\/ministro-tellechea-y-trabajadores-de-occidente-arrancan-planta-compresora-lama-3c\/"},"author":{"name":"mmartinez","@id":"http:\/\/www.minhidrocarburos.gob.ve\/#\/schema\/person\/789cb88f3e8d5e6a8775be3f00cf2810"},"headline":"Ministro Tellechea y trabajadores de occidente arrancan Planta Compresora Lama 3C","datePublished":"2023-06-23T17:45:36+00:00","dateModified":"2023-06-27T18:02:15+00:00","mainEntityOfPage":{"@id":"http:\/\/www.minhidrocarburos.gob.ve\/index.php\/2023\/06\/23\/ministro-tellechea-y-trabajadores-de-occidente-arrancan-planta-compresora-lama-3c\/"},"wordCount":326,"publisher":{"@id":"http:\/\/www.minhidrocarburos.gob.ve\/#organization"},"image":{"@id":"http:\/\/www.minhidrocarburos.gob.ve\/index.php\/2023\/06\/23\/ministro-tellechea-y-trabajadores-de-occidente-arrancan-planta-compresora-lama-3c\/#primaryimage"},"thumbnailUrl":"http:\/\/www.minhidrocarburos.gob.ve\/wp-content\/uploads\/2023\/06\/ZILIA12.jpg","articleSection":["Noticias 2023"],"inLanguage":"es"},{"@type":"WebPage","@id":"http:\/\/www.minhidrocarburos.gob.ve\/index.php\/2023\/06\/23\/ministro-tellechea-y-trabajadores-de-occidente-arrancan-planta-compresora-lama-3c\/","url":"http:\/\/www.minhidrocarburos.gob.ve\/index.php\/2023\/06\/23\/ministro-tellechea-y-trabajadores-de-occidente-arrancan-planta-compresora-lama-3c\/","name":"Ministro Tellechea y trabajadores de occidente arrancan Planta Compresora Lama 3C - MinHidrocarburos","isPartOf":{"@id":"http:\/\/www.minhidrocarburos.gob.ve\/#website"},"primaryImageOfPage":{"@id":"http:\/\/www.minhidrocarburos.gob.ve\/index.php\/2023\/06\/23\/ministro-tellechea-y-trabajadores-de-occidente-arrancan-planta-compresora-lama-3c\/#primaryimage"},"image":{"@id":"http:\/\/www.minhidrocarburos.gob.ve\/index.php\/2023\/06\/23\/ministro-tellechea-y-trabajadores-de-occidente-arrancan-planta-compresora-lama-3c\/#primaryimage"},"thumbnailUrl":"http:\/\/www.minhidrocarburos.gob.ve\/wp-content\/uploads\/2023\/06\/ZILIA12.jpg","datePublished":"2023-06-23T17:45:36+00:00","dateModified":"2023-06-27T18:02:15+00:00","inLanguage":"es","potentialAction":[{"@type":"ReadAction","target":["http:\/\/www.minhidrocarburos.gob.ve\/index.php\/2023\/06\/23\/ministro-tellechea-y-trabajadores-de-occidente-arrancan-planta-compresora-lama-3c\/"]}]},{"@type":"ImageObject","inLanguage":"es","@id":"http:\/\/www.minhidrocarburos.gob.ve\/index.php\/2023\/06\/23\/ministro-tellechea-y-trabajadores-de-occidente-arrancan-planta-compresora-lama-3c\/#primaryimage","url":"http:\/\/www.minhidrocarburos.gob.ve\/wp-content\/uploads\/2023\/06\/ZILIA12.jpg","contentUrl":"http:\/\/www.minhidrocarburos.gob.ve\/wp-content\/uploads\/2023\/06\/ZILIA12.jpg","width":1280,"height":491},{"@type":"WebSite","@id":"http:\/\/www.minhidrocarburos.gob.ve\/#website","url":"http:\/\/www.minhidrocarburos.gob.ve\/","name":"Minhidrocarburos","description":"Regulaci\u00f3n, formulaci\u00f3n y seguimiento de pol\u00edticas; la planificaci\u00f3n, realizaci\u00f3n y fiscalizaci\u00f3n en materia de hidrocarburos","publisher":{"@id":"http:\/\/www.minhidrocarburos.gob.ve\/#organization"},"potentialAction":[{"@type":"SearchAction","target":{"@type":"EntryPoint","urlTemplate":"http:\/\/www.minhidrocarburos.gob.ve\/?s={search_term_string}"},"query-input":{"@type":"PropertyValueSpecification","valueRequired":true,"valueName":"search_term_string"}}],"inLanguage":"es"},{"@type":"Organization","@id":"http:\/\/www.minhidrocarburos.gob.ve\/#organization","name":"Ministerio del Poder Popular de Hidrocarburos","url":"http:\/\/www.minhidrocarburos.gob.ve\/","logo":{"@type":"ImageObject","inLanguage":"es","@id":"http:\/\/www.minhidrocarburos.gob.ve\/#\/schema\/logo\/image\/","url":"http:\/\/www.minhidrocarburos.gob.ve\/wp-content\/uploads\/2024\/12\/Ministerio_de_Hidrocarburos.png","contentUrl":"http:\/\/www.minhidrocarburos.gob.ve\/wp-content\/uploads\/2024\/12\/Ministerio_de_Hidrocarburos.png","width":2320,"height":324,"caption":"Ministerio del Poder Popular de Hidrocarburos"},"image":{"@id":"http:\/\/www.minhidrocarburos.gob.ve\/#\/schema\/logo\/image\/"}},{"@type":"Person","@id":"http:\/\/www.minhidrocarburos.gob.ve\/#\/schema\/person\/789cb88f3e8d5e6a8775be3f00cf2810","name":"mmartinez","image":{"@type":"ImageObject","inLanguage":"es","@id":"https:\/\/secure.gravatar.com\/avatar\/91a32d24e5574f3b390f8069f1d382cd401f3195a32b6d1a5fc7d127337b4c27?s=96&d=mm&r=g","url":"https:\/\/secure.gravatar.com\/avatar\/91a32d24e5574f3b390f8069f1d382cd401f3195a32b6d1a5fc7d127337b4c27?s=96&d=mm&r=g","contentUrl":"https:\/\/secure.gravatar.com\/avatar\/91a32d24e5574f3b390f8069f1d382cd401f3195a32b6d1a5fc7d127337b4c27?s=96&d=mm&r=g","caption":"mmartinez"},"url":"http:\/\/www.minhidrocarburos.gob.ve\/index.php\/author\/mmartinez\/"}]}},"_links":{"self":[{"href":"http:\/\/www.minhidrocarburos.gob.ve\/index.php\/wp-json\/wp\/v2\/posts\/366","targetHints":{"allow":["GET"]}}],"collection":[{"href":"http:\/\/www.minhidrocarburos.gob.ve\/index.php\/wp-json\/wp\/v2\/posts"}],"about":[{"href":"http:\/\/www.minhidrocarburos.gob.ve\/index.php\/wp-json\/wp\/v2\/types\/post"}],"author":[{"embeddable":true,"href":"http:\/\/www.minhidrocarburos.gob.ve\/index.php\/wp-json\/wp\/v2\/users\/1"}],"replies":[{"embeddable":true,"href":"http:\/\/www.minhidrocarburos.gob.ve\/index.php\/wp-json\/wp\/v2\/comments?post=366"}],"version-history":[{"count":1,"href":"http:\/\/www.minhidrocarburos.gob.ve\/index.php\/wp-json\/wp\/v2\/posts\/366\/revisions"}],"predecessor-version":[{"id":367,"href":"http:\/\/www.minhidrocarburos.gob.ve\/index.php\/wp-json\/wp\/v2\/posts\/366\/revisions\/367"}],"wp:featuredmedia":[{"embeddable":true,"href":"http:\/\/www.minhidrocarburos.gob.ve\/index.php\/wp-json\/wp\/v2\/media\/368"}],"wp:attachment":[{"href":"http:\/\/www.minhidrocarburos.gob.ve\/index.php\/wp-json\/wp\/v2\/media?parent=366"}],"wp:term":[{"taxonomy":"category","embeddable":true,"href":"http:\/\/www.minhidrocarburos.gob.ve\/index.php\/wp-json\/wp\/v2\/categories?post=366"},{"taxonomy":"post_tag","embeddable":true,"href":"http:\/\/www.minhidrocarburos.gob.ve\/index.php\/wp-json\/wp\/v2\/tags?post=366"}],"curies":[{"name":"wp","href":"https:\/\/api.w.org\/{rel}","templated":true}]}}