

{"id":369,"date":"2023-06-26T17:57:14","date_gmt":"2023-06-26T17:57:14","guid":{"rendered":"http:\/\/192.168.25.123\/minpet\/?p=369"},"modified":"2023-06-27T18:02:08","modified_gmt":"2023-06-27T18:02:08","slug":"ministro-de-petroleo-implementa-nuevo-centro-de-gestion-de-salud-en-pdvsa","status":"publish","type":"post","link":"http:\/\/www.minhidrocarburos.gob.ve\/index.php\/2023\/06\/26\/ministro-de-petroleo-implementa-nuevo-centro-de-gestion-de-salud-en-pdvsa\/","title":{"rendered":"Ministro de Petr\u00f3leo implementa nuevo Centro de Gesti\u00f3n de Salud en PDVSA"},"content":{"rendered":"\n<p><strong><em>A trav\u00e9s del 0500 &#8211; CAPDVSA se gestionar\u00e1 la atenci\u00f3n m\u00e9dica a los trabajadores, jubilados, familiares y sobrevivientes de la industria&nbsp;<\/em><\/strong>&nbsp;<\/p>\n\n\n\n<p><strong>Caracas, 26 de junio de 2023.- <\/strong>El ministro del Poder Popular de Petr\u00f3leo y presidente de PDVSA, Pedro Rafael Tellechea, realiz\u00f3 este lunes el lanzamiento del Centro de Gesti\u00f3n de Salud PDVSA (CEGESA), plan centralizado e integral destinado a la atenci\u00f3n de los trabajadores, trabajadoras, jubilados, familiares y sobrevivientes de la organizaci\u00f3n.<\/p>\n\n\n\n<p>El anuncio lo realiz\u00f3 el ministro Tellechea a trav\u00e9s de videoconferencia nacional desde el sal\u00f3n Sim\u00f3n Bol\u00edvar, donde explic\u00f3 que por medio de esta moderna plataforma se brindar\u00e1 atenci\u00f3n m\u00e9dica oportuna y de calidad para seguir robusteciendo el Sistema Integral Nacional de Salud, donde confluyen 239 centros propios para responder en diferentes niveles y requerimientos m\u00e9dicos. \u00abDebemos hacer uso adecuado y consciente del plan para obtener una respuesta oportuna\u00bb, acot\u00f3.<\/p>\n\n\n\n<p>\u201cHoy es un gran d\u00eda. Me encuentro sumamente feliz por esta gran victoria como lo es el sistema de salud de todos los trabajadores de Petr\u00f3leos de Venezuela. Contamos con un gran equipo de trabajo y por eso a partir de hoy debemos comenzar a marcar la diferencia, tenemos esta oportunidad de oro, no la desaprovechemos\u201d, destac\u00f3 Tellechea, desde las instalaciones del Complejo MinPetr\u00f3leo &#8211; PDVSA, La Campi\u00f1a en Caracas.<\/p>\n\n\n\n<p>Este novedoso servicio m\u00e9dico se desarrollar\u00e1 en dos fases, la primera comenzar\u00e1 a partir de este 26 hasta el pr\u00f3ximo 30 de junio de 2023, tiempo durante el cual se validar\u00e1n los datos de sus integrantes a trav\u00e9s del 0-500 227.38.72. En segunda instancia se dar\u00e1 inicio al funcionamiento de dicha plataforma a partir del 1 de julio.&nbsp;<\/p>\n\n\n\n<p>Por su parte, la directora ejecutiva de Salud Integral, Gabriela Di Silvestre, inform\u00f3 c\u00f3mo funcionar\u00e1 el Centro de Gesti\u00f3n de Salud PDVSA, \u201cdurante la semana se enviar\u00e1 a trav\u00e9s de los diferentes medios de comunicaci\u00f3n internos de la industria, informaci\u00f3n correspondiente al CEGESA, a fin de aclarar las inquietudes\u201d.<\/p>\n\n\n\n<p>Siguiendo instrucciones del presidente de la Rep\u00fablica Bolivariana de Venezuela, Nicol\u00e1s Maduro, se fortalecer\u00e1 la atenci\u00f3n de los requerimientos de la Clase Obrera, con el uso de esta innovadora plataforma tecnol\u00f3gica que estar\u00e1 disponible las 24 horas al d\u00eda, los 365 d\u00edas del a\u00f1o, para gestionar emergencias, agendamiento de citas m\u00e9dicas y jornadas de intervenciones quir\u00fargicas, en conjunto con ayudas t\u00e9cnicas de esta materia por parte de la Fundaci\u00f3n Oro Negro de MinPetr\u00f3leo.<\/p>\n\n\n\n<p>Durante este encuentro, el ministro de Petr\u00f3leo aprovech\u00f3 la oportunidad para anunciar la entrega de 100 unidades de movilizaci\u00f3n tipo camionetas, las cuales fueron posicionadas en el estacionamiento principal de las instalaciones del edificio administrativo La Campi\u00f1a, destinadas a fortalecer los procesos de supervisi\u00f3n en las operacionales de las distintas \u00e1reas de producci\u00f3n de la industria petrolera a escala nacional.<\/p>\n","protected":false},"excerpt":{"rendered":"<p>A trav\u00e9s del 0500 &#8211; CAPDVSA se gestionar\u00e1 la atenci\u00f3n m\u00e9dica a los trabajadores, jubilados, familiares y sobrevivientes de la industria&nbsp;&nbsp; Caracas, 26 de junio de 2023.- El ministro del Poder Popular de Petr\u00f3leo y presidente de PDVSA, Pedro Rafael Tellechea, realiz\u00f3 este lunes el lanzamiento del Centro de Gesti\u00f3n de Salud PDVSA (CEGESA), plan&hellip;&nbsp;<a href=\"http:\/\/www.minhidrocarburos.gob.ve\/index.php\/2023\/06\/26\/ministro-de-petroleo-implementa-nuevo-centro-de-gestion-de-salud-en-pdvsa\/\" rel=\"bookmark\">Leer m\u00e1s &raquo;<span class=\"screen-reader-text\">Ministro de Petr\u00f3leo implementa nuevo Centro de Gesti\u00f3n de Salud en PDVSA<\/span><\/a><\/p>\n","protected":false},"author":1,"featured_media":371,"comment_status":"closed","ping_status":"closed","sticky":false,"template":"","format":"standard","meta":{"_editorskit_title_hidden":false,"_editorskit_reading_time":0,"_editorskit_is_block_options_detached":false,"_editorskit_block_options_position":"{}","neve_meta_sidebar":"","neve_meta_container":"","neve_meta_enable_content_width":"","neve_meta_content_width":0,"neve_meta_title_alignment":"","neve_meta_author_avatar":"","neve_post_elements_order":"","neve_meta_disable_header":"","neve_meta_disable_footer":"","neve_meta_disable_title":"","footnotes":""},"categories":[4],"tags":[],"class_list":["post-369","post","type-post","status-publish","format-standard","has-post-thumbnail","hentry","category-noticias-2023"],"yoast_head":"<!-- This site is optimized with the Yoast SEO plugin v27.2 - https:\/\/yoast.com\/product\/yoast-seo-wordpress\/ -->\n<title>Ministro de Petr\u00f3leo implementa nuevo Centro de Gesti\u00f3n de Salud en PDVSA - MinHidrocarburos<\/title>\n<meta name=\"robots\" content=\"index, follow, max-snippet:-1, max-image-preview:large, max-video-preview:-1\" \/>\n<link rel=\"canonical\" href=\"http:\/\/www.minhidrocarburos.gob.ve\/index.php\/2023\/06\/26\/ministro-de-petroleo-implementa-nuevo-centro-de-gestion-de-salud-en-pdvsa\/\" \/>\n<meta property=\"og:locale\" content=\"es_ES\" \/>\n<meta property=\"og:type\" content=\"article\" \/>\n<meta property=\"og:title\" content=\"Ministro de Petr\u00f3leo implementa nuevo Centro de Gesti\u00f3n de Salud en PDVSA - MinHidrocarburos\" \/>\n<meta property=\"og:description\" content=\"A trav\u00e9s del 0500 &#8211; CAPDVSA se gestionar\u00e1 la atenci\u00f3n m\u00e9dica a los trabajadores, jubilados, familiares y sobrevivientes de la industria&nbsp;&nbsp; Caracas, 26 de junio de 2023.- El ministro del Poder Popular de Petr\u00f3leo y presidente de PDVSA, Pedro Rafael Tellechea, realiz\u00f3 este lunes el lanzamiento del Centro de Gesti\u00f3n de Salud PDVSA (CEGESA), plan&hellip;&nbsp;Leer m\u00e1s &raquo;Ministro de Petr\u00f3leo implementa nuevo Centro de Gesti\u00f3n de Salud en PDVSA\" \/>\n<meta property=\"og:url\" content=\"http:\/\/www.minhidrocarburos.gob.ve\/index.php\/2023\/06\/26\/ministro-de-petroleo-implementa-nuevo-centro-de-gestion-de-salud-en-pdvsa\/\" \/>\n<meta property=\"og:site_name\" content=\"MinHidrocarburos\" \/>\n<meta property=\"article:published_time\" content=\"2023-06-26T17:57:14+00:00\" \/>\n<meta property=\"article:modified_time\" content=\"2023-06-27T18:02:08+00:00\" \/>\n<meta property=\"og:image\" content=\"http:\/\/www.minhidrocarburos.gob.ve\/wp-content\/uploads\/2023\/06\/ministro_salud.jpg\" \/>\n\t<meta property=\"og:image:width\" content=\"1024\" \/>\n\t<meta property=\"og:image:height\" content=\"518\" \/>\n\t<meta property=\"og:image:type\" content=\"image\/jpeg\" \/>\n<meta name=\"author\" content=\"mmartinez\" \/>\n<meta name=\"twitter:card\" content=\"summary_large_image\" \/>\n<meta name=\"twitter:label1\" content=\"Escrito por\" \/>\n\t<meta name=\"twitter:data1\" content=\"mmartinez\" \/>\n\t<meta name=\"twitter:label2\" content=\"Tiempo de lectura\" \/>\n\t<meta name=\"twitter:data2\" content=\"2 minutos\" \/>\n<script type=\"application\/ld+json\" class=\"yoast-schema-graph\">{\"@context\":\"https:\/\/schema.org\",\"@graph\":[{\"@type\":\"Article\",\"@id\":\"http:\/\/www.minhidrocarburos.gob.ve\/index.php\/2023\/06\/26\/ministro-de-petroleo-implementa-nuevo-centro-de-gestion-de-salud-en-pdvsa\/#article\",\"isPartOf\":{\"@id\":\"http:\/\/www.minhidrocarburos.gob.ve\/index.php\/2023\/06\/26\/ministro-de-petroleo-implementa-nuevo-centro-de-gestion-de-salud-en-pdvsa\/\"},\"author\":{\"name\":\"mmartinez\",\"@id\":\"http:\/\/www.minhidrocarburos.gob.ve\/#\/schema\/person\/789cb88f3e8d5e6a8775be3f00cf2810\"},\"headline\":\"Ministro de Petr\u00f3leo implementa nuevo Centro de Gesti\u00f3n de Salud en PDVSA\",\"datePublished\":\"2023-06-26T17:57:14+00:00\",\"dateModified\":\"2023-06-27T18:02:08+00:00\",\"mainEntityOfPage\":{\"@id\":\"http:\/\/www.minhidrocarburos.gob.ve\/index.php\/2023\/06\/26\/ministro-de-petroleo-implementa-nuevo-centro-de-gestion-de-salud-en-pdvsa\/\"},\"wordCount\":503,\"publisher\":{\"@id\":\"http:\/\/www.minhidrocarburos.gob.ve\/#organization\"},\"image\":{\"@id\":\"http:\/\/www.minhidrocarburos.gob.ve\/index.php\/2023\/06\/26\/ministro-de-petroleo-implementa-nuevo-centro-de-gestion-de-salud-en-pdvsa\/#primaryimage\"},\"thumbnailUrl\":\"http:\/\/www.minhidrocarburos.gob.ve\/wp-content\/uploads\/2023\/06\/ministro_salud.jpg\",\"articleSection\":[\"Noticias 2023\"],\"inLanguage\":\"es\"},{\"@type\":\"WebPage\",\"@id\":\"http:\/\/www.minhidrocarburos.gob.ve\/index.php\/2023\/06\/26\/ministro-de-petroleo-implementa-nuevo-centro-de-gestion-de-salud-en-pdvsa\/\",\"url\":\"http:\/\/www.minhidrocarburos.gob.ve\/index.php\/2023\/06\/26\/ministro-de-petroleo-implementa-nuevo-centro-de-gestion-de-salud-en-pdvsa\/\",\"name\":\"Ministro de Petr\u00f3leo implementa nuevo Centro de Gesti\u00f3n de Salud en PDVSA - MinHidrocarburos\",\"isPartOf\":{\"@id\":\"http:\/\/www.minhidrocarburos.gob.ve\/#website\"},\"primaryImageOfPage\":{\"@id\":\"http:\/\/www.minhidrocarburos.gob.ve\/index.php\/2023\/06\/26\/ministro-de-petroleo-implementa-nuevo-centro-de-gestion-de-salud-en-pdvsa\/#primaryimage\"},\"image\":{\"@id\":\"http:\/\/www.minhidrocarburos.gob.ve\/index.php\/2023\/06\/26\/ministro-de-petroleo-implementa-nuevo-centro-de-gestion-de-salud-en-pdvsa\/#primaryimage\"},\"thumbnailUrl\":\"http:\/\/www.minhidrocarburos.gob.ve\/wp-content\/uploads\/2023\/06\/ministro_salud.jpg\",\"datePublished\":\"2023-06-26T17:57:14+00:00\",\"dateModified\":\"2023-06-27T18:02:08+00:00\",\"inLanguage\":\"es\",\"potentialAction\":[{\"@type\":\"ReadAction\",\"target\":[\"http:\/\/www.minhidrocarburos.gob.ve\/index.php\/2023\/06\/26\/ministro-de-petroleo-implementa-nuevo-centro-de-gestion-de-salud-en-pdvsa\/\"]}]},{\"@type\":\"ImageObject\",\"inLanguage\":\"es\",\"@id\":\"http:\/\/www.minhidrocarburos.gob.ve\/index.php\/2023\/06\/26\/ministro-de-petroleo-implementa-nuevo-centro-de-gestion-de-salud-en-pdvsa\/#primaryimage\",\"url\":\"http:\/\/www.minhidrocarburos.gob.ve\/wp-content\/uploads\/2023\/06\/ministro_salud.jpg\",\"contentUrl\":\"http:\/\/www.minhidrocarburos.gob.ve\/wp-content\/uploads\/2023\/06\/ministro_salud.jpg\",\"width\":1024,\"height\":518},{\"@type\":\"WebSite\",\"@id\":\"http:\/\/www.minhidrocarburos.gob.ve\/#website\",\"url\":\"http:\/\/www.minhidrocarburos.gob.ve\/\",\"name\":\"Minhidrocarburos\",\"description\":\"Regulaci\u00f3n, formulaci\u00f3n y seguimiento de pol\u00edticas; la planificaci\u00f3n, realizaci\u00f3n y fiscalizaci\u00f3n en materia de hidrocarburos\",\"publisher\":{\"@id\":\"http:\/\/www.minhidrocarburos.gob.ve\/#organization\"},\"potentialAction\":[{\"@type\":\"SearchAction\",\"target\":{\"@type\":\"EntryPoint\",\"urlTemplate\":\"http:\/\/www.minhidrocarburos.gob.ve\/?s={search_term_string}\"},\"query-input\":{\"@type\":\"PropertyValueSpecification\",\"valueRequired\":true,\"valueName\":\"search_term_string\"}}],\"inLanguage\":\"es\"},{\"@type\":\"Organization\",\"@id\":\"http:\/\/www.minhidrocarburos.gob.ve\/#organization\",\"name\":\"Ministerio del Poder Popular de Hidrocarburos\",\"url\":\"http:\/\/www.minhidrocarburos.gob.ve\/\",\"logo\":{\"@type\":\"ImageObject\",\"inLanguage\":\"es\",\"@id\":\"http:\/\/www.minhidrocarburos.gob.ve\/#\/schema\/logo\/image\/\",\"url\":\"http:\/\/www.minhidrocarburos.gob.ve\/wp-content\/uploads\/2024\/12\/Ministerio_de_Hidrocarburos.png\",\"contentUrl\":\"http:\/\/www.minhidrocarburos.gob.ve\/wp-content\/uploads\/2024\/12\/Ministerio_de_Hidrocarburos.png\",\"width\":2320,\"height\":324,\"caption\":\"Ministerio del Poder Popular de Hidrocarburos\"},\"image\":{\"@id\":\"http:\/\/www.minhidrocarburos.gob.ve\/#\/schema\/logo\/image\/\"}},{\"@type\":\"Person\",\"@id\":\"http:\/\/www.minhidrocarburos.gob.ve\/#\/schema\/person\/789cb88f3e8d5e6a8775be3f00cf2810\",\"name\":\"mmartinez\",\"image\":{\"@type\":\"ImageObject\",\"inLanguage\":\"es\",\"@id\":\"https:\/\/secure.gravatar.com\/avatar\/91a32d24e5574f3b390f8069f1d382cd401f3195a32b6d1a5fc7d127337b4c27?s=96&d=mm&r=g\",\"url\":\"https:\/\/secure.gravatar.com\/avatar\/91a32d24e5574f3b390f8069f1d382cd401f3195a32b6d1a5fc7d127337b4c27?s=96&d=mm&r=g\",\"contentUrl\":\"https:\/\/secure.gravatar.com\/avatar\/91a32d24e5574f3b390f8069f1d382cd401f3195a32b6d1a5fc7d127337b4c27?s=96&d=mm&r=g\",\"caption\":\"mmartinez\"},\"url\":\"http:\/\/www.minhidrocarburos.gob.ve\/index.php\/author\/mmartinez\/\"}]}<\/script>\n<!-- \/ Yoast SEO plugin. -->","yoast_head_json":{"title":"Ministro de Petr\u00f3leo implementa nuevo Centro de Gesti\u00f3n de Salud en PDVSA - MinHidrocarburos","robots":{"index":"index","follow":"follow","max-snippet":"max-snippet:-1","max-image-preview":"max-image-preview:large","max-video-preview":"max-video-preview:-1"},"canonical":"http:\/\/www.minhidrocarburos.gob.ve\/index.php\/2023\/06\/26\/ministro-de-petroleo-implementa-nuevo-centro-de-gestion-de-salud-en-pdvsa\/","og_locale":"es_ES","og_type":"article","og_title":"Ministro de Petr\u00f3leo implementa nuevo Centro de Gesti\u00f3n de Salud en PDVSA - MinHidrocarburos","og_description":"A trav\u00e9s del 0500 &#8211; CAPDVSA se gestionar\u00e1 la atenci\u00f3n m\u00e9dica a los trabajadores, jubilados, familiares y sobrevivientes de la industria&nbsp;&nbsp; Caracas, 26 de junio de 2023.- El ministro del Poder Popular de Petr\u00f3leo y presidente de PDVSA, Pedro Rafael Tellechea, realiz\u00f3 este lunes el lanzamiento del Centro de Gesti\u00f3n de Salud PDVSA (CEGESA), plan&hellip;&nbsp;Leer m\u00e1s &raquo;Ministro de Petr\u00f3leo implementa nuevo Centro de Gesti\u00f3n de Salud en PDVSA","og_url":"http:\/\/www.minhidrocarburos.gob.ve\/index.php\/2023\/06\/26\/ministro-de-petroleo-implementa-nuevo-centro-de-gestion-de-salud-en-pdvsa\/","og_site_name":"MinHidrocarburos","article_published_time":"2023-06-26T17:57:14+00:00","article_modified_time":"2023-06-27T18:02:08+00:00","og_image":[{"width":1024,"height":518,"url":"http:\/\/www.minhidrocarburos.gob.ve\/wp-content\/uploads\/2023\/06\/ministro_salud.jpg","type":"image\/jpeg"}],"author":"mmartinez","twitter_card":"summary_large_image","twitter_misc":{"Escrito por":"mmartinez","Tiempo de lectura":"2 minutos"},"schema":{"@context":"https:\/\/schema.org","@graph":[{"@type":"Article","@id":"http:\/\/www.minhidrocarburos.gob.ve\/index.php\/2023\/06\/26\/ministro-de-petroleo-implementa-nuevo-centro-de-gestion-de-salud-en-pdvsa\/#article","isPartOf":{"@id":"http:\/\/www.minhidrocarburos.gob.ve\/index.php\/2023\/06\/26\/ministro-de-petroleo-implementa-nuevo-centro-de-gestion-de-salud-en-pdvsa\/"},"author":{"name":"mmartinez","@id":"http:\/\/www.minhidrocarburos.gob.ve\/#\/schema\/person\/789cb88f3e8d5e6a8775be3f00cf2810"},"headline":"Ministro de Petr\u00f3leo implementa nuevo Centro de Gesti\u00f3n de Salud en PDVSA","datePublished":"2023-06-26T17:57:14+00:00","dateModified":"2023-06-27T18:02:08+00:00","mainEntityOfPage":{"@id":"http:\/\/www.minhidrocarburos.gob.ve\/index.php\/2023\/06\/26\/ministro-de-petroleo-implementa-nuevo-centro-de-gestion-de-salud-en-pdvsa\/"},"wordCount":503,"publisher":{"@id":"http:\/\/www.minhidrocarburos.gob.ve\/#organization"},"image":{"@id":"http:\/\/www.minhidrocarburos.gob.ve\/index.php\/2023\/06\/26\/ministro-de-petroleo-implementa-nuevo-centro-de-gestion-de-salud-en-pdvsa\/#primaryimage"},"thumbnailUrl":"http:\/\/www.minhidrocarburos.gob.ve\/wp-content\/uploads\/2023\/06\/ministro_salud.jpg","articleSection":["Noticias 2023"],"inLanguage":"es"},{"@type":"WebPage","@id":"http:\/\/www.minhidrocarburos.gob.ve\/index.php\/2023\/06\/26\/ministro-de-petroleo-implementa-nuevo-centro-de-gestion-de-salud-en-pdvsa\/","url":"http:\/\/www.minhidrocarburos.gob.ve\/index.php\/2023\/06\/26\/ministro-de-petroleo-implementa-nuevo-centro-de-gestion-de-salud-en-pdvsa\/","name":"Ministro de Petr\u00f3leo implementa nuevo Centro de Gesti\u00f3n de Salud en PDVSA - MinHidrocarburos","isPartOf":{"@id":"http:\/\/www.minhidrocarburos.gob.ve\/#website"},"primaryImageOfPage":{"@id":"http:\/\/www.minhidrocarburos.gob.ve\/index.php\/2023\/06\/26\/ministro-de-petroleo-implementa-nuevo-centro-de-gestion-de-salud-en-pdvsa\/#primaryimage"},"image":{"@id":"http:\/\/www.minhidrocarburos.gob.ve\/index.php\/2023\/06\/26\/ministro-de-petroleo-implementa-nuevo-centro-de-gestion-de-salud-en-pdvsa\/#primaryimage"},"thumbnailUrl":"http:\/\/www.minhidrocarburos.gob.ve\/wp-content\/uploads\/2023\/06\/ministro_salud.jpg","datePublished":"2023-06-26T17:57:14+00:00","dateModified":"2023-06-27T18:02:08+00:00","inLanguage":"es","potentialAction":[{"@type":"ReadAction","target":["http:\/\/www.minhidrocarburos.gob.ve\/index.php\/2023\/06\/26\/ministro-de-petroleo-implementa-nuevo-centro-de-gestion-de-salud-en-pdvsa\/"]}]},{"@type":"ImageObject","inLanguage":"es","@id":"http:\/\/www.minhidrocarburos.gob.ve\/index.php\/2023\/06\/26\/ministro-de-petroleo-implementa-nuevo-centro-de-gestion-de-salud-en-pdvsa\/#primaryimage","url":"http:\/\/www.minhidrocarburos.gob.ve\/wp-content\/uploads\/2023\/06\/ministro_salud.jpg","contentUrl":"http:\/\/www.minhidrocarburos.gob.ve\/wp-content\/uploads\/2023\/06\/ministro_salud.jpg","width":1024,"height":518},{"@type":"WebSite","@id":"http:\/\/www.minhidrocarburos.gob.ve\/#website","url":"http:\/\/www.minhidrocarburos.gob.ve\/","name":"Minhidrocarburos","description":"Regulaci\u00f3n, formulaci\u00f3n y seguimiento de pol\u00edticas; la planificaci\u00f3n, realizaci\u00f3n y fiscalizaci\u00f3n en materia de hidrocarburos","publisher":{"@id":"http:\/\/www.minhidrocarburos.gob.ve\/#organization"},"potentialAction":[{"@type":"SearchAction","target":{"@type":"EntryPoint","urlTemplate":"http:\/\/www.minhidrocarburos.gob.ve\/?s={search_term_string}"},"query-input":{"@type":"PropertyValueSpecification","valueRequired":true,"valueName":"search_term_string"}}],"inLanguage":"es"},{"@type":"Organization","@id":"http:\/\/www.minhidrocarburos.gob.ve\/#organization","name":"Ministerio del Poder Popular de Hidrocarburos","url":"http:\/\/www.minhidrocarburos.gob.ve\/","logo":{"@type":"ImageObject","inLanguage":"es","@id":"http:\/\/www.minhidrocarburos.gob.ve\/#\/schema\/logo\/image\/","url":"http:\/\/www.minhidrocarburos.gob.ve\/wp-content\/uploads\/2024\/12\/Ministerio_de_Hidrocarburos.png","contentUrl":"http:\/\/www.minhidrocarburos.gob.ve\/wp-content\/uploads\/2024\/12\/Ministerio_de_Hidrocarburos.png","width":2320,"height":324,"caption":"Ministerio del Poder Popular de Hidrocarburos"},"image":{"@id":"http:\/\/www.minhidrocarburos.gob.ve\/#\/schema\/logo\/image\/"}},{"@type":"Person","@id":"http:\/\/www.minhidrocarburos.gob.ve\/#\/schema\/person\/789cb88f3e8d5e6a8775be3f00cf2810","name":"mmartinez","image":{"@type":"ImageObject","inLanguage":"es","@id":"https:\/\/secure.gravatar.com\/avatar\/91a32d24e5574f3b390f8069f1d382cd401f3195a32b6d1a5fc7d127337b4c27?s=96&d=mm&r=g","url":"https:\/\/secure.gravatar.com\/avatar\/91a32d24e5574f3b390f8069f1d382cd401f3195a32b6d1a5fc7d127337b4c27?s=96&d=mm&r=g","contentUrl":"https:\/\/secure.gravatar.com\/avatar\/91a32d24e5574f3b390f8069f1d382cd401f3195a32b6d1a5fc7d127337b4c27?s=96&d=mm&r=g","caption":"mmartinez"},"url":"http:\/\/www.minhidrocarburos.gob.ve\/index.php\/author\/mmartinez\/"}]}},"_links":{"self":[{"href":"http:\/\/www.minhidrocarburos.gob.ve\/index.php\/wp-json\/wp\/v2\/posts\/369","targetHints":{"allow":["GET"]}}],"collection":[{"href":"http:\/\/www.minhidrocarburos.gob.ve\/index.php\/wp-json\/wp\/v2\/posts"}],"about":[{"href":"http:\/\/www.minhidrocarburos.gob.ve\/index.php\/wp-json\/wp\/v2\/types\/post"}],"author":[{"embeddable":true,"href":"http:\/\/www.minhidrocarburos.gob.ve\/index.php\/wp-json\/wp\/v2\/users\/1"}],"replies":[{"embeddable":true,"href":"http:\/\/www.minhidrocarburos.gob.ve\/index.php\/wp-json\/wp\/v2\/comments?post=369"}],"version-history":[{"count":1,"href":"http:\/\/www.minhidrocarburos.gob.ve\/index.php\/wp-json\/wp\/v2\/posts\/369\/revisions"}],"predecessor-version":[{"id":370,"href":"http:\/\/www.minhidrocarburos.gob.ve\/index.php\/wp-json\/wp\/v2\/posts\/369\/revisions\/370"}],"wp:featuredmedia":[{"embeddable":true,"href":"http:\/\/www.minhidrocarburos.gob.ve\/index.php\/wp-json\/wp\/v2\/media\/371"}],"wp:attachment":[{"href":"http:\/\/www.minhidrocarburos.gob.ve\/index.php\/wp-json\/wp\/v2\/media?parent=369"}],"wp:term":[{"taxonomy":"category","embeddable":true,"href":"http:\/\/www.minhidrocarburos.gob.ve\/index.php\/wp-json\/wp\/v2\/categories?post=369"},{"taxonomy":"post_tag","embeddable":true,"href":"http:\/\/www.minhidrocarburos.gob.ve\/index.php\/wp-json\/wp\/v2\/tags?post=369"}],"curies":[{"name":"wp","href":"https:\/\/api.w.org\/{rel}","templated":true}]}}