

{"id":3776,"date":"2025-03-11T23:51:50","date_gmt":"2025-03-12T03:51:50","guid":{"rendered":"http:\/\/www.minhidrocarburos.gob.ve\/?p=3776"},"modified":"2025-03-12T00:08:03","modified_gmt":"2025-03-12T04:08:03","slug":"sector-hidrocarburos-anuncia-crecimiento-sostenido-de-la-produccion-de-asfalto","status":"publish","type":"post","link":"http:\/\/www.minhidrocarburos.gob.ve\/index.php\/2025\/03\/11\/sector-hidrocarburos-anuncia-crecimiento-sostenido-de-la-produccion-de-asfalto\/","title":{"rendered":"Sector Hidrocarburos anuncia crecimiento sostenido de la producci\u00f3n de asfalto"},"content":{"rendered":"\n<p><strong>Caracas , 11 de marzo de 2025.- <\/strong>Durante el anuncio de la activaci\u00f3n del Motor Hidrocarburos por parte del presidente Nicol\u00e1s Maduro este martes desde la Sala de Reuniones del Ministerio del Poder Popular de Hidrocarburos, trabajadores del Complejo de Refinaci\u00f3n Paraguan\u00e1 (CRP) \u2013 en pase en vivo con el mandatario \u2013 reportaron el crecimiento sostenido de la producci\u00f3n, abastecimiento y exportaci\u00f3n de asfalto.<\/p>\n\n\n\n<p>Eleazar Soriano, gerente general del CRP, sostuvo que la industria petrolera alcanz\u00f3 una cifra de 600 mil barriles de asfalto exportados en febrero de 2025.<\/p>\n\n\n\n<p>El Primer Mandatario ampli\u00f3: \u00abVenimos de 150 mil barriles de asfalto por mes en el 2024, estamos llegando a 600 mil barriles (\u2026) y la meta es de 850 mil barriles mes de asfalto para el \u00faltimo trimestre de 2025\u00bb, lo cual garantiza renovar y ampliar las inversiones, adem\u00e1s de sostener una producci\u00f3n suficiente y de calidad para el pa\u00eds y para quienes lo necesiten en el mundo.<\/p>\n\n\n\n<p>En este sentido, el Jefe de Estado explic\u00f3 que Venezuela vuelve a recuperar su espacio como gran productor de asfalto y calific\u00f3 de admirable la moral, la confianza y el patriotismo de los trabajadores de la clase obrera del sector Hidrocarburos.<\/p>\n\n\n\n<p>El presidente estuvo acompa\u00f1ado por la ministra de la cartera de Hidrocarburos, Delcy Rodr\u00edguez y sus viceministros, as\u00ed como de los ministros de Econom\u00eda e Industrias y la junta directiva de Pdvsa.<\/p>\n\n\n<style>.kadence-column3776_8a25fc-5f > .kt-inside-inner-col,.kadence-column3776_8a25fc-5f > .kt-inside-inner-col:before{border-top-left-radius:0px;border-top-right-radius:0px;border-bottom-right-radius:0px;border-bottom-left-radius:0px;}.kadence-column3776_8a25fc-5f > .kt-inside-inner-col{column-gap:var(--global-kb-gap-sm, 1rem);}.kadence-column3776_8a25fc-5f > .kt-inside-inner-col{flex-direction:column;}.kadence-column3776_8a25fc-5f > .kt-inside-inner-col > .aligncenter{width:100%;}.kadence-column3776_8a25fc-5f > .kt-inside-inner-col:before{opacity:0.3;}.kadence-column3776_8a25fc-5f{position:relative;}@media all and (max-width: 1024px){.kadence-column3776_8a25fc-5f > .kt-inside-inner-col{flex-direction:column;justify-content:center;}}@media all and (max-width: 767px){.kadence-column3776_8a25fc-5f > .kt-inside-inner-col{flex-direction:column;justify-content:center;}}<\/style>\n<div class=\"wp-block-kadence-column kadence-column3776_8a25fc-5f\"><div class=\"kt-inside-inner-col\"><\/div><\/div>\n\n\n\n<div class=\"wp-block-columns is-layout-flex wp-container-core-columns-is-layout-9d6595d7 wp-block-columns-is-layout-flex\">\n<div class=\"wp-block-column is-layout-flow wp-block-column-is-layout-flow\">\n<figure class=\"wp-block-image size-large\"><img loading=\"lazy\" decoding=\"async\" width=\"1024\" height=\"741\" src=\"http:\/\/www.minhidrocarburos.gob.ve\/wp-content\/uploads\/2025\/03\/HIDROCARBUROS-4-1024x741.jpg\" alt=\"\" class=\"wp-image-3777\" srcset=\"http:\/\/www.minhidrocarburos.gob.ve\/wp-content\/uploads\/2025\/03\/HIDROCARBUROS-4-1024x741.jpg 1024w, http:\/\/www.minhidrocarburos.gob.ve\/wp-content\/uploads\/2025\/03\/HIDROCARBUROS-4-300x217.jpg 300w, http:\/\/www.minhidrocarburos.gob.ve\/wp-content\/uploads\/2025\/03\/HIDROCARBUROS-4-768x555.jpg 768w, http:\/\/www.minhidrocarburos.gob.ve\/wp-content\/uploads\/2025\/03\/HIDROCARBUROS-4.jpg 1080w\" sizes=\"auto, (max-width: 1024px) 100vw, 1024px\" \/><\/figure>\n<\/div>\n\n\n\n<div class=\"wp-block-column is-layout-flow wp-block-column-is-layout-flow\">\n<figure class=\"wp-block-image size-large\"><img loading=\"lazy\" decoding=\"async\" width=\"1024\" height=\"683\" src=\"http:\/\/www.minhidrocarburos.gob.ve\/wp-content\/uploads\/2025\/03\/MOTOR-HIDROCARBUROS-2-1024x683.jpg\" alt=\"\" class=\"wp-image-3778\" srcset=\"http:\/\/www.minhidrocarburos.gob.ve\/wp-content\/uploads\/2025\/03\/MOTOR-HIDROCARBUROS-2-1024x683.jpg 1024w, http:\/\/www.minhidrocarburos.gob.ve\/wp-content\/uploads\/2025\/03\/MOTOR-HIDROCARBUROS-2-300x200.jpg 300w, http:\/\/www.minhidrocarburos.gob.ve\/wp-content\/uploads\/2025\/03\/MOTOR-HIDROCARBUROS-2-768x512.jpg 768w, http:\/\/www.minhidrocarburos.gob.ve\/wp-content\/uploads\/2025\/03\/MOTOR-HIDROCARBUROS-2-930x620.jpg 930w, http:\/\/www.minhidrocarburos.gob.ve\/wp-content\/uploads\/2025\/03\/MOTOR-HIDROCARBUROS-2.jpg 1080w\" sizes=\"auto, (max-width: 1024px) 100vw, 1024px\" \/><\/figure>\n<\/div>\n\n\n\n<div class=\"wp-block-column is-layout-flow wp-block-column-is-layout-flow\">\n<figure class=\"wp-block-image size-large\"><img loading=\"lazy\" decoding=\"async\" width=\"1024\" height=\"744\" src=\"http:\/\/www.minhidrocarburos.gob.ve\/wp-content\/uploads\/2025\/03\/HIDROCARBUROS-3-1024x744.jpg\" alt=\"\" class=\"wp-image-3779\" srcset=\"http:\/\/www.minhidrocarburos.gob.ve\/wp-content\/uploads\/2025\/03\/HIDROCARBUROS-3-1024x744.jpg 1024w, http:\/\/www.minhidrocarburos.gob.ve\/wp-content\/uploads\/2025\/03\/HIDROCARBUROS-3-300x218.jpg 300w, http:\/\/www.minhidrocarburos.gob.ve\/wp-content\/uploads\/2025\/03\/HIDROCARBUROS-3-768x558.jpg 768w, http:\/\/www.minhidrocarburos.gob.ve\/wp-content\/uploads\/2025\/03\/HIDROCARBUROS-3.jpg 1080w\" sizes=\"auto, (max-width: 1024px) 100vw, 1024px\" \/><\/figure>\n<\/div>\n<\/div>\n\n\n\n<p><\/p>\n","protected":false},"excerpt":{"rendered":"<p>Caracas , 11 de marzo de 2025.- Durante el anuncio de la activaci\u00f3n del Motor Hidrocarburos por parte del presidente Nicol\u00e1s Maduro este martes desde la Sala de Reuniones del Ministerio del Poder Popular de Hidrocarburos, trabajadores del Complejo de Refinaci\u00f3n Paraguan\u00e1 (CRP) \u2013 en pase en vivo con el mandatario \u2013 reportaron el crecimiento&hellip;&nbsp;<a href=\"http:\/\/www.minhidrocarburos.gob.ve\/index.php\/2025\/03\/11\/sector-hidrocarburos-anuncia-crecimiento-sostenido-de-la-produccion-de-asfalto\/\" rel=\"bookmark\">Leer m\u00e1s &raquo;<span class=\"screen-reader-text\">Sector Hidrocarburos anuncia crecimiento sostenido de la producci\u00f3n de asfalto<\/span><\/a><\/p>\n","protected":false},"author":3,"featured_media":3780,"comment_status":"closed","ping_status":"closed","sticky":false,"template":"","format":"standard","meta":{"_editorskit_title_hidden":false,"_editorskit_reading_time":0,"_editorskit_is_block_options_detached":false,"_editorskit_block_options_position":"{}","neve_meta_sidebar":"","neve_meta_container":"","neve_meta_enable_content_width":"","neve_meta_content_width":0,"neve_meta_title_alignment":"","neve_meta_author_avatar":"","neve_post_elements_order":"","neve_meta_disable_header":"","neve_meta_disable_footer":"","neve_meta_disable_title":"","footnotes":""},"categories":[127,122,128],"tags":[],"class_list":["post-3776","post","type-post","status-publish","format-standard","has-post-thumbnail","hentry","category-noticias-2025","category-noticias_slider_24","category-noticias_slider_25"],"yoast_head":"<!-- This site is optimized with the Yoast SEO plugin v27.2 - https:\/\/yoast.com\/product\/yoast-seo-wordpress\/ -->\n<title>Sector Hidrocarburos anuncia crecimiento sostenido de la producci\u00f3n de asfalto - MinHidrocarburos<\/title>\n<meta name=\"robots\" content=\"index, follow, max-snippet:-1, max-image-preview:large, max-video-preview:-1\" \/>\n<link rel=\"canonical\" href=\"http:\/\/www.minhidrocarburos.gob.ve\/index.php\/2025\/03\/11\/sector-hidrocarburos-anuncia-crecimiento-sostenido-de-la-produccion-de-asfalto\/\" \/>\n<meta property=\"og:locale\" content=\"es_ES\" \/>\n<meta property=\"og:type\" content=\"article\" \/>\n<meta property=\"og:title\" content=\"Sector Hidrocarburos anuncia crecimiento sostenido de la producci\u00f3n de asfalto - MinHidrocarburos\" \/>\n<meta property=\"og:description\" content=\"Caracas , 11 de marzo de 2025.- Durante el anuncio de la activaci\u00f3n del Motor Hidrocarburos por parte del presidente Nicol\u00e1s Maduro este martes desde la Sala de Reuniones del Ministerio del Poder Popular de Hidrocarburos, trabajadores del Complejo de Refinaci\u00f3n Paraguan\u00e1 (CRP) \u2013 en pase en vivo con el mandatario \u2013 reportaron el crecimiento&hellip;&nbsp;Leer m\u00e1s &raquo;Sector Hidrocarburos anuncia crecimiento sostenido de la producci\u00f3n de asfalto\" \/>\n<meta property=\"og:url\" content=\"http:\/\/www.minhidrocarburos.gob.ve\/index.php\/2025\/03\/11\/sector-hidrocarburos-anuncia-crecimiento-sostenido-de-la-produccion-de-asfalto\/\" \/>\n<meta property=\"og:site_name\" content=\"MinHidrocarburos\" \/>\n<meta property=\"article:published_time\" content=\"2025-03-12T03:51:50+00:00\" \/>\n<meta property=\"article:modified_time\" content=\"2025-03-12T04:08:03+00:00\" \/>\n<meta property=\"og:image\" content=\"http:\/\/www.minhidrocarburos.gob.ve\/wp-content\/uploads\/2025\/03\/MOTOR-HIDROCARBUROS-1.jpg\" \/>\n\t<meta property=\"og:image:width\" content=\"1080\" \/>\n\t<meta property=\"og:image:height\" content=\"720\" \/>\n\t<meta property=\"og:image:type\" content=\"image\/jpeg\" \/>\n<meta name=\"author\" content=\"Yamila Cede\u00f1o\" \/>\n<meta name=\"twitter:card\" content=\"summary_large_image\" \/>\n<meta name=\"twitter:label1\" content=\"Escrito por\" \/>\n\t<meta name=\"twitter:data1\" content=\"Yamila Cede\u00f1o\" \/>\n\t<meta name=\"twitter:label2\" content=\"Tiempo de lectura\" \/>\n\t<meta name=\"twitter:data2\" content=\"2 minutos\" \/>\n<script type=\"application\/ld+json\" class=\"yoast-schema-graph\">{\"@context\":\"https:\/\/schema.org\",\"@graph\":[{\"@type\":\"Article\",\"@id\":\"http:\/\/www.minhidrocarburos.gob.ve\/index.php\/2025\/03\/11\/sector-hidrocarburos-anuncia-crecimiento-sostenido-de-la-produccion-de-asfalto\/#article\",\"isPartOf\":{\"@id\":\"http:\/\/www.minhidrocarburos.gob.ve\/index.php\/2025\/03\/11\/sector-hidrocarburos-anuncia-crecimiento-sostenido-de-la-produccion-de-asfalto\/\"},\"author\":{\"name\":\"Yamila Cede\u00f1o\",\"@id\":\"http:\/\/www.minhidrocarburos.gob.ve\/#\/schema\/person\/45f3e73f85859d075f206f4e4ec72253\"},\"headline\":\"Sector Hidrocarburos anuncia crecimiento sostenido de la producci\u00f3n de asfalto\",\"datePublished\":\"2025-03-12T03:51:50+00:00\",\"dateModified\":\"2025-03-12T04:08:03+00:00\",\"mainEntityOfPage\":{\"@id\":\"http:\/\/www.minhidrocarburos.gob.ve\/index.php\/2025\/03\/11\/sector-hidrocarburos-anuncia-crecimiento-sostenido-de-la-produccion-de-asfalto\/\"},\"wordCount\":240,\"publisher\":{\"@id\":\"http:\/\/www.minhidrocarburos.gob.ve\/#organization\"},\"image\":{\"@id\":\"http:\/\/www.minhidrocarburos.gob.ve\/index.php\/2025\/03\/11\/sector-hidrocarburos-anuncia-crecimiento-sostenido-de-la-produccion-de-asfalto\/#primaryimage\"},\"thumbnailUrl\":\"http:\/\/www.minhidrocarburos.gob.ve\/wp-content\/uploads\/2025\/03\/MOTOR-HIDROCARBUROS-1.jpg\",\"articleSection\":[\"Noticias 2025\",\"Noticias_Slider_24\",\"Noticias_Slider_25\"],\"inLanguage\":\"es\"},{\"@type\":\"WebPage\",\"@id\":\"http:\/\/www.minhidrocarburos.gob.ve\/index.php\/2025\/03\/11\/sector-hidrocarburos-anuncia-crecimiento-sostenido-de-la-produccion-de-asfalto\/\",\"url\":\"http:\/\/www.minhidrocarburos.gob.ve\/index.php\/2025\/03\/11\/sector-hidrocarburos-anuncia-crecimiento-sostenido-de-la-produccion-de-asfalto\/\",\"name\":\"Sector Hidrocarburos anuncia crecimiento sostenido de la producci\u00f3n de asfalto - MinHidrocarburos\",\"isPartOf\":{\"@id\":\"http:\/\/www.minhidrocarburos.gob.ve\/#website\"},\"primaryImageOfPage\":{\"@id\":\"http:\/\/www.minhidrocarburos.gob.ve\/index.php\/2025\/03\/11\/sector-hidrocarburos-anuncia-crecimiento-sostenido-de-la-produccion-de-asfalto\/#primaryimage\"},\"image\":{\"@id\":\"http:\/\/www.minhidrocarburos.gob.ve\/index.php\/2025\/03\/11\/sector-hidrocarburos-anuncia-crecimiento-sostenido-de-la-produccion-de-asfalto\/#primaryimage\"},\"thumbnailUrl\":\"http:\/\/www.minhidrocarburos.gob.ve\/wp-content\/uploads\/2025\/03\/MOTOR-HIDROCARBUROS-1.jpg\",\"datePublished\":\"2025-03-12T03:51:50+00:00\",\"dateModified\":\"2025-03-12T04:08:03+00:00\",\"inLanguage\":\"es\",\"potentialAction\":[{\"@type\":\"ReadAction\",\"target\":[\"http:\/\/www.minhidrocarburos.gob.ve\/index.php\/2025\/03\/11\/sector-hidrocarburos-anuncia-crecimiento-sostenido-de-la-produccion-de-asfalto\/\"]}]},{\"@type\":\"ImageObject\",\"inLanguage\":\"es\",\"@id\":\"http:\/\/www.minhidrocarburos.gob.ve\/index.php\/2025\/03\/11\/sector-hidrocarburos-anuncia-crecimiento-sostenido-de-la-produccion-de-asfalto\/#primaryimage\",\"url\":\"http:\/\/www.minhidrocarburos.gob.ve\/wp-content\/uploads\/2025\/03\/MOTOR-HIDROCARBUROS-1.jpg\",\"contentUrl\":\"http:\/\/www.minhidrocarburos.gob.ve\/wp-content\/uploads\/2025\/03\/MOTOR-HIDROCARBUROS-1.jpg\",\"width\":1080,\"height\":720},{\"@type\":\"WebSite\",\"@id\":\"http:\/\/www.minhidrocarburos.gob.ve\/#website\",\"url\":\"http:\/\/www.minhidrocarburos.gob.ve\/\",\"name\":\"Minhidrocarburos\",\"description\":\"Regulaci\u00f3n, formulaci\u00f3n y seguimiento de pol\u00edticas; la planificaci\u00f3n, realizaci\u00f3n y fiscalizaci\u00f3n en materia de hidrocarburos\",\"publisher\":{\"@id\":\"http:\/\/www.minhidrocarburos.gob.ve\/#organization\"},\"potentialAction\":[{\"@type\":\"SearchAction\",\"target\":{\"@type\":\"EntryPoint\",\"urlTemplate\":\"http:\/\/www.minhidrocarburos.gob.ve\/?s={search_term_string}\"},\"query-input\":{\"@type\":\"PropertyValueSpecification\",\"valueRequired\":true,\"valueName\":\"search_term_string\"}}],\"inLanguage\":\"es\"},{\"@type\":\"Organization\",\"@id\":\"http:\/\/www.minhidrocarburos.gob.ve\/#organization\",\"name\":\"Ministerio del Poder Popular de Hidrocarburos\",\"url\":\"http:\/\/www.minhidrocarburos.gob.ve\/\",\"logo\":{\"@type\":\"ImageObject\",\"inLanguage\":\"es\",\"@id\":\"http:\/\/www.minhidrocarburos.gob.ve\/#\/schema\/logo\/image\/\",\"url\":\"http:\/\/www.minhidrocarburos.gob.ve\/wp-content\/uploads\/2024\/12\/Ministerio_de_Hidrocarburos.png\",\"contentUrl\":\"http:\/\/www.minhidrocarburos.gob.ve\/wp-content\/uploads\/2024\/12\/Ministerio_de_Hidrocarburos.png\",\"width\":2320,\"height\":324,\"caption\":\"Ministerio del Poder Popular de Hidrocarburos\"},\"image\":{\"@id\":\"http:\/\/www.minhidrocarburos.gob.ve\/#\/schema\/logo\/image\/\"}},{\"@type\":\"Person\",\"@id\":\"http:\/\/www.minhidrocarburos.gob.ve\/#\/schema\/person\/45f3e73f85859d075f206f4e4ec72253\",\"name\":\"Yamila Cede\u00f1o\",\"image\":{\"@type\":\"ImageObject\",\"inLanguage\":\"es\",\"@id\":\"https:\/\/secure.gravatar.com\/avatar\/5ce7432a71fd15f8da67f4a51982621c46498e302f54aebf2efb094a0ae48550?s=96&d=mm&r=g\",\"url\":\"https:\/\/secure.gravatar.com\/avatar\/5ce7432a71fd15f8da67f4a51982621c46498e302f54aebf2efb094a0ae48550?s=96&d=mm&r=g\",\"contentUrl\":\"https:\/\/secure.gravatar.com\/avatar\/5ce7432a71fd15f8da67f4a51982621c46498e302f54aebf2efb094a0ae48550?s=96&d=mm&r=g\",\"caption\":\"Yamila Cede\u00f1o\"},\"url\":\"http:\/\/www.minhidrocarburos.gob.ve\/index.php\/author\/ycedeno\/\"}]}<\/script>\n<!-- \/ Yoast SEO plugin. -->","yoast_head_json":{"title":"Sector Hidrocarburos anuncia crecimiento sostenido de la producci\u00f3n de asfalto - MinHidrocarburos","robots":{"index":"index","follow":"follow","max-snippet":"max-snippet:-1","max-image-preview":"max-image-preview:large","max-video-preview":"max-video-preview:-1"},"canonical":"http:\/\/www.minhidrocarburos.gob.ve\/index.php\/2025\/03\/11\/sector-hidrocarburos-anuncia-crecimiento-sostenido-de-la-produccion-de-asfalto\/","og_locale":"es_ES","og_type":"article","og_title":"Sector Hidrocarburos anuncia crecimiento sostenido de la producci\u00f3n de asfalto - MinHidrocarburos","og_description":"Caracas , 11 de marzo de 2025.- Durante el anuncio de la activaci\u00f3n del Motor Hidrocarburos por parte del presidente Nicol\u00e1s Maduro este martes desde la Sala de Reuniones del Ministerio del Poder Popular de Hidrocarburos, trabajadores del Complejo de Refinaci\u00f3n Paraguan\u00e1 (CRP) \u2013 en pase en vivo con el mandatario \u2013 reportaron el crecimiento&hellip;&nbsp;Leer m\u00e1s &raquo;Sector Hidrocarburos anuncia crecimiento sostenido de la producci\u00f3n de asfalto","og_url":"http:\/\/www.minhidrocarburos.gob.ve\/index.php\/2025\/03\/11\/sector-hidrocarburos-anuncia-crecimiento-sostenido-de-la-produccion-de-asfalto\/","og_site_name":"MinHidrocarburos","article_published_time":"2025-03-12T03:51:50+00:00","article_modified_time":"2025-03-12T04:08:03+00:00","og_image":[{"width":1080,"height":720,"url":"http:\/\/www.minhidrocarburos.gob.ve\/wp-content\/uploads\/2025\/03\/MOTOR-HIDROCARBUROS-1.jpg","type":"image\/jpeg"}],"author":"Yamila Cede\u00f1o","twitter_card":"summary_large_image","twitter_misc":{"Escrito por":"Yamila Cede\u00f1o","Tiempo de lectura":"2 minutos"},"schema":{"@context":"https:\/\/schema.org","@graph":[{"@type":"Article","@id":"http:\/\/www.minhidrocarburos.gob.ve\/index.php\/2025\/03\/11\/sector-hidrocarburos-anuncia-crecimiento-sostenido-de-la-produccion-de-asfalto\/#article","isPartOf":{"@id":"http:\/\/www.minhidrocarburos.gob.ve\/index.php\/2025\/03\/11\/sector-hidrocarburos-anuncia-crecimiento-sostenido-de-la-produccion-de-asfalto\/"},"author":{"name":"Yamila Cede\u00f1o","@id":"http:\/\/www.minhidrocarburos.gob.ve\/#\/schema\/person\/45f3e73f85859d075f206f4e4ec72253"},"headline":"Sector Hidrocarburos anuncia crecimiento sostenido de la producci\u00f3n de asfalto","datePublished":"2025-03-12T03:51:50+00:00","dateModified":"2025-03-12T04:08:03+00:00","mainEntityOfPage":{"@id":"http:\/\/www.minhidrocarburos.gob.ve\/index.php\/2025\/03\/11\/sector-hidrocarburos-anuncia-crecimiento-sostenido-de-la-produccion-de-asfalto\/"},"wordCount":240,"publisher":{"@id":"http:\/\/www.minhidrocarburos.gob.ve\/#organization"},"image":{"@id":"http:\/\/www.minhidrocarburos.gob.ve\/index.php\/2025\/03\/11\/sector-hidrocarburos-anuncia-crecimiento-sostenido-de-la-produccion-de-asfalto\/#primaryimage"},"thumbnailUrl":"http:\/\/www.minhidrocarburos.gob.ve\/wp-content\/uploads\/2025\/03\/MOTOR-HIDROCARBUROS-1.jpg","articleSection":["Noticias 2025","Noticias_Slider_24","Noticias_Slider_25"],"inLanguage":"es"},{"@type":"WebPage","@id":"http:\/\/www.minhidrocarburos.gob.ve\/index.php\/2025\/03\/11\/sector-hidrocarburos-anuncia-crecimiento-sostenido-de-la-produccion-de-asfalto\/","url":"http:\/\/www.minhidrocarburos.gob.ve\/index.php\/2025\/03\/11\/sector-hidrocarburos-anuncia-crecimiento-sostenido-de-la-produccion-de-asfalto\/","name":"Sector Hidrocarburos anuncia crecimiento sostenido de la producci\u00f3n de asfalto - MinHidrocarburos","isPartOf":{"@id":"http:\/\/www.minhidrocarburos.gob.ve\/#website"},"primaryImageOfPage":{"@id":"http:\/\/www.minhidrocarburos.gob.ve\/index.php\/2025\/03\/11\/sector-hidrocarburos-anuncia-crecimiento-sostenido-de-la-produccion-de-asfalto\/#primaryimage"},"image":{"@id":"http:\/\/www.minhidrocarburos.gob.ve\/index.php\/2025\/03\/11\/sector-hidrocarburos-anuncia-crecimiento-sostenido-de-la-produccion-de-asfalto\/#primaryimage"},"thumbnailUrl":"http:\/\/www.minhidrocarburos.gob.ve\/wp-content\/uploads\/2025\/03\/MOTOR-HIDROCARBUROS-1.jpg","datePublished":"2025-03-12T03:51:50+00:00","dateModified":"2025-03-12T04:08:03+00:00","inLanguage":"es","potentialAction":[{"@type":"ReadAction","target":["http:\/\/www.minhidrocarburos.gob.ve\/index.php\/2025\/03\/11\/sector-hidrocarburos-anuncia-crecimiento-sostenido-de-la-produccion-de-asfalto\/"]}]},{"@type":"ImageObject","inLanguage":"es","@id":"http:\/\/www.minhidrocarburos.gob.ve\/index.php\/2025\/03\/11\/sector-hidrocarburos-anuncia-crecimiento-sostenido-de-la-produccion-de-asfalto\/#primaryimage","url":"http:\/\/www.minhidrocarburos.gob.ve\/wp-content\/uploads\/2025\/03\/MOTOR-HIDROCARBUROS-1.jpg","contentUrl":"http:\/\/www.minhidrocarburos.gob.ve\/wp-content\/uploads\/2025\/03\/MOTOR-HIDROCARBUROS-1.jpg","width":1080,"height":720},{"@type":"WebSite","@id":"http:\/\/www.minhidrocarburos.gob.ve\/#website","url":"http:\/\/www.minhidrocarburos.gob.ve\/","name":"Minhidrocarburos","description":"Regulaci\u00f3n, formulaci\u00f3n y seguimiento de pol\u00edticas; la planificaci\u00f3n, realizaci\u00f3n y fiscalizaci\u00f3n en materia de hidrocarburos","publisher":{"@id":"http:\/\/www.minhidrocarburos.gob.ve\/#organization"},"potentialAction":[{"@type":"SearchAction","target":{"@type":"EntryPoint","urlTemplate":"http:\/\/www.minhidrocarburos.gob.ve\/?s={search_term_string}"},"query-input":{"@type":"PropertyValueSpecification","valueRequired":true,"valueName":"search_term_string"}}],"inLanguage":"es"},{"@type":"Organization","@id":"http:\/\/www.minhidrocarburos.gob.ve\/#organization","name":"Ministerio del Poder Popular de Hidrocarburos","url":"http:\/\/www.minhidrocarburos.gob.ve\/","logo":{"@type":"ImageObject","inLanguage":"es","@id":"http:\/\/www.minhidrocarburos.gob.ve\/#\/schema\/logo\/image\/","url":"http:\/\/www.minhidrocarburos.gob.ve\/wp-content\/uploads\/2024\/12\/Ministerio_de_Hidrocarburos.png","contentUrl":"http:\/\/www.minhidrocarburos.gob.ve\/wp-content\/uploads\/2024\/12\/Ministerio_de_Hidrocarburos.png","width":2320,"height":324,"caption":"Ministerio del Poder Popular de Hidrocarburos"},"image":{"@id":"http:\/\/www.minhidrocarburos.gob.ve\/#\/schema\/logo\/image\/"}},{"@type":"Person","@id":"http:\/\/www.minhidrocarburos.gob.ve\/#\/schema\/person\/45f3e73f85859d075f206f4e4ec72253","name":"Yamila Cede\u00f1o","image":{"@type":"ImageObject","inLanguage":"es","@id":"https:\/\/secure.gravatar.com\/avatar\/5ce7432a71fd15f8da67f4a51982621c46498e302f54aebf2efb094a0ae48550?s=96&d=mm&r=g","url":"https:\/\/secure.gravatar.com\/avatar\/5ce7432a71fd15f8da67f4a51982621c46498e302f54aebf2efb094a0ae48550?s=96&d=mm&r=g","contentUrl":"https:\/\/secure.gravatar.com\/avatar\/5ce7432a71fd15f8da67f4a51982621c46498e302f54aebf2efb094a0ae48550?s=96&d=mm&r=g","caption":"Yamila Cede\u00f1o"},"url":"http:\/\/www.minhidrocarburos.gob.ve\/index.php\/author\/ycedeno\/"}]}},"_links":{"self":[{"href":"http:\/\/www.minhidrocarburos.gob.ve\/index.php\/wp-json\/wp\/v2\/posts\/3776","targetHints":{"allow":["GET"]}}],"collection":[{"href":"http:\/\/www.minhidrocarburos.gob.ve\/index.php\/wp-json\/wp\/v2\/posts"}],"about":[{"href":"http:\/\/www.minhidrocarburos.gob.ve\/index.php\/wp-json\/wp\/v2\/types\/post"}],"author":[{"embeddable":true,"href":"http:\/\/www.minhidrocarburos.gob.ve\/index.php\/wp-json\/wp\/v2\/users\/3"}],"replies":[{"embeddable":true,"href":"http:\/\/www.minhidrocarburos.gob.ve\/index.php\/wp-json\/wp\/v2\/comments?post=3776"}],"version-history":[{"count":7,"href":"http:\/\/www.minhidrocarburos.gob.ve\/index.php\/wp-json\/wp\/v2\/posts\/3776\/revisions"}],"predecessor-version":[{"id":3787,"href":"http:\/\/www.minhidrocarburos.gob.ve\/index.php\/wp-json\/wp\/v2\/posts\/3776\/revisions\/3787"}],"wp:featuredmedia":[{"embeddable":true,"href":"http:\/\/www.minhidrocarburos.gob.ve\/index.php\/wp-json\/wp\/v2\/media\/3780"}],"wp:attachment":[{"href":"http:\/\/www.minhidrocarburos.gob.ve\/index.php\/wp-json\/wp\/v2\/media?parent=3776"}],"wp:term":[{"taxonomy":"category","embeddable":true,"href":"http:\/\/www.minhidrocarburos.gob.ve\/index.php\/wp-json\/wp\/v2\/categories?post=3776"},{"taxonomy":"post_tag","embeddable":true,"href":"http:\/\/www.minhidrocarburos.gob.ve\/index.php\/wp-json\/wp\/v2\/tags?post=3776"}],"curies":[{"name":"wp","href":"https:\/\/api.w.org\/{rel}","templated":true}]}}