

{"id":3820,"date":"2025-03-18T23:19:06","date_gmt":"2025-03-19T03:19:06","guid":{"rendered":"http:\/\/www.minhidrocarburos.gob.ve\/?p=3820"},"modified":"2025-03-18T23:19:07","modified_gmt":"2025-03-19T03:19:07","slug":"la-fuerza-laboral-del-sector-hidrocarburos-marcha-en-defensa-de-los-migrantes-venezolanos","status":"publish","type":"post","link":"http:\/\/www.minhidrocarburos.gob.ve\/index.php\/2025\/03\/18\/la-fuerza-laboral-del-sector-hidrocarburos-marcha-en-defensa-de-los-migrantes-venezolanos\/","title":{"rendered":"La fuerza laboral del sector hidrocarburos marcha en defensa de los migrantes venezolanos"},"content":{"rendered":"\n<p><strong>Caracas, 18 de marzo.-<\/strong> Los trabajadores del Ministerio de Hidrocarburos mostraron su compromiso con los venezolanos que han sido afectados por los abusos del Gobierno de EE.UU. a ra\u00edz de la aplicaci\u00f3n de la anacr\u00f3nica Ley de Enemigos Extranjeros de 1798.<\/p>\n\n\n\n<p>Este martes, la fuerza laboral petrolera, petroqu\u00edmica y gas\u00edfera se uni\u00f3 a la Gran Marcha en Defensa de Nuestros Migrantes, recorriendo las calles de Caracas para manifestar en contra del secuestro injustificado de los migrantes hacia la prisi\u00f3n Cecot en El Salvador.<\/p>\n\n\n\n<p>Con muestras de apoyo, los trabajadores exigieron el respeto a la seguridad e integridad de nuestros compatriotas rechazando las pol\u00edticas que atentan en contra de sus derechos humanos.<\/p>\n\n\n\n<p>Entre los presentes en la movilizaci\u00f3n, el trabajador de la Oficina de Gesti\u00f3n Administrativa, Oscar Ortegano declar\u00f3 que, \u00abel calificar a todos los venezolanos como criminales es un acto de supremac\u00eda fascista. Nosotros como hermanos debemos protestar ante el mundo esta situaci\u00f3n\u00bb.<\/p>\n\n\n\n<p>Asimismo, Johan Chataing perteneciente al Viceministerio de Petr\u00f3leo, expres\u00f3 que \u00abhoy los trabajadores de la industria se encuentran en las calles marchando y atendiendo al llamado de nuestro presidente Nicol\u00e1s Maduro, visibilizando esta situaci\u00f3n para que ninguna medida contraria a nuestro pueblo quede impune\u00bb. En este sentido, su compa\u00f1ero Aldo Jos\u00e9 Mejias se\u00f1al\u00f3 que \u00abes deber de los venezolanos, con esfuerzo, trabajo y disciplina, mostrar que no somos un pueblo de criminales, ni de presos\u00bb.<\/p>\n\n\n\n<p>Por su parte, la ministra @delcyrodriguezv quien estuvo presente defendiendo los derechos de los migrantes, afirm\u00f3 que \u00abVenezuela exige acceso inmediato a la informaci\u00f3n de esos migrantes que fueron injustas e ilegalmente deportados\u00bb. \u00abVamos a protestar y no vamos a descansar hasta que nuestro \u00faltimo migrante regrese\u00bb, agreg\u00f3.<\/p>\n\n\n<style>.kadence-column3820_2bf95d-18 > .kt-inside-inner-col,.kadence-column3820_2bf95d-18 > .kt-inside-inner-col:before{border-top-left-radius:0px;border-top-right-radius:0px;border-bottom-right-radius:0px;border-bottom-left-radius:0px;}.kadence-column3820_2bf95d-18 > .kt-inside-inner-col{column-gap:var(--global-kb-gap-sm, 1rem);}.kadence-column3820_2bf95d-18 > .kt-inside-inner-col{flex-direction:column;}.kadence-column3820_2bf95d-18 > .kt-inside-inner-col > .aligncenter{width:100%;}.kadence-column3820_2bf95d-18 > .kt-inside-inner-col:before{opacity:0.3;}.kadence-column3820_2bf95d-18{position:relative;}@media all and (max-width: 1024px){.kadence-column3820_2bf95d-18 > .kt-inside-inner-col{flex-direction:column;justify-content:center;}}@media all and (max-width: 767px){.kadence-column3820_2bf95d-18 > .kt-inside-inner-col{flex-direction:column;justify-content:center;}}<\/style>\n<div class=\"wp-block-kadence-column kadence-column3820_2bf95d-18\"><div class=\"kt-inside-inner-col\"><\/div><\/div>\n\n\n\n<div class=\"wp-block-columns is-layout-flex wp-container-core-columns-is-layout-9d6595d7 wp-block-columns-is-layout-flex\">\n<div class=\"wp-block-column is-layout-flow wp-block-column-is-layout-flow\">\n<figure class=\"wp-block-image size-large\"><img loading=\"lazy\" decoding=\"async\" width=\"1024\" height=\"576\" src=\"http:\/\/www.minhidrocarburos.gob.ve\/wp-content\/uploads\/2025\/03\/marcha-2-1024x576.jpg\" alt=\"\" class=\"wp-image-3821\" srcset=\"http:\/\/www.minhidrocarburos.gob.ve\/wp-content\/uploads\/2025\/03\/marcha-2-1024x576.jpg 1024w, http:\/\/www.minhidrocarburos.gob.ve\/wp-content\/uploads\/2025\/03\/marcha-2-300x169.jpg 300w, http:\/\/www.minhidrocarburos.gob.ve\/wp-content\/uploads\/2025\/03\/marcha-2-768x432.jpg 768w, http:\/\/www.minhidrocarburos.gob.ve\/wp-content\/uploads\/2025\/03\/marcha-2-1536x865.jpg 1536w, http:\/\/www.minhidrocarburos.gob.ve\/wp-content\/uploads\/2025\/03\/marcha-2-2048x1153.jpg 2048w\" sizes=\"auto, (max-width: 1024px) 100vw, 1024px\" \/><\/figure>\n<\/div>\n\n\n\n<div class=\"wp-block-column is-layout-flow wp-block-column-is-layout-flow\">\n<figure class=\"wp-block-image size-large\"><img loading=\"lazy\" decoding=\"async\" width=\"1024\" height=\"576\" src=\"http:\/\/www.minhidrocarburos.gob.ve\/wp-content\/uploads\/2025\/03\/MARCHA-3-1024x576.jpg\" alt=\"\" class=\"wp-image-3822\" srcset=\"http:\/\/www.minhidrocarburos.gob.ve\/wp-content\/uploads\/2025\/03\/MARCHA-3-1024x576.jpg 1024w, http:\/\/www.minhidrocarburos.gob.ve\/wp-content\/uploads\/2025\/03\/MARCHA-3-300x169.jpg 300w, http:\/\/www.minhidrocarburos.gob.ve\/wp-content\/uploads\/2025\/03\/MARCHA-3-768x432.jpg 768w, http:\/\/www.minhidrocarburos.gob.ve\/wp-content\/uploads\/2025\/03\/MARCHA-3.jpg 1280w\" sizes=\"auto, (max-width: 1024px) 100vw, 1024px\" \/><\/figure>\n<\/div>\n\n\n\n<div class=\"wp-block-column is-layout-flow wp-block-column-is-layout-flow\">\n<figure class=\"wp-block-image size-large\"><img loading=\"lazy\" decoding=\"async\" width=\"1024\" height=\"576\" src=\"http:\/\/www.minhidrocarburos.gob.ve\/wp-content\/uploads\/2025\/03\/MARCHA-4-1024x576.jpg\" alt=\"\" class=\"wp-image-3823\" srcset=\"http:\/\/www.minhidrocarburos.gob.ve\/wp-content\/uploads\/2025\/03\/MARCHA-4-1024x576.jpg 1024w, http:\/\/www.minhidrocarburos.gob.ve\/wp-content\/uploads\/2025\/03\/MARCHA-4-300x169.jpg 300w, http:\/\/www.minhidrocarburos.gob.ve\/wp-content\/uploads\/2025\/03\/MARCHA-4-768x432.jpg 768w, http:\/\/www.minhidrocarburos.gob.ve\/wp-content\/uploads\/2025\/03\/MARCHA-4.jpg 1280w\" sizes=\"auto, (max-width: 1024px) 100vw, 1024px\" \/><\/figure>\n<\/div>\n<\/div>\n","protected":false},"excerpt":{"rendered":"<p>Caracas, 18 de marzo.- Los trabajadores del Ministerio de Hidrocarburos mostraron su compromiso con los venezolanos que han sido afectados por los abusos del Gobierno de EE.UU. a ra\u00edz de la aplicaci\u00f3n de la anacr\u00f3nica Ley de Enemigos Extranjeros de 1798. Este martes, la fuerza laboral petrolera, petroqu\u00edmica y gas\u00edfera se uni\u00f3 a la Gran&hellip;&nbsp;<a href=\"http:\/\/www.minhidrocarburos.gob.ve\/index.php\/2025\/03\/18\/la-fuerza-laboral-del-sector-hidrocarburos-marcha-en-defensa-de-los-migrantes-venezolanos\/\" rel=\"bookmark\">Leer m\u00e1s &raquo;<span class=\"screen-reader-text\">La fuerza laboral del sector hidrocarburos marcha en defensa de los migrantes venezolanos<\/span><\/a><\/p>\n","protected":false},"author":3,"featured_media":3825,"comment_status":"closed","ping_status":"closed","sticky":false,"template":"","format":"standard","meta":{"_editorskit_title_hidden":false,"_editorskit_reading_time":0,"_editorskit_is_block_options_detached":false,"_editorskit_block_options_position":"{}","neve_meta_sidebar":"","neve_meta_container":"","neve_meta_enable_content_width":"","neve_meta_content_width":0,"neve_meta_title_alignment":"","neve_meta_author_avatar":"","neve_post_elements_order":"","neve_meta_disable_header":"","neve_meta_disable_footer":"","neve_meta_disable_title":"","footnotes":""},"categories":[127,122],"tags":[],"class_list":["post-3820","post","type-post","status-publish","format-standard","has-post-thumbnail","hentry","category-noticias-2025","category-noticias_slider_24"],"yoast_head":"<!-- This site is optimized with the Yoast SEO plugin v27.2 - https:\/\/yoast.com\/product\/yoast-seo-wordpress\/ -->\n<title>La fuerza laboral del sector hidrocarburos marcha en defensa de los migrantes venezolanos - MinHidrocarburos<\/title>\n<meta name=\"robots\" content=\"index, follow, max-snippet:-1, max-image-preview:large, max-video-preview:-1\" \/>\n<link rel=\"canonical\" href=\"http:\/\/www.minhidrocarburos.gob.ve\/index.php\/2025\/03\/18\/la-fuerza-laboral-del-sector-hidrocarburos-marcha-en-defensa-de-los-migrantes-venezolanos\/\" \/>\n<meta property=\"og:locale\" content=\"es_ES\" \/>\n<meta property=\"og:type\" content=\"article\" \/>\n<meta property=\"og:title\" content=\"La fuerza laboral del sector hidrocarburos marcha en defensa de los migrantes venezolanos - MinHidrocarburos\" \/>\n<meta property=\"og:description\" content=\"Caracas, 18 de marzo.- Los trabajadores del Ministerio de Hidrocarburos mostraron su compromiso con los venezolanos que han sido afectados por los abusos del Gobierno de EE.UU. a ra\u00edz de la aplicaci\u00f3n de la anacr\u00f3nica Ley de Enemigos Extranjeros de 1798. Este martes, la fuerza laboral petrolera, petroqu\u00edmica y gas\u00edfera se uni\u00f3 a la Gran&hellip;&nbsp;Leer m\u00e1s &raquo;La fuerza laboral del sector hidrocarburos marcha en defensa de los migrantes venezolanos\" \/>\n<meta property=\"og:url\" content=\"http:\/\/www.minhidrocarburos.gob.ve\/index.php\/2025\/03\/18\/la-fuerza-laboral-del-sector-hidrocarburos-marcha-en-defensa-de-los-migrantes-venezolanos\/\" \/>\n<meta property=\"og:site_name\" content=\"MinHidrocarburos\" \/>\n<meta property=\"article:published_time\" content=\"2025-03-19T03:19:06+00:00\" \/>\n<meta property=\"article:modified_time\" content=\"2025-03-19T03:19:07+00:00\" \/>\n<meta property=\"og:image\" content=\"http:\/\/www.minhidrocarburos.gob.ve\/wp-content\/uploads\/2025\/03\/marcha-migrantes-1.jpg\" \/>\n\t<meta property=\"og:image:width\" content=\"1620\" \/>\n\t<meta property=\"og:image:height\" content=\"1080\" \/>\n\t<meta property=\"og:image:type\" content=\"image\/jpeg\" \/>\n<meta name=\"author\" content=\"Yamila Cede\u00f1o\" \/>\n<meta name=\"twitter:card\" content=\"summary_large_image\" \/>\n<meta name=\"twitter:label1\" content=\"Escrito por\" \/>\n\t<meta name=\"twitter:data1\" content=\"Yamila Cede\u00f1o\" \/>\n\t<meta name=\"twitter:label2\" content=\"Tiempo de lectura\" \/>\n\t<meta name=\"twitter:data2\" content=\"3 minutos\" \/>\n<script type=\"application\/ld+json\" class=\"yoast-schema-graph\">{\"@context\":\"https:\/\/schema.org\",\"@graph\":[{\"@type\":\"Article\",\"@id\":\"http:\/\/www.minhidrocarburos.gob.ve\/index.php\/2025\/03\/18\/la-fuerza-laboral-del-sector-hidrocarburos-marcha-en-defensa-de-los-migrantes-venezolanos\/#article\",\"isPartOf\":{\"@id\":\"http:\/\/www.minhidrocarburos.gob.ve\/index.php\/2025\/03\/18\/la-fuerza-laboral-del-sector-hidrocarburos-marcha-en-defensa-de-los-migrantes-venezolanos\/\"},\"author\":{\"name\":\"Yamila Cede\u00f1o\",\"@id\":\"http:\/\/www.minhidrocarburos.gob.ve\/#\/schema\/person\/45f3e73f85859d075f206f4e4ec72253\"},\"headline\":\"La fuerza laboral del sector hidrocarburos marcha en defensa de los migrantes venezolanos\",\"datePublished\":\"2025-03-19T03:19:06+00:00\",\"dateModified\":\"2025-03-19T03:19:07+00:00\",\"mainEntityOfPage\":{\"@id\":\"http:\/\/www.minhidrocarburos.gob.ve\/index.php\/2025\/03\/18\/la-fuerza-laboral-del-sector-hidrocarburos-marcha-en-defensa-de-los-migrantes-venezolanos\/\"},\"wordCount\":306,\"publisher\":{\"@id\":\"http:\/\/www.minhidrocarburos.gob.ve\/#organization\"},\"image\":{\"@id\":\"http:\/\/www.minhidrocarburos.gob.ve\/index.php\/2025\/03\/18\/la-fuerza-laboral-del-sector-hidrocarburos-marcha-en-defensa-de-los-migrantes-venezolanos\/#primaryimage\"},\"thumbnailUrl\":\"http:\/\/www.minhidrocarburos.gob.ve\/wp-content\/uploads\/2025\/03\/marcha-migrantes-1.jpg\",\"articleSection\":[\"Noticias 2025\",\"Noticias_Slider_24\"],\"inLanguage\":\"es\"},{\"@type\":\"WebPage\",\"@id\":\"http:\/\/www.minhidrocarburos.gob.ve\/index.php\/2025\/03\/18\/la-fuerza-laboral-del-sector-hidrocarburos-marcha-en-defensa-de-los-migrantes-venezolanos\/\",\"url\":\"http:\/\/www.minhidrocarburos.gob.ve\/index.php\/2025\/03\/18\/la-fuerza-laboral-del-sector-hidrocarburos-marcha-en-defensa-de-los-migrantes-venezolanos\/\",\"name\":\"La fuerza laboral del sector hidrocarburos marcha en defensa de los migrantes venezolanos - MinHidrocarburos\",\"isPartOf\":{\"@id\":\"http:\/\/www.minhidrocarburos.gob.ve\/#website\"},\"primaryImageOfPage\":{\"@id\":\"http:\/\/www.minhidrocarburos.gob.ve\/index.php\/2025\/03\/18\/la-fuerza-laboral-del-sector-hidrocarburos-marcha-en-defensa-de-los-migrantes-venezolanos\/#primaryimage\"},\"image\":{\"@id\":\"http:\/\/www.minhidrocarburos.gob.ve\/index.php\/2025\/03\/18\/la-fuerza-laboral-del-sector-hidrocarburos-marcha-en-defensa-de-los-migrantes-venezolanos\/#primaryimage\"},\"thumbnailUrl\":\"http:\/\/www.minhidrocarburos.gob.ve\/wp-content\/uploads\/2025\/03\/marcha-migrantes-1.jpg\",\"datePublished\":\"2025-03-19T03:19:06+00:00\",\"dateModified\":\"2025-03-19T03:19:07+00:00\",\"inLanguage\":\"es\",\"potentialAction\":[{\"@type\":\"ReadAction\",\"target\":[\"http:\/\/www.minhidrocarburos.gob.ve\/index.php\/2025\/03\/18\/la-fuerza-laboral-del-sector-hidrocarburos-marcha-en-defensa-de-los-migrantes-venezolanos\/\"]}]},{\"@type\":\"ImageObject\",\"inLanguage\":\"es\",\"@id\":\"http:\/\/www.minhidrocarburos.gob.ve\/index.php\/2025\/03\/18\/la-fuerza-laboral-del-sector-hidrocarburos-marcha-en-defensa-de-los-migrantes-venezolanos\/#primaryimage\",\"url\":\"http:\/\/www.minhidrocarburos.gob.ve\/wp-content\/uploads\/2025\/03\/marcha-migrantes-1.jpg\",\"contentUrl\":\"http:\/\/www.minhidrocarburos.gob.ve\/wp-content\/uploads\/2025\/03\/marcha-migrantes-1.jpg\",\"width\":1620,\"height\":1080},{\"@type\":\"WebSite\",\"@id\":\"http:\/\/www.minhidrocarburos.gob.ve\/#website\",\"url\":\"http:\/\/www.minhidrocarburos.gob.ve\/\",\"name\":\"Minhidrocarburos\",\"description\":\"Regulaci\u00f3n, formulaci\u00f3n y seguimiento de pol\u00edticas; la planificaci\u00f3n, realizaci\u00f3n y fiscalizaci\u00f3n en materia de hidrocarburos\",\"publisher\":{\"@id\":\"http:\/\/www.minhidrocarburos.gob.ve\/#organization\"},\"potentialAction\":[{\"@type\":\"SearchAction\",\"target\":{\"@type\":\"EntryPoint\",\"urlTemplate\":\"http:\/\/www.minhidrocarburos.gob.ve\/?s={search_term_string}\"},\"query-input\":{\"@type\":\"PropertyValueSpecification\",\"valueRequired\":true,\"valueName\":\"search_term_string\"}}],\"inLanguage\":\"es\"},{\"@type\":\"Organization\",\"@id\":\"http:\/\/www.minhidrocarburos.gob.ve\/#organization\",\"name\":\"Ministerio del Poder Popular de Hidrocarburos\",\"url\":\"http:\/\/www.minhidrocarburos.gob.ve\/\",\"logo\":{\"@type\":\"ImageObject\",\"inLanguage\":\"es\",\"@id\":\"http:\/\/www.minhidrocarburos.gob.ve\/#\/schema\/logo\/image\/\",\"url\":\"http:\/\/www.minhidrocarburos.gob.ve\/wp-content\/uploads\/2024\/12\/Ministerio_de_Hidrocarburos.png\",\"contentUrl\":\"http:\/\/www.minhidrocarburos.gob.ve\/wp-content\/uploads\/2024\/12\/Ministerio_de_Hidrocarburos.png\",\"width\":2320,\"height\":324,\"caption\":\"Ministerio del Poder Popular de Hidrocarburos\"},\"image\":{\"@id\":\"http:\/\/www.minhidrocarburos.gob.ve\/#\/schema\/logo\/image\/\"}},{\"@type\":\"Person\",\"@id\":\"http:\/\/www.minhidrocarburos.gob.ve\/#\/schema\/person\/45f3e73f85859d075f206f4e4ec72253\",\"name\":\"Yamila Cede\u00f1o\",\"image\":{\"@type\":\"ImageObject\",\"inLanguage\":\"es\",\"@id\":\"https:\/\/secure.gravatar.com\/avatar\/5ce7432a71fd15f8da67f4a51982621c46498e302f54aebf2efb094a0ae48550?s=96&d=mm&r=g\",\"url\":\"https:\/\/secure.gravatar.com\/avatar\/5ce7432a71fd15f8da67f4a51982621c46498e302f54aebf2efb094a0ae48550?s=96&d=mm&r=g\",\"contentUrl\":\"https:\/\/secure.gravatar.com\/avatar\/5ce7432a71fd15f8da67f4a51982621c46498e302f54aebf2efb094a0ae48550?s=96&d=mm&r=g\",\"caption\":\"Yamila Cede\u00f1o\"},\"url\":\"http:\/\/www.minhidrocarburos.gob.ve\/index.php\/author\/ycedeno\/\"}]}<\/script>\n<!-- \/ Yoast SEO plugin. -->","yoast_head_json":{"title":"La fuerza laboral del sector hidrocarburos marcha en defensa de los migrantes venezolanos - MinHidrocarburos","robots":{"index":"index","follow":"follow","max-snippet":"max-snippet:-1","max-image-preview":"max-image-preview:large","max-video-preview":"max-video-preview:-1"},"canonical":"http:\/\/www.minhidrocarburos.gob.ve\/index.php\/2025\/03\/18\/la-fuerza-laboral-del-sector-hidrocarburos-marcha-en-defensa-de-los-migrantes-venezolanos\/","og_locale":"es_ES","og_type":"article","og_title":"La fuerza laboral del sector hidrocarburos marcha en defensa de los migrantes venezolanos - MinHidrocarburos","og_description":"Caracas, 18 de marzo.- Los trabajadores del Ministerio de Hidrocarburos mostraron su compromiso con los venezolanos que han sido afectados por los abusos del Gobierno de EE.UU. a ra\u00edz de la aplicaci\u00f3n de la anacr\u00f3nica Ley de Enemigos Extranjeros de 1798. Este martes, la fuerza laboral petrolera, petroqu\u00edmica y gas\u00edfera se uni\u00f3 a la Gran&hellip;&nbsp;Leer m\u00e1s &raquo;La fuerza laboral del sector hidrocarburos marcha en defensa de los migrantes venezolanos","og_url":"http:\/\/www.minhidrocarburos.gob.ve\/index.php\/2025\/03\/18\/la-fuerza-laboral-del-sector-hidrocarburos-marcha-en-defensa-de-los-migrantes-venezolanos\/","og_site_name":"MinHidrocarburos","article_published_time":"2025-03-19T03:19:06+00:00","article_modified_time":"2025-03-19T03:19:07+00:00","og_image":[{"width":1620,"height":1080,"url":"http:\/\/www.minhidrocarburos.gob.ve\/wp-content\/uploads\/2025\/03\/marcha-migrantes-1.jpg","type":"image\/jpeg"}],"author":"Yamila Cede\u00f1o","twitter_card":"summary_large_image","twitter_misc":{"Escrito por":"Yamila Cede\u00f1o","Tiempo de lectura":"3 minutos"},"schema":{"@context":"https:\/\/schema.org","@graph":[{"@type":"Article","@id":"http:\/\/www.minhidrocarburos.gob.ve\/index.php\/2025\/03\/18\/la-fuerza-laboral-del-sector-hidrocarburos-marcha-en-defensa-de-los-migrantes-venezolanos\/#article","isPartOf":{"@id":"http:\/\/www.minhidrocarburos.gob.ve\/index.php\/2025\/03\/18\/la-fuerza-laboral-del-sector-hidrocarburos-marcha-en-defensa-de-los-migrantes-venezolanos\/"},"author":{"name":"Yamila Cede\u00f1o","@id":"http:\/\/www.minhidrocarburos.gob.ve\/#\/schema\/person\/45f3e73f85859d075f206f4e4ec72253"},"headline":"La fuerza laboral del sector hidrocarburos marcha en defensa de los migrantes venezolanos","datePublished":"2025-03-19T03:19:06+00:00","dateModified":"2025-03-19T03:19:07+00:00","mainEntityOfPage":{"@id":"http:\/\/www.minhidrocarburos.gob.ve\/index.php\/2025\/03\/18\/la-fuerza-laboral-del-sector-hidrocarburos-marcha-en-defensa-de-los-migrantes-venezolanos\/"},"wordCount":306,"publisher":{"@id":"http:\/\/www.minhidrocarburos.gob.ve\/#organization"},"image":{"@id":"http:\/\/www.minhidrocarburos.gob.ve\/index.php\/2025\/03\/18\/la-fuerza-laboral-del-sector-hidrocarburos-marcha-en-defensa-de-los-migrantes-venezolanos\/#primaryimage"},"thumbnailUrl":"http:\/\/www.minhidrocarburos.gob.ve\/wp-content\/uploads\/2025\/03\/marcha-migrantes-1.jpg","articleSection":["Noticias 2025","Noticias_Slider_24"],"inLanguage":"es"},{"@type":"WebPage","@id":"http:\/\/www.minhidrocarburos.gob.ve\/index.php\/2025\/03\/18\/la-fuerza-laboral-del-sector-hidrocarburos-marcha-en-defensa-de-los-migrantes-venezolanos\/","url":"http:\/\/www.minhidrocarburos.gob.ve\/index.php\/2025\/03\/18\/la-fuerza-laboral-del-sector-hidrocarburos-marcha-en-defensa-de-los-migrantes-venezolanos\/","name":"La fuerza laboral del sector hidrocarburos marcha en defensa de los migrantes venezolanos - MinHidrocarburos","isPartOf":{"@id":"http:\/\/www.minhidrocarburos.gob.ve\/#website"},"primaryImageOfPage":{"@id":"http:\/\/www.minhidrocarburos.gob.ve\/index.php\/2025\/03\/18\/la-fuerza-laboral-del-sector-hidrocarburos-marcha-en-defensa-de-los-migrantes-venezolanos\/#primaryimage"},"image":{"@id":"http:\/\/www.minhidrocarburos.gob.ve\/index.php\/2025\/03\/18\/la-fuerza-laboral-del-sector-hidrocarburos-marcha-en-defensa-de-los-migrantes-venezolanos\/#primaryimage"},"thumbnailUrl":"http:\/\/www.minhidrocarburos.gob.ve\/wp-content\/uploads\/2025\/03\/marcha-migrantes-1.jpg","datePublished":"2025-03-19T03:19:06+00:00","dateModified":"2025-03-19T03:19:07+00:00","inLanguage":"es","potentialAction":[{"@type":"ReadAction","target":["http:\/\/www.minhidrocarburos.gob.ve\/index.php\/2025\/03\/18\/la-fuerza-laboral-del-sector-hidrocarburos-marcha-en-defensa-de-los-migrantes-venezolanos\/"]}]},{"@type":"ImageObject","inLanguage":"es","@id":"http:\/\/www.minhidrocarburos.gob.ve\/index.php\/2025\/03\/18\/la-fuerza-laboral-del-sector-hidrocarburos-marcha-en-defensa-de-los-migrantes-venezolanos\/#primaryimage","url":"http:\/\/www.minhidrocarburos.gob.ve\/wp-content\/uploads\/2025\/03\/marcha-migrantes-1.jpg","contentUrl":"http:\/\/www.minhidrocarburos.gob.ve\/wp-content\/uploads\/2025\/03\/marcha-migrantes-1.jpg","width":1620,"height":1080},{"@type":"WebSite","@id":"http:\/\/www.minhidrocarburos.gob.ve\/#website","url":"http:\/\/www.minhidrocarburos.gob.ve\/","name":"Minhidrocarburos","description":"Regulaci\u00f3n, formulaci\u00f3n y seguimiento de pol\u00edticas; la planificaci\u00f3n, realizaci\u00f3n y fiscalizaci\u00f3n en materia de hidrocarburos","publisher":{"@id":"http:\/\/www.minhidrocarburos.gob.ve\/#organization"},"potentialAction":[{"@type":"SearchAction","target":{"@type":"EntryPoint","urlTemplate":"http:\/\/www.minhidrocarburos.gob.ve\/?s={search_term_string}"},"query-input":{"@type":"PropertyValueSpecification","valueRequired":true,"valueName":"search_term_string"}}],"inLanguage":"es"},{"@type":"Organization","@id":"http:\/\/www.minhidrocarburos.gob.ve\/#organization","name":"Ministerio del Poder Popular de Hidrocarburos","url":"http:\/\/www.minhidrocarburos.gob.ve\/","logo":{"@type":"ImageObject","inLanguage":"es","@id":"http:\/\/www.minhidrocarburos.gob.ve\/#\/schema\/logo\/image\/","url":"http:\/\/www.minhidrocarburos.gob.ve\/wp-content\/uploads\/2024\/12\/Ministerio_de_Hidrocarburos.png","contentUrl":"http:\/\/www.minhidrocarburos.gob.ve\/wp-content\/uploads\/2024\/12\/Ministerio_de_Hidrocarburos.png","width":2320,"height":324,"caption":"Ministerio del Poder Popular de Hidrocarburos"},"image":{"@id":"http:\/\/www.minhidrocarburos.gob.ve\/#\/schema\/logo\/image\/"}},{"@type":"Person","@id":"http:\/\/www.minhidrocarburos.gob.ve\/#\/schema\/person\/45f3e73f85859d075f206f4e4ec72253","name":"Yamila Cede\u00f1o","image":{"@type":"ImageObject","inLanguage":"es","@id":"https:\/\/secure.gravatar.com\/avatar\/5ce7432a71fd15f8da67f4a51982621c46498e302f54aebf2efb094a0ae48550?s=96&d=mm&r=g","url":"https:\/\/secure.gravatar.com\/avatar\/5ce7432a71fd15f8da67f4a51982621c46498e302f54aebf2efb094a0ae48550?s=96&d=mm&r=g","contentUrl":"https:\/\/secure.gravatar.com\/avatar\/5ce7432a71fd15f8da67f4a51982621c46498e302f54aebf2efb094a0ae48550?s=96&d=mm&r=g","caption":"Yamila Cede\u00f1o"},"url":"http:\/\/www.minhidrocarburos.gob.ve\/index.php\/author\/ycedeno\/"}]}},"_links":{"self":[{"href":"http:\/\/www.minhidrocarburos.gob.ve\/index.php\/wp-json\/wp\/v2\/posts\/3820","targetHints":{"allow":["GET"]}}],"collection":[{"href":"http:\/\/www.minhidrocarburos.gob.ve\/index.php\/wp-json\/wp\/v2\/posts"}],"about":[{"href":"http:\/\/www.minhidrocarburos.gob.ve\/index.php\/wp-json\/wp\/v2\/types\/post"}],"author":[{"embeddable":true,"href":"http:\/\/www.minhidrocarburos.gob.ve\/index.php\/wp-json\/wp\/v2\/users\/3"}],"replies":[{"embeddable":true,"href":"http:\/\/www.minhidrocarburos.gob.ve\/index.php\/wp-json\/wp\/v2\/comments?post=3820"}],"version-history":[{"count":1,"href":"http:\/\/www.minhidrocarburos.gob.ve\/index.php\/wp-json\/wp\/v2\/posts\/3820\/revisions"}],"predecessor-version":[{"id":3824,"href":"http:\/\/www.minhidrocarburos.gob.ve\/index.php\/wp-json\/wp\/v2\/posts\/3820\/revisions\/3824"}],"wp:featuredmedia":[{"embeddable":true,"href":"http:\/\/www.minhidrocarburos.gob.ve\/index.php\/wp-json\/wp\/v2\/media\/3825"}],"wp:attachment":[{"href":"http:\/\/www.minhidrocarburos.gob.ve\/index.php\/wp-json\/wp\/v2\/media?parent=3820"}],"wp:term":[{"taxonomy":"category","embeddable":true,"href":"http:\/\/www.minhidrocarburos.gob.ve\/index.php\/wp-json\/wp\/v2\/categories?post=3820"},{"taxonomy":"post_tag","embeddable":true,"href":"http:\/\/www.minhidrocarburos.gob.ve\/index.php\/wp-json\/wp\/v2\/tags?post=3820"}],"curies":[{"name":"wp","href":"https:\/\/api.w.org\/{rel}","templated":true}]}}