

{"id":3969,"date":"2025-04-26T12:27:14","date_gmt":"2025-04-26T16:27:14","guid":{"rendered":"http:\/\/www.minhidrocarburos.gob.ve\/?p=3969"},"modified":"2025-04-26T13:05:59","modified_gmt":"2025-04-26T17:05:59","slug":"vicepresidenta-delcy-rodriguez-visito-la-empresa-flytek-para-explorar-areas-de-cooperacion-en-materia-de-inteligencia-artificial","status":"publish","type":"post","link":"http:\/\/www.minhidrocarburos.gob.ve\/index.php\/2025\/04\/26\/vicepresidenta-delcy-rodriguez-visito-la-empresa-flytek-para-explorar-areas-de-cooperacion-en-materia-de-inteligencia-artificial\/","title":{"rendered":"Vicepresidenta Delcy Rodr\u00edguez visit\u00f3 la empresa \u00a1Flytek para explorar \u00e1reas de cooperaci\u00f3n en materia de inteligencia artificial"},"content":{"rendered":"\n<p><strong>Caracas, 26 de abril de 2025.-<\/strong> La vicepresidenta Ejecutiva de Venezuela y ministra de Hidrocarburos, Delcy Rodr\u00edguez, visit\u00f3 las instalaciones del gigante tecnol\u00f3gico iFlytek, en la ciudad de Beijing en China, con el objetivo de explorar \u00e1reas de cooperaci\u00f3n en materia de inteligencia artificial para los sectores hidrocarburos, salud y educaci\u00f3n.<\/p>\n\n\n<div class=\"wp-block-image\">\n<figure class=\"alignleft size-large is-resized\"><img loading=\"lazy\" decoding=\"async\" width=\"1024\" height=\"819\" src=\"http:\/\/www.minhidrocarburos.gob.ve\/wp-content\/uploads\/2025\/04\/Foto-explicandole-1-1024x819.jpg\" alt=\"\" class=\"wp-image-3988\" style=\"width:356px;height:auto\" srcset=\"http:\/\/www.minhidrocarburos.gob.ve\/wp-content\/uploads\/2025\/04\/Foto-explicandole-1-1024x819.jpg 1024w, http:\/\/www.minhidrocarburos.gob.ve\/wp-content\/uploads\/2025\/04\/Foto-explicandole-1-300x240.jpg 300w, http:\/\/www.minhidrocarburos.gob.ve\/wp-content\/uploads\/2025\/04\/Foto-explicandole-1-768x614.jpg 768w, http:\/\/www.minhidrocarburos.gob.ve\/wp-content\/uploads\/2025\/04\/Foto-explicandole-1-1536x1229.jpg 1536w, http:\/\/www.minhidrocarburos.gob.ve\/wp-content\/uploads\/2025\/04\/Foto-explicandole-1-2048x1638.jpg 2048w\" sizes=\"auto, (max-width: 1024px) 100vw, 1024px\" \/><\/figure>\n<\/div>\n\n\n<p>En este encuentro, Rodr\u00edguez expres\u00f3 que \u201csolo China podr\u00e1 garantizar que el sur global acceda a la inteligencia artificial para el desarrollo y no para la dominaci\u00f3n\u201d. Esta empresa cuenta con un variado repertorio de productos y servicios para el desarrollo tecnol\u00f3gico que son utilizados por las principales empresas petroleras del mundo y negocio electr\u00f3nico global.<\/p>\n\n\n\n<p>Por su parte, Liu Kexin, Gerente de productos de \u00a1Flytek inform\u00f3 que cuentan con m\u00e1s de 30 mil personas dedicadas a dise\u00f1ar bienes destinados a las tecnolog\u00edas de la inteligencia artificial y tambi\u00e9n al sonido inteligente, utilizados en el \u00e1mbito de la medicina, la educaci\u00f3n y tambi\u00e9n en el financiero.<\/p>\n\n\n\n<p>Cabe resaltar, que el sistema de salud y educaci\u00f3n chino ha implementado la IA de \u00a1Flytek, generando m\u00e1s de 900 millones de historias de pacientes en hospitales, al igual que m\u00e1s de 50 mil escuelas utilizan sus plataformas, lo que beneficia a m\u00e1s de 130 millones de estudiantes. <\/p>\n\n\n\n<p>En el sector industrial, esta alternativa ofrece un sistema para concentrar los datos de codificaci\u00f3n, proteger informaci\u00f3n de las empresas y mejorar su eficiencia. Igualmente, en el \u00e1mbito tecnol\u00f3gico, m\u00e1s de 4 mil millones de dispositivos electr\u00f3nicos est\u00e1n trabajando con las plataformas de <strong>\u00a1<\/strong>Flytek.<\/p>\n\n\n\n<p>Flytek es una de las principales empresas del pa\u00eds asi\u00e1tico experta en tecnolog\u00eda de voz e inteligencia artificial, con gran impacto en la salud y otras \u00e1reas de gran relevancia para la sociedad.<\/p>\n\n\n\n<div class=\"wp-block-columns is-layout-flex wp-container-core-columns-is-layout-9d6595d7 wp-block-columns-is-layout-flex\">\n<div class=\"wp-block-column is-layout-flow wp-block-column-is-layout-flow\" style=\"flex-basis:100%\">\n<div class=\"wp-block-columns is-layout-flex wp-container-core-columns-is-layout-9d6595d7 wp-block-columns-is-layout-flex\">\n<div class=\"wp-block-column is-layout-flow wp-block-column-is-layout-flow\">\n<figure class=\"wp-block-image size-large\"><img loading=\"lazy\" decoding=\"async\" width=\"1024\" height=\"683\" src=\"http:\/\/www.minhidrocarburos.gob.ve\/wp-content\/uploads\/2025\/04\/Foto-reunida-inteligencia-artificial-1024x683.jpg\" alt=\"\" class=\"wp-image-3980\" srcset=\"http:\/\/www.minhidrocarburos.gob.ve\/wp-content\/uploads\/2025\/04\/Foto-reunida-inteligencia-artificial-1024x683.jpg 1024w, http:\/\/www.minhidrocarburos.gob.ve\/wp-content\/uploads\/2025\/04\/Foto-reunida-inteligencia-artificial-300x200.jpg 300w, http:\/\/www.minhidrocarburos.gob.ve\/wp-content\/uploads\/2025\/04\/Foto-reunida-inteligencia-artificial-768x512.jpg 768w, http:\/\/www.minhidrocarburos.gob.ve\/wp-content\/uploads\/2025\/04\/Foto-reunida-inteligencia-artificial-1536x1024.jpg 1536w, http:\/\/www.minhidrocarburos.gob.ve\/wp-content\/uploads\/2025\/04\/Foto-reunida-inteligencia-artificial-2048x1365.jpg 2048w, http:\/\/www.minhidrocarburos.gob.ve\/wp-content\/uploads\/2025\/04\/Foto-reunida-inteligencia-artificial-930x620.jpg 930w\" sizes=\"auto, (max-width: 1024px) 100vw, 1024px\" \/><\/figure>\n<\/div>\n\n\n\n<div class=\"wp-block-column is-layout-flow wp-block-column-is-layout-flow\"><div class=\"wp-block-image\">\n<figure class=\"alignleft size-large\"><img loading=\"lazy\" decoding=\"async\" width=\"1024\" height=\"683\" src=\"http:\/\/www.minhidrocarburos.gob.ve\/wp-content\/uploads\/2025\/04\/Foto-3-Inteligencia-Artificial-1-1024x683.jpg\" alt=\"\" class=\"wp-image-3977\" srcset=\"http:\/\/www.minhidrocarburos.gob.ve\/wp-content\/uploads\/2025\/04\/Foto-3-Inteligencia-Artificial-1-1024x683.jpg 1024w, http:\/\/www.minhidrocarburos.gob.ve\/wp-content\/uploads\/2025\/04\/Foto-3-Inteligencia-Artificial-1-300x200.jpg 300w, http:\/\/www.minhidrocarburos.gob.ve\/wp-content\/uploads\/2025\/04\/Foto-3-Inteligencia-Artificial-1-768x512.jpg 768w, http:\/\/www.minhidrocarburos.gob.ve\/wp-content\/uploads\/2025\/04\/Foto-3-Inteligencia-Artificial-1-1536x1024.jpg 1536w, http:\/\/www.minhidrocarburos.gob.ve\/wp-content\/uploads\/2025\/04\/Foto-3-Inteligencia-Artificial-1-2048x1365.jpg 2048w, http:\/\/www.minhidrocarburos.gob.ve\/wp-content\/uploads\/2025\/04\/Foto-3-Inteligencia-Artificial-1-930x620.jpg 930w\" sizes=\"auto, (max-width: 1024px) 100vw, 1024px\" \/><\/figure>\n<\/div><\/div>\n\n\n\n<div class=\"wp-block-column is-layout-flow wp-block-column-is-layout-flow\">\n<figure class=\"wp-block-image size-large\"><img loading=\"lazy\" decoding=\"async\" width=\"1024\" height=\"683\" src=\"http:\/\/www.minhidrocarburos.gob.ve\/wp-content\/uploads\/2025\/04\/Foto-4-inteligencia-artificial-1-1024x683.jpg\" alt=\"\" class=\"wp-image-3979\" srcset=\"http:\/\/www.minhidrocarburos.gob.ve\/wp-content\/uploads\/2025\/04\/Foto-4-inteligencia-artificial-1-1024x683.jpg 1024w, http:\/\/www.minhidrocarburos.gob.ve\/wp-content\/uploads\/2025\/04\/Foto-4-inteligencia-artificial-1-300x200.jpg 300w, http:\/\/www.minhidrocarburos.gob.ve\/wp-content\/uploads\/2025\/04\/Foto-4-inteligencia-artificial-1-768x512.jpg 768w, http:\/\/www.minhidrocarburos.gob.ve\/wp-content\/uploads\/2025\/04\/Foto-4-inteligencia-artificial-1-1536x1024.jpg 1536w, http:\/\/www.minhidrocarburos.gob.ve\/wp-content\/uploads\/2025\/04\/Foto-4-inteligencia-artificial-1-2048x1366.jpg 2048w, http:\/\/www.minhidrocarburos.gob.ve\/wp-content\/uploads\/2025\/04\/Foto-4-inteligencia-artificial-1-930x620.jpg 930w\" sizes=\"auto, (max-width: 1024px) 100vw, 1024px\" \/><\/figure>\n<\/div>\n<\/div>\n<\/div>\n<\/div>\n\n\n\n<figure class=\"wp-block-image alignfull size-large\"><img loading=\"lazy\" decoding=\"async\" width=\"791\" height=\"1024\" src=\"http:\/\/www.minhidrocarburos.gob.ve\/wp-content\/uploads\/2025\/04\/Foto-5-Inteligencia-Artificial-2-791x1024.jpg\" alt=\"\" class=\"wp-image-3982\" srcset=\"http:\/\/www.minhidrocarburos.gob.ve\/wp-content\/uploads\/2025\/04\/Foto-5-Inteligencia-Artificial-2-791x1024.jpg 791w, http:\/\/www.minhidrocarburos.gob.ve\/wp-content\/uploads\/2025\/04\/Foto-5-Inteligencia-Artificial-2-232x300.jpg 232w, http:\/\/www.minhidrocarburos.gob.ve\/wp-content\/uploads\/2025\/04\/Foto-5-Inteligencia-Artificial-2-768x994.jpg 768w, http:\/\/www.minhidrocarburos.gob.ve\/wp-content\/uploads\/2025\/04\/Foto-5-Inteligencia-Artificial-2-1187x1536.jpg 1187w, http:\/\/www.minhidrocarburos.gob.ve\/wp-content\/uploads\/2025\/04\/Foto-5-Inteligencia-Artificial-2-1582x2048.jpg 1582w, http:\/\/www.minhidrocarburos.gob.ve\/wp-content\/uploads\/2025\/04\/Foto-5-Inteligencia-Artificial-2-scaled.jpg 1978w\" sizes=\"auto, (max-width: 791px) 100vw, 791px\" \/><\/figure>\n\n\n\n<p><canvas width=\"18\" height=\"18\"><\/canvas><\/p>\n","protected":false},"excerpt":{"rendered":"<p>Caracas, 26 de abril de 2025.- La vicepresidenta Ejecutiva de Venezuela y ministra de Hidrocarburos, Delcy Rodr\u00edguez, visit\u00f3 las instalaciones del gigante tecnol\u00f3gico iFlytek, en la ciudad de Beijing en China, con el objetivo de explorar \u00e1reas de cooperaci\u00f3n en materia de inteligencia artificial para los sectores hidrocarburos, salud y educaci\u00f3n. En este encuentro, Rodr\u00edguez&hellip;&nbsp;<a href=\"http:\/\/www.minhidrocarburos.gob.ve\/index.php\/2025\/04\/26\/vicepresidenta-delcy-rodriguez-visito-la-empresa-flytek-para-explorar-areas-de-cooperacion-en-materia-de-inteligencia-artificial\/\" rel=\"bookmark\">Leer m\u00e1s &raquo;<span class=\"screen-reader-text\">Vicepresidenta Delcy Rodr\u00edguez visit\u00f3 la empresa \u00a1Flytek para explorar \u00e1reas de cooperaci\u00f3n en materia de inteligencia artificial<\/span><\/a><\/p>\n","protected":false},"author":7,"featured_media":3992,"comment_status":"closed","ping_status":"closed","sticky":false,"template":"","format":"standard","meta":{"_editorskit_title_hidden":false,"_editorskit_reading_time":0,"_editorskit_is_block_options_detached":false,"_editorskit_block_options_position":"{}","neve_meta_sidebar":"","neve_meta_container":"","neve_meta_enable_content_width":"","neve_meta_content_width":0,"neve_meta_title_alignment":"","neve_meta_author_avatar":"","neve_post_elements_order":"","neve_meta_disable_header":"","neve_meta_disable_footer":"","neve_meta_disable_title":"","footnotes":""},"categories":[121,127,122,128],"tags":[],"class_list":["post-3969","post","type-post","status-publish","format-standard","has-post-thumbnail","hentry","category-noticias-2024","category-noticias-2025","category-noticias_slider_24","category-noticias_slider_25"],"yoast_head":"<!-- This site is optimized with the Yoast SEO plugin v27.2 - https:\/\/yoast.com\/product\/yoast-seo-wordpress\/ -->\n<title>Vicepresidenta Delcy Rodr\u00edguez visit\u00f3 la empresa \u00a1Flytek para explorar \u00e1reas de cooperaci\u00f3n en materia de inteligencia artificial - MinHidrocarburos<\/title>\n<meta name=\"robots\" content=\"index, follow, max-snippet:-1, max-image-preview:large, max-video-preview:-1\" \/>\n<link rel=\"canonical\" href=\"http:\/\/www.minhidrocarburos.gob.ve\/index.php\/2025\/04\/26\/vicepresidenta-delcy-rodriguez-visito-la-empresa-flytek-para-explorar-areas-de-cooperacion-en-materia-de-inteligencia-artificial\/\" \/>\n<meta property=\"og:locale\" content=\"es_ES\" \/>\n<meta property=\"og:type\" content=\"article\" \/>\n<meta property=\"og:title\" content=\"Vicepresidenta Delcy Rodr\u00edguez visit\u00f3 la empresa \u00a1Flytek para explorar \u00e1reas de cooperaci\u00f3n en materia de inteligencia artificial - MinHidrocarburos\" \/>\n<meta property=\"og:description\" content=\"Caracas, 26 de abril de 2025.- La vicepresidenta Ejecutiva de Venezuela y ministra de Hidrocarburos, Delcy Rodr\u00edguez, visit\u00f3 las instalaciones del gigante tecnol\u00f3gico iFlytek, en la ciudad de Beijing en China, con el objetivo de explorar \u00e1reas de cooperaci\u00f3n en materia de inteligencia artificial para los sectores hidrocarburos, salud y educaci\u00f3n. En este encuentro, Rodr\u00edguez&hellip;&nbsp;Leer m\u00e1s &raquo;Vicepresidenta Delcy Rodr\u00edguez visit\u00f3 la empresa \u00a1Flytek para explorar \u00e1reas de cooperaci\u00f3n en materia de inteligencia artificial\" \/>\n<meta property=\"og:url\" content=\"http:\/\/www.minhidrocarburos.gob.ve\/index.php\/2025\/04\/26\/vicepresidenta-delcy-rodriguez-visito-la-empresa-flytek-para-explorar-areas-de-cooperacion-en-materia-de-inteligencia-artificial\/\" \/>\n<meta property=\"og:site_name\" content=\"MinHidrocarburos\" \/>\n<meta property=\"article:published_time\" content=\"2025-04-26T16:27:14+00:00\" \/>\n<meta property=\"article:modified_time\" content=\"2025-04-26T17:05:59+00:00\" \/>\n<meta property=\"og:image\" content=\"http:\/\/www.minhidrocarburos.gob.ve\/wp-content\/uploads\/2025\/04\/Foto-principal-scaled.jpg\" \/>\n\t<meta property=\"og:image:width\" content=\"2560\" \/>\n\t<meta property=\"og:image:height\" content=\"1707\" \/>\n\t<meta property=\"og:image:type\" content=\"image\/jpeg\" \/>\n<meta name=\"author\" content=\"rubi guadelis\" \/>\n<meta name=\"twitter:card\" content=\"summary_large_image\" \/>\n<meta name=\"twitter:label1\" content=\"Escrito por\" \/>\n\t<meta name=\"twitter:data1\" content=\"rubi guadelis\" \/>\n\t<meta name=\"twitter:label2\" content=\"Tiempo de lectura\" \/>\n\t<meta name=\"twitter:data2\" content=\"3 minutos\" \/>\n<script type=\"application\/ld+json\" class=\"yoast-schema-graph\">{\"@context\":\"https:\/\/schema.org\",\"@graph\":[{\"@type\":\"Article\",\"@id\":\"http:\/\/www.minhidrocarburos.gob.ve\/index.php\/2025\/04\/26\/vicepresidenta-delcy-rodriguez-visito-la-empresa-flytek-para-explorar-areas-de-cooperacion-en-materia-de-inteligencia-artificial\/#article\",\"isPartOf\":{\"@id\":\"http:\/\/www.minhidrocarburos.gob.ve\/index.php\/2025\/04\/26\/vicepresidenta-delcy-rodriguez-visito-la-empresa-flytek-para-explorar-areas-de-cooperacion-en-materia-de-inteligencia-artificial\/\"},\"author\":{\"name\":\"rubi guadelis\",\"@id\":\"http:\/\/www.minhidrocarburos.gob.ve\/#\/schema\/person\/a775d309f37aa396b8f21cbc37789c8f\"},\"headline\":\"Vicepresidenta Delcy Rodr\u00edguez visit\u00f3 la empresa \u00a1Flytek para explorar \u00e1reas de cooperaci\u00f3n en materia de inteligencia artificial\",\"datePublished\":\"2025-04-26T16:27:14+00:00\",\"dateModified\":\"2025-04-26T17:05:59+00:00\",\"mainEntityOfPage\":{\"@id\":\"http:\/\/www.minhidrocarburos.gob.ve\/index.php\/2025\/04\/26\/vicepresidenta-delcy-rodriguez-visito-la-empresa-flytek-para-explorar-areas-de-cooperacion-en-materia-de-inteligencia-artificial\/\"},\"wordCount\":322,\"publisher\":{\"@id\":\"http:\/\/www.minhidrocarburos.gob.ve\/#organization\"},\"image\":{\"@id\":\"http:\/\/www.minhidrocarburos.gob.ve\/index.php\/2025\/04\/26\/vicepresidenta-delcy-rodriguez-visito-la-empresa-flytek-para-explorar-areas-de-cooperacion-en-materia-de-inteligencia-artificial\/#primaryimage\"},\"thumbnailUrl\":\"http:\/\/www.minhidrocarburos.gob.ve\/wp-content\/uploads\/2025\/04\/Foto-principal-scaled.jpg\",\"articleSection\":[\"Noticias 2024\",\"Noticias 2025\",\"Noticias_Slider_24\",\"Noticias_Slider_25\"],\"inLanguage\":\"es\"},{\"@type\":\"WebPage\",\"@id\":\"http:\/\/www.minhidrocarburos.gob.ve\/index.php\/2025\/04\/26\/vicepresidenta-delcy-rodriguez-visito-la-empresa-flytek-para-explorar-areas-de-cooperacion-en-materia-de-inteligencia-artificial\/\",\"url\":\"http:\/\/www.minhidrocarburos.gob.ve\/index.php\/2025\/04\/26\/vicepresidenta-delcy-rodriguez-visito-la-empresa-flytek-para-explorar-areas-de-cooperacion-en-materia-de-inteligencia-artificial\/\",\"name\":\"Vicepresidenta Delcy Rodr\u00edguez visit\u00f3 la empresa \u00a1Flytek para explorar \u00e1reas de cooperaci\u00f3n en materia de inteligencia artificial - MinHidrocarburos\",\"isPartOf\":{\"@id\":\"http:\/\/www.minhidrocarburos.gob.ve\/#website\"},\"primaryImageOfPage\":{\"@id\":\"http:\/\/www.minhidrocarburos.gob.ve\/index.php\/2025\/04\/26\/vicepresidenta-delcy-rodriguez-visito-la-empresa-flytek-para-explorar-areas-de-cooperacion-en-materia-de-inteligencia-artificial\/#primaryimage\"},\"image\":{\"@id\":\"http:\/\/www.minhidrocarburos.gob.ve\/index.php\/2025\/04\/26\/vicepresidenta-delcy-rodriguez-visito-la-empresa-flytek-para-explorar-areas-de-cooperacion-en-materia-de-inteligencia-artificial\/#primaryimage\"},\"thumbnailUrl\":\"http:\/\/www.minhidrocarburos.gob.ve\/wp-content\/uploads\/2025\/04\/Foto-principal-scaled.jpg\",\"datePublished\":\"2025-04-26T16:27:14+00:00\",\"dateModified\":\"2025-04-26T17:05:59+00:00\",\"inLanguage\":\"es\",\"potentialAction\":[{\"@type\":\"ReadAction\",\"target\":[\"http:\/\/www.minhidrocarburos.gob.ve\/index.php\/2025\/04\/26\/vicepresidenta-delcy-rodriguez-visito-la-empresa-flytek-para-explorar-areas-de-cooperacion-en-materia-de-inteligencia-artificial\/\"]}]},{\"@type\":\"ImageObject\",\"inLanguage\":\"es\",\"@id\":\"http:\/\/www.minhidrocarburos.gob.ve\/index.php\/2025\/04\/26\/vicepresidenta-delcy-rodriguez-visito-la-empresa-flytek-para-explorar-areas-de-cooperacion-en-materia-de-inteligencia-artificial\/#primaryimage\",\"url\":\"http:\/\/www.minhidrocarburos.gob.ve\/wp-content\/uploads\/2025\/04\/Foto-principal-scaled.jpg\",\"contentUrl\":\"http:\/\/www.minhidrocarburos.gob.ve\/wp-content\/uploads\/2025\/04\/Foto-principal-scaled.jpg\",\"width\":2560,\"height\":1707},{\"@type\":\"WebSite\",\"@id\":\"http:\/\/www.minhidrocarburos.gob.ve\/#website\",\"url\":\"http:\/\/www.minhidrocarburos.gob.ve\/\",\"name\":\"Minhidrocarburos\",\"description\":\"Regulaci\u00f3n, formulaci\u00f3n y seguimiento de pol\u00edticas; la planificaci\u00f3n, realizaci\u00f3n y fiscalizaci\u00f3n en materia de hidrocarburos\",\"publisher\":{\"@id\":\"http:\/\/www.minhidrocarburos.gob.ve\/#organization\"},\"potentialAction\":[{\"@type\":\"SearchAction\",\"target\":{\"@type\":\"EntryPoint\",\"urlTemplate\":\"http:\/\/www.minhidrocarburos.gob.ve\/?s={search_term_string}\"},\"query-input\":{\"@type\":\"PropertyValueSpecification\",\"valueRequired\":true,\"valueName\":\"search_term_string\"}}],\"inLanguage\":\"es\"},{\"@type\":\"Organization\",\"@id\":\"http:\/\/www.minhidrocarburos.gob.ve\/#organization\",\"name\":\"Ministerio del Poder Popular de Hidrocarburos\",\"url\":\"http:\/\/www.minhidrocarburos.gob.ve\/\",\"logo\":{\"@type\":\"ImageObject\",\"inLanguage\":\"es\",\"@id\":\"http:\/\/www.minhidrocarburos.gob.ve\/#\/schema\/logo\/image\/\",\"url\":\"http:\/\/www.minhidrocarburos.gob.ve\/wp-content\/uploads\/2024\/12\/Ministerio_de_Hidrocarburos.png\",\"contentUrl\":\"http:\/\/www.minhidrocarburos.gob.ve\/wp-content\/uploads\/2024\/12\/Ministerio_de_Hidrocarburos.png\",\"width\":2320,\"height\":324,\"caption\":\"Ministerio del Poder Popular de Hidrocarburos\"},\"image\":{\"@id\":\"http:\/\/www.minhidrocarburos.gob.ve\/#\/schema\/logo\/image\/\"}},{\"@type\":\"Person\",\"@id\":\"http:\/\/www.minhidrocarburos.gob.ve\/#\/schema\/person\/a775d309f37aa396b8f21cbc37789c8f\",\"name\":\"rubi guadelis\",\"image\":{\"@type\":\"ImageObject\",\"inLanguage\":\"es\",\"@id\":\"https:\/\/secure.gravatar.com\/avatar\/13b775ea21a000e6c50bf3d9bf85b3ea6c4931f4bc5b3860ee7803247c294517?s=96&d=mm&r=g\",\"url\":\"https:\/\/secure.gravatar.com\/avatar\/13b775ea21a000e6c50bf3d9bf85b3ea6c4931f4bc5b3860ee7803247c294517?s=96&d=mm&r=g\",\"contentUrl\":\"https:\/\/secure.gravatar.com\/avatar\/13b775ea21a000e6c50bf3d9bf85b3ea6c4931f4bc5b3860ee7803247c294517?s=96&d=mm&r=g\",\"caption\":\"rubi guadelis\"},\"url\":\"http:\/\/www.minhidrocarburos.gob.ve\/index.php\/author\/rguadelis\/\"}]}<\/script>\n<!-- \/ Yoast SEO plugin. -->","yoast_head_json":{"title":"Vicepresidenta Delcy Rodr\u00edguez visit\u00f3 la empresa \u00a1Flytek para explorar \u00e1reas de cooperaci\u00f3n en materia de inteligencia artificial - MinHidrocarburos","robots":{"index":"index","follow":"follow","max-snippet":"max-snippet:-1","max-image-preview":"max-image-preview:large","max-video-preview":"max-video-preview:-1"},"canonical":"http:\/\/www.minhidrocarburos.gob.ve\/index.php\/2025\/04\/26\/vicepresidenta-delcy-rodriguez-visito-la-empresa-flytek-para-explorar-areas-de-cooperacion-en-materia-de-inteligencia-artificial\/","og_locale":"es_ES","og_type":"article","og_title":"Vicepresidenta Delcy Rodr\u00edguez visit\u00f3 la empresa \u00a1Flytek para explorar \u00e1reas de cooperaci\u00f3n en materia de inteligencia artificial - MinHidrocarburos","og_description":"Caracas, 26 de abril de 2025.- La vicepresidenta Ejecutiva de Venezuela y ministra de Hidrocarburos, Delcy Rodr\u00edguez, visit\u00f3 las instalaciones del gigante tecnol\u00f3gico iFlytek, en la ciudad de Beijing en China, con el objetivo de explorar \u00e1reas de cooperaci\u00f3n en materia de inteligencia artificial para los sectores hidrocarburos, salud y educaci\u00f3n. En este encuentro, Rodr\u00edguez&hellip;&nbsp;Leer m\u00e1s &raquo;Vicepresidenta Delcy Rodr\u00edguez visit\u00f3 la empresa \u00a1Flytek para explorar \u00e1reas de cooperaci\u00f3n en materia de inteligencia artificial","og_url":"http:\/\/www.minhidrocarburos.gob.ve\/index.php\/2025\/04\/26\/vicepresidenta-delcy-rodriguez-visito-la-empresa-flytek-para-explorar-areas-de-cooperacion-en-materia-de-inteligencia-artificial\/","og_site_name":"MinHidrocarburos","article_published_time":"2025-04-26T16:27:14+00:00","article_modified_time":"2025-04-26T17:05:59+00:00","og_image":[{"width":2560,"height":1707,"url":"http:\/\/www.minhidrocarburos.gob.ve\/wp-content\/uploads\/2025\/04\/Foto-principal-scaled.jpg","type":"image\/jpeg"}],"author":"rubi guadelis","twitter_card":"summary_large_image","twitter_misc":{"Escrito por":"rubi guadelis","Tiempo de lectura":"3 minutos"},"schema":{"@context":"https:\/\/schema.org","@graph":[{"@type":"Article","@id":"http:\/\/www.minhidrocarburos.gob.ve\/index.php\/2025\/04\/26\/vicepresidenta-delcy-rodriguez-visito-la-empresa-flytek-para-explorar-areas-de-cooperacion-en-materia-de-inteligencia-artificial\/#article","isPartOf":{"@id":"http:\/\/www.minhidrocarburos.gob.ve\/index.php\/2025\/04\/26\/vicepresidenta-delcy-rodriguez-visito-la-empresa-flytek-para-explorar-areas-de-cooperacion-en-materia-de-inteligencia-artificial\/"},"author":{"name":"rubi guadelis","@id":"http:\/\/www.minhidrocarburos.gob.ve\/#\/schema\/person\/a775d309f37aa396b8f21cbc37789c8f"},"headline":"Vicepresidenta Delcy Rodr\u00edguez visit\u00f3 la empresa \u00a1Flytek para explorar \u00e1reas de cooperaci\u00f3n en materia de inteligencia artificial","datePublished":"2025-04-26T16:27:14+00:00","dateModified":"2025-04-26T17:05:59+00:00","mainEntityOfPage":{"@id":"http:\/\/www.minhidrocarburos.gob.ve\/index.php\/2025\/04\/26\/vicepresidenta-delcy-rodriguez-visito-la-empresa-flytek-para-explorar-areas-de-cooperacion-en-materia-de-inteligencia-artificial\/"},"wordCount":322,"publisher":{"@id":"http:\/\/www.minhidrocarburos.gob.ve\/#organization"},"image":{"@id":"http:\/\/www.minhidrocarburos.gob.ve\/index.php\/2025\/04\/26\/vicepresidenta-delcy-rodriguez-visito-la-empresa-flytek-para-explorar-areas-de-cooperacion-en-materia-de-inteligencia-artificial\/#primaryimage"},"thumbnailUrl":"http:\/\/www.minhidrocarburos.gob.ve\/wp-content\/uploads\/2025\/04\/Foto-principal-scaled.jpg","articleSection":["Noticias 2024","Noticias 2025","Noticias_Slider_24","Noticias_Slider_25"],"inLanguage":"es"},{"@type":"WebPage","@id":"http:\/\/www.minhidrocarburos.gob.ve\/index.php\/2025\/04\/26\/vicepresidenta-delcy-rodriguez-visito-la-empresa-flytek-para-explorar-areas-de-cooperacion-en-materia-de-inteligencia-artificial\/","url":"http:\/\/www.minhidrocarburos.gob.ve\/index.php\/2025\/04\/26\/vicepresidenta-delcy-rodriguez-visito-la-empresa-flytek-para-explorar-areas-de-cooperacion-en-materia-de-inteligencia-artificial\/","name":"Vicepresidenta Delcy Rodr\u00edguez visit\u00f3 la empresa \u00a1Flytek para explorar \u00e1reas de cooperaci\u00f3n en materia de inteligencia artificial - MinHidrocarburos","isPartOf":{"@id":"http:\/\/www.minhidrocarburos.gob.ve\/#website"},"primaryImageOfPage":{"@id":"http:\/\/www.minhidrocarburos.gob.ve\/index.php\/2025\/04\/26\/vicepresidenta-delcy-rodriguez-visito-la-empresa-flytek-para-explorar-areas-de-cooperacion-en-materia-de-inteligencia-artificial\/#primaryimage"},"image":{"@id":"http:\/\/www.minhidrocarburos.gob.ve\/index.php\/2025\/04\/26\/vicepresidenta-delcy-rodriguez-visito-la-empresa-flytek-para-explorar-areas-de-cooperacion-en-materia-de-inteligencia-artificial\/#primaryimage"},"thumbnailUrl":"http:\/\/www.minhidrocarburos.gob.ve\/wp-content\/uploads\/2025\/04\/Foto-principal-scaled.jpg","datePublished":"2025-04-26T16:27:14+00:00","dateModified":"2025-04-26T17:05:59+00:00","inLanguage":"es","potentialAction":[{"@type":"ReadAction","target":["http:\/\/www.minhidrocarburos.gob.ve\/index.php\/2025\/04\/26\/vicepresidenta-delcy-rodriguez-visito-la-empresa-flytek-para-explorar-areas-de-cooperacion-en-materia-de-inteligencia-artificial\/"]}]},{"@type":"ImageObject","inLanguage":"es","@id":"http:\/\/www.minhidrocarburos.gob.ve\/index.php\/2025\/04\/26\/vicepresidenta-delcy-rodriguez-visito-la-empresa-flytek-para-explorar-areas-de-cooperacion-en-materia-de-inteligencia-artificial\/#primaryimage","url":"http:\/\/www.minhidrocarburos.gob.ve\/wp-content\/uploads\/2025\/04\/Foto-principal-scaled.jpg","contentUrl":"http:\/\/www.minhidrocarburos.gob.ve\/wp-content\/uploads\/2025\/04\/Foto-principal-scaled.jpg","width":2560,"height":1707},{"@type":"WebSite","@id":"http:\/\/www.minhidrocarburos.gob.ve\/#website","url":"http:\/\/www.minhidrocarburos.gob.ve\/","name":"Minhidrocarburos","description":"Regulaci\u00f3n, formulaci\u00f3n y seguimiento de pol\u00edticas; la planificaci\u00f3n, realizaci\u00f3n y fiscalizaci\u00f3n en materia de hidrocarburos","publisher":{"@id":"http:\/\/www.minhidrocarburos.gob.ve\/#organization"},"potentialAction":[{"@type":"SearchAction","target":{"@type":"EntryPoint","urlTemplate":"http:\/\/www.minhidrocarburos.gob.ve\/?s={search_term_string}"},"query-input":{"@type":"PropertyValueSpecification","valueRequired":true,"valueName":"search_term_string"}}],"inLanguage":"es"},{"@type":"Organization","@id":"http:\/\/www.minhidrocarburos.gob.ve\/#organization","name":"Ministerio del Poder Popular de Hidrocarburos","url":"http:\/\/www.minhidrocarburos.gob.ve\/","logo":{"@type":"ImageObject","inLanguage":"es","@id":"http:\/\/www.minhidrocarburos.gob.ve\/#\/schema\/logo\/image\/","url":"http:\/\/www.minhidrocarburos.gob.ve\/wp-content\/uploads\/2024\/12\/Ministerio_de_Hidrocarburos.png","contentUrl":"http:\/\/www.minhidrocarburos.gob.ve\/wp-content\/uploads\/2024\/12\/Ministerio_de_Hidrocarburos.png","width":2320,"height":324,"caption":"Ministerio del Poder Popular de Hidrocarburos"},"image":{"@id":"http:\/\/www.minhidrocarburos.gob.ve\/#\/schema\/logo\/image\/"}},{"@type":"Person","@id":"http:\/\/www.minhidrocarburos.gob.ve\/#\/schema\/person\/a775d309f37aa396b8f21cbc37789c8f","name":"rubi guadelis","image":{"@type":"ImageObject","inLanguage":"es","@id":"https:\/\/secure.gravatar.com\/avatar\/13b775ea21a000e6c50bf3d9bf85b3ea6c4931f4bc5b3860ee7803247c294517?s=96&d=mm&r=g","url":"https:\/\/secure.gravatar.com\/avatar\/13b775ea21a000e6c50bf3d9bf85b3ea6c4931f4bc5b3860ee7803247c294517?s=96&d=mm&r=g","contentUrl":"https:\/\/secure.gravatar.com\/avatar\/13b775ea21a000e6c50bf3d9bf85b3ea6c4931f4bc5b3860ee7803247c294517?s=96&d=mm&r=g","caption":"rubi guadelis"},"url":"http:\/\/www.minhidrocarburos.gob.ve\/index.php\/author\/rguadelis\/"}]}},"_links":{"self":[{"href":"http:\/\/www.minhidrocarburos.gob.ve\/index.php\/wp-json\/wp\/v2\/posts\/3969","targetHints":{"allow":["GET"]}}],"collection":[{"href":"http:\/\/www.minhidrocarburos.gob.ve\/index.php\/wp-json\/wp\/v2\/posts"}],"about":[{"href":"http:\/\/www.minhidrocarburos.gob.ve\/index.php\/wp-json\/wp\/v2\/types\/post"}],"author":[{"embeddable":true,"href":"http:\/\/www.minhidrocarburos.gob.ve\/index.php\/wp-json\/wp\/v2\/users\/7"}],"replies":[{"embeddable":true,"href":"http:\/\/www.minhidrocarburos.gob.ve\/index.php\/wp-json\/wp\/v2\/comments?post=3969"}],"version-history":[{"count":4,"href":"http:\/\/www.minhidrocarburos.gob.ve\/index.php\/wp-json\/wp\/v2\/posts\/3969\/revisions"}],"predecessor-version":[{"id":3990,"href":"http:\/\/www.minhidrocarburos.gob.ve\/index.php\/wp-json\/wp\/v2\/posts\/3969\/revisions\/3990"}],"wp:featuredmedia":[{"embeddable":true,"href":"http:\/\/www.minhidrocarburos.gob.ve\/index.php\/wp-json\/wp\/v2\/media\/3992"}],"wp:attachment":[{"href":"http:\/\/www.minhidrocarburos.gob.ve\/index.php\/wp-json\/wp\/v2\/media?parent=3969"}],"wp:term":[{"taxonomy":"category","embeddable":true,"href":"http:\/\/www.minhidrocarburos.gob.ve\/index.php\/wp-json\/wp\/v2\/categories?post=3969"},{"taxonomy":"post_tag","embeddable":true,"href":"http:\/\/www.minhidrocarburos.gob.ve\/index.php\/wp-json\/wp\/v2\/tags?post=3969"}],"curies":[{"name":"wp","href":"https:\/\/api.w.org\/{rel}","templated":true}]}}