

{"id":4015,"date":"2025-04-29T19:54:17","date_gmt":"2025-04-29T23:54:17","guid":{"rendered":"http:\/\/www.minhidrocarburos.gob.ve\/?p=4015"},"modified":"2025-04-29T19:54:19","modified_gmt":"2025-04-29T23:54:19","slug":"venezuela-afianzo-estrategias-de-cooperacion-estrategica-en-catar","status":"publish","type":"post","link":"http:\/\/www.minhidrocarburos.gob.ve\/index.php\/2025\/04\/29\/venezuela-afianzo-estrategias-de-cooperacion-estrategica-en-catar\/","title":{"rendered":"Venezuela afianz\u00f3 estrategias de cooperaci\u00f3n estrat\u00e9gica en Catar"},"content":{"rendered":"\n<p><strong>Caracas, 29 de abril de 2025.-<\/strong> La vicepresidenta Ejecutiva y ministra del Poder Popular de Hidrocarburos, Delcy Rodr\u00edguez, durante el cumplimiento de su agenda de trabajo en la ciudad de Doha, capital de Catar, sostuvo un encuentro con el ministro de Estado para Asuntos Energ\u00e9ticos, S.E. Saad Bin Sherida Al Kaabi, a fin de revisar las relaciones bilaterales en este sector estrat\u00e9gico.<\/p>\n\n\n\n<p>Al respecto, la titular del sector petrolero, gas\u00edfero y petroqu\u00edmico de Venezuela, inform\u00f3 a trav\u00e9s de su canal de Telegram, que se abordaron las: \u00aboportunidades de cooperaci\u00f3n energ\u00e9tica e iniciativas conjuntas para el beneficio mutuo de nuestros pa\u00edses\u00bb.<\/p>\n\n\n\n<h2 class=\"wp-block-heading\">Agenda de cooperaci\u00f3n binacional<\/h2>\n\n\n\n<p>La visita a la naci\u00f3n \u00e1rabe, comprendi\u00f3 adem\u00e1s una nutrida agenda de fortalecimiento de la cooperaci\u00f3n bilateral, en la que la vicepresidenta y ministra de Hidrocarburos sostuvo reuniones con el Emir, Tamin Bin Hamad Al Thani y el Primer Ministro, Mohammed Bin Abdulrahman Al Thani, quien tambi\u00e9n es representante de la cartera de Relaciones Exteriores de Catar.<\/p>\n\n\n\n<p>Los temas clave tratados con las autoridades catar\u00edes fueron la integraci\u00f3n energ\u00e9tica y econ\u00f3mica, as\u00ed como asuntos del \u00e1mbito multilateral, en el que acordaron robustecer su asociaci\u00f3n dentro de los organismos donde ambos pa\u00edses tienen participaci\u00f3n activa. En particular, junto al Jeque Mohammed Bin Abdulrahman Al-Thani, se revisaron los avances de cooperaci\u00f3n destacando las oportunidades conjuntas en energ\u00eda, turismo e inversi\u00f3n, en un marco de respeto, solidaridad y visi\u00f3n compartida de desarrollo.<\/p>\n\n\n\n<p>La vicepresidenta y ministra Delcy Rodr\u00edguez, estuvo acompa\u00f1ada de la ministra del Poder Popular de Comercio Exterior Coromoto Godoy y la presidenta del Instituto Marca Pa\u00eds, Daniella Cabello, quienes representaron a la delegaci\u00f3n nacional que, dando cumplimiento a las instrucciones del presidente Nicol\u00e1s Maduro Moros, arrib\u00f3 este lunes a Doha, para sostener una serie de reuniones luego de una exitosa jornada de trabajo en la Rep\u00fablica Popular China.<\/p>\n\n\n\n<figure class=\"wp-block-gallery has-nested-images columns-default is-cropped wp-block-gallery-1 is-layout-flex wp-block-gallery-is-layout-flex\">\n<figure class=\"wp-block-image size-large\"><img loading=\"lazy\" decoding=\"async\" width=\"1024\" height=\"683\" data-id=\"4017\" src=\"http:\/\/www.minhidrocarburos.gob.ve\/wp-content\/uploads\/2025\/04\/Imagen-de-WhatsApp-2025-04-29-a-las-19.53.11_c30ba7e0-1024x683.jpg\" alt=\"\" class=\"wp-image-4017\" srcset=\"http:\/\/www.minhidrocarburos.gob.ve\/wp-content\/uploads\/2025\/04\/Imagen-de-WhatsApp-2025-04-29-a-las-19.53.11_c30ba7e0-1024x683.jpg 1024w, http:\/\/www.minhidrocarburos.gob.ve\/wp-content\/uploads\/2025\/04\/Imagen-de-WhatsApp-2025-04-29-a-las-19.53.11_c30ba7e0-300x200.jpg 300w, http:\/\/www.minhidrocarburos.gob.ve\/wp-content\/uploads\/2025\/04\/Imagen-de-WhatsApp-2025-04-29-a-las-19.53.11_c30ba7e0-768x512.jpg 768w, http:\/\/www.minhidrocarburos.gob.ve\/wp-content\/uploads\/2025\/04\/Imagen-de-WhatsApp-2025-04-29-a-las-19.53.11_c30ba7e0-930x620.jpg 930w, http:\/\/www.minhidrocarburos.gob.ve\/wp-content\/uploads\/2025\/04\/Imagen-de-WhatsApp-2025-04-29-a-las-19.53.11_c30ba7e0.jpg 1080w\" sizes=\"auto, (max-width: 1024px) 100vw, 1024px\" \/><\/figure>\n\n\n\n<figure class=\"wp-block-image size-large\"><img loading=\"lazy\" decoding=\"async\" width=\"1024\" height=\"683\" data-id=\"4018\" src=\"http:\/\/www.minhidrocarburos.gob.ve\/wp-content\/uploads\/2025\/04\/Imagen-de-WhatsApp-2025-04-29-a-las-19.53.12_c9c04597-1024x683.jpg\" alt=\"\" class=\"wp-image-4018\" srcset=\"http:\/\/www.minhidrocarburos.gob.ve\/wp-content\/uploads\/2025\/04\/Imagen-de-WhatsApp-2025-04-29-a-las-19.53.12_c9c04597-1024x683.jpg 1024w, http:\/\/www.minhidrocarburos.gob.ve\/wp-content\/uploads\/2025\/04\/Imagen-de-WhatsApp-2025-04-29-a-las-19.53.12_c9c04597-300x200.jpg 300w, http:\/\/www.minhidrocarburos.gob.ve\/wp-content\/uploads\/2025\/04\/Imagen-de-WhatsApp-2025-04-29-a-las-19.53.12_c9c04597-768x512.jpg 768w, http:\/\/www.minhidrocarburos.gob.ve\/wp-content\/uploads\/2025\/04\/Imagen-de-WhatsApp-2025-04-29-a-las-19.53.12_c9c04597-930x620.jpg 930w, http:\/\/www.minhidrocarburos.gob.ve\/wp-content\/uploads\/2025\/04\/Imagen-de-WhatsApp-2025-04-29-a-las-19.53.12_c9c04597.jpg 1080w\" sizes=\"auto, (max-width: 1024px) 100vw, 1024px\" \/><\/figure>\n\n\n\n<figure class=\"wp-block-image size-large\"><img loading=\"lazy\" decoding=\"async\" width=\"1024\" height=\"683\" data-id=\"4019\" src=\"http:\/\/www.minhidrocarburos.gob.ve\/wp-content\/uploads\/2025\/04\/Imagen-de-WhatsApp-2025-04-29-a-las-19.53.12_ece6ad06-1024x683.jpg\" alt=\"\" class=\"wp-image-4019\" srcset=\"http:\/\/www.minhidrocarburos.gob.ve\/wp-content\/uploads\/2025\/04\/Imagen-de-WhatsApp-2025-04-29-a-las-19.53.12_ece6ad06-1024x683.jpg 1024w, http:\/\/www.minhidrocarburos.gob.ve\/wp-content\/uploads\/2025\/04\/Imagen-de-WhatsApp-2025-04-29-a-las-19.53.12_ece6ad06-300x200.jpg 300w, http:\/\/www.minhidrocarburos.gob.ve\/wp-content\/uploads\/2025\/04\/Imagen-de-WhatsApp-2025-04-29-a-las-19.53.12_ece6ad06-768x512.jpg 768w, http:\/\/www.minhidrocarburos.gob.ve\/wp-content\/uploads\/2025\/04\/Imagen-de-WhatsApp-2025-04-29-a-las-19.53.12_ece6ad06-930x620.jpg 930w, http:\/\/www.minhidrocarburos.gob.ve\/wp-content\/uploads\/2025\/04\/Imagen-de-WhatsApp-2025-04-29-a-las-19.53.12_ece6ad06.jpg 1080w\" sizes=\"auto, (max-width: 1024px) 100vw, 1024px\" \/><\/figure>\n<\/figure>\n","protected":false},"excerpt":{"rendered":"<p>Caracas, 29 de abril de 2025.- La vicepresidenta Ejecutiva y ministra del Poder Popular de Hidrocarburos, Delcy Rodr\u00edguez, durante el cumplimiento de su agenda de trabajo en la ciudad de Doha, capital de Catar, sostuvo un encuentro con el ministro de Estado para Asuntos Energ\u00e9ticos, S.E. Saad Bin Sherida Al Kaabi, a fin de revisar&hellip;&nbsp;<a href=\"http:\/\/www.minhidrocarburos.gob.ve\/index.php\/2025\/04\/29\/venezuela-afianzo-estrategias-de-cooperacion-estrategica-en-catar\/\" rel=\"bookmark\">Leer m\u00e1s &raquo;<span class=\"screen-reader-text\">Venezuela afianz\u00f3 estrategias de cooperaci\u00f3n estrat\u00e9gica en Catar<\/span><\/a><\/p>\n","protected":false},"author":8,"featured_media":4016,"comment_status":"closed","ping_status":"closed","sticky":false,"template":"","format":"standard","meta":{"_editorskit_title_hidden":false,"_editorskit_reading_time":0,"_editorskit_is_block_options_detached":false,"_editorskit_block_options_position":"{}","neve_meta_sidebar":"","neve_meta_container":"","neve_meta_enable_content_width":"","neve_meta_content_width":0,"neve_meta_title_alignment":"","neve_meta_author_avatar":"","neve_post_elements_order":"","neve_meta_disable_header":"","neve_meta_disable_footer":"","neve_meta_disable_title":"","footnotes":""},"categories":[127,122,128],"tags":[],"class_list":["post-4015","post","type-post","status-publish","format-standard","has-post-thumbnail","hentry","category-noticias-2025","category-noticias_slider_24","category-noticias_slider_25"],"yoast_head":"<!-- This site is optimized with the Yoast SEO plugin v27.2 - https:\/\/yoast.com\/product\/yoast-seo-wordpress\/ -->\n<title>Venezuela afianz\u00f3 estrategias de cooperaci\u00f3n estrat\u00e9gica en Catar - MinHidrocarburos<\/title>\n<meta name=\"robots\" content=\"index, follow, max-snippet:-1, max-image-preview:large, max-video-preview:-1\" \/>\n<link rel=\"canonical\" href=\"http:\/\/www.minhidrocarburos.gob.ve\/index.php\/2025\/04\/29\/venezuela-afianzo-estrategias-de-cooperacion-estrategica-en-catar\/\" \/>\n<meta property=\"og:locale\" content=\"es_ES\" \/>\n<meta property=\"og:type\" content=\"article\" \/>\n<meta property=\"og:title\" content=\"Venezuela afianz\u00f3 estrategias de cooperaci\u00f3n estrat\u00e9gica en Catar - MinHidrocarburos\" \/>\n<meta property=\"og:description\" content=\"Caracas, 29 de abril de 2025.- La vicepresidenta Ejecutiva y ministra del Poder Popular de Hidrocarburos, Delcy Rodr\u00edguez, durante el cumplimiento de su agenda de trabajo en la ciudad de Doha, capital de Catar, sostuvo un encuentro con el ministro de Estado para Asuntos Energ\u00e9ticos, S.E. Saad Bin Sherida Al Kaabi, a fin de revisar&hellip;&nbsp;Leer m\u00e1s &raquo;Venezuela afianz\u00f3 estrategias de cooperaci\u00f3n estrat\u00e9gica en Catar\" \/>\n<meta property=\"og:url\" content=\"http:\/\/www.minhidrocarburos.gob.ve\/index.php\/2025\/04\/29\/venezuela-afianzo-estrategias-de-cooperacion-estrategica-en-catar\/\" \/>\n<meta property=\"og:site_name\" content=\"MinHidrocarburos\" \/>\n<meta property=\"article:published_time\" content=\"2025-04-29T23:54:17+00:00\" \/>\n<meta property=\"article:modified_time\" content=\"2025-04-29T23:54:19+00:00\" \/>\n<meta property=\"og:image\" content=\"http:\/\/www.minhidrocarburos.gob.ve\/wp-content\/uploads\/2025\/04\/Catar-1.jpg\" \/>\n\t<meta property=\"og:image:width\" content=\"1280\" \/>\n\t<meta property=\"og:image:height\" content=\"853\" \/>\n\t<meta property=\"og:image:type\" content=\"image\/jpeg\" \/>\n<meta name=\"author\" content=\"Alejandro Mendoza\" \/>\n<meta name=\"twitter:card\" content=\"summary_large_image\" \/>\n<meta name=\"twitter:label1\" content=\"Escrito por\" \/>\n\t<meta name=\"twitter:data1\" content=\"Alejandro Mendoza\" \/>\n\t<meta name=\"twitter:label2\" content=\"Tiempo de lectura\" \/>\n\t<meta name=\"twitter:data2\" content=\"3 minutos\" \/>\n<script type=\"application\/ld+json\" class=\"yoast-schema-graph\">{\"@context\":\"https:\/\/schema.org\",\"@graph\":[{\"@type\":\"Article\",\"@id\":\"http:\/\/www.minhidrocarburos.gob.ve\/index.php\/2025\/04\/29\/venezuela-afianzo-estrategias-de-cooperacion-estrategica-en-catar\/#article\",\"isPartOf\":{\"@id\":\"http:\/\/www.minhidrocarburos.gob.ve\/index.php\/2025\/04\/29\/venezuela-afianzo-estrategias-de-cooperacion-estrategica-en-catar\/\"},\"author\":{\"name\":\"Alejandro Mendoza\",\"@id\":\"http:\/\/www.minhidrocarburos.gob.ve\/#\/schema\/person\/05dcf91a97e31d879f431d1f45dd729a\"},\"headline\":\"Venezuela afianz\u00f3 estrategias de cooperaci\u00f3n estrat\u00e9gica en Catar\",\"datePublished\":\"2025-04-29T23:54:17+00:00\",\"dateModified\":\"2025-04-29T23:54:19+00:00\",\"mainEntityOfPage\":{\"@id\":\"http:\/\/www.minhidrocarburos.gob.ve\/index.php\/2025\/04\/29\/venezuela-afianzo-estrategias-de-cooperacion-estrategica-en-catar\/\"},\"wordCount\":342,\"publisher\":{\"@id\":\"http:\/\/www.minhidrocarburos.gob.ve\/#organization\"},\"image\":{\"@id\":\"http:\/\/www.minhidrocarburos.gob.ve\/index.php\/2025\/04\/29\/venezuela-afianzo-estrategias-de-cooperacion-estrategica-en-catar\/#primaryimage\"},\"thumbnailUrl\":\"http:\/\/www.minhidrocarburos.gob.ve\/wp-content\/uploads\/2025\/04\/Catar-1.jpg\",\"articleSection\":[\"Noticias 2025\",\"Noticias_Slider_24\",\"Noticias_Slider_25\"],\"inLanguage\":\"es\"},{\"@type\":\"WebPage\",\"@id\":\"http:\/\/www.minhidrocarburos.gob.ve\/index.php\/2025\/04\/29\/venezuela-afianzo-estrategias-de-cooperacion-estrategica-en-catar\/\",\"url\":\"http:\/\/www.minhidrocarburos.gob.ve\/index.php\/2025\/04\/29\/venezuela-afianzo-estrategias-de-cooperacion-estrategica-en-catar\/\",\"name\":\"Venezuela afianz\u00f3 estrategias de cooperaci\u00f3n estrat\u00e9gica en Catar - MinHidrocarburos\",\"isPartOf\":{\"@id\":\"http:\/\/www.minhidrocarburos.gob.ve\/#website\"},\"primaryImageOfPage\":{\"@id\":\"http:\/\/www.minhidrocarburos.gob.ve\/index.php\/2025\/04\/29\/venezuela-afianzo-estrategias-de-cooperacion-estrategica-en-catar\/#primaryimage\"},\"image\":{\"@id\":\"http:\/\/www.minhidrocarburos.gob.ve\/index.php\/2025\/04\/29\/venezuela-afianzo-estrategias-de-cooperacion-estrategica-en-catar\/#primaryimage\"},\"thumbnailUrl\":\"http:\/\/www.minhidrocarburos.gob.ve\/wp-content\/uploads\/2025\/04\/Catar-1.jpg\",\"datePublished\":\"2025-04-29T23:54:17+00:00\",\"dateModified\":\"2025-04-29T23:54:19+00:00\",\"inLanguage\":\"es\",\"potentialAction\":[{\"@type\":\"ReadAction\",\"target\":[\"http:\/\/www.minhidrocarburos.gob.ve\/index.php\/2025\/04\/29\/venezuela-afianzo-estrategias-de-cooperacion-estrategica-en-catar\/\"]}]},{\"@type\":\"ImageObject\",\"inLanguage\":\"es\",\"@id\":\"http:\/\/www.minhidrocarburos.gob.ve\/index.php\/2025\/04\/29\/venezuela-afianzo-estrategias-de-cooperacion-estrategica-en-catar\/#primaryimage\",\"url\":\"http:\/\/www.minhidrocarburos.gob.ve\/wp-content\/uploads\/2025\/04\/Catar-1.jpg\",\"contentUrl\":\"http:\/\/www.minhidrocarburos.gob.ve\/wp-content\/uploads\/2025\/04\/Catar-1.jpg\",\"width\":1280,\"height\":853},{\"@type\":\"WebSite\",\"@id\":\"http:\/\/www.minhidrocarburos.gob.ve\/#website\",\"url\":\"http:\/\/www.minhidrocarburos.gob.ve\/\",\"name\":\"Minhidrocarburos\",\"description\":\"Regulaci\u00f3n, formulaci\u00f3n y seguimiento de pol\u00edticas; la planificaci\u00f3n, realizaci\u00f3n y fiscalizaci\u00f3n en materia de hidrocarburos\",\"publisher\":{\"@id\":\"http:\/\/www.minhidrocarburos.gob.ve\/#organization\"},\"potentialAction\":[{\"@type\":\"SearchAction\",\"target\":{\"@type\":\"EntryPoint\",\"urlTemplate\":\"http:\/\/www.minhidrocarburos.gob.ve\/?s={search_term_string}\"},\"query-input\":{\"@type\":\"PropertyValueSpecification\",\"valueRequired\":true,\"valueName\":\"search_term_string\"}}],\"inLanguage\":\"es\"},{\"@type\":\"Organization\",\"@id\":\"http:\/\/www.minhidrocarburos.gob.ve\/#organization\",\"name\":\"Ministerio del Poder Popular de Hidrocarburos\",\"url\":\"http:\/\/www.minhidrocarburos.gob.ve\/\",\"logo\":{\"@type\":\"ImageObject\",\"inLanguage\":\"es\",\"@id\":\"http:\/\/www.minhidrocarburos.gob.ve\/#\/schema\/logo\/image\/\",\"url\":\"http:\/\/www.minhidrocarburos.gob.ve\/wp-content\/uploads\/2024\/12\/Ministerio_de_Hidrocarburos.png\",\"contentUrl\":\"http:\/\/www.minhidrocarburos.gob.ve\/wp-content\/uploads\/2024\/12\/Ministerio_de_Hidrocarburos.png\",\"width\":2320,\"height\":324,\"caption\":\"Ministerio del Poder Popular de Hidrocarburos\"},\"image\":{\"@id\":\"http:\/\/www.minhidrocarburos.gob.ve\/#\/schema\/logo\/image\/\"}},{\"@type\":\"Person\",\"@id\":\"http:\/\/www.minhidrocarburos.gob.ve\/#\/schema\/person\/05dcf91a97e31d879f431d1f45dd729a\",\"name\":\"Alejandro Mendoza\",\"image\":{\"@type\":\"ImageObject\",\"inLanguage\":\"es\",\"@id\":\"https:\/\/secure.gravatar.com\/avatar\/135eff945fb2cbd75c6f3ee930c6c79f5c4a13a074e191bd95d0f9a31f5cc775?s=96&d=mm&r=g\",\"url\":\"https:\/\/secure.gravatar.com\/avatar\/135eff945fb2cbd75c6f3ee930c6c79f5c4a13a074e191bd95d0f9a31f5cc775?s=96&d=mm&r=g\",\"contentUrl\":\"https:\/\/secure.gravatar.com\/avatar\/135eff945fb2cbd75c6f3ee930c6c79f5c4a13a074e191bd95d0f9a31f5cc775?s=96&d=mm&r=g\",\"caption\":\"Alejandro Mendoza\"},\"url\":\"http:\/\/www.minhidrocarburos.gob.ve\/index.php\/author\/agmendoza\/\"}]}<\/script>\n<!-- \/ Yoast SEO plugin. -->","yoast_head_json":{"title":"Venezuela afianz\u00f3 estrategias de cooperaci\u00f3n estrat\u00e9gica en Catar - MinHidrocarburos","robots":{"index":"index","follow":"follow","max-snippet":"max-snippet:-1","max-image-preview":"max-image-preview:large","max-video-preview":"max-video-preview:-1"},"canonical":"http:\/\/www.minhidrocarburos.gob.ve\/index.php\/2025\/04\/29\/venezuela-afianzo-estrategias-de-cooperacion-estrategica-en-catar\/","og_locale":"es_ES","og_type":"article","og_title":"Venezuela afianz\u00f3 estrategias de cooperaci\u00f3n estrat\u00e9gica en Catar - MinHidrocarburos","og_description":"Caracas, 29 de abril de 2025.- La vicepresidenta Ejecutiva y ministra del Poder Popular de Hidrocarburos, Delcy Rodr\u00edguez, durante el cumplimiento de su agenda de trabajo en la ciudad de Doha, capital de Catar, sostuvo un encuentro con el ministro de Estado para Asuntos Energ\u00e9ticos, S.E. Saad Bin Sherida Al Kaabi, a fin de revisar&hellip;&nbsp;Leer m\u00e1s &raquo;Venezuela afianz\u00f3 estrategias de cooperaci\u00f3n estrat\u00e9gica en Catar","og_url":"http:\/\/www.minhidrocarburos.gob.ve\/index.php\/2025\/04\/29\/venezuela-afianzo-estrategias-de-cooperacion-estrategica-en-catar\/","og_site_name":"MinHidrocarburos","article_published_time":"2025-04-29T23:54:17+00:00","article_modified_time":"2025-04-29T23:54:19+00:00","og_image":[{"width":1280,"height":853,"url":"http:\/\/www.minhidrocarburos.gob.ve\/wp-content\/uploads\/2025\/04\/Catar-1.jpg","type":"image\/jpeg"}],"author":"Alejandro Mendoza","twitter_card":"summary_large_image","twitter_misc":{"Escrito por":"Alejandro Mendoza","Tiempo de lectura":"3 minutos"},"schema":{"@context":"https:\/\/schema.org","@graph":[{"@type":"Article","@id":"http:\/\/www.minhidrocarburos.gob.ve\/index.php\/2025\/04\/29\/venezuela-afianzo-estrategias-de-cooperacion-estrategica-en-catar\/#article","isPartOf":{"@id":"http:\/\/www.minhidrocarburos.gob.ve\/index.php\/2025\/04\/29\/venezuela-afianzo-estrategias-de-cooperacion-estrategica-en-catar\/"},"author":{"name":"Alejandro Mendoza","@id":"http:\/\/www.minhidrocarburos.gob.ve\/#\/schema\/person\/05dcf91a97e31d879f431d1f45dd729a"},"headline":"Venezuela afianz\u00f3 estrategias de cooperaci\u00f3n estrat\u00e9gica en Catar","datePublished":"2025-04-29T23:54:17+00:00","dateModified":"2025-04-29T23:54:19+00:00","mainEntityOfPage":{"@id":"http:\/\/www.minhidrocarburos.gob.ve\/index.php\/2025\/04\/29\/venezuela-afianzo-estrategias-de-cooperacion-estrategica-en-catar\/"},"wordCount":342,"publisher":{"@id":"http:\/\/www.minhidrocarburos.gob.ve\/#organization"},"image":{"@id":"http:\/\/www.minhidrocarburos.gob.ve\/index.php\/2025\/04\/29\/venezuela-afianzo-estrategias-de-cooperacion-estrategica-en-catar\/#primaryimage"},"thumbnailUrl":"http:\/\/www.minhidrocarburos.gob.ve\/wp-content\/uploads\/2025\/04\/Catar-1.jpg","articleSection":["Noticias 2025","Noticias_Slider_24","Noticias_Slider_25"],"inLanguage":"es"},{"@type":"WebPage","@id":"http:\/\/www.minhidrocarburos.gob.ve\/index.php\/2025\/04\/29\/venezuela-afianzo-estrategias-de-cooperacion-estrategica-en-catar\/","url":"http:\/\/www.minhidrocarburos.gob.ve\/index.php\/2025\/04\/29\/venezuela-afianzo-estrategias-de-cooperacion-estrategica-en-catar\/","name":"Venezuela afianz\u00f3 estrategias de cooperaci\u00f3n estrat\u00e9gica en Catar - MinHidrocarburos","isPartOf":{"@id":"http:\/\/www.minhidrocarburos.gob.ve\/#website"},"primaryImageOfPage":{"@id":"http:\/\/www.minhidrocarburos.gob.ve\/index.php\/2025\/04\/29\/venezuela-afianzo-estrategias-de-cooperacion-estrategica-en-catar\/#primaryimage"},"image":{"@id":"http:\/\/www.minhidrocarburos.gob.ve\/index.php\/2025\/04\/29\/venezuela-afianzo-estrategias-de-cooperacion-estrategica-en-catar\/#primaryimage"},"thumbnailUrl":"http:\/\/www.minhidrocarburos.gob.ve\/wp-content\/uploads\/2025\/04\/Catar-1.jpg","datePublished":"2025-04-29T23:54:17+00:00","dateModified":"2025-04-29T23:54:19+00:00","inLanguage":"es","potentialAction":[{"@type":"ReadAction","target":["http:\/\/www.minhidrocarburos.gob.ve\/index.php\/2025\/04\/29\/venezuela-afianzo-estrategias-de-cooperacion-estrategica-en-catar\/"]}]},{"@type":"ImageObject","inLanguage":"es","@id":"http:\/\/www.minhidrocarburos.gob.ve\/index.php\/2025\/04\/29\/venezuela-afianzo-estrategias-de-cooperacion-estrategica-en-catar\/#primaryimage","url":"http:\/\/www.minhidrocarburos.gob.ve\/wp-content\/uploads\/2025\/04\/Catar-1.jpg","contentUrl":"http:\/\/www.minhidrocarburos.gob.ve\/wp-content\/uploads\/2025\/04\/Catar-1.jpg","width":1280,"height":853},{"@type":"WebSite","@id":"http:\/\/www.minhidrocarburos.gob.ve\/#website","url":"http:\/\/www.minhidrocarburos.gob.ve\/","name":"Minhidrocarburos","description":"Regulaci\u00f3n, formulaci\u00f3n y seguimiento de pol\u00edticas; la planificaci\u00f3n, realizaci\u00f3n y fiscalizaci\u00f3n en materia de hidrocarburos","publisher":{"@id":"http:\/\/www.minhidrocarburos.gob.ve\/#organization"},"potentialAction":[{"@type":"SearchAction","target":{"@type":"EntryPoint","urlTemplate":"http:\/\/www.minhidrocarburos.gob.ve\/?s={search_term_string}"},"query-input":{"@type":"PropertyValueSpecification","valueRequired":true,"valueName":"search_term_string"}}],"inLanguage":"es"},{"@type":"Organization","@id":"http:\/\/www.minhidrocarburos.gob.ve\/#organization","name":"Ministerio del Poder Popular de Hidrocarburos","url":"http:\/\/www.minhidrocarburos.gob.ve\/","logo":{"@type":"ImageObject","inLanguage":"es","@id":"http:\/\/www.minhidrocarburos.gob.ve\/#\/schema\/logo\/image\/","url":"http:\/\/www.minhidrocarburos.gob.ve\/wp-content\/uploads\/2024\/12\/Ministerio_de_Hidrocarburos.png","contentUrl":"http:\/\/www.minhidrocarburos.gob.ve\/wp-content\/uploads\/2024\/12\/Ministerio_de_Hidrocarburos.png","width":2320,"height":324,"caption":"Ministerio del Poder Popular de Hidrocarburos"},"image":{"@id":"http:\/\/www.minhidrocarburos.gob.ve\/#\/schema\/logo\/image\/"}},{"@type":"Person","@id":"http:\/\/www.minhidrocarburos.gob.ve\/#\/schema\/person\/05dcf91a97e31d879f431d1f45dd729a","name":"Alejandro Mendoza","image":{"@type":"ImageObject","inLanguage":"es","@id":"https:\/\/secure.gravatar.com\/avatar\/135eff945fb2cbd75c6f3ee930c6c79f5c4a13a074e191bd95d0f9a31f5cc775?s=96&d=mm&r=g","url":"https:\/\/secure.gravatar.com\/avatar\/135eff945fb2cbd75c6f3ee930c6c79f5c4a13a074e191bd95d0f9a31f5cc775?s=96&d=mm&r=g","contentUrl":"https:\/\/secure.gravatar.com\/avatar\/135eff945fb2cbd75c6f3ee930c6c79f5c4a13a074e191bd95d0f9a31f5cc775?s=96&d=mm&r=g","caption":"Alejandro Mendoza"},"url":"http:\/\/www.minhidrocarburos.gob.ve\/index.php\/author\/agmendoza\/"}]}},"_links":{"self":[{"href":"http:\/\/www.minhidrocarburos.gob.ve\/index.php\/wp-json\/wp\/v2\/posts\/4015","targetHints":{"allow":["GET"]}}],"collection":[{"href":"http:\/\/www.minhidrocarburos.gob.ve\/index.php\/wp-json\/wp\/v2\/posts"}],"about":[{"href":"http:\/\/www.minhidrocarburos.gob.ve\/index.php\/wp-json\/wp\/v2\/types\/post"}],"author":[{"embeddable":true,"href":"http:\/\/www.minhidrocarburos.gob.ve\/index.php\/wp-json\/wp\/v2\/users\/8"}],"replies":[{"embeddable":true,"href":"http:\/\/www.minhidrocarburos.gob.ve\/index.php\/wp-json\/wp\/v2\/comments?post=4015"}],"version-history":[{"count":1,"href":"http:\/\/www.minhidrocarburos.gob.ve\/index.php\/wp-json\/wp\/v2\/posts\/4015\/revisions"}],"predecessor-version":[{"id":4020,"href":"http:\/\/www.minhidrocarburos.gob.ve\/index.php\/wp-json\/wp\/v2\/posts\/4015\/revisions\/4020"}],"wp:featuredmedia":[{"embeddable":true,"href":"http:\/\/www.minhidrocarburos.gob.ve\/index.php\/wp-json\/wp\/v2\/media\/4016"}],"wp:attachment":[{"href":"http:\/\/www.minhidrocarburos.gob.ve\/index.php\/wp-json\/wp\/v2\/media?parent=4015"}],"wp:term":[{"taxonomy":"category","embeddable":true,"href":"http:\/\/www.minhidrocarburos.gob.ve\/index.php\/wp-json\/wp\/v2\/categories?post=4015"},{"taxonomy":"post_tag","embeddable":true,"href":"http:\/\/www.minhidrocarburos.gob.ve\/index.php\/wp-json\/wp\/v2\/tags?post=4015"}],"curies":[{"name":"wp","href":"https:\/\/api.w.org\/{rel}","templated":true}]}}