

{"id":4244,"date":"2025-06-29T14:27:05","date_gmt":"2025-06-29T18:27:05","guid":{"rendered":"http:\/\/www.minhidrocarburos.gob.ve\/?p=4244"},"modified":"2025-06-29T14:27:06","modified_gmt":"2025-06-29T18:27:06","slug":"ministra-de-hidrocarburos-inspecciona-el-sistema-nacional-de-refinacion-de-paraguana","status":"publish","type":"post","link":"http:\/\/www.minhidrocarburos.gob.ve\/index.php\/2025\/06\/29\/ministra-de-hidrocarburos-inspecciona-el-sistema-nacional-de-refinacion-de-paraguana\/","title":{"rendered":"Ministra de Hidrocarburos inspecciona el Sistema Nacional de Refinaci\u00f3n de Paraguan\u00e1"},"content":{"rendered":"\n<p><strong>Caracas, 29 de junio de 2025.<\/strong>&#8211; La ministra del Poder Popular de Hidrocarburos, Delcy Rodr\u00edguez visit\u00f3 el Centro de Refinaci\u00f3n de Paraguan\u00e1 en el estado Falc\u00f3n para inspeccionar, junto a sus trabajadores, el Sistema Nacional de Refinaci\u00f3n que garantiza la distribuci\u00f3n y suministro de combustible en el pa\u00eds. <\/p>\n\n\n\n<p>En esta visita de trabajo, Rodr\u00edguez recorri\u00f3 las instalaciones del muelle de la refiner\u00eda Amuay acompa\u00f1ada tambi\u00e9n con la directiva de PDVSA para constatar la operatividad de sus sistemas productivos, al tiempo que revis\u00f3 los planes que garantizan los procesos productivos de este complejo. <\/p>\n\n\n\n<p>Card\u00f3n, Amuay y Bajo Grande conforman el Centro de Refinaci\u00f3n Paraguan\u00e1, uno de los m\u00e1s grandes del mundo, responsable de transformar el crudo en gasolina, di\u00e9sel, asfalto y otros derivados en la Rep\u00fablica Bolivariana de Venezuela. <\/p>\n\n\n\n<p>Con el Plan Independencia Productiva Absoluta dise\u00f1ado por el presidente Nicol\u00e1s Maduro, el Motor Hidrocarburos aporta al desarrollo y crecimiento econ\u00f3mico de la naci\u00f3n, cumpliendo con tres elementos fundamentales: la producci\u00f3n, abastecimiento y exportaci\u00f3n. (PAE).<\/p>\n\n\n\n<figure class=\"wp-block-gallery has-nested-images columns-3 is-cropped wp-block-gallery-1 is-layout-flex wp-block-gallery-is-layout-flex\">\n<figure class=\"wp-block-image size-large\"><img loading=\"lazy\" decoding=\"async\" width=\"1024\" height=\"819\" data-id=\"4247\" src=\"http:\/\/www.minhidrocarburos.gob.ve\/wp-content\/uploads\/2025\/06\/Fachada-Refineria-Paraguana-1024x819.jpg\" alt=\"\" class=\"wp-image-4247\" srcset=\"http:\/\/www.minhidrocarburos.gob.ve\/wp-content\/uploads\/2025\/06\/Fachada-Refineria-Paraguana-1024x819.jpg 1024w, http:\/\/www.minhidrocarburos.gob.ve\/wp-content\/uploads\/2025\/06\/Fachada-Refineria-Paraguana-300x240.jpg 300w, http:\/\/www.minhidrocarburos.gob.ve\/wp-content\/uploads\/2025\/06\/Fachada-Refineria-Paraguana-768x614.jpg 768w, http:\/\/www.minhidrocarburos.gob.ve\/wp-content\/uploads\/2025\/06\/Fachada-Refineria-Paraguana.jpg 1280w\" sizes=\"auto, (max-width: 1024px) 100vw, 1024px\" \/><\/figure>\n\n\n\n<figure class=\"wp-block-image size-large\"><img loading=\"lazy\" decoding=\"async\" width=\"1024\" height=\"818\" data-id=\"4246\" src=\"http:\/\/www.minhidrocarburos.gob.ve\/wp-content\/uploads\/2025\/06\/Trabajadores-1024x818.jpg\" alt=\"\" class=\"wp-image-4246\" srcset=\"http:\/\/www.minhidrocarburos.gob.ve\/wp-content\/uploads\/2025\/06\/Trabajadores-1024x818.jpg 1024w, http:\/\/www.minhidrocarburos.gob.ve\/wp-content\/uploads\/2025\/06\/Trabajadores-300x240.jpg 300w, http:\/\/www.minhidrocarburos.gob.ve\/wp-content\/uploads\/2025\/06\/Trabajadores-768x614.jpg 768w, http:\/\/www.minhidrocarburos.gob.ve\/wp-content\/uploads\/2025\/06\/Trabajadores.jpg 1280w\" sizes=\"auto, (max-width: 1024px) 100vw, 1024px\" \/><\/figure>\n\n\n\n<figure class=\"wp-block-image size-large\"><img loading=\"lazy\" decoding=\"async\" width=\"1024\" height=\"819\" data-id=\"4245\" src=\"http:\/\/www.minhidrocarburos.gob.ve\/wp-content\/uploads\/2025\/06\/Directiva-y-trabaj-la-reciben-1024x819.jpg\" alt=\"\" class=\"wp-image-4245\" srcset=\"http:\/\/www.minhidrocarburos.gob.ve\/wp-content\/uploads\/2025\/06\/Directiva-y-trabaj-la-reciben-1024x819.jpg 1024w, http:\/\/www.minhidrocarburos.gob.ve\/wp-content\/uploads\/2025\/06\/Directiva-y-trabaj-la-reciben-300x240.jpg 300w, http:\/\/www.minhidrocarburos.gob.ve\/wp-content\/uploads\/2025\/06\/Directiva-y-trabaj-la-reciben-768x614.jpg 768w, http:\/\/www.minhidrocarburos.gob.ve\/wp-content\/uploads\/2025\/06\/Directiva-y-trabaj-la-reciben.jpg 1280w\" sizes=\"auto, (max-width: 1024px) 100vw, 1024px\" \/><\/figure>\n\n\n\n<figure class=\"wp-block-image size-large\"><img loading=\"lazy\" decoding=\"async\" width=\"1024\" height=\"819\" data-id=\"4250\" src=\"http:\/\/www.minhidrocarburos.gob.ve\/wp-content\/uploads\/2025\/06\/Vice-con-Directiva-PDVSA-1024x819.jpg\" alt=\"\" class=\"wp-image-4250\" srcset=\"http:\/\/www.minhidrocarburos.gob.ve\/wp-content\/uploads\/2025\/06\/Vice-con-Directiva-PDVSA-1024x819.jpg 1024w, http:\/\/www.minhidrocarburos.gob.ve\/wp-content\/uploads\/2025\/06\/Vice-con-Directiva-PDVSA-300x240.jpg 300w, http:\/\/www.minhidrocarburos.gob.ve\/wp-content\/uploads\/2025\/06\/Vice-con-Directiva-PDVSA-768x614.jpg 768w, http:\/\/www.minhidrocarburos.gob.ve\/wp-content\/uploads\/2025\/06\/Vice-con-Directiva-PDVSA.jpg 1280w\" sizes=\"auto, (max-width: 1024px) 100vw, 1024px\" \/><\/figure>\n\n\n\n<figure class=\"wp-block-image size-large\"><img loading=\"lazy\" decoding=\"async\" width=\"1024\" height=\"819\" data-id=\"4249\" src=\"http:\/\/www.minhidrocarburos.gob.ve\/wp-content\/uploads\/2025\/06\/Recorrido-por-Amuay-1-1024x819.jpg\" alt=\"\" class=\"wp-image-4249\" srcset=\"http:\/\/www.minhidrocarburos.gob.ve\/wp-content\/uploads\/2025\/06\/Recorrido-por-Amuay-1-1024x819.jpg 1024w, http:\/\/www.minhidrocarburos.gob.ve\/wp-content\/uploads\/2025\/06\/Recorrido-por-Amuay-1-300x240.jpg 300w, http:\/\/www.minhidrocarburos.gob.ve\/wp-content\/uploads\/2025\/06\/Recorrido-por-Amuay-1-768x614.jpg 768w, http:\/\/www.minhidrocarburos.gob.ve\/wp-content\/uploads\/2025\/06\/Recorrido-por-Amuay-1.jpg 1280w\" sizes=\"auto, (max-width: 1024px) 100vw, 1024px\" \/><\/figure>\n\n\n\n<figure class=\"wp-block-image size-large\"><img loading=\"lazy\" decoding=\"async\" width=\"1024\" height=\"818\" data-id=\"4248\" src=\"http:\/\/www.minhidrocarburos.gob.ve\/wp-content\/uploads\/2025\/06\/Recorrido-por-Amuay-2-1024x818.jpg\" alt=\"\" class=\"wp-image-4248\" srcset=\"http:\/\/www.minhidrocarburos.gob.ve\/wp-content\/uploads\/2025\/06\/Recorrido-por-Amuay-2-1024x818.jpg 1024w, http:\/\/www.minhidrocarburos.gob.ve\/wp-content\/uploads\/2025\/06\/Recorrido-por-Amuay-2-300x240.jpg 300w, http:\/\/www.minhidrocarburos.gob.ve\/wp-content\/uploads\/2025\/06\/Recorrido-por-Amuay-2-768x614.jpg 768w, http:\/\/www.minhidrocarburos.gob.ve\/wp-content\/uploads\/2025\/06\/Recorrido-por-Amuay-2.jpg 1280w\" sizes=\"auto, (max-width: 1024px) 100vw, 1024px\" \/><\/figure>\n\n\n\n<figure class=\"wp-block-image size-large\"><img loading=\"lazy\" decoding=\"async\" width=\"1024\" height=\"819\" data-id=\"4253\" src=\"http:\/\/www.minhidrocarburos.gob.ve\/wp-content\/uploads\/2025\/06\/Reunida-en-la-CRP-Directiva-oficina-1024x819.jpg\" alt=\"\" class=\"wp-image-4253\" srcset=\"http:\/\/www.minhidrocarburos.gob.ve\/wp-content\/uploads\/2025\/06\/Reunida-en-la-CRP-Directiva-oficina-1024x819.jpg 1024w, http:\/\/www.minhidrocarburos.gob.ve\/wp-content\/uploads\/2025\/06\/Reunida-en-la-CRP-Directiva-oficina-300x240.jpg 300w, http:\/\/www.minhidrocarburos.gob.ve\/wp-content\/uploads\/2025\/06\/Reunida-en-la-CRP-Directiva-oficina-768x614.jpg 768w, http:\/\/www.minhidrocarburos.gob.ve\/wp-content\/uploads\/2025\/06\/Reunida-en-la-CRP-Directiva-oficina.jpg 1280w\" sizes=\"auto, (max-width: 1024px) 100vw, 1024px\" \/><\/figure>\n\n\n\n<figure class=\"wp-block-image size-large\"><img loading=\"lazy\" decoding=\"async\" width=\"1024\" height=\"819\" data-id=\"4252\" src=\"http:\/\/www.minhidrocarburos.gob.ve\/wp-content\/uploads\/2025\/06\/Delcy-en-oficina-CRP-1024x819.jpg\" alt=\"\" class=\"wp-image-4252\" srcset=\"http:\/\/www.minhidrocarburos.gob.ve\/wp-content\/uploads\/2025\/06\/Delcy-en-oficina-CRP-1024x819.jpg 1024w, http:\/\/www.minhidrocarburos.gob.ve\/wp-content\/uploads\/2025\/06\/Delcy-en-oficina-CRP-300x240.jpg 300w, http:\/\/www.minhidrocarburos.gob.ve\/wp-content\/uploads\/2025\/06\/Delcy-en-oficina-CRP-768x614.jpg 768w, http:\/\/www.minhidrocarburos.gob.ve\/wp-content\/uploads\/2025\/06\/Delcy-en-oficina-CRP.jpg 1280w\" sizes=\"auto, (max-width: 1024px) 100vw, 1024px\" \/><\/figure>\n<\/figure>\n\n\n\n<figure class=\"wp-block-image alignwide size-large\"><img loading=\"lazy\" decoding=\"async\" width=\"1024\" height=\"682\" src=\"http:\/\/www.minhidrocarburos.gob.ve\/wp-content\/uploads\/2025\/06\/Carguero-2-1024x682.jpg\" alt=\"\" class=\"wp-image-4257\" srcset=\"http:\/\/www.minhidrocarburos.gob.ve\/wp-content\/uploads\/2025\/06\/Carguero-2-1024x682.jpg 1024w, http:\/\/www.minhidrocarburos.gob.ve\/wp-content\/uploads\/2025\/06\/Carguero-2-300x200.jpg 300w, http:\/\/www.minhidrocarburos.gob.ve\/wp-content\/uploads\/2025\/06\/Carguero-2-768x512.jpg 768w, http:\/\/www.minhidrocarburos.gob.ve\/wp-content\/uploads\/2025\/06\/Carguero-2-930x620.jpg 930w, http:\/\/www.minhidrocarburos.gob.ve\/wp-content\/uploads\/2025\/06\/Carguero-2.jpg 1280w\" sizes=\"auto, (max-width: 1024px) 100vw, 1024px\" \/><\/figure>\n\n\n\n<figure class=\"wp-block-image alignwide size-large\"><img loading=\"lazy\" decoding=\"async\" width=\"1024\" height=\"819\" src=\"http:\/\/www.minhidrocarburos.gob.ve\/wp-content\/uploads\/2025\/06\/Trabajador-de-espalda-con-carguero-1-1024x819.jpg\" alt=\"\" class=\"wp-image-4258\" srcset=\"http:\/\/www.minhidrocarburos.gob.ve\/wp-content\/uploads\/2025\/06\/Trabajador-de-espalda-con-carguero-1-1024x819.jpg 1024w, http:\/\/www.minhidrocarburos.gob.ve\/wp-content\/uploads\/2025\/06\/Trabajador-de-espalda-con-carguero-1-300x240.jpg 300w, http:\/\/www.minhidrocarburos.gob.ve\/wp-content\/uploads\/2025\/06\/Trabajador-de-espalda-con-carguero-1-768x614.jpg 768w, http:\/\/www.minhidrocarburos.gob.ve\/wp-content\/uploads\/2025\/06\/Trabajador-de-espalda-con-carguero-1.jpg 1280w\" sizes=\"auto, (max-width: 1024px) 100vw, 1024px\" \/><\/figure>\n","protected":false},"excerpt":{"rendered":"<p>Caracas, 29 de junio de 2025.&#8211; La ministra del Poder Popular de Hidrocarburos, Delcy Rodr\u00edguez visit\u00f3 el Centro de Refinaci\u00f3n de Paraguan\u00e1 en el estado Falc\u00f3n para inspeccionar, junto a sus trabajadores, el Sistema Nacional de Refinaci\u00f3n que garantiza la distribuci\u00f3n y suministro de combustible en el pa\u00eds. En esta visita de trabajo, Rodr\u00edguez recorri\u00f3&hellip;&nbsp;<a href=\"http:\/\/www.minhidrocarburos.gob.ve\/index.php\/2025\/06\/29\/ministra-de-hidrocarburos-inspecciona-el-sistema-nacional-de-refinacion-de-paraguana\/\" rel=\"bookmark\">Leer m\u00e1s &raquo;<span class=\"screen-reader-text\">Ministra de Hidrocarburos inspecciona el Sistema Nacional de Refinaci\u00f3n de Paraguan\u00e1<\/span><\/a><\/p>\n","protected":false},"author":7,"featured_media":4254,"comment_status":"closed","ping_status":"closed","sticky":false,"template":"","format":"standard","meta":{"_editorskit_title_hidden":false,"_editorskit_reading_time":0,"_editorskit_is_block_options_detached":false,"_editorskit_block_options_position":"{}","neve_meta_sidebar":"","neve_meta_container":"","neve_meta_enable_content_width":"","neve_meta_content_width":0,"neve_meta_title_alignment":"","neve_meta_author_avatar":"","neve_post_elements_order":"[\"thumbnail\",\"title\",\"meta\",\"content\"]","neve_meta_disable_header":"","neve_meta_disable_footer":"","neve_meta_disable_title":"","footnotes":""},"categories":[122,128],"tags":[],"class_list":["post-4244","post","type-post","status-publish","format-standard","has-post-thumbnail","hentry","category-noticias_slider_24","category-noticias_slider_25"],"yoast_head":"<!-- This site is optimized with the Yoast SEO plugin v27.2 - https:\/\/yoast.com\/product\/yoast-seo-wordpress\/ -->\n<title>Ministra de Hidrocarburos inspecciona el Sistema Nacional de Refinaci\u00f3n de Paraguan\u00e1 - MinHidrocarburos<\/title>\n<meta name=\"robots\" content=\"index, follow, max-snippet:-1, max-image-preview:large, max-video-preview:-1\" \/>\n<link rel=\"canonical\" href=\"http:\/\/www.minhidrocarburos.gob.ve\/index.php\/2025\/06\/29\/ministra-de-hidrocarburos-inspecciona-el-sistema-nacional-de-refinacion-de-paraguana\/\" \/>\n<meta property=\"og:locale\" content=\"es_ES\" \/>\n<meta property=\"og:type\" content=\"article\" \/>\n<meta property=\"og:title\" content=\"Ministra de Hidrocarburos inspecciona el Sistema Nacional de Refinaci\u00f3n de Paraguan\u00e1 - MinHidrocarburos\" \/>\n<meta property=\"og:description\" content=\"Caracas, 29 de junio de 2025.&#8211; La ministra del Poder Popular de Hidrocarburos, Delcy Rodr\u00edguez visit\u00f3 el Centro de Refinaci\u00f3n de Paraguan\u00e1 en el estado Falc\u00f3n para inspeccionar, junto a sus trabajadores, el Sistema Nacional de Refinaci\u00f3n que garantiza la distribuci\u00f3n y suministro de combustible en el pa\u00eds. En esta visita de trabajo, Rodr\u00edguez recorri\u00f3&hellip;&nbsp;Leer m\u00e1s &raquo;Ministra de Hidrocarburos inspecciona el Sistema Nacional de Refinaci\u00f3n de Paraguan\u00e1\" \/>\n<meta property=\"og:url\" content=\"http:\/\/www.minhidrocarburos.gob.ve\/index.php\/2025\/06\/29\/ministra-de-hidrocarburos-inspecciona-el-sistema-nacional-de-refinacion-de-paraguana\/\" \/>\n<meta property=\"og:site_name\" content=\"MinHidrocarburos\" \/>\n<meta property=\"article:published_time\" content=\"2025-06-29T18:27:05+00:00\" \/>\n<meta property=\"article:modified_time\" content=\"2025-06-29T18:27:06+00:00\" \/>\n<meta property=\"og:image\" content=\"http:\/\/www.minhidrocarburos.gob.ve\/wp-content\/uploads\/2025\/06\/Vicepresidenta-conversa-Trabajadores-Amuay.jpg\" \/>\n\t<meta property=\"og:image:width\" content=\"1280\" \/>\n\t<meta property=\"og:image:height\" content=\"1024\" \/>\n\t<meta property=\"og:image:type\" content=\"image\/jpeg\" \/>\n<meta name=\"author\" content=\"rubi guadelis\" \/>\n<meta name=\"twitter:card\" content=\"summary_large_image\" \/>\n<meta name=\"twitter:label1\" content=\"Escrito por\" \/>\n\t<meta name=\"twitter:data1\" content=\"rubi guadelis\" \/>\n\t<meta name=\"twitter:label2\" content=\"Tiempo de lectura\" \/>\n\t<meta name=\"twitter:data2\" content=\"3 minutos\" \/>\n<script type=\"application\/ld+json\" class=\"yoast-schema-graph\">{\"@context\":\"https:\/\/schema.org\",\"@graph\":[{\"@type\":\"Article\",\"@id\":\"http:\/\/www.minhidrocarburos.gob.ve\/index.php\/2025\/06\/29\/ministra-de-hidrocarburos-inspecciona-el-sistema-nacional-de-refinacion-de-paraguana\/#article\",\"isPartOf\":{\"@id\":\"http:\/\/www.minhidrocarburos.gob.ve\/index.php\/2025\/06\/29\/ministra-de-hidrocarburos-inspecciona-el-sistema-nacional-de-refinacion-de-paraguana\/\"},\"author\":{\"name\":\"rubi guadelis\",\"@id\":\"http:\/\/www.minhidrocarburos.gob.ve\/#\/schema\/person\/a775d309f37aa396b8f21cbc37789c8f\"},\"headline\":\"Ministra de Hidrocarburos inspecciona el Sistema Nacional de Refinaci\u00f3n de Paraguan\u00e1\",\"datePublished\":\"2025-06-29T18:27:05+00:00\",\"dateModified\":\"2025-06-29T18:27:06+00:00\",\"mainEntityOfPage\":{\"@id\":\"http:\/\/www.minhidrocarburos.gob.ve\/index.php\/2025\/06\/29\/ministra-de-hidrocarburos-inspecciona-el-sistema-nacional-de-refinacion-de-paraguana\/\"},\"wordCount\":195,\"publisher\":{\"@id\":\"http:\/\/www.minhidrocarburos.gob.ve\/#organization\"},\"image\":{\"@id\":\"http:\/\/www.minhidrocarburos.gob.ve\/index.php\/2025\/06\/29\/ministra-de-hidrocarburos-inspecciona-el-sistema-nacional-de-refinacion-de-paraguana\/#primaryimage\"},\"thumbnailUrl\":\"http:\/\/www.minhidrocarburos.gob.ve\/wp-content\/uploads\/2025\/06\/Vicepresidenta-conversa-Trabajadores-Amuay.jpg\",\"articleSection\":[\"Noticias_Slider_24\",\"Noticias_Slider_25\"],\"inLanguage\":\"es\"},{\"@type\":\"WebPage\",\"@id\":\"http:\/\/www.minhidrocarburos.gob.ve\/index.php\/2025\/06\/29\/ministra-de-hidrocarburos-inspecciona-el-sistema-nacional-de-refinacion-de-paraguana\/\",\"url\":\"http:\/\/www.minhidrocarburos.gob.ve\/index.php\/2025\/06\/29\/ministra-de-hidrocarburos-inspecciona-el-sistema-nacional-de-refinacion-de-paraguana\/\",\"name\":\"Ministra de Hidrocarburos inspecciona el Sistema Nacional de Refinaci\u00f3n de Paraguan\u00e1 - MinHidrocarburos\",\"isPartOf\":{\"@id\":\"http:\/\/www.minhidrocarburos.gob.ve\/#website\"},\"primaryImageOfPage\":{\"@id\":\"http:\/\/www.minhidrocarburos.gob.ve\/index.php\/2025\/06\/29\/ministra-de-hidrocarburos-inspecciona-el-sistema-nacional-de-refinacion-de-paraguana\/#primaryimage\"},\"image\":{\"@id\":\"http:\/\/www.minhidrocarburos.gob.ve\/index.php\/2025\/06\/29\/ministra-de-hidrocarburos-inspecciona-el-sistema-nacional-de-refinacion-de-paraguana\/#primaryimage\"},\"thumbnailUrl\":\"http:\/\/www.minhidrocarburos.gob.ve\/wp-content\/uploads\/2025\/06\/Vicepresidenta-conversa-Trabajadores-Amuay.jpg\",\"datePublished\":\"2025-06-29T18:27:05+00:00\",\"dateModified\":\"2025-06-29T18:27:06+00:00\",\"inLanguage\":\"es\",\"potentialAction\":[{\"@type\":\"ReadAction\",\"target\":[\"http:\/\/www.minhidrocarburos.gob.ve\/index.php\/2025\/06\/29\/ministra-de-hidrocarburos-inspecciona-el-sistema-nacional-de-refinacion-de-paraguana\/\"]}]},{\"@type\":\"ImageObject\",\"inLanguage\":\"es\",\"@id\":\"http:\/\/www.minhidrocarburos.gob.ve\/index.php\/2025\/06\/29\/ministra-de-hidrocarburos-inspecciona-el-sistema-nacional-de-refinacion-de-paraguana\/#primaryimage\",\"url\":\"http:\/\/www.minhidrocarburos.gob.ve\/wp-content\/uploads\/2025\/06\/Vicepresidenta-conversa-Trabajadores-Amuay.jpg\",\"contentUrl\":\"http:\/\/www.minhidrocarburos.gob.ve\/wp-content\/uploads\/2025\/06\/Vicepresidenta-conversa-Trabajadores-Amuay.jpg\",\"width\":1280,\"height\":1024},{\"@type\":\"WebSite\",\"@id\":\"http:\/\/www.minhidrocarburos.gob.ve\/#website\",\"url\":\"http:\/\/www.minhidrocarburos.gob.ve\/\",\"name\":\"Minhidrocarburos\",\"description\":\"Regulaci\u00f3n, formulaci\u00f3n y seguimiento de pol\u00edticas; la planificaci\u00f3n, realizaci\u00f3n y fiscalizaci\u00f3n en materia de hidrocarburos\",\"publisher\":{\"@id\":\"http:\/\/www.minhidrocarburos.gob.ve\/#organization\"},\"potentialAction\":[{\"@type\":\"SearchAction\",\"target\":{\"@type\":\"EntryPoint\",\"urlTemplate\":\"http:\/\/www.minhidrocarburos.gob.ve\/?s={search_term_string}\"},\"query-input\":{\"@type\":\"PropertyValueSpecification\",\"valueRequired\":true,\"valueName\":\"search_term_string\"}}],\"inLanguage\":\"es\"},{\"@type\":\"Organization\",\"@id\":\"http:\/\/www.minhidrocarburos.gob.ve\/#organization\",\"name\":\"Ministerio del Poder Popular de Hidrocarburos\",\"url\":\"http:\/\/www.minhidrocarburos.gob.ve\/\",\"logo\":{\"@type\":\"ImageObject\",\"inLanguage\":\"es\",\"@id\":\"http:\/\/www.minhidrocarburos.gob.ve\/#\/schema\/logo\/image\/\",\"url\":\"http:\/\/www.minhidrocarburos.gob.ve\/wp-content\/uploads\/2024\/12\/Ministerio_de_Hidrocarburos.png\",\"contentUrl\":\"http:\/\/www.minhidrocarburos.gob.ve\/wp-content\/uploads\/2024\/12\/Ministerio_de_Hidrocarburos.png\",\"width\":2320,\"height\":324,\"caption\":\"Ministerio del Poder Popular de Hidrocarburos\"},\"image\":{\"@id\":\"http:\/\/www.minhidrocarburos.gob.ve\/#\/schema\/logo\/image\/\"}},{\"@type\":\"Person\",\"@id\":\"http:\/\/www.minhidrocarburos.gob.ve\/#\/schema\/person\/a775d309f37aa396b8f21cbc37789c8f\",\"name\":\"rubi guadelis\",\"image\":{\"@type\":\"ImageObject\",\"inLanguage\":\"es\",\"@id\":\"https:\/\/secure.gravatar.com\/avatar\/13b775ea21a000e6c50bf3d9bf85b3ea6c4931f4bc5b3860ee7803247c294517?s=96&d=mm&r=g\",\"url\":\"https:\/\/secure.gravatar.com\/avatar\/13b775ea21a000e6c50bf3d9bf85b3ea6c4931f4bc5b3860ee7803247c294517?s=96&d=mm&r=g\",\"contentUrl\":\"https:\/\/secure.gravatar.com\/avatar\/13b775ea21a000e6c50bf3d9bf85b3ea6c4931f4bc5b3860ee7803247c294517?s=96&d=mm&r=g\",\"caption\":\"rubi guadelis\"},\"url\":\"http:\/\/www.minhidrocarburos.gob.ve\/index.php\/author\/rguadelis\/\"}]}<\/script>\n<!-- \/ Yoast SEO plugin. -->","yoast_head_json":{"title":"Ministra de Hidrocarburos inspecciona el Sistema Nacional de Refinaci\u00f3n de Paraguan\u00e1 - MinHidrocarburos","robots":{"index":"index","follow":"follow","max-snippet":"max-snippet:-1","max-image-preview":"max-image-preview:large","max-video-preview":"max-video-preview:-1"},"canonical":"http:\/\/www.minhidrocarburos.gob.ve\/index.php\/2025\/06\/29\/ministra-de-hidrocarburos-inspecciona-el-sistema-nacional-de-refinacion-de-paraguana\/","og_locale":"es_ES","og_type":"article","og_title":"Ministra de Hidrocarburos inspecciona el Sistema Nacional de Refinaci\u00f3n de Paraguan\u00e1 - MinHidrocarburos","og_description":"Caracas, 29 de junio de 2025.&#8211; La ministra del Poder Popular de Hidrocarburos, Delcy Rodr\u00edguez visit\u00f3 el Centro de Refinaci\u00f3n de Paraguan\u00e1 en el estado Falc\u00f3n para inspeccionar, junto a sus trabajadores, el Sistema Nacional de Refinaci\u00f3n que garantiza la distribuci\u00f3n y suministro de combustible en el pa\u00eds. En esta visita de trabajo, Rodr\u00edguez recorri\u00f3&hellip;&nbsp;Leer m\u00e1s &raquo;Ministra de Hidrocarburos inspecciona el Sistema Nacional de Refinaci\u00f3n de Paraguan\u00e1","og_url":"http:\/\/www.minhidrocarburos.gob.ve\/index.php\/2025\/06\/29\/ministra-de-hidrocarburos-inspecciona-el-sistema-nacional-de-refinacion-de-paraguana\/","og_site_name":"MinHidrocarburos","article_published_time":"2025-06-29T18:27:05+00:00","article_modified_time":"2025-06-29T18:27:06+00:00","og_image":[{"width":1280,"height":1024,"url":"http:\/\/www.minhidrocarburos.gob.ve\/wp-content\/uploads\/2025\/06\/Vicepresidenta-conversa-Trabajadores-Amuay.jpg","type":"image\/jpeg"}],"author":"rubi guadelis","twitter_card":"summary_large_image","twitter_misc":{"Escrito por":"rubi guadelis","Tiempo de lectura":"3 minutos"},"schema":{"@context":"https:\/\/schema.org","@graph":[{"@type":"Article","@id":"http:\/\/www.minhidrocarburos.gob.ve\/index.php\/2025\/06\/29\/ministra-de-hidrocarburos-inspecciona-el-sistema-nacional-de-refinacion-de-paraguana\/#article","isPartOf":{"@id":"http:\/\/www.minhidrocarburos.gob.ve\/index.php\/2025\/06\/29\/ministra-de-hidrocarburos-inspecciona-el-sistema-nacional-de-refinacion-de-paraguana\/"},"author":{"name":"rubi guadelis","@id":"http:\/\/www.minhidrocarburos.gob.ve\/#\/schema\/person\/a775d309f37aa396b8f21cbc37789c8f"},"headline":"Ministra de Hidrocarburos inspecciona el Sistema Nacional de Refinaci\u00f3n de Paraguan\u00e1","datePublished":"2025-06-29T18:27:05+00:00","dateModified":"2025-06-29T18:27:06+00:00","mainEntityOfPage":{"@id":"http:\/\/www.minhidrocarburos.gob.ve\/index.php\/2025\/06\/29\/ministra-de-hidrocarburos-inspecciona-el-sistema-nacional-de-refinacion-de-paraguana\/"},"wordCount":195,"publisher":{"@id":"http:\/\/www.minhidrocarburos.gob.ve\/#organization"},"image":{"@id":"http:\/\/www.minhidrocarburos.gob.ve\/index.php\/2025\/06\/29\/ministra-de-hidrocarburos-inspecciona-el-sistema-nacional-de-refinacion-de-paraguana\/#primaryimage"},"thumbnailUrl":"http:\/\/www.minhidrocarburos.gob.ve\/wp-content\/uploads\/2025\/06\/Vicepresidenta-conversa-Trabajadores-Amuay.jpg","articleSection":["Noticias_Slider_24","Noticias_Slider_25"],"inLanguage":"es"},{"@type":"WebPage","@id":"http:\/\/www.minhidrocarburos.gob.ve\/index.php\/2025\/06\/29\/ministra-de-hidrocarburos-inspecciona-el-sistema-nacional-de-refinacion-de-paraguana\/","url":"http:\/\/www.minhidrocarburos.gob.ve\/index.php\/2025\/06\/29\/ministra-de-hidrocarburos-inspecciona-el-sistema-nacional-de-refinacion-de-paraguana\/","name":"Ministra de Hidrocarburos inspecciona el Sistema Nacional de Refinaci\u00f3n de Paraguan\u00e1 - MinHidrocarburos","isPartOf":{"@id":"http:\/\/www.minhidrocarburos.gob.ve\/#website"},"primaryImageOfPage":{"@id":"http:\/\/www.minhidrocarburos.gob.ve\/index.php\/2025\/06\/29\/ministra-de-hidrocarburos-inspecciona-el-sistema-nacional-de-refinacion-de-paraguana\/#primaryimage"},"image":{"@id":"http:\/\/www.minhidrocarburos.gob.ve\/index.php\/2025\/06\/29\/ministra-de-hidrocarburos-inspecciona-el-sistema-nacional-de-refinacion-de-paraguana\/#primaryimage"},"thumbnailUrl":"http:\/\/www.minhidrocarburos.gob.ve\/wp-content\/uploads\/2025\/06\/Vicepresidenta-conversa-Trabajadores-Amuay.jpg","datePublished":"2025-06-29T18:27:05+00:00","dateModified":"2025-06-29T18:27:06+00:00","inLanguage":"es","potentialAction":[{"@type":"ReadAction","target":["http:\/\/www.minhidrocarburos.gob.ve\/index.php\/2025\/06\/29\/ministra-de-hidrocarburos-inspecciona-el-sistema-nacional-de-refinacion-de-paraguana\/"]}]},{"@type":"ImageObject","inLanguage":"es","@id":"http:\/\/www.minhidrocarburos.gob.ve\/index.php\/2025\/06\/29\/ministra-de-hidrocarburos-inspecciona-el-sistema-nacional-de-refinacion-de-paraguana\/#primaryimage","url":"http:\/\/www.minhidrocarburos.gob.ve\/wp-content\/uploads\/2025\/06\/Vicepresidenta-conversa-Trabajadores-Amuay.jpg","contentUrl":"http:\/\/www.minhidrocarburos.gob.ve\/wp-content\/uploads\/2025\/06\/Vicepresidenta-conversa-Trabajadores-Amuay.jpg","width":1280,"height":1024},{"@type":"WebSite","@id":"http:\/\/www.minhidrocarburos.gob.ve\/#website","url":"http:\/\/www.minhidrocarburos.gob.ve\/","name":"Minhidrocarburos","description":"Regulaci\u00f3n, formulaci\u00f3n y seguimiento de pol\u00edticas; la planificaci\u00f3n, realizaci\u00f3n y fiscalizaci\u00f3n en materia de hidrocarburos","publisher":{"@id":"http:\/\/www.minhidrocarburos.gob.ve\/#organization"},"potentialAction":[{"@type":"SearchAction","target":{"@type":"EntryPoint","urlTemplate":"http:\/\/www.minhidrocarburos.gob.ve\/?s={search_term_string}"},"query-input":{"@type":"PropertyValueSpecification","valueRequired":true,"valueName":"search_term_string"}}],"inLanguage":"es"},{"@type":"Organization","@id":"http:\/\/www.minhidrocarburos.gob.ve\/#organization","name":"Ministerio del Poder Popular de Hidrocarburos","url":"http:\/\/www.minhidrocarburos.gob.ve\/","logo":{"@type":"ImageObject","inLanguage":"es","@id":"http:\/\/www.minhidrocarburos.gob.ve\/#\/schema\/logo\/image\/","url":"http:\/\/www.minhidrocarburos.gob.ve\/wp-content\/uploads\/2024\/12\/Ministerio_de_Hidrocarburos.png","contentUrl":"http:\/\/www.minhidrocarburos.gob.ve\/wp-content\/uploads\/2024\/12\/Ministerio_de_Hidrocarburos.png","width":2320,"height":324,"caption":"Ministerio del Poder Popular de Hidrocarburos"},"image":{"@id":"http:\/\/www.minhidrocarburos.gob.ve\/#\/schema\/logo\/image\/"}},{"@type":"Person","@id":"http:\/\/www.minhidrocarburos.gob.ve\/#\/schema\/person\/a775d309f37aa396b8f21cbc37789c8f","name":"rubi guadelis","image":{"@type":"ImageObject","inLanguage":"es","@id":"https:\/\/secure.gravatar.com\/avatar\/13b775ea21a000e6c50bf3d9bf85b3ea6c4931f4bc5b3860ee7803247c294517?s=96&d=mm&r=g","url":"https:\/\/secure.gravatar.com\/avatar\/13b775ea21a000e6c50bf3d9bf85b3ea6c4931f4bc5b3860ee7803247c294517?s=96&d=mm&r=g","contentUrl":"https:\/\/secure.gravatar.com\/avatar\/13b775ea21a000e6c50bf3d9bf85b3ea6c4931f4bc5b3860ee7803247c294517?s=96&d=mm&r=g","caption":"rubi guadelis"},"url":"http:\/\/www.minhidrocarburos.gob.ve\/index.php\/author\/rguadelis\/"}]}},"_links":{"self":[{"href":"http:\/\/www.minhidrocarburos.gob.ve\/index.php\/wp-json\/wp\/v2\/posts\/4244","targetHints":{"allow":["GET"]}}],"collection":[{"href":"http:\/\/www.minhidrocarburos.gob.ve\/index.php\/wp-json\/wp\/v2\/posts"}],"about":[{"href":"http:\/\/www.minhidrocarburos.gob.ve\/index.php\/wp-json\/wp\/v2\/types\/post"}],"author":[{"embeddable":true,"href":"http:\/\/www.minhidrocarburos.gob.ve\/index.php\/wp-json\/wp\/v2\/users\/7"}],"replies":[{"embeddable":true,"href":"http:\/\/www.minhidrocarburos.gob.ve\/index.php\/wp-json\/wp\/v2\/comments?post=4244"}],"version-history":[{"count":1,"href":"http:\/\/www.minhidrocarburos.gob.ve\/index.php\/wp-json\/wp\/v2\/posts\/4244\/revisions"}],"predecessor-version":[{"id":4259,"href":"http:\/\/www.minhidrocarburos.gob.ve\/index.php\/wp-json\/wp\/v2\/posts\/4244\/revisions\/4259"}],"wp:featuredmedia":[{"embeddable":true,"href":"http:\/\/www.minhidrocarburos.gob.ve\/index.php\/wp-json\/wp\/v2\/media\/4254"}],"wp:attachment":[{"href":"http:\/\/www.minhidrocarburos.gob.ve\/index.php\/wp-json\/wp\/v2\/media?parent=4244"}],"wp:term":[{"taxonomy":"category","embeddable":true,"href":"http:\/\/www.minhidrocarburos.gob.ve\/index.php\/wp-json\/wp\/v2\/categories?post=4244"},{"taxonomy":"post_tag","embeddable":true,"href":"http:\/\/www.minhidrocarburos.gob.ve\/index.php\/wp-json\/wp\/v2\/tags?post=4244"}],"curies":[{"name":"wp","href":"https:\/\/api.w.org\/{rel}","templated":true}]}}