

{"id":4363,"date":"2025-07-08T13:57:05","date_gmt":"2025-07-08T17:57:05","guid":{"rendered":"http:\/\/www.minhidrocarburos.gob.ve\/?p=4363"},"modified":"2025-07-08T13:57:05","modified_gmt":"2025-07-08T17:57:05","slug":"ministra-de-hidrocarburos-participara-en-el-9-o-seminario-internacional-de-la-organizacion-de-paises-exportadores-de-petroleo-opep","status":"publish","type":"post","link":"http:\/\/www.minhidrocarburos.gob.ve\/index.php\/2025\/07\/08\/ministra-de-hidrocarburos-participara-en-el-9-o-seminario-internacional-de-la-organizacion-de-paises-exportadores-de-petroleo-opep\/","title":{"rendered":"Ministra de Hidrocarburos participar\u00e1 en el 9.\u00ba Seminario Internacional de la Organizaci\u00f3n de Pa\u00edses Exportadores de Petr\u00f3leo (OPEP)"},"content":{"rendered":"\n<p>La vicepresidenta Ejecutiva y ministra del Poder Popular de Hidrocarburos Delcy Rodr\u00edguez, lleg\u00f3 a la ciudad de Viena, capital de Austria, para participar en el 9.\u00ba Seminario Internacional de la Organizaci\u00f3n de Pa\u00edses Exportadores de Petr\u00f3leo (OPEP), un espacio estrat\u00e9gico que busca consolidar la integraci\u00f3n entre sus Estados miembros, con el objetivo de enfrentar de manera conjunta los grandes desaf\u00edos en el \u00e1mbito energ\u00e9tico y petrolero a nivel internacional.<\/p>\n\n\n\n<p>Este importante evento se desarrolla en el Ayuntamiento de Viena bajo el lema: \u201cTrazando Caminos Juntos: El Futuro de la Energ\u00eda Global\u201d. En su intervenci\u00f3n, Rodr\u00edguez llevar\u00e1 un mensaje del presidente Nicol\u00e1s Maduro, en el cual ratifica el compromiso de Venezuela con los principios de cooperaci\u00f3n energ\u00e9tica internacional. Asimismo, expondr\u00e1 los avances y experiencias de la naci\u00f3n en materia petrolera, as\u00ed como su valiosa contribuci\u00f3n al fortalecimiento de la OPEP.<\/p>\n\n\n\n<p>En su llegada a Viena, Rodr\u00edguez fue recibida por el secretario general de la organizaci\u00f3n, Haitham Al Ghais junto a la embajadora de Venezuela en Austria, Claudia Salerno, y una delegaci\u00f3n de viceministros del \u00e1rea de hidrocarburos. El seminario se llevar\u00e1 a cabo los d\u00edas 9 y 10 de julio de 2025, y es considerado uno de los encuentros m\u00e1s relevantes del sector energ\u00e9tico a escala mundial.<\/p>\n\n\n\n<p>Venezuela reafirma su compromiso con la cooperaci\u00f3n multilateral para el dise\u00f1o e impulso de pol\u00edticas energ\u00e9ticas sostenibles. En ese mismo sentido, vale recordar las palabras del secretario Al Ghais, quien ha reconocido que \u201cla contribuci\u00f3n de Venezuela es invaluable para mantener el equilibrio en el mercado petrolero mundial\u201d.<\/p>\n\n\n\n<figure class=\"wp-block-gallery has-nested-images columns-default is-cropped wp-block-gallery-1 is-layout-flex wp-block-gallery-is-layout-flex\">\n<figure class=\"wp-block-image size-large\"><img loading=\"lazy\" decoding=\"async\" width=\"1024\" height=\"819\" data-id=\"4355\" src=\"http:\/\/www.minhidrocarburos.gob.ve\/wp-content\/uploads\/2025\/07\/WhatsApp-Image-2025-07-08-at-1.39.58-PM-1024x819.jpeg\" alt=\"\" class=\"wp-image-4355\" srcset=\"http:\/\/www.minhidrocarburos.gob.ve\/wp-content\/uploads\/2025\/07\/WhatsApp-Image-2025-07-08-at-1.39.58-PM-1024x819.jpeg 1024w, http:\/\/www.minhidrocarburos.gob.ve\/wp-content\/uploads\/2025\/07\/WhatsApp-Image-2025-07-08-at-1.39.58-PM-300x240.jpeg 300w, http:\/\/www.minhidrocarburos.gob.ve\/wp-content\/uploads\/2025\/07\/WhatsApp-Image-2025-07-08-at-1.39.58-PM-768x614.jpeg 768w, http:\/\/www.minhidrocarburos.gob.ve\/wp-content\/uploads\/2025\/07\/WhatsApp-Image-2025-07-08-at-1.39.58-PM.jpeg 1280w\" sizes=\"auto, (max-width: 1024px) 100vw, 1024px\" \/><\/figure>\n\n\n\n<figure class=\"wp-block-image size-large\"><img loading=\"lazy\" decoding=\"async\" width=\"1024\" height=\"682\" data-id=\"4357\" src=\"http:\/\/www.minhidrocarburos.gob.ve\/wp-content\/uploads\/2025\/07\/WhatsApp-Image-2025-07-08-at-1.40.34-PM-1024x682.jpeg\" alt=\"\" class=\"wp-image-4357\" srcset=\"http:\/\/www.minhidrocarburos.gob.ve\/wp-content\/uploads\/2025\/07\/WhatsApp-Image-2025-07-08-at-1.40.34-PM-1024x682.jpeg 1024w, http:\/\/www.minhidrocarburos.gob.ve\/wp-content\/uploads\/2025\/07\/WhatsApp-Image-2025-07-08-at-1.40.34-PM-300x200.jpeg 300w, http:\/\/www.minhidrocarburos.gob.ve\/wp-content\/uploads\/2025\/07\/WhatsApp-Image-2025-07-08-at-1.40.34-PM-768x512.jpeg 768w, http:\/\/www.minhidrocarburos.gob.ve\/wp-content\/uploads\/2025\/07\/WhatsApp-Image-2025-07-08-at-1.40.34-PM-930x620.jpeg 930w, http:\/\/www.minhidrocarburos.gob.ve\/wp-content\/uploads\/2025\/07\/WhatsApp-Image-2025-07-08-at-1.40.34-PM.jpeg 1280w\" sizes=\"auto, (max-width: 1024px) 100vw, 1024px\" \/><\/figure>\n\n\n\n<figure class=\"wp-block-image size-large\"><img loading=\"lazy\" decoding=\"async\" width=\"1024\" height=\"682\" data-id=\"4358\" src=\"http:\/\/www.minhidrocarburos.gob.ve\/wp-content\/uploads\/2025\/07\/WhatsApp-Image-2025-07-08-at-1.40.18-PM-1024x682.jpeg\" alt=\"\" class=\"wp-image-4358\" srcset=\"http:\/\/www.minhidrocarburos.gob.ve\/wp-content\/uploads\/2025\/07\/WhatsApp-Image-2025-07-08-at-1.40.18-PM-1024x682.jpeg 1024w, http:\/\/www.minhidrocarburos.gob.ve\/wp-content\/uploads\/2025\/07\/WhatsApp-Image-2025-07-08-at-1.40.18-PM-300x200.jpeg 300w, http:\/\/www.minhidrocarburos.gob.ve\/wp-content\/uploads\/2025\/07\/WhatsApp-Image-2025-07-08-at-1.40.18-PM-768x512.jpeg 768w, http:\/\/www.minhidrocarburos.gob.ve\/wp-content\/uploads\/2025\/07\/WhatsApp-Image-2025-07-08-at-1.40.18-PM-930x620.jpeg 930w, http:\/\/www.minhidrocarburos.gob.ve\/wp-content\/uploads\/2025\/07\/WhatsApp-Image-2025-07-08-at-1.40.18-PM.jpeg 1280w\" sizes=\"auto, (max-width: 1024px) 100vw, 1024px\" \/><\/figure>\n\n\n\n<figure class=\"wp-block-image size-large\"><img loading=\"lazy\" decoding=\"async\" width=\"1024\" height=\"682\" data-id=\"4359\" src=\"http:\/\/www.minhidrocarburos.gob.ve\/wp-content\/uploads\/2025\/07\/WhatsApp-Image-2025-07-08-at-1.39.22-PM-1024x682.jpeg\" alt=\"\" class=\"wp-image-4359\" srcset=\"http:\/\/www.minhidrocarburos.gob.ve\/wp-content\/uploads\/2025\/07\/WhatsApp-Image-2025-07-08-at-1.39.22-PM-1024x682.jpeg 1024w, http:\/\/www.minhidrocarburos.gob.ve\/wp-content\/uploads\/2025\/07\/WhatsApp-Image-2025-07-08-at-1.39.22-PM-300x200.jpeg 300w, http:\/\/www.minhidrocarburos.gob.ve\/wp-content\/uploads\/2025\/07\/WhatsApp-Image-2025-07-08-at-1.39.22-PM-768x512.jpeg 768w, http:\/\/www.minhidrocarburos.gob.ve\/wp-content\/uploads\/2025\/07\/WhatsApp-Image-2025-07-08-at-1.39.22-PM-930x620.jpeg 930w, http:\/\/www.minhidrocarburos.gob.ve\/wp-content\/uploads\/2025\/07\/WhatsApp-Image-2025-07-08-at-1.39.22-PM.jpeg 1280w\" sizes=\"auto, (max-width: 1024px) 100vw, 1024px\" \/><\/figure>\n\n\n\n<figure class=\"wp-block-image size-large\"><img loading=\"lazy\" decoding=\"async\" width=\"1024\" height=\"682\" data-id=\"4354\" src=\"http:\/\/www.minhidrocarburos.gob.ve\/wp-content\/uploads\/2025\/07\/WhatsApp-Image-2025-07-08-at-1.39.37-PM-1024x682.jpeg\" alt=\"\" class=\"wp-image-4354\" srcset=\"http:\/\/www.minhidrocarburos.gob.ve\/wp-content\/uploads\/2025\/07\/WhatsApp-Image-2025-07-08-at-1.39.37-PM-1024x682.jpeg 1024w, http:\/\/www.minhidrocarburos.gob.ve\/wp-content\/uploads\/2025\/07\/WhatsApp-Image-2025-07-08-at-1.39.37-PM-300x200.jpeg 300w, http:\/\/www.minhidrocarburos.gob.ve\/wp-content\/uploads\/2025\/07\/WhatsApp-Image-2025-07-08-at-1.39.37-PM-768x512.jpeg 768w, http:\/\/www.minhidrocarburos.gob.ve\/wp-content\/uploads\/2025\/07\/WhatsApp-Image-2025-07-08-at-1.39.37-PM-930x620.jpeg 930w, http:\/\/www.minhidrocarburos.gob.ve\/wp-content\/uploads\/2025\/07\/WhatsApp-Image-2025-07-08-at-1.39.37-PM.jpeg 1280w\" sizes=\"auto, (max-width: 1024px) 100vw, 1024px\" \/><\/figure>\n<\/figure>\n","protected":false},"excerpt":{"rendered":"<p>La vicepresidenta Ejecutiva y ministra del Poder Popular de Hidrocarburos Delcy Rodr\u00edguez, lleg\u00f3 a la ciudad de Viena, capital de Austria, para participar en el 9.\u00ba Seminario Internacional de la Organizaci\u00f3n de Pa\u00edses Exportadores de Petr\u00f3leo (OPEP), un espacio estrat\u00e9gico que busca consolidar la integraci\u00f3n entre sus Estados miembros, con el objetivo de enfrentar de&hellip;&nbsp;<a href=\"http:\/\/www.minhidrocarburos.gob.ve\/index.php\/2025\/07\/08\/ministra-de-hidrocarburos-participara-en-el-9-o-seminario-internacional-de-la-organizacion-de-paises-exportadores-de-petroleo-opep\/\" rel=\"bookmark\">Leer m\u00e1s &raquo;<span class=\"screen-reader-text\">Ministra de Hidrocarburos participar\u00e1 en el 9.\u00ba Seminario Internacional de la Organizaci\u00f3n de Pa\u00edses Exportadores de Petr\u00f3leo (OPEP)<\/span><\/a><\/p>\n","protected":false},"author":8,"featured_media":4356,"comment_status":"closed","ping_status":"closed","sticky":false,"template":"","format":"standard","meta":{"_editorskit_title_hidden":false,"_editorskit_reading_time":0,"_editorskit_is_block_options_detached":false,"_editorskit_block_options_position":"{}","neve_meta_sidebar":"","neve_meta_container":"","neve_meta_enable_content_width":"","neve_meta_content_width":0,"neve_meta_title_alignment":"","neve_meta_author_avatar":"","neve_post_elements_order":"","neve_meta_disable_header":"","neve_meta_disable_footer":"","neve_meta_disable_title":"","footnotes":""},"categories":[127,122,128],"tags":[],"class_list":["post-4363","post","type-post","status-publish","format-standard","has-post-thumbnail","hentry","category-noticias-2025","category-noticias_slider_24","category-noticias_slider_25"],"yoast_head":"<!-- This site is optimized with the Yoast SEO plugin v27.2 - https:\/\/yoast.com\/product\/yoast-seo-wordpress\/ -->\n<title>Ministra de Hidrocarburos participar\u00e1 en el 9.\u00ba Seminario Internacional de la Organizaci\u00f3n de Pa\u00edses Exportadores de Petr\u00f3leo (OPEP) - MinHidrocarburos<\/title>\n<meta name=\"robots\" content=\"index, follow, max-snippet:-1, max-image-preview:large, max-video-preview:-1\" \/>\n<link rel=\"canonical\" href=\"http:\/\/www.minhidrocarburos.gob.ve\/index.php\/2025\/07\/08\/ministra-de-hidrocarburos-participara-en-el-9-o-seminario-internacional-de-la-organizacion-de-paises-exportadores-de-petroleo-opep\/\" \/>\n<meta property=\"og:locale\" content=\"es_ES\" \/>\n<meta property=\"og:type\" content=\"article\" \/>\n<meta property=\"og:title\" content=\"Ministra de Hidrocarburos participar\u00e1 en el 9.\u00ba Seminario Internacional de la Organizaci\u00f3n de Pa\u00edses Exportadores de Petr\u00f3leo (OPEP) - MinHidrocarburos\" \/>\n<meta property=\"og:description\" content=\"La vicepresidenta Ejecutiva y ministra del Poder Popular de Hidrocarburos Delcy Rodr\u00edguez, lleg\u00f3 a la ciudad de Viena, capital de Austria, para participar en el 9.\u00ba Seminario Internacional de la Organizaci\u00f3n de Pa\u00edses Exportadores de Petr\u00f3leo (OPEP), un espacio estrat\u00e9gico que busca consolidar la integraci\u00f3n entre sus Estados miembros, con el objetivo de enfrentar de&hellip;&nbsp;Leer m\u00e1s &raquo;Ministra de Hidrocarburos participar\u00e1 en el 9.\u00ba Seminario Internacional de la Organizaci\u00f3n de Pa\u00edses Exportadores de Petr\u00f3leo (OPEP)\" \/>\n<meta property=\"og:url\" content=\"http:\/\/www.minhidrocarburos.gob.ve\/index.php\/2025\/07\/08\/ministra-de-hidrocarburos-participara-en-el-9-o-seminario-internacional-de-la-organizacion-de-paises-exportadores-de-petroleo-opep\/\" \/>\n<meta property=\"og:site_name\" content=\"MinHidrocarburos\" \/>\n<meta property=\"article:published_time\" content=\"2025-07-08T17:57:05+00:00\" \/>\n<meta property=\"og:image\" content=\"http:\/\/www.minhidrocarburos.gob.ve\/wp-content\/uploads\/2025\/07\/WhatsApp-Image-2025-07-08-at-1.39.09-PM.jpeg\" \/>\n\t<meta property=\"og:image:width\" content=\"1280\" \/>\n\t<meta property=\"og:image:height\" content=\"1024\" \/>\n\t<meta property=\"og:image:type\" content=\"image\/jpeg\" \/>\n<meta name=\"author\" content=\"Alejandro Mendoza\" \/>\n<meta name=\"twitter:card\" content=\"summary_large_image\" \/>\n<meta name=\"twitter:label1\" content=\"Escrito por\" \/>\n\t<meta name=\"twitter:data1\" content=\"Alejandro Mendoza\" \/>\n\t<meta name=\"twitter:label2\" content=\"Tiempo de lectura\" \/>\n\t<meta name=\"twitter:data2\" content=\"3 minutos\" \/>\n<script type=\"application\/ld+json\" class=\"yoast-schema-graph\">{\"@context\":\"https:\/\/schema.org\",\"@graph\":[{\"@type\":\"Article\",\"@id\":\"http:\/\/www.minhidrocarburos.gob.ve\/index.php\/2025\/07\/08\/ministra-de-hidrocarburos-participara-en-el-9-o-seminario-internacional-de-la-organizacion-de-paises-exportadores-de-petroleo-opep\/#article\",\"isPartOf\":{\"@id\":\"http:\/\/www.minhidrocarburos.gob.ve\/index.php\/2025\/07\/08\/ministra-de-hidrocarburos-participara-en-el-9-o-seminario-internacional-de-la-organizacion-de-paises-exportadores-de-petroleo-opep\/\"},\"author\":{\"name\":\"Alejandro Mendoza\",\"@id\":\"http:\/\/www.minhidrocarburos.gob.ve\/#\/schema\/person\/05dcf91a97e31d879f431d1f45dd729a\"},\"headline\":\"Ministra de Hidrocarburos participar\u00e1 en el 9.\u00ba Seminario Internacional de la Organizaci\u00f3n de Pa\u00edses Exportadores de Petr\u00f3leo (OPEP)\",\"datePublished\":\"2025-07-08T17:57:05+00:00\",\"mainEntityOfPage\":{\"@id\":\"http:\/\/www.minhidrocarburos.gob.ve\/index.php\/2025\/07\/08\/ministra-de-hidrocarburos-participara-en-el-9-o-seminario-internacional-de-la-organizacion-de-paises-exportadores-de-petroleo-opep\/\"},\"wordCount\":297,\"publisher\":{\"@id\":\"http:\/\/www.minhidrocarburos.gob.ve\/#organization\"},\"image\":{\"@id\":\"http:\/\/www.minhidrocarburos.gob.ve\/index.php\/2025\/07\/08\/ministra-de-hidrocarburos-participara-en-el-9-o-seminario-internacional-de-la-organizacion-de-paises-exportadores-de-petroleo-opep\/#primaryimage\"},\"thumbnailUrl\":\"http:\/\/www.minhidrocarburos.gob.ve\/wp-content\/uploads\/2025\/07\/WhatsApp-Image-2025-07-08-at-1.39.09-PM.jpeg\",\"articleSection\":[\"Noticias 2025\",\"Noticias_Slider_24\",\"Noticias_Slider_25\"],\"inLanguage\":\"es\"},{\"@type\":\"WebPage\",\"@id\":\"http:\/\/www.minhidrocarburos.gob.ve\/index.php\/2025\/07\/08\/ministra-de-hidrocarburos-participara-en-el-9-o-seminario-internacional-de-la-organizacion-de-paises-exportadores-de-petroleo-opep\/\",\"url\":\"http:\/\/www.minhidrocarburos.gob.ve\/index.php\/2025\/07\/08\/ministra-de-hidrocarburos-participara-en-el-9-o-seminario-internacional-de-la-organizacion-de-paises-exportadores-de-petroleo-opep\/\",\"name\":\"Ministra de Hidrocarburos participar\u00e1 en el 9.\u00ba Seminario Internacional de la Organizaci\u00f3n de Pa\u00edses Exportadores de Petr\u00f3leo (OPEP) - MinHidrocarburos\",\"isPartOf\":{\"@id\":\"http:\/\/www.minhidrocarburos.gob.ve\/#website\"},\"primaryImageOfPage\":{\"@id\":\"http:\/\/www.minhidrocarburos.gob.ve\/index.php\/2025\/07\/08\/ministra-de-hidrocarburos-participara-en-el-9-o-seminario-internacional-de-la-organizacion-de-paises-exportadores-de-petroleo-opep\/#primaryimage\"},\"image\":{\"@id\":\"http:\/\/www.minhidrocarburos.gob.ve\/index.php\/2025\/07\/08\/ministra-de-hidrocarburos-participara-en-el-9-o-seminario-internacional-de-la-organizacion-de-paises-exportadores-de-petroleo-opep\/#primaryimage\"},\"thumbnailUrl\":\"http:\/\/www.minhidrocarburos.gob.ve\/wp-content\/uploads\/2025\/07\/WhatsApp-Image-2025-07-08-at-1.39.09-PM.jpeg\",\"datePublished\":\"2025-07-08T17:57:05+00:00\",\"inLanguage\":\"es\",\"potentialAction\":[{\"@type\":\"ReadAction\",\"target\":[\"http:\/\/www.minhidrocarburos.gob.ve\/index.php\/2025\/07\/08\/ministra-de-hidrocarburos-participara-en-el-9-o-seminario-internacional-de-la-organizacion-de-paises-exportadores-de-petroleo-opep\/\"]}]},{\"@type\":\"ImageObject\",\"inLanguage\":\"es\",\"@id\":\"http:\/\/www.minhidrocarburos.gob.ve\/index.php\/2025\/07\/08\/ministra-de-hidrocarburos-participara-en-el-9-o-seminario-internacional-de-la-organizacion-de-paises-exportadores-de-petroleo-opep\/#primaryimage\",\"url\":\"http:\/\/www.minhidrocarburos.gob.ve\/wp-content\/uploads\/2025\/07\/WhatsApp-Image-2025-07-08-at-1.39.09-PM.jpeg\",\"contentUrl\":\"http:\/\/www.minhidrocarburos.gob.ve\/wp-content\/uploads\/2025\/07\/WhatsApp-Image-2025-07-08-at-1.39.09-PM.jpeg\",\"width\":1280,\"height\":1024},{\"@type\":\"WebSite\",\"@id\":\"http:\/\/www.minhidrocarburos.gob.ve\/#website\",\"url\":\"http:\/\/www.minhidrocarburos.gob.ve\/\",\"name\":\"Minhidrocarburos\",\"description\":\"Regulaci\u00f3n, formulaci\u00f3n y seguimiento de pol\u00edticas; la planificaci\u00f3n, realizaci\u00f3n y fiscalizaci\u00f3n en materia de hidrocarburos\",\"publisher\":{\"@id\":\"http:\/\/www.minhidrocarburos.gob.ve\/#organization\"},\"potentialAction\":[{\"@type\":\"SearchAction\",\"target\":{\"@type\":\"EntryPoint\",\"urlTemplate\":\"http:\/\/www.minhidrocarburos.gob.ve\/?s={search_term_string}\"},\"query-input\":{\"@type\":\"PropertyValueSpecification\",\"valueRequired\":true,\"valueName\":\"search_term_string\"}}],\"inLanguage\":\"es\"},{\"@type\":\"Organization\",\"@id\":\"http:\/\/www.minhidrocarburos.gob.ve\/#organization\",\"name\":\"Ministerio del Poder Popular de Hidrocarburos\",\"url\":\"http:\/\/www.minhidrocarburos.gob.ve\/\",\"logo\":{\"@type\":\"ImageObject\",\"inLanguage\":\"es\",\"@id\":\"http:\/\/www.minhidrocarburos.gob.ve\/#\/schema\/logo\/image\/\",\"url\":\"http:\/\/www.minhidrocarburos.gob.ve\/wp-content\/uploads\/2024\/12\/Ministerio_de_Hidrocarburos.png\",\"contentUrl\":\"http:\/\/www.minhidrocarburos.gob.ve\/wp-content\/uploads\/2024\/12\/Ministerio_de_Hidrocarburos.png\",\"width\":2320,\"height\":324,\"caption\":\"Ministerio del Poder Popular de Hidrocarburos\"},\"image\":{\"@id\":\"http:\/\/www.minhidrocarburos.gob.ve\/#\/schema\/logo\/image\/\"}},{\"@type\":\"Person\",\"@id\":\"http:\/\/www.minhidrocarburos.gob.ve\/#\/schema\/person\/05dcf91a97e31d879f431d1f45dd729a\",\"name\":\"Alejandro Mendoza\",\"image\":{\"@type\":\"ImageObject\",\"inLanguage\":\"es\",\"@id\":\"https:\/\/secure.gravatar.com\/avatar\/135eff945fb2cbd75c6f3ee930c6c79f5c4a13a074e191bd95d0f9a31f5cc775?s=96&d=mm&r=g\",\"url\":\"https:\/\/secure.gravatar.com\/avatar\/135eff945fb2cbd75c6f3ee930c6c79f5c4a13a074e191bd95d0f9a31f5cc775?s=96&d=mm&r=g\",\"contentUrl\":\"https:\/\/secure.gravatar.com\/avatar\/135eff945fb2cbd75c6f3ee930c6c79f5c4a13a074e191bd95d0f9a31f5cc775?s=96&d=mm&r=g\",\"caption\":\"Alejandro Mendoza\"},\"url\":\"http:\/\/www.minhidrocarburos.gob.ve\/index.php\/author\/agmendoza\/\"}]}<\/script>\n<!-- \/ Yoast SEO plugin. -->","yoast_head_json":{"title":"Ministra de Hidrocarburos participar\u00e1 en el 9.\u00ba Seminario Internacional de la Organizaci\u00f3n de Pa\u00edses Exportadores de Petr\u00f3leo (OPEP) - MinHidrocarburos","robots":{"index":"index","follow":"follow","max-snippet":"max-snippet:-1","max-image-preview":"max-image-preview:large","max-video-preview":"max-video-preview:-1"},"canonical":"http:\/\/www.minhidrocarburos.gob.ve\/index.php\/2025\/07\/08\/ministra-de-hidrocarburos-participara-en-el-9-o-seminario-internacional-de-la-organizacion-de-paises-exportadores-de-petroleo-opep\/","og_locale":"es_ES","og_type":"article","og_title":"Ministra de Hidrocarburos participar\u00e1 en el 9.\u00ba Seminario Internacional de la Organizaci\u00f3n de Pa\u00edses Exportadores de Petr\u00f3leo (OPEP) - MinHidrocarburos","og_description":"La vicepresidenta Ejecutiva y ministra del Poder Popular de Hidrocarburos Delcy Rodr\u00edguez, lleg\u00f3 a la ciudad de Viena, capital de Austria, para participar en el 9.\u00ba Seminario Internacional de la Organizaci\u00f3n de Pa\u00edses Exportadores de Petr\u00f3leo (OPEP), un espacio estrat\u00e9gico que busca consolidar la integraci\u00f3n entre sus Estados miembros, con el objetivo de enfrentar de&hellip;&nbsp;Leer m\u00e1s &raquo;Ministra de Hidrocarburos participar\u00e1 en el 9.\u00ba Seminario Internacional de la Organizaci\u00f3n de Pa\u00edses Exportadores de Petr\u00f3leo (OPEP)","og_url":"http:\/\/www.minhidrocarburos.gob.ve\/index.php\/2025\/07\/08\/ministra-de-hidrocarburos-participara-en-el-9-o-seminario-internacional-de-la-organizacion-de-paises-exportadores-de-petroleo-opep\/","og_site_name":"MinHidrocarburos","article_published_time":"2025-07-08T17:57:05+00:00","og_image":[{"width":1280,"height":1024,"url":"http:\/\/www.minhidrocarburos.gob.ve\/wp-content\/uploads\/2025\/07\/WhatsApp-Image-2025-07-08-at-1.39.09-PM.jpeg","type":"image\/jpeg"}],"author":"Alejandro Mendoza","twitter_card":"summary_large_image","twitter_misc":{"Escrito por":"Alejandro Mendoza","Tiempo de lectura":"3 minutos"},"schema":{"@context":"https:\/\/schema.org","@graph":[{"@type":"Article","@id":"http:\/\/www.minhidrocarburos.gob.ve\/index.php\/2025\/07\/08\/ministra-de-hidrocarburos-participara-en-el-9-o-seminario-internacional-de-la-organizacion-de-paises-exportadores-de-petroleo-opep\/#article","isPartOf":{"@id":"http:\/\/www.minhidrocarburos.gob.ve\/index.php\/2025\/07\/08\/ministra-de-hidrocarburos-participara-en-el-9-o-seminario-internacional-de-la-organizacion-de-paises-exportadores-de-petroleo-opep\/"},"author":{"name":"Alejandro Mendoza","@id":"http:\/\/www.minhidrocarburos.gob.ve\/#\/schema\/person\/05dcf91a97e31d879f431d1f45dd729a"},"headline":"Ministra de Hidrocarburos participar\u00e1 en el 9.\u00ba Seminario Internacional de la Organizaci\u00f3n de Pa\u00edses Exportadores de Petr\u00f3leo (OPEP)","datePublished":"2025-07-08T17:57:05+00:00","mainEntityOfPage":{"@id":"http:\/\/www.minhidrocarburos.gob.ve\/index.php\/2025\/07\/08\/ministra-de-hidrocarburos-participara-en-el-9-o-seminario-internacional-de-la-organizacion-de-paises-exportadores-de-petroleo-opep\/"},"wordCount":297,"publisher":{"@id":"http:\/\/www.minhidrocarburos.gob.ve\/#organization"},"image":{"@id":"http:\/\/www.minhidrocarburos.gob.ve\/index.php\/2025\/07\/08\/ministra-de-hidrocarburos-participara-en-el-9-o-seminario-internacional-de-la-organizacion-de-paises-exportadores-de-petroleo-opep\/#primaryimage"},"thumbnailUrl":"http:\/\/www.minhidrocarburos.gob.ve\/wp-content\/uploads\/2025\/07\/WhatsApp-Image-2025-07-08-at-1.39.09-PM.jpeg","articleSection":["Noticias 2025","Noticias_Slider_24","Noticias_Slider_25"],"inLanguage":"es"},{"@type":"WebPage","@id":"http:\/\/www.minhidrocarburos.gob.ve\/index.php\/2025\/07\/08\/ministra-de-hidrocarburos-participara-en-el-9-o-seminario-internacional-de-la-organizacion-de-paises-exportadores-de-petroleo-opep\/","url":"http:\/\/www.minhidrocarburos.gob.ve\/index.php\/2025\/07\/08\/ministra-de-hidrocarburos-participara-en-el-9-o-seminario-internacional-de-la-organizacion-de-paises-exportadores-de-petroleo-opep\/","name":"Ministra de Hidrocarburos participar\u00e1 en el 9.\u00ba Seminario Internacional de la Organizaci\u00f3n de Pa\u00edses Exportadores de Petr\u00f3leo (OPEP) - MinHidrocarburos","isPartOf":{"@id":"http:\/\/www.minhidrocarburos.gob.ve\/#website"},"primaryImageOfPage":{"@id":"http:\/\/www.minhidrocarburos.gob.ve\/index.php\/2025\/07\/08\/ministra-de-hidrocarburos-participara-en-el-9-o-seminario-internacional-de-la-organizacion-de-paises-exportadores-de-petroleo-opep\/#primaryimage"},"image":{"@id":"http:\/\/www.minhidrocarburos.gob.ve\/index.php\/2025\/07\/08\/ministra-de-hidrocarburos-participara-en-el-9-o-seminario-internacional-de-la-organizacion-de-paises-exportadores-de-petroleo-opep\/#primaryimage"},"thumbnailUrl":"http:\/\/www.minhidrocarburos.gob.ve\/wp-content\/uploads\/2025\/07\/WhatsApp-Image-2025-07-08-at-1.39.09-PM.jpeg","datePublished":"2025-07-08T17:57:05+00:00","inLanguage":"es","potentialAction":[{"@type":"ReadAction","target":["http:\/\/www.minhidrocarburos.gob.ve\/index.php\/2025\/07\/08\/ministra-de-hidrocarburos-participara-en-el-9-o-seminario-internacional-de-la-organizacion-de-paises-exportadores-de-petroleo-opep\/"]}]},{"@type":"ImageObject","inLanguage":"es","@id":"http:\/\/www.minhidrocarburos.gob.ve\/index.php\/2025\/07\/08\/ministra-de-hidrocarburos-participara-en-el-9-o-seminario-internacional-de-la-organizacion-de-paises-exportadores-de-petroleo-opep\/#primaryimage","url":"http:\/\/www.minhidrocarburos.gob.ve\/wp-content\/uploads\/2025\/07\/WhatsApp-Image-2025-07-08-at-1.39.09-PM.jpeg","contentUrl":"http:\/\/www.minhidrocarburos.gob.ve\/wp-content\/uploads\/2025\/07\/WhatsApp-Image-2025-07-08-at-1.39.09-PM.jpeg","width":1280,"height":1024},{"@type":"WebSite","@id":"http:\/\/www.minhidrocarburos.gob.ve\/#website","url":"http:\/\/www.minhidrocarburos.gob.ve\/","name":"Minhidrocarburos","description":"Regulaci\u00f3n, formulaci\u00f3n y seguimiento de pol\u00edticas; la planificaci\u00f3n, realizaci\u00f3n y fiscalizaci\u00f3n en materia de hidrocarburos","publisher":{"@id":"http:\/\/www.minhidrocarburos.gob.ve\/#organization"},"potentialAction":[{"@type":"SearchAction","target":{"@type":"EntryPoint","urlTemplate":"http:\/\/www.minhidrocarburos.gob.ve\/?s={search_term_string}"},"query-input":{"@type":"PropertyValueSpecification","valueRequired":true,"valueName":"search_term_string"}}],"inLanguage":"es"},{"@type":"Organization","@id":"http:\/\/www.minhidrocarburos.gob.ve\/#organization","name":"Ministerio del Poder Popular de Hidrocarburos","url":"http:\/\/www.minhidrocarburos.gob.ve\/","logo":{"@type":"ImageObject","inLanguage":"es","@id":"http:\/\/www.minhidrocarburos.gob.ve\/#\/schema\/logo\/image\/","url":"http:\/\/www.minhidrocarburos.gob.ve\/wp-content\/uploads\/2024\/12\/Ministerio_de_Hidrocarburos.png","contentUrl":"http:\/\/www.minhidrocarburos.gob.ve\/wp-content\/uploads\/2024\/12\/Ministerio_de_Hidrocarburos.png","width":2320,"height":324,"caption":"Ministerio del Poder Popular de Hidrocarburos"},"image":{"@id":"http:\/\/www.minhidrocarburos.gob.ve\/#\/schema\/logo\/image\/"}},{"@type":"Person","@id":"http:\/\/www.minhidrocarburos.gob.ve\/#\/schema\/person\/05dcf91a97e31d879f431d1f45dd729a","name":"Alejandro Mendoza","image":{"@type":"ImageObject","inLanguage":"es","@id":"https:\/\/secure.gravatar.com\/avatar\/135eff945fb2cbd75c6f3ee930c6c79f5c4a13a074e191bd95d0f9a31f5cc775?s=96&d=mm&r=g","url":"https:\/\/secure.gravatar.com\/avatar\/135eff945fb2cbd75c6f3ee930c6c79f5c4a13a074e191bd95d0f9a31f5cc775?s=96&d=mm&r=g","contentUrl":"https:\/\/secure.gravatar.com\/avatar\/135eff945fb2cbd75c6f3ee930c6c79f5c4a13a074e191bd95d0f9a31f5cc775?s=96&d=mm&r=g","caption":"Alejandro Mendoza"},"url":"http:\/\/www.minhidrocarburos.gob.ve\/index.php\/author\/agmendoza\/"}]}},"_links":{"self":[{"href":"http:\/\/www.minhidrocarburos.gob.ve\/index.php\/wp-json\/wp\/v2\/posts\/4363","targetHints":{"allow":["GET"]}}],"collection":[{"href":"http:\/\/www.minhidrocarburos.gob.ve\/index.php\/wp-json\/wp\/v2\/posts"}],"about":[{"href":"http:\/\/www.minhidrocarburos.gob.ve\/index.php\/wp-json\/wp\/v2\/types\/post"}],"author":[{"embeddable":true,"href":"http:\/\/www.minhidrocarburos.gob.ve\/index.php\/wp-json\/wp\/v2\/users\/8"}],"replies":[{"embeddable":true,"href":"http:\/\/www.minhidrocarburos.gob.ve\/index.php\/wp-json\/wp\/v2\/comments?post=4363"}],"version-history":[{"count":1,"href":"http:\/\/www.minhidrocarburos.gob.ve\/index.php\/wp-json\/wp\/v2\/posts\/4363\/revisions"}],"predecessor-version":[{"id":4364,"href":"http:\/\/www.minhidrocarburos.gob.ve\/index.php\/wp-json\/wp\/v2\/posts\/4363\/revisions\/4364"}],"wp:featuredmedia":[{"embeddable":true,"href":"http:\/\/www.minhidrocarburos.gob.ve\/index.php\/wp-json\/wp\/v2\/media\/4356"}],"wp:attachment":[{"href":"http:\/\/www.minhidrocarburos.gob.ve\/index.php\/wp-json\/wp\/v2\/media?parent=4363"}],"wp:term":[{"taxonomy":"category","embeddable":true,"href":"http:\/\/www.minhidrocarburos.gob.ve\/index.php\/wp-json\/wp\/v2\/categories?post=4363"},{"taxonomy":"post_tag","embeddable":true,"href":"http:\/\/www.minhidrocarburos.gob.ve\/index.php\/wp-json\/wp\/v2\/tags?post=4363"}],"curies":[{"name":"wp","href":"https:\/\/api.w.org\/{rel}","templated":true}]}}