

{"id":4365,"date":"2025-07-09T12:06:13","date_gmt":"2025-07-09T16:06:13","guid":{"rendered":"http:\/\/www.minhidrocarburos.gob.ve\/?p=4365"},"modified":"2025-07-09T14:32:37","modified_gmt":"2025-07-09T18:32:37","slug":"ministra-rodriguez-26-de-la-produccion-petrolera-del-mundo-esta-bajo-sanciones-y-afecta-el-equilibrio-del-mercado-energetico","status":"publish","type":"post","link":"http:\/\/www.minhidrocarburos.gob.ve\/index.php\/2025\/07\/09\/ministra-rodriguez-26-de-la-produccion-petrolera-del-mundo-esta-bajo-sanciones-y-afecta-el-equilibrio-del-mercado-energetico\/","title":{"rendered":"Ministra Rodr\u00edguez: 26% de la producci\u00f3n petrolera del mundo est\u00e1 bajo sanciones y afecta el equilibrio del mercado energ\u00e9tico"},"content":{"rendered":"\n<p><strong>Caracas, 9 de julio de 2025-<\/strong>. La ministra del Poder Popular de Hidrocarburos Delcy Rodr\u00edguez &#8211; en el marco del 9\u00b0 Seminario Internacional de la OPEP- destac\u00f3 la necesidad de que exista un equilibrio en el mercado energ\u00e9tico internacional, que se ve afectado directamente por la geopol\u00edtica mundial actual, que ha llevado a la aplicaci\u00f3n de sanciones a la mayor\u00eda de los pa\u00edses productores por parte de occidente.<\/p>\n\n\n\n<p>Al respecto, Rodr\u00edguez resalt\u00f3 que el \u201c26% de la producci\u00f3n petrolera del mundo est\u00e1 bajo medidas coercitivas unilaterales, y el 46 % de las reservas petroleras del planeta\u201d. Ejemplific\u00f3 puntualmente con el caso venezolano: \u201cVenezuela tiene 1041 medidas coercitivas unilaterales. Hay una guerra econ\u00f3mica contra el pa\u00eds que est\u00e1 focalizado en el sector de los hidrocarburos. Tiene que ver con restar competitividad a Venezuela\u201d.<\/p>\n\n\n\n<p>La titular de la cartera energ\u00e9tica nacional especific\u00f3 que, en el pa\u00eds, por ejemplo, por las razones expuestas, las transnacionales petroleras occidentales dependen de los vaivenes de los EE.UU., lo cual \u201ccompromete sus inversiones\u201d. Sin embargo, indic\u00f3 que la situaci\u00f3n no ha impedido que \u201cse est\u00e9 recuperando producci\u00f3n petrolera, se prepare para exportar su primera mol\u00e9cula de gas en el a\u00f1o 2027\u201d y que fortalezca alianzas con Rusia, China, Ir\u00e1n, India, T\u00fcrkiye y pa\u00edses no alineados, que han permitido que hayan inversiones en Venezuela.<\/p>\n\n\n\n<p>Rodr\u00edguez reiter\u00f3 que el bloqueo econ\u00f3mico est\u00e1 afectando a la industria de los hidrocarburos de Venezuela desde el a\u00f1o 2017 y a\u00f1adi\u00f3, sobre el contexto internacional: \u201cel mundo est\u00e1 en guerra, los principales productores energ\u00e9ticos est\u00e1n involucrados y los principales consumidores energ\u00e9ticos son objetivo\u201d.<br>Hizo referencia adem\u00e1s a c\u00f3mo \u201cel expansionismo sionista afecta una regi\u00f3n importante productora de petr\u00f3leo y de gas, donde tres pa\u00edses que estamos sentados ac\u00e1, Libia, Ir\u00e1n y Venezuela estamos bajo foco\u201d.<\/p>\n\n\n\n<blockquote class=\"wp-block-quote is-layout-flow wp-block-quote-is-layout-flow\">\n<h2 class=\"wp-block-heading\"><strong>Asegurar el abastecimiento energ\u00e9tico<\/strong><\/h2>\n<\/blockquote>\n\n\n\n<p>Durante su intervenci\u00f3n, la ministra Rodr\u00edguez insisti\u00f3 en garantizar el trilema energ\u00e9tico, que representa el respeto a la seguridad energ\u00e9tica, la accesibilidad de las energ\u00edas y la responsabilidad clim\u00e1tica.<\/p>\n\n\n\n<p>Precisamente en febrero de este a\u00f1o, durante el desarrollo de la III Edici\u00f3n de la Semana de la Energ\u00eda en la India, la m\u00e1xima autoridad venezolana en materia de los hidrocarburos manifest\u00f3 la necesidad de la evoluci\u00f3n que respete este trilema, en aras de mantener el equilibrio del mercado internacional.<\/p>\n\n\n\n<p>En este sentido agreg\u00f3 que \u201cno podemos hablar de inversi\u00f3n, de seguridad, de accesibilidad, si no podemos garantizar que los pueblos del planeta y del Sur Global tengan acceso a la energ\u00eda, y que sea un acceso a la energ\u00eda seguro\u201d.<\/p>\n\n\n\n<p>En otro aspecto, la tambi\u00e9n vicepresidenta Ejecutiva de la Rep\u00fablica, se\u00f1al\u00f3 que \u201cla transici\u00f3n energ\u00e9tica debe ser equilibrada\u201d y que por ejemplo las inversiones en energ\u00edas renovables, que est\u00e1n calculadas en 2.2 billones de d\u00f3lares \u201cno garantizan que para el a\u00f1o 2050 la emisi\u00f3n de carbono sea cero\u201d.<\/p>\n\n\n\n<p>La actividad se desarroll\u00f3 en dos sesiones ministeriales: en la primera se trat\u00f3 el tema de los mercados petroleros: seguridad energ\u00e9tica, crecimiento y prosperidad y en la segunda hubo ponencias sobre la movilizaci\u00f3n de la financiaci\u00f3n para impulsar inversiones en energ\u00eda<\/p>\n\n\n\n<p>Junto a la ministra Rodr\u00edguez, estuvieron en el panel moderado por la periodista Eithne Treanor, sus hom\u00f3logos de Libia, Ir\u00e1n, Congo, M\u00e9xico, Irak y Marruecos. El seminario, instaurado por la OPEP desde el a\u00f1o 2001, est\u00e1 considerado como uno de los principales eventos en la industria energ\u00e9tica, y desarrolla nuevas v\u00edas de di\u00e1logo y cooperaci\u00f3n.<\/p>\n\n\n<style>.wp-block-kadence-advancedgallery .kb-gallery-type-masonry.kb-gallery-id-4365_510503-84{margin:-5px;}.kb-gallery-type-masonry.kb-gallery-id-4365_510503-84 .kadence-blocks-gallery-item{padding:5px;}.kb-gallery-id-4365_510503-84 .kadence-blocks-gallery-item .kb-gal-image-radius, .kb-gallery-id-4365_510503-84 .kb-slide-item .kb-gal-image-radius img{border-radius:0px 0px 0px 0px;;}<\/style><div class=\"kb-gallery-wrap-id-4365_510503-84 alignnone wp-block-kadence-advancedgallery\"><ul class=\"kb-gallery-ul kb-gallery-non-static kb-gallery-type-masonry kb-masonry-init kb-gallery-id-4365_510503-84 kb-gallery-caption-style-bottom-hover kb-gallery-filter-none\" data-image-filter=\"none\" data-item-selector=\".kadence-blocks-gallery-item\" data-lightbox-caption=\"true\" data-columns-xxl=\"3\" data-columns-xl=\"3\" data-columns-md=\"3\" data-columns-sm=\"2\" data-columns-xs=\"1\" data-columns-ss=\"1\"><li class=\"kadence-blocks-gallery-item\" tabindex=\"0\"><div class=\"kadence-blocks-gallery-item-inner\"><figure class=\"kb-gallery-figure kadence-blocks-gallery-item-hide-caption\"><div class=\"kb-gal-image-radius\" style=\"max-width:1024px;\"><div class=\"kb-gallery-image-contain kadence-blocks-gallery-intrinsic\" style=\"padding-bottom:77%;\"><img loading=\"lazy\" decoding=\"async\" src=\"http:\/\/www.minhidrocarburos.gob.ve\/wp-content\/uploads\/2025\/07\/1-editada-1024x795.jpg\" width=\"1024\" height=\"795\" alt=\"\" data-full-image=\"http:\/\/www.minhidrocarburos.gob.ve\/wp-content\/uploads\/2025\/07\/1-editada.jpg\" data-light-image=\"http:\/\/www.minhidrocarburos.gob.ve\/wp-content\/uploads\/2025\/07\/1-editada.jpg\" data-id=\"4366\" class=\"wp-image-4366\" srcset=\"http:\/\/www.minhidrocarburos.gob.ve\/wp-content\/uploads\/2025\/07\/1-editada-1024x795.jpg 1024w, http:\/\/www.minhidrocarburos.gob.ve\/wp-content\/uploads\/2025\/07\/1-editada-300x233.jpg 300w, http:\/\/www.minhidrocarburos.gob.ve\/wp-content\/uploads\/2025\/07\/1-editada-768x596.jpg 768w, http:\/\/www.minhidrocarburos.gob.ve\/wp-content\/uploads\/2025\/07\/1-editada-1536x1192.jpg 1536w, http:\/\/www.minhidrocarburos.gob.ve\/wp-content\/uploads\/2025\/07\/1-editada.jpg 2028w\" sizes=\"auto, (max-width: 1024px) 100vw, 1024px\" \/><\/div><\/div><\/figure><\/div><\/li><li class=\"kadence-blocks-gallery-item\" tabindex=\"0\"><div class=\"kadence-blocks-gallery-item-inner\"><figure class=\"kb-gallery-figure kadence-blocks-gallery-item-hide-caption\"><div class=\"kb-gal-image-radius\" style=\"max-width:1024px;\"><div class=\"kb-gallery-image-contain kadence-blocks-gallery-intrinsic\" style=\"padding-bottom:74%;\"><img loading=\"lazy\" decoding=\"async\" src=\"http:\/\/www.minhidrocarburos.gob.ve\/wp-content\/uploads\/2025\/07\/2-editada-1024x762.jpg\" width=\"1024\" height=\"762\" alt=\"\" data-full-image=\"http:\/\/www.minhidrocarburos.gob.ve\/wp-content\/uploads\/2025\/07\/2-editada.jpg\" data-light-image=\"http:\/\/www.minhidrocarburos.gob.ve\/wp-content\/uploads\/2025\/07\/2-editada.jpg\" data-id=\"4368\" class=\"wp-image-4368\" srcset=\"http:\/\/www.minhidrocarburos.gob.ve\/wp-content\/uploads\/2025\/07\/2-editada-1024x762.jpg 1024w, http:\/\/www.minhidrocarburos.gob.ve\/wp-content\/uploads\/2025\/07\/2-editada-300x223.jpg 300w, http:\/\/www.minhidrocarburos.gob.ve\/wp-content\/uploads\/2025\/07\/2-editada-768x572.jpg 768w, http:\/\/www.minhidrocarburos.gob.ve\/wp-content\/uploads\/2025\/07\/2-editada-1536x1143.jpg 1536w, http:\/\/www.minhidrocarburos.gob.ve\/wp-content\/uploads\/2025\/07\/2-editada.jpg 2025w\" sizes=\"auto, (max-width: 1024px) 100vw, 1024px\" \/><\/div><\/div><\/figure><\/div><\/li><li class=\"kadence-blocks-gallery-item\" tabindex=\"0\"><div class=\"kadence-blocks-gallery-item-inner\"><figure class=\"kb-gallery-figure kadence-blocks-gallery-item-hide-caption\"><div class=\"kb-gal-image-radius\" style=\"max-width:1024px;\"><div class=\"kb-gallery-image-contain kadence-blocks-gallery-intrinsic\" style=\"padding-bottom:60%;\"><img loading=\"lazy\" decoding=\"async\" src=\"http:\/\/www.minhidrocarburos.gob.ve\/wp-content\/uploads\/2025\/07\/4-editar-1024x621.jpg\" width=\"1024\" height=\"621\" alt=\"\" data-full-image=\"http:\/\/www.minhidrocarburos.gob.ve\/wp-content\/uploads\/2025\/07\/4-editar.jpg\" data-light-image=\"http:\/\/www.minhidrocarburos.gob.ve\/wp-content\/uploads\/2025\/07\/4-editar.jpg\" data-id=\"4369\" class=\"wp-image-4369\" srcset=\"http:\/\/www.minhidrocarburos.gob.ve\/wp-content\/uploads\/2025\/07\/4-editar-1024x621.jpg 1024w, http:\/\/www.minhidrocarburos.gob.ve\/wp-content\/uploads\/2025\/07\/4-editar-300x182.jpg 300w, http:\/\/www.minhidrocarburos.gob.ve\/wp-content\/uploads\/2025\/07\/4-editar-768x466.jpg 768w, http:\/\/www.minhidrocarburos.gob.ve\/wp-content\/uploads\/2025\/07\/4-editar-1536x932.jpg 1536w, http:\/\/www.minhidrocarburos.gob.ve\/wp-content\/uploads\/2025\/07\/4-editar.jpg 2041w\" sizes=\"auto, (max-width: 1024px) 100vw, 1024px\" \/><\/div><\/div><\/figure><\/div><\/li><li class=\"kadence-blocks-gallery-item\" tabindex=\"0\"><div class=\"kadence-blocks-gallery-item-inner\"><figure class=\"kb-gallery-figure kadence-blocks-gallery-item-hide-caption\"><div class=\"kb-gal-image-radius\" style=\"max-width:1024px;\"><div class=\"kb-gallery-image-contain kadence-blocks-gallery-intrinsic\" style=\"padding-bottom:60%;\"><img loading=\"lazy\" decoding=\"async\" src=\"http:\/\/www.minhidrocarburos.gob.ve\/wp-content\/uploads\/2025\/07\/5-editada-1024x622.jpg\" width=\"1024\" height=\"622\" alt=\"\" data-full-image=\"http:\/\/www.minhidrocarburos.gob.ve\/wp-content\/uploads\/2025\/07\/5-editada.jpg\" data-light-image=\"http:\/\/www.minhidrocarburos.gob.ve\/wp-content\/uploads\/2025\/07\/5-editada.jpg\" data-id=\"4371\" class=\"wp-image-4371\" srcset=\"http:\/\/www.minhidrocarburos.gob.ve\/wp-content\/uploads\/2025\/07\/5-editada-1024x622.jpg 1024w, http:\/\/www.minhidrocarburos.gob.ve\/wp-content\/uploads\/2025\/07\/5-editada-300x182.jpg 300w, http:\/\/www.minhidrocarburos.gob.ve\/wp-content\/uploads\/2025\/07\/5-editada-768x466.jpg 768w, http:\/\/www.minhidrocarburos.gob.ve\/wp-content\/uploads\/2025\/07\/5-editada-1536x932.jpg 1536w, http:\/\/www.minhidrocarburos.gob.ve\/wp-content\/uploads\/2025\/07\/5-editada.jpg 2041w\" sizes=\"auto, (max-width: 1024px) 100vw, 1024px\" \/><\/div><\/div><\/figure><\/div><\/li><li class=\"kadence-blocks-gallery-item\" tabindex=\"0\"><div class=\"kadence-blocks-gallery-item-inner\"><figure class=\"kb-gallery-figure kadence-blocks-gallery-item-hide-caption\"><div class=\"kb-gal-image-radius\" style=\"max-width:1024px;\"><div class=\"kb-gallery-image-contain kadence-blocks-gallery-intrinsic\" style=\"padding-bottom:65%;\"><img loading=\"lazy\" decoding=\"async\" src=\"http:\/\/www.minhidrocarburos.gob.ve\/wp-content\/uploads\/2025\/07\/8-editada-1024x671.jpg\" width=\"1024\" height=\"671\" alt=\"\" data-full-image=\"http:\/\/www.minhidrocarburos.gob.ve\/wp-content\/uploads\/2025\/07\/8-editada.jpg\" data-light-image=\"http:\/\/www.minhidrocarburos.gob.ve\/wp-content\/uploads\/2025\/07\/8-editada.jpg\" data-id=\"4373\" class=\"wp-image-4373\" srcset=\"http:\/\/www.minhidrocarburos.gob.ve\/wp-content\/uploads\/2025\/07\/8-editada-1024x671.jpg 1024w, http:\/\/www.minhidrocarburos.gob.ve\/wp-content\/uploads\/2025\/07\/8-editada-300x197.jpg 300w, http:\/\/www.minhidrocarburos.gob.ve\/wp-content\/uploads\/2025\/07\/8-editada-768x503.jpg 768w, http:\/\/www.minhidrocarburos.gob.ve\/wp-content\/uploads\/2025\/07\/8-editada.jpg 1306w\" sizes=\"auto, (max-width: 1024px) 100vw, 1024px\" \/><\/div><\/div><\/figure><\/div><\/li><li class=\"kadence-blocks-gallery-item\" tabindex=\"0\"><div class=\"kadence-blocks-gallery-item-inner\"><figure class=\"kb-gallery-figure kadence-blocks-gallery-item-hide-caption\"><div class=\"kb-gal-image-radius\" style=\"max-width:1024px;\"><div class=\"kb-gallery-image-contain kadence-blocks-gallery-intrinsic\" style=\"padding-bottom:66%;\"><img loading=\"lazy\" decoding=\"async\" src=\"http:\/\/www.minhidrocarburos.gob.ve\/wp-content\/uploads\/2025\/07\/9-editada-1024x676.jpg\" width=\"1024\" height=\"676\" alt=\"\" data-full-image=\"http:\/\/www.minhidrocarburos.gob.ve\/wp-content\/uploads\/2025\/07\/9-editada.jpg\" data-light-image=\"http:\/\/www.minhidrocarburos.gob.ve\/wp-content\/uploads\/2025\/07\/9-editada.jpg\" data-id=\"4374\" class=\"wp-image-4374\" srcset=\"http:\/\/www.minhidrocarburos.gob.ve\/wp-content\/uploads\/2025\/07\/9-editada-1024x676.jpg 1024w, http:\/\/www.minhidrocarburos.gob.ve\/wp-content\/uploads\/2025\/07\/9-editada-300x198.jpg 300w, http:\/\/www.minhidrocarburos.gob.ve\/wp-content\/uploads\/2025\/07\/9-editada-768x507.jpg 768w, http:\/\/www.minhidrocarburos.gob.ve\/wp-content\/uploads\/2025\/07\/9-editada.jpg 1315w\" sizes=\"auto, (max-width: 1024px) 100vw, 1024px\" \/><\/div><\/div><\/figure><\/div><\/li><\/ul><\/div>\n\n\n<p><\/p>\n\n\n\n<p><\/p>\n","protected":false},"excerpt":{"rendered":"<p>Caracas, 9 de julio de 2025-. La ministra del Poder Popular de Hidrocarburos Delcy Rodr\u00edguez &#8211; en el marco del 9\u00b0 Seminario Internacional de la OPEP- destac\u00f3 la necesidad de que exista un equilibrio en el mercado energ\u00e9tico internacional, que se ve afectado directamente por la geopol\u00edtica mundial actual, que ha llevado a la aplicaci\u00f3n&hellip;&nbsp;<a href=\"http:\/\/www.minhidrocarburos.gob.ve\/index.php\/2025\/07\/09\/ministra-rodriguez-26-de-la-produccion-petrolera-del-mundo-esta-bajo-sanciones-y-afecta-el-equilibrio-del-mercado-energetico\/\" rel=\"bookmark\">Leer m\u00e1s &raquo;<span class=\"screen-reader-text\">Ministra Rodr\u00edguez: 26% de la producci\u00f3n petrolera del mundo est\u00e1 bajo sanciones y afecta el equilibrio del mercado energ\u00e9tico<\/span><\/a><\/p>\n","protected":false},"author":4,"featured_media":4367,"comment_status":"closed","ping_status":"closed","sticky":false,"template":"","format":"standard","meta":{"_editorskit_title_hidden":false,"_editorskit_reading_time":0,"_editorskit_is_block_options_detached":false,"_editorskit_block_options_position":"{}","neve_meta_sidebar":"","neve_meta_container":"","neve_meta_enable_content_width":"","neve_meta_content_width":0,"neve_meta_title_alignment":"","neve_meta_author_avatar":"","neve_post_elements_order":"","neve_meta_disable_header":"","neve_meta_disable_footer":"","neve_meta_disable_title":"","footnotes":""},"categories":[121,127,122,128],"tags":[],"class_list":["post-4365","post","type-post","status-publish","format-standard","has-post-thumbnail","hentry","category-noticias-2024","category-noticias-2025","category-noticias_slider_24","category-noticias_slider_25"],"yoast_head":"<!-- This site is optimized with the Yoast SEO plugin v27.2 - https:\/\/yoast.com\/product\/yoast-seo-wordpress\/ -->\n<title>Ministra Rodr\u00edguez: 26% de la producci\u00f3n petrolera del mundo est\u00e1 bajo sanciones y afecta el equilibrio del mercado energ\u00e9tico - MinHidrocarburos<\/title>\n<meta name=\"robots\" content=\"index, follow, max-snippet:-1, max-image-preview:large, max-video-preview:-1\" \/>\n<link rel=\"canonical\" href=\"http:\/\/www.minhidrocarburos.gob.ve\/index.php\/2025\/07\/09\/ministra-rodriguez-26-de-la-produccion-petrolera-del-mundo-esta-bajo-sanciones-y-afecta-el-equilibrio-del-mercado-energetico\/\" \/>\n<meta property=\"og:locale\" content=\"es_ES\" \/>\n<meta property=\"og:type\" content=\"article\" \/>\n<meta property=\"og:title\" content=\"Ministra Rodr\u00edguez: 26% de la producci\u00f3n petrolera del mundo est\u00e1 bajo sanciones y afecta el equilibrio del mercado energ\u00e9tico - MinHidrocarburos\" \/>\n<meta property=\"og:description\" content=\"Caracas, 9 de julio de 2025-. La ministra del Poder Popular de Hidrocarburos Delcy Rodr\u00edguez &#8211; en el marco del 9\u00b0 Seminario Internacional de la OPEP- destac\u00f3 la necesidad de que exista un equilibrio en el mercado energ\u00e9tico internacional, que se ve afectado directamente por la geopol\u00edtica mundial actual, que ha llevado a la aplicaci\u00f3n&hellip;&nbsp;Leer m\u00e1s &raquo;Ministra Rodr\u00edguez: 26% de la producci\u00f3n petrolera del mundo est\u00e1 bajo sanciones y afecta el equilibrio del mercado energ\u00e9tico\" \/>\n<meta property=\"og:url\" content=\"http:\/\/www.minhidrocarburos.gob.ve\/index.php\/2025\/07\/09\/ministra-rodriguez-26-de-la-produccion-petrolera-del-mundo-esta-bajo-sanciones-y-afecta-el-equilibrio-del-mercado-energetico\/\" \/>\n<meta property=\"og:site_name\" content=\"MinHidrocarburos\" \/>\n<meta property=\"article:published_time\" content=\"2025-07-09T16:06:13+00:00\" \/>\n<meta property=\"article:modified_time\" content=\"2025-07-09T18:32:37+00:00\" \/>\n<meta property=\"og:image\" content=\"http:\/\/www.minhidrocarburos.gob.ve\/wp-content\/uploads\/2025\/07\/3-editada.jpg\" \/>\n\t<meta property=\"og:image:width\" content=\"2044\" \/>\n\t<meta property=\"og:image:height\" content=\"1569\" \/>\n\t<meta property=\"og:image:type\" content=\"image\/jpeg\" \/>\n<meta name=\"author\" content=\"Marlene Tupano\" \/>\n<meta name=\"twitter:card\" content=\"summary_large_image\" \/>\n<meta name=\"twitter:label1\" content=\"Escrito por\" \/>\n\t<meta name=\"twitter:data1\" content=\"Marlene Tupano\" \/>\n\t<meta name=\"twitter:label2\" content=\"Tiempo de lectura\" \/>\n\t<meta name=\"twitter:data2\" content=\"3 minutos\" \/>\n<script type=\"application\/ld+json\" class=\"yoast-schema-graph\">{\"@context\":\"https:\/\/schema.org\",\"@graph\":[{\"@type\":\"Article\",\"@id\":\"http:\/\/www.minhidrocarburos.gob.ve\/index.php\/2025\/07\/09\/ministra-rodriguez-26-de-la-produccion-petrolera-del-mundo-esta-bajo-sanciones-y-afecta-el-equilibrio-del-mercado-energetico\/#article\",\"isPartOf\":{\"@id\":\"http:\/\/www.minhidrocarburos.gob.ve\/index.php\/2025\/07\/09\/ministra-rodriguez-26-de-la-produccion-petrolera-del-mundo-esta-bajo-sanciones-y-afecta-el-equilibrio-del-mercado-energetico\/\"},\"author\":{\"name\":\"Marlene Tupano\",\"@id\":\"http:\/\/www.minhidrocarburos.gob.ve\/#\/schema\/person\/e422c5324687b18e6d9c8a8bbbbcac9e\"},\"headline\":\"Ministra Rodr\u00edguez: 26% de la producci\u00f3n petrolera del mundo est\u00e1 bajo sanciones y afecta el equilibrio del mercado energ\u00e9tico\",\"datePublished\":\"2025-07-09T16:06:13+00:00\",\"dateModified\":\"2025-07-09T18:32:37+00:00\",\"mainEntityOfPage\":{\"@id\":\"http:\/\/www.minhidrocarburos.gob.ve\/index.php\/2025\/07\/09\/ministra-rodriguez-26-de-la-produccion-petrolera-del-mundo-esta-bajo-sanciones-y-afecta-el-equilibrio-del-mercado-energetico\/\"},\"wordCount\":641,\"publisher\":{\"@id\":\"http:\/\/www.minhidrocarburos.gob.ve\/#organization\"},\"image\":{\"@id\":\"http:\/\/www.minhidrocarburos.gob.ve\/index.php\/2025\/07\/09\/ministra-rodriguez-26-de-la-produccion-petrolera-del-mundo-esta-bajo-sanciones-y-afecta-el-equilibrio-del-mercado-energetico\/#primaryimage\"},\"thumbnailUrl\":\"http:\/\/www.minhidrocarburos.gob.ve\/wp-content\/uploads\/2025\/07\/3-editada.jpg\",\"articleSection\":[\"Noticias 2024\",\"Noticias 2025\",\"Noticias_Slider_24\",\"Noticias_Slider_25\"],\"inLanguage\":\"es\"},{\"@type\":\"WebPage\",\"@id\":\"http:\/\/www.minhidrocarburos.gob.ve\/index.php\/2025\/07\/09\/ministra-rodriguez-26-de-la-produccion-petrolera-del-mundo-esta-bajo-sanciones-y-afecta-el-equilibrio-del-mercado-energetico\/\",\"url\":\"http:\/\/www.minhidrocarburos.gob.ve\/index.php\/2025\/07\/09\/ministra-rodriguez-26-de-la-produccion-petrolera-del-mundo-esta-bajo-sanciones-y-afecta-el-equilibrio-del-mercado-energetico\/\",\"name\":\"Ministra Rodr\u00edguez: 26% de la producci\u00f3n petrolera del mundo est\u00e1 bajo sanciones y afecta el equilibrio del mercado energ\u00e9tico - MinHidrocarburos\",\"isPartOf\":{\"@id\":\"http:\/\/www.minhidrocarburos.gob.ve\/#website\"},\"primaryImageOfPage\":{\"@id\":\"http:\/\/www.minhidrocarburos.gob.ve\/index.php\/2025\/07\/09\/ministra-rodriguez-26-de-la-produccion-petrolera-del-mundo-esta-bajo-sanciones-y-afecta-el-equilibrio-del-mercado-energetico\/#primaryimage\"},\"image\":{\"@id\":\"http:\/\/www.minhidrocarburos.gob.ve\/index.php\/2025\/07\/09\/ministra-rodriguez-26-de-la-produccion-petrolera-del-mundo-esta-bajo-sanciones-y-afecta-el-equilibrio-del-mercado-energetico\/#primaryimage\"},\"thumbnailUrl\":\"http:\/\/www.minhidrocarburos.gob.ve\/wp-content\/uploads\/2025\/07\/3-editada.jpg\",\"datePublished\":\"2025-07-09T16:06:13+00:00\",\"dateModified\":\"2025-07-09T18:32:37+00:00\",\"inLanguage\":\"es\",\"potentialAction\":[{\"@type\":\"ReadAction\",\"target\":[\"http:\/\/www.minhidrocarburos.gob.ve\/index.php\/2025\/07\/09\/ministra-rodriguez-26-de-la-produccion-petrolera-del-mundo-esta-bajo-sanciones-y-afecta-el-equilibrio-del-mercado-energetico\/\"]}]},{\"@type\":\"ImageObject\",\"inLanguage\":\"es\",\"@id\":\"http:\/\/www.minhidrocarburos.gob.ve\/index.php\/2025\/07\/09\/ministra-rodriguez-26-de-la-produccion-petrolera-del-mundo-esta-bajo-sanciones-y-afecta-el-equilibrio-del-mercado-energetico\/#primaryimage\",\"url\":\"http:\/\/www.minhidrocarburos.gob.ve\/wp-content\/uploads\/2025\/07\/3-editada.jpg\",\"contentUrl\":\"http:\/\/www.minhidrocarburos.gob.ve\/wp-content\/uploads\/2025\/07\/3-editada.jpg\",\"width\":2044,\"height\":1569},{\"@type\":\"WebSite\",\"@id\":\"http:\/\/www.minhidrocarburos.gob.ve\/#website\",\"url\":\"http:\/\/www.minhidrocarburos.gob.ve\/\",\"name\":\"Minhidrocarburos\",\"description\":\"Regulaci\u00f3n, formulaci\u00f3n y seguimiento de pol\u00edticas; la planificaci\u00f3n, realizaci\u00f3n y fiscalizaci\u00f3n en materia de hidrocarburos\",\"publisher\":{\"@id\":\"http:\/\/www.minhidrocarburos.gob.ve\/#organization\"},\"potentialAction\":[{\"@type\":\"SearchAction\",\"target\":{\"@type\":\"EntryPoint\",\"urlTemplate\":\"http:\/\/www.minhidrocarburos.gob.ve\/?s={search_term_string}\"},\"query-input\":{\"@type\":\"PropertyValueSpecification\",\"valueRequired\":true,\"valueName\":\"search_term_string\"}}],\"inLanguage\":\"es\"},{\"@type\":\"Organization\",\"@id\":\"http:\/\/www.minhidrocarburos.gob.ve\/#organization\",\"name\":\"Ministerio del Poder Popular de Hidrocarburos\",\"url\":\"http:\/\/www.minhidrocarburos.gob.ve\/\",\"logo\":{\"@type\":\"ImageObject\",\"inLanguage\":\"es\",\"@id\":\"http:\/\/www.minhidrocarburos.gob.ve\/#\/schema\/logo\/image\/\",\"url\":\"http:\/\/www.minhidrocarburos.gob.ve\/wp-content\/uploads\/2024\/12\/Ministerio_de_Hidrocarburos.png\",\"contentUrl\":\"http:\/\/www.minhidrocarburos.gob.ve\/wp-content\/uploads\/2024\/12\/Ministerio_de_Hidrocarburos.png\",\"width\":2320,\"height\":324,\"caption\":\"Ministerio del Poder Popular de Hidrocarburos\"},\"image\":{\"@id\":\"http:\/\/www.minhidrocarburos.gob.ve\/#\/schema\/logo\/image\/\"}},{\"@type\":\"Person\",\"@id\":\"http:\/\/www.minhidrocarburos.gob.ve\/#\/schema\/person\/e422c5324687b18e6d9c8a8bbbbcac9e\",\"name\":\"Marlene Tupano\",\"image\":{\"@type\":\"ImageObject\",\"inLanguage\":\"es\",\"@id\":\"https:\/\/secure.gravatar.com\/avatar\/59dd95f48b40b2401279edd9e561b0f95d4b811b58284f29a22c8c026c49dd75?s=96&d=mm&r=g\",\"url\":\"https:\/\/secure.gravatar.com\/avatar\/59dd95f48b40b2401279edd9e561b0f95d4b811b58284f29a22c8c026c49dd75?s=96&d=mm&r=g\",\"contentUrl\":\"https:\/\/secure.gravatar.com\/avatar\/59dd95f48b40b2401279edd9e561b0f95d4b811b58284f29a22c8c026c49dd75?s=96&d=mm&r=g\",\"caption\":\"Marlene Tupano\"},\"url\":\"http:\/\/www.minhidrocarburos.gob.ve\/index.php\/author\/mtupano\/\"}]}<\/script>\n<!-- \/ Yoast SEO plugin. -->","yoast_head_json":{"title":"Ministra Rodr\u00edguez: 26% de la producci\u00f3n petrolera del mundo est\u00e1 bajo sanciones y afecta el equilibrio del mercado energ\u00e9tico - MinHidrocarburos","robots":{"index":"index","follow":"follow","max-snippet":"max-snippet:-1","max-image-preview":"max-image-preview:large","max-video-preview":"max-video-preview:-1"},"canonical":"http:\/\/www.minhidrocarburos.gob.ve\/index.php\/2025\/07\/09\/ministra-rodriguez-26-de-la-produccion-petrolera-del-mundo-esta-bajo-sanciones-y-afecta-el-equilibrio-del-mercado-energetico\/","og_locale":"es_ES","og_type":"article","og_title":"Ministra Rodr\u00edguez: 26% de la producci\u00f3n petrolera del mundo est\u00e1 bajo sanciones y afecta el equilibrio del mercado energ\u00e9tico - MinHidrocarburos","og_description":"Caracas, 9 de julio de 2025-. La ministra del Poder Popular de Hidrocarburos Delcy Rodr\u00edguez &#8211; en el marco del 9\u00b0 Seminario Internacional de la OPEP- destac\u00f3 la necesidad de que exista un equilibrio en el mercado energ\u00e9tico internacional, que se ve afectado directamente por la geopol\u00edtica mundial actual, que ha llevado a la aplicaci\u00f3n&hellip;&nbsp;Leer m\u00e1s &raquo;Ministra Rodr\u00edguez: 26% de la producci\u00f3n petrolera del mundo est\u00e1 bajo sanciones y afecta el equilibrio del mercado energ\u00e9tico","og_url":"http:\/\/www.minhidrocarburos.gob.ve\/index.php\/2025\/07\/09\/ministra-rodriguez-26-de-la-produccion-petrolera-del-mundo-esta-bajo-sanciones-y-afecta-el-equilibrio-del-mercado-energetico\/","og_site_name":"MinHidrocarburos","article_published_time":"2025-07-09T16:06:13+00:00","article_modified_time":"2025-07-09T18:32:37+00:00","og_image":[{"width":2044,"height":1569,"url":"http:\/\/www.minhidrocarburos.gob.ve\/wp-content\/uploads\/2025\/07\/3-editada.jpg","type":"image\/jpeg"}],"author":"Marlene Tupano","twitter_card":"summary_large_image","twitter_misc":{"Escrito por":"Marlene Tupano","Tiempo de lectura":"3 minutos"},"schema":{"@context":"https:\/\/schema.org","@graph":[{"@type":"Article","@id":"http:\/\/www.minhidrocarburos.gob.ve\/index.php\/2025\/07\/09\/ministra-rodriguez-26-de-la-produccion-petrolera-del-mundo-esta-bajo-sanciones-y-afecta-el-equilibrio-del-mercado-energetico\/#article","isPartOf":{"@id":"http:\/\/www.minhidrocarburos.gob.ve\/index.php\/2025\/07\/09\/ministra-rodriguez-26-de-la-produccion-petrolera-del-mundo-esta-bajo-sanciones-y-afecta-el-equilibrio-del-mercado-energetico\/"},"author":{"name":"Marlene Tupano","@id":"http:\/\/www.minhidrocarburos.gob.ve\/#\/schema\/person\/e422c5324687b18e6d9c8a8bbbbcac9e"},"headline":"Ministra Rodr\u00edguez: 26% de la producci\u00f3n petrolera del mundo est\u00e1 bajo sanciones y afecta el equilibrio del mercado energ\u00e9tico","datePublished":"2025-07-09T16:06:13+00:00","dateModified":"2025-07-09T18:32:37+00:00","mainEntityOfPage":{"@id":"http:\/\/www.minhidrocarburos.gob.ve\/index.php\/2025\/07\/09\/ministra-rodriguez-26-de-la-produccion-petrolera-del-mundo-esta-bajo-sanciones-y-afecta-el-equilibrio-del-mercado-energetico\/"},"wordCount":641,"publisher":{"@id":"http:\/\/www.minhidrocarburos.gob.ve\/#organization"},"image":{"@id":"http:\/\/www.minhidrocarburos.gob.ve\/index.php\/2025\/07\/09\/ministra-rodriguez-26-de-la-produccion-petrolera-del-mundo-esta-bajo-sanciones-y-afecta-el-equilibrio-del-mercado-energetico\/#primaryimage"},"thumbnailUrl":"http:\/\/www.minhidrocarburos.gob.ve\/wp-content\/uploads\/2025\/07\/3-editada.jpg","articleSection":["Noticias 2024","Noticias 2025","Noticias_Slider_24","Noticias_Slider_25"],"inLanguage":"es"},{"@type":"WebPage","@id":"http:\/\/www.minhidrocarburos.gob.ve\/index.php\/2025\/07\/09\/ministra-rodriguez-26-de-la-produccion-petrolera-del-mundo-esta-bajo-sanciones-y-afecta-el-equilibrio-del-mercado-energetico\/","url":"http:\/\/www.minhidrocarburos.gob.ve\/index.php\/2025\/07\/09\/ministra-rodriguez-26-de-la-produccion-petrolera-del-mundo-esta-bajo-sanciones-y-afecta-el-equilibrio-del-mercado-energetico\/","name":"Ministra Rodr\u00edguez: 26% de la producci\u00f3n petrolera del mundo est\u00e1 bajo sanciones y afecta el equilibrio del mercado energ\u00e9tico - MinHidrocarburos","isPartOf":{"@id":"http:\/\/www.minhidrocarburos.gob.ve\/#website"},"primaryImageOfPage":{"@id":"http:\/\/www.minhidrocarburos.gob.ve\/index.php\/2025\/07\/09\/ministra-rodriguez-26-de-la-produccion-petrolera-del-mundo-esta-bajo-sanciones-y-afecta-el-equilibrio-del-mercado-energetico\/#primaryimage"},"image":{"@id":"http:\/\/www.minhidrocarburos.gob.ve\/index.php\/2025\/07\/09\/ministra-rodriguez-26-de-la-produccion-petrolera-del-mundo-esta-bajo-sanciones-y-afecta-el-equilibrio-del-mercado-energetico\/#primaryimage"},"thumbnailUrl":"http:\/\/www.minhidrocarburos.gob.ve\/wp-content\/uploads\/2025\/07\/3-editada.jpg","datePublished":"2025-07-09T16:06:13+00:00","dateModified":"2025-07-09T18:32:37+00:00","inLanguage":"es","potentialAction":[{"@type":"ReadAction","target":["http:\/\/www.minhidrocarburos.gob.ve\/index.php\/2025\/07\/09\/ministra-rodriguez-26-de-la-produccion-petrolera-del-mundo-esta-bajo-sanciones-y-afecta-el-equilibrio-del-mercado-energetico\/"]}]},{"@type":"ImageObject","inLanguage":"es","@id":"http:\/\/www.minhidrocarburos.gob.ve\/index.php\/2025\/07\/09\/ministra-rodriguez-26-de-la-produccion-petrolera-del-mundo-esta-bajo-sanciones-y-afecta-el-equilibrio-del-mercado-energetico\/#primaryimage","url":"http:\/\/www.minhidrocarburos.gob.ve\/wp-content\/uploads\/2025\/07\/3-editada.jpg","contentUrl":"http:\/\/www.minhidrocarburos.gob.ve\/wp-content\/uploads\/2025\/07\/3-editada.jpg","width":2044,"height":1569},{"@type":"WebSite","@id":"http:\/\/www.minhidrocarburos.gob.ve\/#website","url":"http:\/\/www.minhidrocarburos.gob.ve\/","name":"Minhidrocarburos","description":"Regulaci\u00f3n, formulaci\u00f3n y seguimiento de pol\u00edticas; la planificaci\u00f3n, realizaci\u00f3n y fiscalizaci\u00f3n en materia de hidrocarburos","publisher":{"@id":"http:\/\/www.minhidrocarburos.gob.ve\/#organization"},"potentialAction":[{"@type":"SearchAction","target":{"@type":"EntryPoint","urlTemplate":"http:\/\/www.minhidrocarburos.gob.ve\/?s={search_term_string}"},"query-input":{"@type":"PropertyValueSpecification","valueRequired":true,"valueName":"search_term_string"}}],"inLanguage":"es"},{"@type":"Organization","@id":"http:\/\/www.minhidrocarburos.gob.ve\/#organization","name":"Ministerio del Poder Popular de Hidrocarburos","url":"http:\/\/www.minhidrocarburos.gob.ve\/","logo":{"@type":"ImageObject","inLanguage":"es","@id":"http:\/\/www.minhidrocarburos.gob.ve\/#\/schema\/logo\/image\/","url":"http:\/\/www.minhidrocarburos.gob.ve\/wp-content\/uploads\/2024\/12\/Ministerio_de_Hidrocarburos.png","contentUrl":"http:\/\/www.minhidrocarburos.gob.ve\/wp-content\/uploads\/2024\/12\/Ministerio_de_Hidrocarburos.png","width":2320,"height":324,"caption":"Ministerio del Poder Popular de Hidrocarburos"},"image":{"@id":"http:\/\/www.minhidrocarburos.gob.ve\/#\/schema\/logo\/image\/"}},{"@type":"Person","@id":"http:\/\/www.minhidrocarburos.gob.ve\/#\/schema\/person\/e422c5324687b18e6d9c8a8bbbbcac9e","name":"Marlene Tupano","image":{"@type":"ImageObject","inLanguage":"es","@id":"https:\/\/secure.gravatar.com\/avatar\/59dd95f48b40b2401279edd9e561b0f95d4b811b58284f29a22c8c026c49dd75?s=96&d=mm&r=g","url":"https:\/\/secure.gravatar.com\/avatar\/59dd95f48b40b2401279edd9e561b0f95d4b811b58284f29a22c8c026c49dd75?s=96&d=mm&r=g","contentUrl":"https:\/\/secure.gravatar.com\/avatar\/59dd95f48b40b2401279edd9e561b0f95d4b811b58284f29a22c8c026c49dd75?s=96&d=mm&r=g","caption":"Marlene Tupano"},"url":"http:\/\/www.minhidrocarburos.gob.ve\/index.php\/author\/mtupano\/"}]}},"_links":{"self":[{"href":"http:\/\/www.minhidrocarburos.gob.ve\/index.php\/wp-json\/wp\/v2\/posts\/4365","targetHints":{"allow":["GET"]}}],"collection":[{"href":"http:\/\/www.minhidrocarburos.gob.ve\/index.php\/wp-json\/wp\/v2\/posts"}],"about":[{"href":"http:\/\/www.minhidrocarburos.gob.ve\/index.php\/wp-json\/wp\/v2\/types\/post"}],"author":[{"embeddable":true,"href":"http:\/\/www.minhidrocarburos.gob.ve\/index.php\/wp-json\/wp\/v2\/users\/4"}],"replies":[{"embeddable":true,"href":"http:\/\/www.minhidrocarburos.gob.ve\/index.php\/wp-json\/wp\/v2\/comments?post=4365"}],"version-history":[{"count":2,"href":"http:\/\/www.minhidrocarburos.gob.ve\/index.php\/wp-json\/wp\/v2\/posts\/4365\/revisions"}],"predecessor-version":[{"id":4382,"href":"http:\/\/www.minhidrocarburos.gob.ve\/index.php\/wp-json\/wp\/v2\/posts\/4365\/revisions\/4382"}],"wp:featuredmedia":[{"embeddable":true,"href":"http:\/\/www.minhidrocarburos.gob.ve\/index.php\/wp-json\/wp\/v2\/media\/4367"}],"wp:attachment":[{"href":"http:\/\/www.minhidrocarburos.gob.ve\/index.php\/wp-json\/wp\/v2\/media?parent=4365"}],"wp:term":[{"taxonomy":"category","embeddable":true,"href":"http:\/\/www.minhidrocarburos.gob.ve\/index.php\/wp-json\/wp\/v2\/categories?post=4365"},{"taxonomy":"post_tag","embeddable":true,"href":"http:\/\/www.minhidrocarburos.gob.ve\/index.php\/wp-json\/wp\/v2\/tags?post=4365"}],"curies":[{"name":"wp","href":"https:\/\/api.w.org\/{rel}","templated":true}]}}