

{"id":4376,"date":"2025-07-09T15:30:42","date_gmt":"2025-07-09T19:30:42","guid":{"rendered":"http:\/\/www.minhidrocarburos.gob.ve\/?p=4376"},"modified":"2025-07-10T11:24:19","modified_gmt":"2025-07-10T15:24:19","slug":"venezuela-aboga-en-la-opep-por-una-transicion-energetica-equilibrada-y-libre-de-sanciones","status":"publish","type":"post","link":"http:\/\/www.minhidrocarburos.gob.ve\/index.php\/2025\/07\/09\/venezuela-aboga-en-la-opep-por-una-transicion-energetica-equilibrada-y-libre-de-sanciones\/","title":{"rendered":"Venezuela aboga en la OPEP por una transici\u00f3n energ\u00e9tica equilibrada y libre de sanciones"},"content":{"rendered":"\n<p>Caracas, 9 de julio de 2025.- Durante su visita a Viena por el 9\u00b0 Seminario Internacional de la OPEP, la ministra Delcy Rodr\u00edguez en entrevista con Telesur, enfatiz\u00f3 la importancia del equilibrio energ\u00e9tico global y de recursos para poder impulsar el trilema energ\u00e9tico, que implica garantizar el suministro de energ\u00eda, su accesibilidad para los pueblos y poder contrarrestar las emergencias clim\u00e1ticas.<\/p>\n\n\n\n<p>Por ello, destac\u00f3 que los problemas actuales del mercado, causados por las sanciones, no deben definir el futuro e innovaci\u00f3n en los pa\u00edses miembros de la organizaci\u00f3n, debido a que estas medidas coercitivas impactan en la energ\u00eda del mundo afectando a un tercio de la poblaci\u00f3n, impidiendo su crecimiento.<\/p>\n\n\n\n<blockquote class=\"wp-block-quote is-layout-flow wp-block-quote-is-layout-flow\">\n<p>\u00abNo se puede ver aislado el tema del financiamiento en la transici\u00f3n energ\u00e9tica (&#8230;) sin considerar el factor geopol\u00edtico. El factor geopol\u00edtico donde grandes productores y grandes poseedores de reservas en petr\u00f3leo y en gas est\u00e1n bajo sanciones por parte de Occidente\u00bb recalc\u00f3.<\/p>\n<\/blockquote>\n\n\n\n<h2 class=\"wp-block-heading\"><strong>La IA y su demanda energ\u00e9tica<\/strong><\/h2>\n\n\n\n<p>Asimismo, la titular de la cartera de hidrocarburos hizo un llamado a considerar la importancia clave de las inversiones energ\u00e9ticas en el mercado internacional, dado el aumento de exigencias tecnol\u00f3gicas y sus herramientas en la demanda global.<\/p>\n\n\n\n<p>Indic\u00f3 que, por ejemplo, el uso de la IA obliga a mantener una correcta planificaci\u00f3n internacional que debe contar con el apoyo de Venezuela, gracias al aporte que genera al mundo como un actor imprescindible en el sistema energ\u00e9tico por sus reservas de fuentes renovables f\u00f3siles.<\/p>\n\n\n\n<blockquote class=\"wp-block-quote is-layout-flow wp-block-quote-is-layout-flow\">\n<p>&nbsp;\u00abLa inteligencia artificial, se estima que va a duplicar en dos a\u00f1os (&#8230;) va a requerir toda la energ\u00eda el\u00e9ctrica que necesita Jap\u00f3n, por ejemplo.\u00bb&nbsp; puntualiz\u00f3 a modo de ejemplo ilustrativo del uso requerido de combustibles f\u00f3siles en el mundo, el cual se prev\u00e9 seguir\u00e1 siendo la primera fuente de energ\u00eda mundial al menos en los pr\u00f3ximos 50 a\u00f1os.&nbsp;<\/p>\n<\/blockquote>\n\n\n\n<h2 class=\"wp-block-heading\"><strong>Venezuela y los BRICS<\/strong><\/h2>\n\n\n\n<p>En su intervenci\u00f3n, la ministra tambi\u00e9n abord\u00f3 el papel geopol\u00edtico de los BRICS como bloque emergente, indicando que una eventual incorporaci\u00f3n de Venezuela al grupo le llevar\u00eda al 66% de las reservas petroleras del mundo.<\/p>\n\n\n\n<blockquote class=\"wp-block-quote is-layout-flow wp-block-quote-is-layout-flow\">\n<p>\u201cT\u00fa sabes que Venezuela es un pa\u00eds que ha estado invitado y nosotros, nuestros conceptos ya nos hacen pa\u00eds BRICS\u201d.<\/p>\n<\/blockquote>\n\n\n\n<p>Finalmente, Rodr\u00edguez agreg\u00f3 que el pr\u00f3ximo paso de Venezuela es convertirse en un pa\u00eds exportador de gas, y seguir poniendo sus recursos energ\u00e9ticos al al servicio de desarrollo compartido de los pueblos.<\/p>\n\n\n\n<figure class=\"wp-block-gallery has-nested-images columns-default is-cropped wp-block-gallery-1 is-layout-flex wp-block-gallery-is-layout-flex\">\n<figure class=\"wp-block-image size-large\"><img loading=\"lazy\" decoding=\"async\" width=\"320\" height=\"256\" data-id=\"4377\" src=\"http:\/\/www.minhidrocarburos.gob.ve\/wp-content\/uploads\/2025\/07\/IMG_5252.jpg\" alt=\"\" class=\"wp-image-4377\" srcset=\"http:\/\/www.minhidrocarburos.gob.ve\/wp-content\/uploads\/2025\/07\/IMG_5252.jpg 320w, http:\/\/www.minhidrocarburos.gob.ve\/wp-content\/uploads\/2025\/07\/IMG_5252-300x240.jpg 300w\" sizes=\"auto, (max-width: 320px) 100vw, 320px\" \/><\/figure>\n\n\n\n<figure class=\"wp-block-image size-large\"><img loading=\"lazy\" decoding=\"async\" width=\"320\" height=\"256\" data-id=\"4379\" src=\"http:\/\/www.minhidrocarburos.gob.ve\/wp-content\/uploads\/2025\/07\/IMG_5250.jpg\" alt=\"\" class=\"wp-image-4379\" srcset=\"http:\/\/www.minhidrocarburos.gob.ve\/wp-content\/uploads\/2025\/07\/IMG_5250.jpg 320w, http:\/\/www.minhidrocarburos.gob.ve\/wp-content\/uploads\/2025\/07\/IMG_5250-300x240.jpg 300w\" sizes=\"auto, (max-width: 320px) 100vw, 320px\" \/><\/figure>\n\n\n\n<figure class=\"wp-block-image size-large\"><img loading=\"lazy\" decoding=\"async\" width=\"320\" height=\"256\" data-id=\"4380\" src=\"http:\/\/www.minhidrocarburos.gob.ve\/wp-content\/uploads\/2025\/07\/IMG_5249.jpg\" alt=\"\" class=\"wp-image-4380\" srcset=\"http:\/\/www.minhidrocarburos.gob.ve\/wp-content\/uploads\/2025\/07\/IMG_5249.jpg 320w, http:\/\/www.minhidrocarburos.gob.ve\/wp-content\/uploads\/2025\/07\/IMG_5249-300x240.jpg 300w\" sizes=\"auto, (max-width: 320px) 100vw, 320px\" \/><\/figure>\n<\/figure>\n\n\n\n<p><\/p>\n","protected":false},"excerpt":{"rendered":"<p>Caracas, 9 de julio de 2025.- Durante su visita a Viena por el 9\u00b0 Seminario Internacional de la OPEP, la ministra Delcy Rodr\u00edguez en entrevista con Telesur, enfatiz\u00f3 la importancia del equilibrio energ\u00e9tico global y de recursos para poder impulsar el trilema energ\u00e9tico, que implica garantizar el suministro de energ\u00eda, su accesibilidad para los pueblos&hellip;&nbsp;<a href=\"http:\/\/www.minhidrocarburos.gob.ve\/index.php\/2025\/07\/09\/venezuela-aboga-en-la-opep-por-una-transicion-energetica-equilibrada-y-libre-de-sanciones\/\" rel=\"bookmark\">Leer m\u00e1s &raquo;<span class=\"screen-reader-text\">Venezuela aboga en la OPEP por una transici\u00f3n energ\u00e9tica equilibrada y libre de sanciones<\/span><\/a><\/p>\n","protected":false},"author":8,"featured_media":4421,"comment_status":"closed","ping_status":"closed","sticky":false,"template":"","format":"standard","meta":{"_editorskit_title_hidden":false,"_editorskit_reading_time":0,"_editorskit_is_block_options_detached":false,"_editorskit_block_options_position":"{}","neve_meta_sidebar":"","neve_meta_container":"","neve_meta_enable_content_width":"","neve_meta_content_width":0,"neve_meta_title_alignment":"","neve_meta_author_avatar":"","neve_post_elements_order":"","neve_meta_disable_header":"","neve_meta_disable_footer":"","neve_meta_disable_title":"","footnotes":""},"categories":[127,122,128],"tags":[],"class_list":["post-4376","post","type-post","status-publish","format-standard","has-post-thumbnail","hentry","category-noticias-2025","category-noticias_slider_24","category-noticias_slider_25"],"yoast_head":"<!-- This site is optimized with the Yoast SEO plugin v27.2 - https:\/\/yoast.com\/product\/yoast-seo-wordpress\/ -->\n<title>Venezuela aboga en la OPEP por una transici\u00f3n energ\u00e9tica equilibrada y libre de sanciones - MinHidrocarburos<\/title>\n<meta name=\"robots\" content=\"index, follow, max-snippet:-1, max-image-preview:large, max-video-preview:-1\" \/>\n<link rel=\"canonical\" href=\"http:\/\/www.minhidrocarburos.gob.ve\/index.php\/2025\/07\/09\/venezuela-aboga-en-la-opep-por-una-transicion-energetica-equilibrada-y-libre-de-sanciones\/\" \/>\n<meta property=\"og:locale\" content=\"es_ES\" \/>\n<meta property=\"og:type\" content=\"article\" \/>\n<meta property=\"og:title\" content=\"Venezuela aboga en la OPEP por una transici\u00f3n energ\u00e9tica equilibrada y libre de sanciones - MinHidrocarburos\" \/>\n<meta property=\"og:description\" content=\"Caracas, 9 de julio de 2025.- Durante su visita a Viena por el 9\u00b0 Seminario Internacional de la OPEP, la ministra Delcy Rodr\u00edguez en entrevista con Telesur, enfatiz\u00f3 la importancia del equilibrio energ\u00e9tico global y de recursos para poder impulsar el trilema energ\u00e9tico, que implica garantizar el suministro de energ\u00eda, su accesibilidad para los pueblos&hellip;&nbsp;Leer m\u00e1s &raquo;Venezuela aboga en la OPEP por una transici\u00f3n energ\u00e9tica equilibrada y libre de sanciones\" \/>\n<meta property=\"og:url\" content=\"http:\/\/www.minhidrocarburos.gob.ve\/index.php\/2025\/07\/09\/venezuela-aboga-en-la-opep-por-una-transicion-energetica-equilibrada-y-libre-de-sanciones\/\" \/>\n<meta property=\"og:site_name\" content=\"MinHidrocarburos\" \/>\n<meta property=\"article:published_time\" content=\"2025-07-09T19:30:42+00:00\" \/>\n<meta property=\"article:modified_time\" content=\"2025-07-10T15:24:19+00:00\" \/>\n<meta property=\"og:image\" content=\"http:\/\/www.minhidrocarburos.gob.ve\/wp-content\/uploads\/2025\/07\/Imagen-de-WhatsApp-2025-07-10-a-las-11.22.06_86ecc3db.jpg\" \/>\n\t<meta property=\"og:image:width\" content=\"1080\" \/>\n\t<meta property=\"og:image:height\" content=\"864\" \/>\n\t<meta property=\"og:image:type\" content=\"image\/jpeg\" \/>\n<meta name=\"author\" content=\"Alejandro Mendoza\" \/>\n<meta name=\"twitter:card\" content=\"summary_large_image\" \/>\n<meta name=\"twitter:label1\" content=\"Escrito por\" \/>\n\t<meta name=\"twitter:data1\" content=\"Alejandro Mendoza\" \/>\n\t<meta name=\"twitter:label2\" content=\"Tiempo de lectura\" \/>\n\t<meta name=\"twitter:data2\" content=\"3 minutos\" \/>\n<script type=\"application\/ld+json\" class=\"yoast-schema-graph\">{\"@context\":\"https:\/\/schema.org\",\"@graph\":[{\"@type\":\"Article\",\"@id\":\"http:\/\/www.minhidrocarburos.gob.ve\/index.php\/2025\/07\/09\/venezuela-aboga-en-la-opep-por-una-transicion-energetica-equilibrada-y-libre-de-sanciones\/#article\",\"isPartOf\":{\"@id\":\"http:\/\/www.minhidrocarburos.gob.ve\/index.php\/2025\/07\/09\/venezuela-aboga-en-la-opep-por-una-transicion-energetica-equilibrada-y-libre-de-sanciones\/\"},\"author\":{\"name\":\"Alejandro Mendoza\",\"@id\":\"http:\/\/www.minhidrocarburos.gob.ve\/#\/schema\/person\/05dcf91a97e31d879f431d1f45dd729a\"},\"headline\":\"Venezuela aboga en la OPEP por una transici\u00f3n energ\u00e9tica equilibrada y libre de sanciones\",\"datePublished\":\"2025-07-09T19:30:42+00:00\",\"dateModified\":\"2025-07-10T15:24:19+00:00\",\"mainEntityOfPage\":{\"@id\":\"http:\/\/www.minhidrocarburos.gob.ve\/index.php\/2025\/07\/09\/venezuela-aboga-en-la-opep-por-una-transicion-energetica-equilibrada-y-libre-de-sanciones\/\"},\"wordCount\":446,\"publisher\":{\"@id\":\"http:\/\/www.minhidrocarburos.gob.ve\/#organization\"},\"image\":{\"@id\":\"http:\/\/www.minhidrocarburos.gob.ve\/index.php\/2025\/07\/09\/venezuela-aboga-en-la-opep-por-una-transicion-energetica-equilibrada-y-libre-de-sanciones\/#primaryimage\"},\"thumbnailUrl\":\"http:\/\/www.minhidrocarburos.gob.ve\/wp-content\/uploads\/2025\/07\/Imagen-de-WhatsApp-2025-07-10-a-las-11.22.06_86ecc3db.jpg\",\"articleSection\":[\"Noticias 2025\",\"Noticias_Slider_24\",\"Noticias_Slider_25\"],\"inLanguage\":\"es\"},{\"@type\":\"WebPage\",\"@id\":\"http:\/\/www.minhidrocarburos.gob.ve\/index.php\/2025\/07\/09\/venezuela-aboga-en-la-opep-por-una-transicion-energetica-equilibrada-y-libre-de-sanciones\/\",\"url\":\"http:\/\/www.minhidrocarburos.gob.ve\/index.php\/2025\/07\/09\/venezuela-aboga-en-la-opep-por-una-transicion-energetica-equilibrada-y-libre-de-sanciones\/\",\"name\":\"Venezuela aboga en la OPEP por una transici\u00f3n energ\u00e9tica equilibrada y libre de sanciones - MinHidrocarburos\",\"isPartOf\":{\"@id\":\"http:\/\/www.minhidrocarburos.gob.ve\/#website\"},\"primaryImageOfPage\":{\"@id\":\"http:\/\/www.minhidrocarburos.gob.ve\/index.php\/2025\/07\/09\/venezuela-aboga-en-la-opep-por-una-transicion-energetica-equilibrada-y-libre-de-sanciones\/#primaryimage\"},\"image\":{\"@id\":\"http:\/\/www.minhidrocarburos.gob.ve\/index.php\/2025\/07\/09\/venezuela-aboga-en-la-opep-por-una-transicion-energetica-equilibrada-y-libre-de-sanciones\/#primaryimage\"},\"thumbnailUrl\":\"http:\/\/www.minhidrocarburos.gob.ve\/wp-content\/uploads\/2025\/07\/Imagen-de-WhatsApp-2025-07-10-a-las-11.22.06_86ecc3db.jpg\",\"datePublished\":\"2025-07-09T19:30:42+00:00\",\"dateModified\":\"2025-07-10T15:24:19+00:00\",\"inLanguage\":\"es\",\"potentialAction\":[{\"@type\":\"ReadAction\",\"target\":[\"http:\/\/www.minhidrocarburos.gob.ve\/index.php\/2025\/07\/09\/venezuela-aboga-en-la-opep-por-una-transicion-energetica-equilibrada-y-libre-de-sanciones\/\"]}]},{\"@type\":\"ImageObject\",\"inLanguage\":\"es\",\"@id\":\"http:\/\/www.minhidrocarburos.gob.ve\/index.php\/2025\/07\/09\/venezuela-aboga-en-la-opep-por-una-transicion-energetica-equilibrada-y-libre-de-sanciones\/#primaryimage\",\"url\":\"http:\/\/www.minhidrocarburos.gob.ve\/wp-content\/uploads\/2025\/07\/Imagen-de-WhatsApp-2025-07-10-a-las-11.22.06_86ecc3db.jpg\",\"contentUrl\":\"http:\/\/www.minhidrocarburos.gob.ve\/wp-content\/uploads\/2025\/07\/Imagen-de-WhatsApp-2025-07-10-a-las-11.22.06_86ecc3db.jpg\",\"width\":1080,\"height\":864},{\"@type\":\"WebSite\",\"@id\":\"http:\/\/www.minhidrocarburos.gob.ve\/#website\",\"url\":\"http:\/\/www.minhidrocarburos.gob.ve\/\",\"name\":\"Minhidrocarburos\",\"description\":\"Regulaci\u00f3n, formulaci\u00f3n y seguimiento de pol\u00edticas; la planificaci\u00f3n, realizaci\u00f3n y fiscalizaci\u00f3n en materia de hidrocarburos\",\"publisher\":{\"@id\":\"http:\/\/www.minhidrocarburos.gob.ve\/#organization\"},\"potentialAction\":[{\"@type\":\"SearchAction\",\"target\":{\"@type\":\"EntryPoint\",\"urlTemplate\":\"http:\/\/www.minhidrocarburos.gob.ve\/?s={search_term_string}\"},\"query-input\":{\"@type\":\"PropertyValueSpecification\",\"valueRequired\":true,\"valueName\":\"search_term_string\"}}],\"inLanguage\":\"es\"},{\"@type\":\"Organization\",\"@id\":\"http:\/\/www.minhidrocarburos.gob.ve\/#organization\",\"name\":\"Ministerio del Poder Popular de Hidrocarburos\",\"url\":\"http:\/\/www.minhidrocarburos.gob.ve\/\",\"logo\":{\"@type\":\"ImageObject\",\"inLanguage\":\"es\",\"@id\":\"http:\/\/www.minhidrocarburos.gob.ve\/#\/schema\/logo\/image\/\",\"url\":\"http:\/\/www.minhidrocarburos.gob.ve\/wp-content\/uploads\/2024\/12\/Ministerio_de_Hidrocarburos.png\",\"contentUrl\":\"http:\/\/www.minhidrocarburos.gob.ve\/wp-content\/uploads\/2024\/12\/Ministerio_de_Hidrocarburos.png\",\"width\":2320,\"height\":324,\"caption\":\"Ministerio del Poder Popular de Hidrocarburos\"},\"image\":{\"@id\":\"http:\/\/www.minhidrocarburos.gob.ve\/#\/schema\/logo\/image\/\"}},{\"@type\":\"Person\",\"@id\":\"http:\/\/www.minhidrocarburos.gob.ve\/#\/schema\/person\/05dcf91a97e31d879f431d1f45dd729a\",\"name\":\"Alejandro Mendoza\",\"image\":{\"@type\":\"ImageObject\",\"inLanguage\":\"es\",\"@id\":\"https:\/\/secure.gravatar.com\/avatar\/135eff945fb2cbd75c6f3ee930c6c79f5c4a13a074e191bd95d0f9a31f5cc775?s=96&d=mm&r=g\",\"url\":\"https:\/\/secure.gravatar.com\/avatar\/135eff945fb2cbd75c6f3ee930c6c79f5c4a13a074e191bd95d0f9a31f5cc775?s=96&d=mm&r=g\",\"contentUrl\":\"https:\/\/secure.gravatar.com\/avatar\/135eff945fb2cbd75c6f3ee930c6c79f5c4a13a074e191bd95d0f9a31f5cc775?s=96&d=mm&r=g\",\"caption\":\"Alejandro Mendoza\"},\"url\":\"http:\/\/www.minhidrocarburos.gob.ve\/index.php\/author\/agmendoza\/\"}]}<\/script>\n<!-- \/ Yoast SEO plugin. -->","yoast_head_json":{"title":"Venezuela aboga en la OPEP por una transici\u00f3n energ\u00e9tica equilibrada y libre de sanciones - MinHidrocarburos","robots":{"index":"index","follow":"follow","max-snippet":"max-snippet:-1","max-image-preview":"max-image-preview:large","max-video-preview":"max-video-preview:-1"},"canonical":"http:\/\/www.minhidrocarburos.gob.ve\/index.php\/2025\/07\/09\/venezuela-aboga-en-la-opep-por-una-transicion-energetica-equilibrada-y-libre-de-sanciones\/","og_locale":"es_ES","og_type":"article","og_title":"Venezuela aboga en la OPEP por una transici\u00f3n energ\u00e9tica equilibrada y libre de sanciones - MinHidrocarburos","og_description":"Caracas, 9 de julio de 2025.- Durante su visita a Viena por el 9\u00b0 Seminario Internacional de la OPEP, la ministra Delcy Rodr\u00edguez en entrevista con Telesur, enfatiz\u00f3 la importancia del equilibrio energ\u00e9tico global y de recursos para poder impulsar el trilema energ\u00e9tico, que implica garantizar el suministro de energ\u00eda, su accesibilidad para los pueblos&hellip;&nbsp;Leer m\u00e1s &raquo;Venezuela aboga en la OPEP por una transici\u00f3n energ\u00e9tica equilibrada y libre de sanciones","og_url":"http:\/\/www.minhidrocarburos.gob.ve\/index.php\/2025\/07\/09\/venezuela-aboga-en-la-opep-por-una-transicion-energetica-equilibrada-y-libre-de-sanciones\/","og_site_name":"MinHidrocarburos","article_published_time":"2025-07-09T19:30:42+00:00","article_modified_time":"2025-07-10T15:24:19+00:00","og_image":[{"width":1080,"height":864,"url":"http:\/\/www.minhidrocarburos.gob.ve\/wp-content\/uploads\/2025\/07\/Imagen-de-WhatsApp-2025-07-10-a-las-11.22.06_86ecc3db.jpg","type":"image\/jpeg"}],"author":"Alejandro Mendoza","twitter_card":"summary_large_image","twitter_misc":{"Escrito por":"Alejandro Mendoza","Tiempo de lectura":"3 minutos"},"schema":{"@context":"https:\/\/schema.org","@graph":[{"@type":"Article","@id":"http:\/\/www.minhidrocarburos.gob.ve\/index.php\/2025\/07\/09\/venezuela-aboga-en-la-opep-por-una-transicion-energetica-equilibrada-y-libre-de-sanciones\/#article","isPartOf":{"@id":"http:\/\/www.minhidrocarburos.gob.ve\/index.php\/2025\/07\/09\/venezuela-aboga-en-la-opep-por-una-transicion-energetica-equilibrada-y-libre-de-sanciones\/"},"author":{"name":"Alejandro Mendoza","@id":"http:\/\/www.minhidrocarburos.gob.ve\/#\/schema\/person\/05dcf91a97e31d879f431d1f45dd729a"},"headline":"Venezuela aboga en la OPEP por una transici\u00f3n energ\u00e9tica equilibrada y libre de sanciones","datePublished":"2025-07-09T19:30:42+00:00","dateModified":"2025-07-10T15:24:19+00:00","mainEntityOfPage":{"@id":"http:\/\/www.minhidrocarburos.gob.ve\/index.php\/2025\/07\/09\/venezuela-aboga-en-la-opep-por-una-transicion-energetica-equilibrada-y-libre-de-sanciones\/"},"wordCount":446,"publisher":{"@id":"http:\/\/www.minhidrocarburos.gob.ve\/#organization"},"image":{"@id":"http:\/\/www.minhidrocarburos.gob.ve\/index.php\/2025\/07\/09\/venezuela-aboga-en-la-opep-por-una-transicion-energetica-equilibrada-y-libre-de-sanciones\/#primaryimage"},"thumbnailUrl":"http:\/\/www.minhidrocarburos.gob.ve\/wp-content\/uploads\/2025\/07\/Imagen-de-WhatsApp-2025-07-10-a-las-11.22.06_86ecc3db.jpg","articleSection":["Noticias 2025","Noticias_Slider_24","Noticias_Slider_25"],"inLanguage":"es"},{"@type":"WebPage","@id":"http:\/\/www.minhidrocarburos.gob.ve\/index.php\/2025\/07\/09\/venezuela-aboga-en-la-opep-por-una-transicion-energetica-equilibrada-y-libre-de-sanciones\/","url":"http:\/\/www.minhidrocarburos.gob.ve\/index.php\/2025\/07\/09\/venezuela-aboga-en-la-opep-por-una-transicion-energetica-equilibrada-y-libre-de-sanciones\/","name":"Venezuela aboga en la OPEP por una transici\u00f3n energ\u00e9tica equilibrada y libre de sanciones - MinHidrocarburos","isPartOf":{"@id":"http:\/\/www.minhidrocarburos.gob.ve\/#website"},"primaryImageOfPage":{"@id":"http:\/\/www.minhidrocarburos.gob.ve\/index.php\/2025\/07\/09\/venezuela-aboga-en-la-opep-por-una-transicion-energetica-equilibrada-y-libre-de-sanciones\/#primaryimage"},"image":{"@id":"http:\/\/www.minhidrocarburos.gob.ve\/index.php\/2025\/07\/09\/venezuela-aboga-en-la-opep-por-una-transicion-energetica-equilibrada-y-libre-de-sanciones\/#primaryimage"},"thumbnailUrl":"http:\/\/www.minhidrocarburos.gob.ve\/wp-content\/uploads\/2025\/07\/Imagen-de-WhatsApp-2025-07-10-a-las-11.22.06_86ecc3db.jpg","datePublished":"2025-07-09T19:30:42+00:00","dateModified":"2025-07-10T15:24:19+00:00","inLanguage":"es","potentialAction":[{"@type":"ReadAction","target":["http:\/\/www.minhidrocarburos.gob.ve\/index.php\/2025\/07\/09\/venezuela-aboga-en-la-opep-por-una-transicion-energetica-equilibrada-y-libre-de-sanciones\/"]}]},{"@type":"ImageObject","inLanguage":"es","@id":"http:\/\/www.minhidrocarburos.gob.ve\/index.php\/2025\/07\/09\/venezuela-aboga-en-la-opep-por-una-transicion-energetica-equilibrada-y-libre-de-sanciones\/#primaryimage","url":"http:\/\/www.minhidrocarburos.gob.ve\/wp-content\/uploads\/2025\/07\/Imagen-de-WhatsApp-2025-07-10-a-las-11.22.06_86ecc3db.jpg","contentUrl":"http:\/\/www.minhidrocarburos.gob.ve\/wp-content\/uploads\/2025\/07\/Imagen-de-WhatsApp-2025-07-10-a-las-11.22.06_86ecc3db.jpg","width":1080,"height":864},{"@type":"WebSite","@id":"http:\/\/www.minhidrocarburos.gob.ve\/#website","url":"http:\/\/www.minhidrocarburos.gob.ve\/","name":"Minhidrocarburos","description":"Regulaci\u00f3n, formulaci\u00f3n y seguimiento de pol\u00edticas; la planificaci\u00f3n, realizaci\u00f3n y fiscalizaci\u00f3n en materia de hidrocarburos","publisher":{"@id":"http:\/\/www.minhidrocarburos.gob.ve\/#organization"},"potentialAction":[{"@type":"SearchAction","target":{"@type":"EntryPoint","urlTemplate":"http:\/\/www.minhidrocarburos.gob.ve\/?s={search_term_string}"},"query-input":{"@type":"PropertyValueSpecification","valueRequired":true,"valueName":"search_term_string"}}],"inLanguage":"es"},{"@type":"Organization","@id":"http:\/\/www.minhidrocarburos.gob.ve\/#organization","name":"Ministerio del Poder Popular de Hidrocarburos","url":"http:\/\/www.minhidrocarburos.gob.ve\/","logo":{"@type":"ImageObject","inLanguage":"es","@id":"http:\/\/www.minhidrocarburos.gob.ve\/#\/schema\/logo\/image\/","url":"http:\/\/www.minhidrocarburos.gob.ve\/wp-content\/uploads\/2024\/12\/Ministerio_de_Hidrocarburos.png","contentUrl":"http:\/\/www.minhidrocarburos.gob.ve\/wp-content\/uploads\/2024\/12\/Ministerio_de_Hidrocarburos.png","width":2320,"height":324,"caption":"Ministerio del Poder Popular de Hidrocarburos"},"image":{"@id":"http:\/\/www.minhidrocarburos.gob.ve\/#\/schema\/logo\/image\/"}},{"@type":"Person","@id":"http:\/\/www.minhidrocarburos.gob.ve\/#\/schema\/person\/05dcf91a97e31d879f431d1f45dd729a","name":"Alejandro Mendoza","image":{"@type":"ImageObject","inLanguage":"es","@id":"https:\/\/secure.gravatar.com\/avatar\/135eff945fb2cbd75c6f3ee930c6c79f5c4a13a074e191bd95d0f9a31f5cc775?s=96&d=mm&r=g","url":"https:\/\/secure.gravatar.com\/avatar\/135eff945fb2cbd75c6f3ee930c6c79f5c4a13a074e191bd95d0f9a31f5cc775?s=96&d=mm&r=g","contentUrl":"https:\/\/secure.gravatar.com\/avatar\/135eff945fb2cbd75c6f3ee930c6c79f5c4a13a074e191bd95d0f9a31f5cc775?s=96&d=mm&r=g","caption":"Alejandro Mendoza"},"url":"http:\/\/www.minhidrocarburos.gob.ve\/index.php\/author\/agmendoza\/"}]}},"_links":{"self":[{"href":"http:\/\/www.minhidrocarburos.gob.ve\/index.php\/wp-json\/wp\/v2\/posts\/4376","targetHints":{"allow":["GET"]}}],"collection":[{"href":"http:\/\/www.minhidrocarburos.gob.ve\/index.php\/wp-json\/wp\/v2\/posts"}],"about":[{"href":"http:\/\/www.minhidrocarburos.gob.ve\/index.php\/wp-json\/wp\/v2\/types\/post"}],"author":[{"embeddable":true,"href":"http:\/\/www.minhidrocarburos.gob.ve\/index.php\/wp-json\/wp\/v2\/users\/8"}],"replies":[{"embeddable":true,"href":"http:\/\/www.minhidrocarburos.gob.ve\/index.php\/wp-json\/wp\/v2\/comments?post=4376"}],"version-history":[{"count":3,"href":"http:\/\/www.minhidrocarburos.gob.ve\/index.php\/wp-json\/wp\/v2\/posts\/4376\/revisions"}],"predecessor-version":[{"id":4422,"href":"http:\/\/www.minhidrocarburos.gob.ve\/index.php\/wp-json\/wp\/v2\/posts\/4376\/revisions\/4422"}],"wp:featuredmedia":[{"embeddable":true,"href":"http:\/\/www.minhidrocarburos.gob.ve\/index.php\/wp-json\/wp\/v2\/media\/4421"}],"wp:attachment":[{"href":"http:\/\/www.minhidrocarburos.gob.ve\/index.php\/wp-json\/wp\/v2\/media?parent=4376"}],"wp:term":[{"taxonomy":"category","embeddable":true,"href":"http:\/\/www.minhidrocarburos.gob.ve\/index.php\/wp-json\/wp\/v2\/categories?post=4376"},{"taxonomy":"post_tag","embeddable":true,"href":"http:\/\/www.minhidrocarburos.gob.ve\/index.php\/wp-json\/wp\/v2\/tags?post=4376"}],"curies":[{"name":"wp","href":"https:\/\/api.w.org\/{rel}","templated":true}]}}