

{"id":4398,"date":"2025-07-09T21:38:43","date_gmt":"2025-07-10T01:38:43","guid":{"rendered":"http:\/\/www.minhidrocarburos.gob.ve\/?p=4398"},"modified":"2025-07-09T21:45:48","modified_gmt":"2025-07-10T01:45:48","slug":"ministra-rodriguez-se-reunio-con-el-secretario-general-de-la-opep-haitham-al-ghais-para-fortalecer-cooperacion-energetica","status":"publish","type":"post","link":"http:\/\/www.minhidrocarburos.gob.ve\/index.php\/2025\/07\/09\/ministra-rodriguez-se-reunio-con-el-secretario-general-de-la-opep-haitham-al-ghais-para-fortalecer-cooperacion-energetica\/","title":{"rendered":"Ministra Rodr\u00edguez se reuni\u00f3 con el Secretario General de la OPEP, Haitham Al Ghais para fortalecer cooperaci\u00f3n energ\u00e9tica."},"content":{"rendered":"\n<p><strong>Caracas, 09 de julio de 2025.-<\/strong> A prop\u00f3sito de la celebraci\u00f3n del 9\u00b0 Seminario Internacional de la OPEP, la ministra del Poder Popular de Hidrocarburos, Delcy Rodr\u00edguez sostuvo un encuentro con el Secretario General de la Organizaci\u00f3n, Haitham Al Ghais, en aras de fortalecer la cooperaci\u00f3n energ\u00e9tica para garantizar el equilibrio del mercado internacional.<\/p>\n\n\n\n<p><br>Al respecto, Rodr\u00edguez se\u00f1al\u00f3 en sus redes sociales: \u201csostuvimos un cordial encuentro con el Secretario General de la Opep, Haitham Al Ghais, a quien transmitimos el saludo del Pdte. @Nicol\u00e1sMaduroMoros en reconocimiento por la organizaci\u00f3n del 9\u00b0 Seminario Internacional #OPEP\u201d.<br>Al mismo tiempo la m\u00e1xima representante de Hidrocarburos de Venezuela reafirm\u00f3 la voluntad de seguir fortaleciendo la cooperaci\u00f3n por un mercado energ\u00e9tico equilibrado y sostenible.<\/p>\n\n\n<div class=\"wp-block-image\">\n<figure class=\"aligncenter size-large\"><img loading=\"lazy\" decoding=\"async\" width=\"1024\" height=\"683\" src=\"http:\/\/www.minhidrocarburos.gob.ve\/wp-content\/uploads\/2025\/07\/Con-Secretario-de-la-OPEP-saludando-1-1024x683.jpg\" alt=\"\" class=\"wp-image-4402\" srcset=\"http:\/\/www.minhidrocarburos.gob.ve\/wp-content\/uploads\/2025\/07\/Con-Secretario-de-la-OPEP-saludando-1-1024x683.jpg 1024w, http:\/\/www.minhidrocarburos.gob.ve\/wp-content\/uploads\/2025\/07\/Con-Secretario-de-la-OPEP-saludando-1-300x200.jpg 300w, http:\/\/www.minhidrocarburos.gob.ve\/wp-content\/uploads\/2025\/07\/Con-Secretario-de-la-OPEP-saludando-1-768x512.jpg 768w, http:\/\/www.minhidrocarburos.gob.ve\/wp-content\/uploads\/2025\/07\/Con-Secretario-de-la-OPEP-saludando-1-1536x1024.jpg 1536w, http:\/\/www.minhidrocarburos.gob.ve\/wp-content\/uploads\/2025\/07\/Con-Secretario-de-la-OPEP-saludando-1-2048x1366.jpg 2048w, http:\/\/www.minhidrocarburos.gob.ve\/wp-content\/uploads\/2025\/07\/Con-Secretario-de-la-OPEP-saludando-1-930x620.jpg 930w\" sizes=\"auto, (max-width: 1024px) 100vw, 1024px\" \/><\/figure>\n<\/div>\n\n\n<p><br><strong>Encuentro con el Secretario General de los Pa\u00edses Exportadores de Gas<\/strong><\/p>\n\n\n\n<p>El evento que se desarrolla en la ciudad de Viena, capital de Austria, sirvi\u00f3 tambi\u00e9n para que la representante del sector energ\u00e9tico venezolano, Delcy Rodr\u00edguez, sostuviera un importante encuentro con el Secretario General del Foro de Pa\u00edses Exportadores de Gas, excelent\u00edsimo se\u00f1or Mohamed Hamel, junto a quien discuti\u00f3 las estrategias y planes conjuntos en el \u00e1mbito energ\u00e9tico con el fin de seguir consolidando un mundo multipolar, desde la unidad entre los pa\u00edses miembros del foro. Adicionalmente, conversaron sobre los desaf\u00edos actuales que enfrenta el sector gas\u00edfero.<\/p>\n\n\n\n<p><br>Cabe resaltar que Venezuela es uno de los pa\u00edses con mayores reservas de gas y en la actualidad se prepara para abrirse camino en la exportaci\u00f3n de este recurso natural para el desarrollo de los pueblos.<\/p>\n\n\n<div class=\"wp-block-image\">\n<figure class=\"aligncenter size-large\"><img loading=\"lazy\" decoding=\"async\" width=\"1024\" height=\"683\" src=\"http:\/\/www.minhidrocarburos.gob.ve\/wp-content\/uploads\/2025\/07\/Reunion-bilateral-Gas-1-1024x683.jpg\" alt=\"\" class=\"wp-image-4406\" srcset=\"http:\/\/www.minhidrocarburos.gob.ve\/wp-content\/uploads\/2025\/07\/Reunion-bilateral-Gas-1-1024x683.jpg 1024w, http:\/\/www.minhidrocarburos.gob.ve\/wp-content\/uploads\/2025\/07\/Reunion-bilateral-Gas-1-300x200.jpg 300w, http:\/\/www.minhidrocarburos.gob.ve\/wp-content\/uploads\/2025\/07\/Reunion-bilateral-Gas-1-768x512.jpg 768w, http:\/\/www.minhidrocarburos.gob.ve\/wp-content\/uploads\/2025\/07\/Reunion-bilateral-Gas-1-1536x1024.jpg 1536w, http:\/\/www.minhidrocarburos.gob.ve\/wp-content\/uploads\/2025\/07\/Reunion-bilateral-Gas-1-2048x1366.jpg 2048w, http:\/\/www.minhidrocarburos.gob.ve\/wp-content\/uploads\/2025\/07\/Reunion-bilateral-Gas-1-930x620.jpg 930w\" sizes=\"auto, (max-width: 1024px) 100vw, 1024px\" \/><\/figure>\n<\/div>\n\n<div class=\"wp-block-image\">\n<figure class=\"aligncenter size-large\"><img loading=\"lazy\" decoding=\"async\" width=\"1024\" height=\"683\" src=\"http:\/\/www.minhidrocarburos.gob.ve\/wp-content\/uploads\/2025\/07\/Con-secretario-de-Gas-1-1024x683.jpg\" alt=\"\" class=\"wp-image-4403\" srcset=\"http:\/\/www.minhidrocarburos.gob.ve\/wp-content\/uploads\/2025\/07\/Con-secretario-de-Gas-1-1024x683.jpg 1024w, http:\/\/www.minhidrocarburos.gob.ve\/wp-content\/uploads\/2025\/07\/Con-secretario-de-Gas-1-300x200.jpg 300w, http:\/\/www.minhidrocarburos.gob.ve\/wp-content\/uploads\/2025\/07\/Con-secretario-de-Gas-1-768x512.jpg 768w, http:\/\/www.minhidrocarburos.gob.ve\/wp-content\/uploads\/2025\/07\/Con-secretario-de-Gas-1-1536x1024.jpg 1536w, http:\/\/www.minhidrocarburos.gob.ve\/wp-content\/uploads\/2025\/07\/Con-secretario-de-Gas-1-2048x1365.jpg 2048w, http:\/\/www.minhidrocarburos.gob.ve\/wp-content\/uploads\/2025\/07\/Con-secretario-de-Gas-1-930x620.jpg 930w\" sizes=\"auto, (max-width: 1024px) 100vw, 1024px\" \/><\/figure>\n<\/div>","protected":false},"excerpt":{"rendered":"<p>Caracas, 09 de julio de 2025.- A prop\u00f3sito de la celebraci\u00f3n del 9\u00b0 Seminario Internacional de la OPEP, la ministra del Poder Popular de Hidrocarburos, Delcy Rodr\u00edguez sostuvo un encuentro con el Secretario General de la Organizaci\u00f3n, Haitham Al Ghais, en aras de fortalecer la cooperaci\u00f3n energ\u00e9tica para garantizar el equilibrio del mercado internacional. Al&hellip;&nbsp;<a href=\"http:\/\/www.minhidrocarburos.gob.ve\/index.php\/2025\/07\/09\/ministra-rodriguez-se-reunio-con-el-secretario-general-de-la-opep-haitham-al-ghais-para-fortalecer-cooperacion-energetica\/\" rel=\"bookmark\">Leer m\u00e1s &raquo;<span class=\"screen-reader-text\">Ministra Rodr\u00edguez se reuni\u00f3 con el Secretario General de la OPEP, Haitham Al Ghais para fortalecer cooperaci\u00f3n energ\u00e9tica.<\/span><\/a><\/p>\n","protected":false},"author":7,"featured_media":4400,"comment_status":"closed","ping_status":"closed","sticky":false,"template":"","format":"standard","meta":{"_editorskit_title_hidden":false,"_editorskit_reading_time":0,"_editorskit_is_block_options_detached":false,"_editorskit_block_options_position":"{}","neve_meta_sidebar":"","neve_meta_container":"","neve_meta_enable_content_width":"","neve_meta_content_width":0,"neve_meta_title_alignment":"","neve_meta_author_avatar":"","neve_post_elements_order":"","neve_meta_disable_header":"","neve_meta_disable_footer":"","neve_meta_disable_title":"","footnotes":""},"categories":[122,128],"tags":[],"class_list":["post-4398","post","type-post","status-publish","format-standard","has-post-thumbnail","hentry","category-noticias_slider_24","category-noticias_slider_25"],"yoast_head":"<!-- This site is optimized with the Yoast SEO plugin v27.2 - https:\/\/yoast.com\/product\/yoast-seo-wordpress\/ -->\n<title>Ministra Rodr\u00edguez se reuni\u00f3 con el Secretario General de la OPEP, Haitham Al Ghais para fortalecer cooperaci\u00f3n energ\u00e9tica. - MinHidrocarburos<\/title>\n<meta name=\"robots\" content=\"index, follow, max-snippet:-1, max-image-preview:large, max-video-preview:-1\" \/>\n<link rel=\"canonical\" href=\"http:\/\/www.minhidrocarburos.gob.ve\/index.php\/2025\/07\/09\/ministra-rodriguez-se-reunio-con-el-secretario-general-de-la-opep-haitham-al-ghais-para-fortalecer-cooperacion-energetica\/\" \/>\n<meta property=\"og:locale\" content=\"es_ES\" \/>\n<meta property=\"og:type\" content=\"article\" \/>\n<meta property=\"og:title\" content=\"Ministra Rodr\u00edguez se reuni\u00f3 con el Secretario General de la OPEP, Haitham Al Ghais para fortalecer cooperaci\u00f3n energ\u00e9tica. - MinHidrocarburos\" \/>\n<meta property=\"og:description\" content=\"Caracas, 09 de julio de 2025.- A prop\u00f3sito de la celebraci\u00f3n del 9\u00b0 Seminario Internacional de la OPEP, la ministra del Poder Popular de Hidrocarburos, Delcy Rodr\u00edguez sostuvo un encuentro con el Secretario General de la Organizaci\u00f3n, Haitham Al Ghais, en aras de fortalecer la cooperaci\u00f3n energ\u00e9tica para garantizar el equilibrio del mercado internacional. Al&hellip;&nbsp;Leer m\u00e1s &raquo;Ministra Rodr\u00edguez se reuni\u00f3 con el Secretario General de la OPEP, Haitham Al Ghais para fortalecer cooperaci\u00f3n energ\u00e9tica.\" \/>\n<meta property=\"og:url\" content=\"http:\/\/www.minhidrocarburos.gob.ve\/index.php\/2025\/07\/09\/ministra-rodriguez-se-reunio-con-el-secretario-general-de-la-opep-haitham-al-ghais-para-fortalecer-cooperacion-energetica\/\" \/>\n<meta property=\"og:site_name\" content=\"MinHidrocarburos\" \/>\n<meta property=\"article:published_time\" content=\"2025-07-10T01:38:43+00:00\" \/>\n<meta property=\"article:modified_time\" content=\"2025-07-10T01:45:48+00:00\" \/>\n<meta property=\"og:image\" content=\"http:\/\/www.minhidrocarburos.gob.ve\/wp-content\/uploads\/2025\/07\/Con-secretario-de-la-Opep-sentada-scaled.jpg\" \/>\n\t<meta property=\"og:image:width\" content=\"2560\" \/>\n\t<meta property=\"og:image:height\" content=\"1706\" \/>\n\t<meta property=\"og:image:type\" content=\"image\/jpeg\" \/>\n<meta name=\"author\" content=\"rubi guadelis\" \/>\n<meta name=\"twitter:card\" content=\"summary_large_image\" \/>\n<meta name=\"twitter:label1\" content=\"Escrito por\" \/>\n\t<meta name=\"twitter:data1\" content=\"rubi guadelis\" \/>\n\t<meta name=\"twitter:label2\" content=\"Tiempo de lectura\" \/>\n\t<meta name=\"twitter:data2\" content=\"2 minutos\" \/>\n<script type=\"application\/ld+json\" class=\"yoast-schema-graph\">{\"@context\":\"https:\/\/schema.org\",\"@graph\":[{\"@type\":\"Article\",\"@id\":\"http:\/\/www.minhidrocarburos.gob.ve\/index.php\/2025\/07\/09\/ministra-rodriguez-se-reunio-con-el-secretario-general-de-la-opep-haitham-al-ghais-para-fortalecer-cooperacion-energetica\/#article\",\"isPartOf\":{\"@id\":\"http:\/\/www.minhidrocarburos.gob.ve\/index.php\/2025\/07\/09\/ministra-rodriguez-se-reunio-con-el-secretario-general-de-la-opep-haitham-al-ghais-para-fortalecer-cooperacion-energetica\/\"},\"author\":{\"name\":\"rubi guadelis\",\"@id\":\"http:\/\/www.minhidrocarburos.gob.ve\/#\/schema\/person\/a775d309f37aa396b8f21cbc37789c8f\"},\"headline\":\"Ministra Rodr\u00edguez se reuni\u00f3 con el Secretario General de la OPEP, Haitham Al Ghais para fortalecer cooperaci\u00f3n energ\u00e9tica.\",\"datePublished\":\"2025-07-10T01:38:43+00:00\",\"dateModified\":\"2025-07-10T01:45:48+00:00\",\"mainEntityOfPage\":{\"@id\":\"http:\/\/www.minhidrocarburos.gob.ve\/index.php\/2025\/07\/09\/ministra-rodriguez-se-reunio-con-el-secretario-general-de-la-opep-haitham-al-ghais-para-fortalecer-cooperacion-energetica\/\"},\"wordCount\":296,\"publisher\":{\"@id\":\"http:\/\/www.minhidrocarburos.gob.ve\/#organization\"},\"image\":{\"@id\":\"http:\/\/www.minhidrocarburos.gob.ve\/index.php\/2025\/07\/09\/ministra-rodriguez-se-reunio-con-el-secretario-general-de-la-opep-haitham-al-ghais-para-fortalecer-cooperacion-energetica\/#primaryimage\"},\"thumbnailUrl\":\"http:\/\/www.minhidrocarburos.gob.ve\/wp-content\/uploads\/2025\/07\/Con-secretario-de-la-Opep-sentada-scaled.jpg\",\"articleSection\":[\"Noticias_Slider_24\",\"Noticias_Slider_25\"],\"inLanguage\":\"es\"},{\"@type\":\"WebPage\",\"@id\":\"http:\/\/www.minhidrocarburos.gob.ve\/index.php\/2025\/07\/09\/ministra-rodriguez-se-reunio-con-el-secretario-general-de-la-opep-haitham-al-ghais-para-fortalecer-cooperacion-energetica\/\",\"url\":\"http:\/\/www.minhidrocarburos.gob.ve\/index.php\/2025\/07\/09\/ministra-rodriguez-se-reunio-con-el-secretario-general-de-la-opep-haitham-al-ghais-para-fortalecer-cooperacion-energetica\/\",\"name\":\"Ministra Rodr\u00edguez se reuni\u00f3 con el Secretario General de la OPEP, Haitham Al Ghais para fortalecer cooperaci\u00f3n energ\u00e9tica. - MinHidrocarburos\",\"isPartOf\":{\"@id\":\"http:\/\/www.minhidrocarburos.gob.ve\/#website\"},\"primaryImageOfPage\":{\"@id\":\"http:\/\/www.minhidrocarburos.gob.ve\/index.php\/2025\/07\/09\/ministra-rodriguez-se-reunio-con-el-secretario-general-de-la-opep-haitham-al-ghais-para-fortalecer-cooperacion-energetica\/#primaryimage\"},\"image\":{\"@id\":\"http:\/\/www.minhidrocarburos.gob.ve\/index.php\/2025\/07\/09\/ministra-rodriguez-se-reunio-con-el-secretario-general-de-la-opep-haitham-al-ghais-para-fortalecer-cooperacion-energetica\/#primaryimage\"},\"thumbnailUrl\":\"http:\/\/www.minhidrocarburos.gob.ve\/wp-content\/uploads\/2025\/07\/Con-secretario-de-la-Opep-sentada-scaled.jpg\",\"datePublished\":\"2025-07-10T01:38:43+00:00\",\"dateModified\":\"2025-07-10T01:45:48+00:00\",\"inLanguage\":\"es\",\"potentialAction\":[{\"@type\":\"ReadAction\",\"target\":[\"http:\/\/www.minhidrocarburos.gob.ve\/index.php\/2025\/07\/09\/ministra-rodriguez-se-reunio-con-el-secretario-general-de-la-opep-haitham-al-ghais-para-fortalecer-cooperacion-energetica\/\"]}]},{\"@type\":\"ImageObject\",\"inLanguage\":\"es\",\"@id\":\"http:\/\/www.minhidrocarburos.gob.ve\/index.php\/2025\/07\/09\/ministra-rodriguez-se-reunio-con-el-secretario-general-de-la-opep-haitham-al-ghais-para-fortalecer-cooperacion-energetica\/#primaryimage\",\"url\":\"http:\/\/www.minhidrocarburos.gob.ve\/wp-content\/uploads\/2025\/07\/Con-secretario-de-la-Opep-sentada-scaled.jpg\",\"contentUrl\":\"http:\/\/www.minhidrocarburos.gob.ve\/wp-content\/uploads\/2025\/07\/Con-secretario-de-la-Opep-sentada-scaled.jpg\",\"width\":2560,\"height\":1706},{\"@type\":\"WebSite\",\"@id\":\"http:\/\/www.minhidrocarburos.gob.ve\/#website\",\"url\":\"http:\/\/www.minhidrocarburos.gob.ve\/\",\"name\":\"Minhidrocarburos\",\"description\":\"Regulaci\u00f3n, formulaci\u00f3n y seguimiento de pol\u00edticas; la planificaci\u00f3n, realizaci\u00f3n y fiscalizaci\u00f3n en materia de hidrocarburos\",\"publisher\":{\"@id\":\"http:\/\/www.minhidrocarburos.gob.ve\/#organization\"},\"potentialAction\":[{\"@type\":\"SearchAction\",\"target\":{\"@type\":\"EntryPoint\",\"urlTemplate\":\"http:\/\/www.minhidrocarburos.gob.ve\/?s={search_term_string}\"},\"query-input\":{\"@type\":\"PropertyValueSpecification\",\"valueRequired\":true,\"valueName\":\"search_term_string\"}}],\"inLanguage\":\"es\"},{\"@type\":\"Organization\",\"@id\":\"http:\/\/www.minhidrocarburos.gob.ve\/#organization\",\"name\":\"Ministerio del Poder Popular de Hidrocarburos\",\"url\":\"http:\/\/www.minhidrocarburos.gob.ve\/\",\"logo\":{\"@type\":\"ImageObject\",\"inLanguage\":\"es\",\"@id\":\"http:\/\/www.minhidrocarburos.gob.ve\/#\/schema\/logo\/image\/\",\"url\":\"http:\/\/www.minhidrocarburos.gob.ve\/wp-content\/uploads\/2024\/12\/Ministerio_de_Hidrocarburos.png\",\"contentUrl\":\"http:\/\/www.minhidrocarburos.gob.ve\/wp-content\/uploads\/2024\/12\/Ministerio_de_Hidrocarburos.png\",\"width\":2320,\"height\":324,\"caption\":\"Ministerio del Poder Popular de Hidrocarburos\"},\"image\":{\"@id\":\"http:\/\/www.minhidrocarburos.gob.ve\/#\/schema\/logo\/image\/\"}},{\"@type\":\"Person\",\"@id\":\"http:\/\/www.minhidrocarburos.gob.ve\/#\/schema\/person\/a775d309f37aa396b8f21cbc37789c8f\",\"name\":\"rubi guadelis\",\"image\":{\"@type\":\"ImageObject\",\"inLanguage\":\"es\",\"@id\":\"https:\/\/secure.gravatar.com\/avatar\/13b775ea21a000e6c50bf3d9bf85b3ea6c4931f4bc5b3860ee7803247c294517?s=96&d=mm&r=g\",\"url\":\"https:\/\/secure.gravatar.com\/avatar\/13b775ea21a000e6c50bf3d9bf85b3ea6c4931f4bc5b3860ee7803247c294517?s=96&d=mm&r=g\",\"contentUrl\":\"https:\/\/secure.gravatar.com\/avatar\/13b775ea21a000e6c50bf3d9bf85b3ea6c4931f4bc5b3860ee7803247c294517?s=96&d=mm&r=g\",\"caption\":\"rubi guadelis\"},\"url\":\"http:\/\/www.minhidrocarburos.gob.ve\/index.php\/author\/rguadelis\/\"}]}<\/script>\n<!-- \/ Yoast SEO plugin. -->","yoast_head_json":{"title":"Ministra Rodr\u00edguez se reuni\u00f3 con el Secretario General de la OPEP, Haitham Al Ghais para fortalecer cooperaci\u00f3n energ\u00e9tica. - MinHidrocarburos","robots":{"index":"index","follow":"follow","max-snippet":"max-snippet:-1","max-image-preview":"max-image-preview:large","max-video-preview":"max-video-preview:-1"},"canonical":"http:\/\/www.minhidrocarburos.gob.ve\/index.php\/2025\/07\/09\/ministra-rodriguez-se-reunio-con-el-secretario-general-de-la-opep-haitham-al-ghais-para-fortalecer-cooperacion-energetica\/","og_locale":"es_ES","og_type":"article","og_title":"Ministra Rodr\u00edguez se reuni\u00f3 con el Secretario General de la OPEP, Haitham Al Ghais para fortalecer cooperaci\u00f3n energ\u00e9tica. - MinHidrocarburos","og_description":"Caracas, 09 de julio de 2025.- A prop\u00f3sito de la celebraci\u00f3n del 9\u00b0 Seminario Internacional de la OPEP, la ministra del Poder Popular de Hidrocarburos, Delcy Rodr\u00edguez sostuvo un encuentro con el Secretario General de la Organizaci\u00f3n, Haitham Al Ghais, en aras de fortalecer la cooperaci\u00f3n energ\u00e9tica para garantizar el equilibrio del mercado internacional. Al&hellip;&nbsp;Leer m\u00e1s &raquo;Ministra Rodr\u00edguez se reuni\u00f3 con el Secretario General de la OPEP, Haitham Al Ghais para fortalecer cooperaci\u00f3n energ\u00e9tica.","og_url":"http:\/\/www.minhidrocarburos.gob.ve\/index.php\/2025\/07\/09\/ministra-rodriguez-se-reunio-con-el-secretario-general-de-la-opep-haitham-al-ghais-para-fortalecer-cooperacion-energetica\/","og_site_name":"MinHidrocarburos","article_published_time":"2025-07-10T01:38:43+00:00","article_modified_time":"2025-07-10T01:45:48+00:00","og_image":[{"width":2560,"height":1706,"url":"http:\/\/www.minhidrocarburos.gob.ve\/wp-content\/uploads\/2025\/07\/Con-secretario-de-la-Opep-sentada-scaled.jpg","type":"image\/jpeg"}],"author":"rubi guadelis","twitter_card":"summary_large_image","twitter_misc":{"Escrito por":"rubi guadelis","Tiempo de lectura":"2 minutos"},"schema":{"@context":"https:\/\/schema.org","@graph":[{"@type":"Article","@id":"http:\/\/www.minhidrocarburos.gob.ve\/index.php\/2025\/07\/09\/ministra-rodriguez-se-reunio-con-el-secretario-general-de-la-opep-haitham-al-ghais-para-fortalecer-cooperacion-energetica\/#article","isPartOf":{"@id":"http:\/\/www.minhidrocarburos.gob.ve\/index.php\/2025\/07\/09\/ministra-rodriguez-se-reunio-con-el-secretario-general-de-la-opep-haitham-al-ghais-para-fortalecer-cooperacion-energetica\/"},"author":{"name":"rubi guadelis","@id":"http:\/\/www.minhidrocarburos.gob.ve\/#\/schema\/person\/a775d309f37aa396b8f21cbc37789c8f"},"headline":"Ministra Rodr\u00edguez se reuni\u00f3 con el Secretario General de la OPEP, Haitham Al Ghais para fortalecer cooperaci\u00f3n energ\u00e9tica.","datePublished":"2025-07-10T01:38:43+00:00","dateModified":"2025-07-10T01:45:48+00:00","mainEntityOfPage":{"@id":"http:\/\/www.minhidrocarburos.gob.ve\/index.php\/2025\/07\/09\/ministra-rodriguez-se-reunio-con-el-secretario-general-de-la-opep-haitham-al-ghais-para-fortalecer-cooperacion-energetica\/"},"wordCount":296,"publisher":{"@id":"http:\/\/www.minhidrocarburos.gob.ve\/#organization"},"image":{"@id":"http:\/\/www.minhidrocarburos.gob.ve\/index.php\/2025\/07\/09\/ministra-rodriguez-se-reunio-con-el-secretario-general-de-la-opep-haitham-al-ghais-para-fortalecer-cooperacion-energetica\/#primaryimage"},"thumbnailUrl":"http:\/\/www.minhidrocarburos.gob.ve\/wp-content\/uploads\/2025\/07\/Con-secretario-de-la-Opep-sentada-scaled.jpg","articleSection":["Noticias_Slider_24","Noticias_Slider_25"],"inLanguage":"es"},{"@type":"WebPage","@id":"http:\/\/www.minhidrocarburos.gob.ve\/index.php\/2025\/07\/09\/ministra-rodriguez-se-reunio-con-el-secretario-general-de-la-opep-haitham-al-ghais-para-fortalecer-cooperacion-energetica\/","url":"http:\/\/www.minhidrocarburos.gob.ve\/index.php\/2025\/07\/09\/ministra-rodriguez-se-reunio-con-el-secretario-general-de-la-opep-haitham-al-ghais-para-fortalecer-cooperacion-energetica\/","name":"Ministra Rodr\u00edguez se reuni\u00f3 con el Secretario General de la OPEP, Haitham Al Ghais para fortalecer cooperaci\u00f3n energ\u00e9tica. - MinHidrocarburos","isPartOf":{"@id":"http:\/\/www.minhidrocarburos.gob.ve\/#website"},"primaryImageOfPage":{"@id":"http:\/\/www.minhidrocarburos.gob.ve\/index.php\/2025\/07\/09\/ministra-rodriguez-se-reunio-con-el-secretario-general-de-la-opep-haitham-al-ghais-para-fortalecer-cooperacion-energetica\/#primaryimage"},"image":{"@id":"http:\/\/www.minhidrocarburos.gob.ve\/index.php\/2025\/07\/09\/ministra-rodriguez-se-reunio-con-el-secretario-general-de-la-opep-haitham-al-ghais-para-fortalecer-cooperacion-energetica\/#primaryimage"},"thumbnailUrl":"http:\/\/www.minhidrocarburos.gob.ve\/wp-content\/uploads\/2025\/07\/Con-secretario-de-la-Opep-sentada-scaled.jpg","datePublished":"2025-07-10T01:38:43+00:00","dateModified":"2025-07-10T01:45:48+00:00","inLanguage":"es","potentialAction":[{"@type":"ReadAction","target":["http:\/\/www.minhidrocarburos.gob.ve\/index.php\/2025\/07\/09\/ministra-rodriguez-se-reunio-con-el-secretario-general-de-la-opep-haitham-al-ghais-para-fortalecer-cooperacion-energetica\/"]}]},{"@type":"ImageObject","inLanguage":"es","@id":"http:\/\/www.minhidrocarburos.gob.ve\/index.php\/2025\/07\/09\/ministra-rodriguez-se-reunio-con-el-secretario-general-de-la-opep-haitham-al-ghais-para-fortalecer-cooperacion-energetica\/#primaryimage","url":"http:\/\/www.minhidrocarburos.gob.ve\/wp-content\/uploads\/2025\/07\/Con-secretario-de-la-Opep-sentada-scaled.jpg","contentUrl":"http:\/\/www.minhidrocarburos.gob.ve\/wp-content\/uploads\/2025\/07\/Con-secretario-de-la-Opep-sentada-scaled.jpg","width":2560,"height":1706},{"@type":"WebSite","@id":"http:\/\/www.minhidrocarburos.gob.ve\/#website","url":"http:\/\/www.minhidrocarburos.gob.ve\/","name":"Minhidrocarburos","description":"Regulaci\u00f3n, formulaci\u00f3n y seguimiento de pol\u00edticas; la planificaci\u00f3n, realizaci\u00f3n y fiscalizaci\u00f3n en materia de hidrocarburos","publisher":{"@id":"http:\/\/www.minhidrocarburos.gob.ve\/#organization"},"potentialAction":[{"@type":"SearchAction","target":{"@type":"EntryPoint","urlTemplate":"http:\/\/www.minhidrocarburos.gob.ve\/?s={search_term_string}"},"query-input":{"@type":"PropertyValueSpecification","valueRequired":true,"valueName":"search_term_string"}}],"inLanguage":"es"},{"@type":"Organization","@id":"http:\/\/www.minhidrocarburos.gob.ve\/#organization","name":"Ministerio del Poder Popular de Hidrocarburos","url":"http:\/\/www.minhidrocarburos.gob.ve\/","logo":{"@type":"ImageObject","inLanguage":"es","@id":"http:\/\/www.minhidrocarburos.gob.ve\/#\/schema\/logo\/image\/","url":"http:\/\/www.minhidrocarburos.gob.ve\/wp-content\/uploads\/2024\/12\/Ministerio_de_Hidrocarburos.png","contentUrl":"http:\/\/www.minhidrocarburos.gob.ve\/wp-content\/uploads\/2024\/12\/Ministerio_de_Hidrocarburos.png","width":2320,"height":324,"caption":"Ministerio del Poder Popular de Hidrocarburos"},"image":{"@id":"http:\/\/www.minhidrocarburos.gob.ve\/#\/schema\/logo\/image\/"}},{"@type":"Person","@id":"http:\/\/www.minhidrocarburos.gob.ve\/#\/schema\/person\/a775d309f37aa396b8f21cbc37789c8f","name":"rubi guadelis","image":{"@type":"ImageObject","inLanguage":"es","@id":"https:\/\/secure.gravatar.com\/avatar\/13b775ea21a000e6c50bf3d9bf85b3ea6c4931f4bc5b3860ee7803247c294517?s=96&d=mm&r=g","url":"https:\/\/secure.gravatar.com\/avatar\/13b775ea21a000e6c50bf3d9bf85b3ea6c4931f4bc5b3860ee7803247c294517?s=96&d=mm&r=g","contentUrl":"https:\/\/secure.gravatar.com\/avatar\/13b775ea21a000e6c50bf3d9bf85b3ea6c4931f4bc5b3860ee7803247c294517?s=96&d=mm&r=g","caption":"rubi guadelis"},"url":"http:\/\/www.minhidrocarburos.gob.ve\/index.php\/author\/rguadelis\/"}]}},"_links":{"self":[{"href":"http:\/\/www.minhidrocarburos.gob.ve\/index.php\/wp-json\/wp\/v2\/posts\/4398","targetHints":{"allow":["GET"]}}],"collection":[{"href":"http:\/\/www.minhidrocarburos.gob.ve\/index.php\/wp-json\/wp\/v2\/posts"}],"about":[{"href":"http:\/\/www.minhidrocarburos.gob.ve\/index.php\/wp-json\/wp\/v2\/types\/post"}],"author":[{"embeddable":true,"href":"http:\/\/www.minhidrocarburos.gob.ve\/index.php\/wp-json\/wp\/v2\/users\/7"}],"replies":[{"embeddable":true,"href":"http:\/\/www.minhidrocarburos.gob.ve\/index.php\/wp-json\/wp\/v2\/comments?post=4398"}],"version-history":[{"count":2,"href":"http:\/\/www.minhidrocarburos.gob.ve\/index.php\/wp-json\/wp\/v2\/posts\/4398\/revisions"}],"predecessor-version":[{"id":4408,"href":"http:\/\/www.minhidrocarburos.gob.ve\/index.php\/wp-json\/wp\/v2\/posts\/4398\/revisions\/4408"}],"wp:featuredmedia":[{"embeddable":true,"href":"http:\/\/www.minhidrocarburos.gob.ve\/index.php\/wp-json\/wp\/v2\/media\/4400"}],"wp:attachment":[{"href":"http:\/\/www.minhidrocarburos.gob.ve\/index.php\/wp-json\/wp\/v2\/media?parent=4398"}],"wp:term":[{"taxonomy":"category","embeddable":true,"href":"http:\/\/www.minhidrocarburos.gob.ve\/index.php\/wp-json\/wp\/v2\/categories?post=4398"},{"taxonomy":"post_tag","embeddable":true,"href":"http:\/\/www.minhidrocarburos.gob.ve\/index.php\/wp-json\/wp\/v2\/tags?post=4398"}],"curies":[{"name":"wp","href":"https:\/\/api.w.org\/{rel}","templated":true}]}}