

{"id":4409,"date":"2025-07-10T11:13:28","date_gmt":"2025-07-10T15:13:28","guid":{"rendered":"http:\/\/www.minhidrocarburos.gob.ve\/?p=4409"},"modified":"2025-07-10T11:30:55","modified_gmt":"2025-07-10T15:30:55","slug":"venezuela-impulsa-agenda-de-cooperacion-energetica-con-el-congo-y-nigeria","status":"publish","type":"post","link":"http:\/\/www.minhidrocarburos.gob.ve\/index.php\/2025\/07\/10\/venezuela-impulsa-agenda-de-cooperacion-energetica-con-el-congo-y-nigeria\/","title":{"rendered":"Venezuela impulsa agenda de cooperaci\u00f3n energ\u00e9tica con el Congo y Nigeria"},"content":{"rendered":"\n<p><strong>Caracas, 10 de julio de 2027.-<\/strong> La ministra de Hidrocarburos, Delcy Rodr\u00edguez se reuni\u00f3 con el ministro de Hidrocarburos de la Rep\u00fablica del Congo, Bruno Jean-Richard Itoua para revisar la agenda bilateral energ\u00e9tica entre ambas naciones.<\/p>\n\n\n<div class=\"wp-block-image\">\n<figure class=\"aligncenter size-large\"><img loading=\"lazy\" decoding=\"async\" width=\"1024\" height=\"683\" src=\"http:\/\/www.minhidrocarburos.gob.ve\/wp-content\/uploads\/2025\/07\/Congo-2-1-1024x683.jpg\" alt=\"\" class=\"wp-image-4418\" srcset=\"http:\/\/www.minhidrocarburos.gob.ve\/wp-content\/uploads\/2025\/07\/Congo-2-1-1024x683.jpg 1024w, http:\/\/www.minhidrocarburos.gob.ve\/wp-content\/uploads\/2025\/07\/Congo-2-1-300x200.jpg 300w, http:\/\/www.minhidrocarburos.gob.ve\/wp-content\/uploads\/2025\/07\/Congo-2-1-768x512.jpg 768w, http:\/\/www.minhidrocarburos.gob.ve\/wp-content\/uploads\/2025\/07\/Congo-2-1-1536x1024.jpg 1536w, http:\/\/www.minhidrocarburos.gob.ve\/wp-content\/uploads\/2025\/07\/Congo-2-1-2048x1365.jpg 2048w, http:\/\/www.minhidrocarburos.gob.ve\/wp-content\/uploads\/2025\/07\/Congo-2-1-930x620.jpg 930w\" sizes=\"auto, (max-width: 1024px) 100vw, 1024px\" \/><\/figure>\n<\/div>\n\n\n<p>El encuentro se llev\u00f3 a cabo como parte del programa de trabajo que cumple la Rodr\u00edguez en la capital de Austria, donde participa en el 9\u00b0 Seminario Internacional de la OPEP, espacio que sirve para fortalecer la cooperaci\u00f3n multilateral y compartir experiencias en materia de pol\u00edticas de los hidrocarburos. &nbsp;<\/p>\n\n\n\n<p>Entre Venezuela y el Congo se han firmado diversos acuerdos en distintas \u00e1reas estrat\u00e9gicas en especial en el \u00e1mbito petrolero y recursos forestales, enmarcados en la Comisi\u00f3n Mixta de Cooperaci\u00f3n firmada entre las dos naciones.<\/p>\n\n\n\n<p>Las relaciones diplom\u00e1ticas entre Venezuela y la Rep\u00fablica del Congo se consolidaron en el a\u00f1o 2006, basadas en principios como el respeto mutuo, solidaridad y hermandad. Ambos pa\u00edses son miembros de la Organizaci\u00f3n de Pa\u00edses Exportadores de Petr\u00f3leo, OPEP, organismo multilateral donde se promueve la unidad entre los pa\u00edses del sur global.&nbsp;<\/p>\n\n\n\n<div class=\"wp-block-columns is-layout-flex wp-container-core-columns-is-layout-9d6595d7 wp-block-columns-is-layout-flex\">\n<div class=\"wp-block-column is-layout-flow wp-block-column-is-layout-flow\" style=\"flex-basis:100%\"><style>.wp-block-kadence-advancedgallery .kb-gallery-type-masonry.kb-gallery-id-4409_278188-82{margin:-5px;}.kb-gallery-type-masonry.kb-gallery-id-4409_278188-82 .kadence-blocks-gallery-item{padding:5px;}.kb-gallery-id-4409_278188-82 .kadence-blocks-gallery-item .kb-gal-image-radius, .kb-gallery-id-4409_278188-82 .kb-slide-item .kb-gal-image-radius img{border-radius:0px 0px 0px 0px;;}<\/style><div class=\"kb-gallery-wrap-id-4409_278188-82 alignnone wp-block-kadence-advancedgallery\"><ul class=\"kb-gallery-ul kb-gallery-non-static kb-gallery-type-masonry kb-masonry-init kb-gallery-id-4409_278188-82 kb-gallery-caption-style-bottom-hover kb-gallery-filter-none\" data-image-filter=\"none\" data-item-selector=\".kadence-blocks-gallery-item\" data-lightbox-caption=\"true\" data-columns-xxl=\"3\" data-columns-xl=\"3\" data-columns-md=\"3\" data-columns-sm=\"2\" data-columns-xs=\"1\" data-columns-ss=\"1\"><li class=\"kadence-blocks-gallery-item\" tabindex=\"0\"><div class=\"kadence-blocks-gallery-item-inner\"><figure class=\"kb-gallery-figure kadence-blocks-gallery-item-hide-caption\"><div class=\"kb-gal-image-radius\" style=\"max-width:1024px;\"><div class=\"kb-gallery-image-contain kadence-blocks-gallery-intrinsic\" style=\"padding-bottom:66%;\"><img loading=\"lazy\" decoding=\"async\" src=\"http:\/\/www.minhidrocarburos.gob.ve\/wp-content\/uploads\/2025\/07\/Congo-2-1-1024x683.jpg\" width=\"1024\" height=\"683\" alt=\"\" data-full-image=\"http:\/\/www.minhidrocarburos.gob.ve\/wp-content\/uploads\/2025\/07\/Congo-2-1-scaled.jpg\" data-light-image=\"http:\/\/www.minhidrocarburos.gob.ve\/wp-content\/uploads\/2025\/07\/Congo-2-1-scaled.jpg\" data-id=\"4418\" class=\"wp-image-4418\" srcset=\"http:\/\/www.minhidrocarburos.gob.ve\/wp-content\/uploads\/2025\/07\/Congo-2-1-1024x683.jpg 1024w, http:\/\/www.minhidrocarburos.gob.ve\/wp-content\/uploads\/2025\/07\/Congo-2-1-300x200.jpg 300w, http:\/\/www.minhidrocarburos.gob.ve\/wp-content\/uploads\/2025\/07\/Congo-2-1-768x512.jpg 768w, http:\/\/www.minhidrocarburos.gob.ve\/wp-content\/uploads\/2025\/07\/Congo-2-1-1536x1024.jpg 1536w, http:\/\/www.minhidrocarburos.gob.ve\/wp-content\/uploads\/2025\/07\/Congo-2-1-2048x1365.jpg 2048w, http:\/\/www.minhidrocarburos.gob.ve\/wp-content\/uploads\/2025\/07\/Congo-2-1-930x620.jpg 930w\" sizes=\"auto, (max-width: 1024px) 100vw, 1024px\" \/><\/div><\/div><\/figure><\/div><\/li><li class=\"kadence-blocks-gallery-item\" tabindex=\"0\"><div class=\"kadence-blocks-gallery-item-inner\"><figure class=\"kb-gallery-figure kadence-blocks-gallery-item-hide-caption\"><div class=\"kb-gal-image-radius\" style=\"max-width:1024px;\"><div class=\"kb-gallery-image-contain kadence-blocks-gallery-intrinsic\" style=\"padding-bottom:66%;\"><img loading=\"lazy\" decoding=\"async\" src=\"http:\/\/www.minhidrocarburos.gob.ve\/wp-content\/uploads\/2025\/07\/Congo-3-1024x683.jpg\" width=\"1024\" height=\"683\" alt=\"\" data-full-image=\"http:\/\/www.minhidrocarburos.gob.ve\/wp-content\/uploads\/2025\/07\/Congo-3-scaled.jpg\" data-light-image=\"http:\/\/www.minhidrocarburos.gob.ve\/wp-content\/uploads\/2025\/07\/Congo-3-scaled.jpg\" data-id=\"4412\" class=\"wp-image-4412\" srcset=\"http:\/\/www.minhidrocarburos.gob.ve\/wp-content\/uploads\/2025\/07\/Congo-3-1024x683.jpg 1024w, http:\/\/www.minhidrocarburos.gob.ve\/wp-content\/uploads\/2025\/07\/Congo-3-300x200.jpg 300w, http:\/\/www.minhidrocarburos.gob.ve\/wp-content\/uploads\/2025\/07\/Congo-3-768x512.jpg 768w, http:\/\/www.minhidrocarburos.gob.ve\/wp-content\/uploads\/2025\/07\/Congo-3-1536x1024.jpg 1536w, http:\/\/www.minhidrocarburos.gob.ve\/wp-content\/uploads\/2025\/07\/Congo-3-2048x1365.jpg 2048w, http:\/\/www.minhidrocarburos.gob.ve\/wp-content\/uploads\/2025\/07\/Congo-3-930x620.jpg 930w\" sizes=\"auto, (max-width: 1024px) 100vw, 1024px\" \/><\/div><\/div><\/figure><\/div><\/li><li class=\"kadence-blocks-gallery-item\" tabindex=\"0\"><div class=\"kadence-blocks-gallery-item-inner\"><figure class=\"kb-gallery-figure kadence-blocks-gallery-item-hide-caption\"><div class=\"kb-gal-image-radius\" style=\"max-width:1024px;\"><div class=\"kb-gallery-image-contain kadence-blocks-gallery-intrinsic\" style=\"padding-bottom:66%;\"><img loading=\"lazy\" decoding=\"async\" src=\"http:\/\/www.minhidrocarburos.gob.ve\/wp-content\/uploads\/2025\/07\/Congo-4-1024x683.jpg\" width=\"1024\" height=\"683\" alt=\"\" data-full-image=\"http:\/\/www.minhidrocarburos.gob.ve\/wp-content\/uploads\/2025\/07\/Congo-4-scaled.jpg\" data-light-image=\"http:\/\/www.minhidrocarburos.gob.ve\/wp-content\/uploads\/2025\/07\/Congo-4-scaled.jpg\" data-id=\"4413\" class=\"wp-image-4413\" srcset=\"http:\/\/www.minhidrocarburos.gob.ve\/wp-content\/uploads\/2025\/07\/Congo-4-1024x683.jpg 1024w, http:\/\/www.minhidrocarburos.gob.ve\/wp-content\/uploads\/2025\/07\/Congo-4-300x200.jpg 300w, http:\/\/www.minhidrocarburos.gob.ve\/wp-content\/uploads\/2025\/07\/Congo-4-768x512.jpg 768w, http:\/\/www.minhidrocarburos.gob.ve\/wp-content\/uploads\/2025\/07\/Congo-4-1536x1024.jpg 1536w, http:\/\/www.minhidrocarburos.gob.ve\/wp-content\/uploads\/2025\/07\/Congo-4-2048x1365.jpg 2048w, http:\/\/www.minhidrocarburos.gob.ve\/wp-content\/uploads\/2025\/07\/Congo-4-930x620.jpg 930w\" sizes=\"auto, (max-width: 1024px) 100vw, 1024px\" \/><\/div><\/div><\/figure><\/div><\/li><\/ul><\/div><\/div>\n<\/div>\n\n\n\n<p><strong>Relaciones bilaterales entre Venezuela y Nigeria se consolidan<\/strong><\/p>\n\n\n\n<p>La m\u00e1xima representante de Hidrocarburos de Venezuela igualmente se reuni\u00f3 con el ministro de Estado de Recursos Petroleros de Nigeria, Heineken Lokpobiri con quien convers\u00f3 sobre nuevas oportunidades de cooperaci\u00f3n e intercambio en materia energ\u00e9tica y planes de desarrollo.<\/p>\n\n\n\n<p>En este \u00e1mbito de cooperaci\u00f3n, en el a\u00f1o 2024 Venezuela y Nigeria firmaron dos acuerdos petroleros con el objetivo estrat\u00e9gico de unir sus capacidades productivas para el desarrollo y crecimiento conjunto de sus econom\u00edas, donde Venezuela aporta una importante disponibilidad petrolera para satisfacer las necesidades de consumo de los inversionistas que desean producir petr\u00f3leo y gas.<\/p>\n\n\n<style>.wp-block-kadence-advancedgallery .kb-gallery-type-masonry.kb-gallery-id-4409_2ea640-16{margin:-5px;}.kb-gallery-type-masonry.kb-gallery-id-4409_2ea640-16 .kadence-blocks-gallery-item{padding:5px;}.kb-gallery-id-4409_2ea640-16 .kadence-blocks-gallery-item .kb-gal-image-radius, .kb-gallery-id-4409_2ea640-16 .kb-slide-item .kb-gal-image-radius img{border-radius:0px 0px 0px 0px;;}<\/style><div class=\"kb-gallery-wrap-id-4409_2ea640-16 alignnone wp-block-kadence-advancedgallery\"><ul class=\"kb-gallery-ul kb-gallery-non-static kb-gallery-type-masonry kb-masonry-init kb-gallery-id-4409_2ea640-16 kb-gallery-caption-style-bottom-hover kb-gallery-filter-none\" data-image-filter=\"none\" data-item-selector=\".kadence-blocks-gallery-item\" data-lightbox-caption=\"true\" data-columns-xxl=\"3\" data-columns-xl=\"3\" data-columns-md=\"3\" data-columns-sm=\"2\" data-columns-xs=\"1\" data-columns-ss=\"1\"><li class=\"kadence-blocks-gallery-item\" tabindex=\"0\"><div class=\"kadence-blocks-gallery-item-inner\"><figure class=\"kb-gallery-figure kadence-blocks-gallery-item-hide-caption\"><div class=\"kb-gal-image-radius\" style=\"max-width:1024px;\"><div class=\"kb-gallery-image-contain kadence-blocks-gallery-intrinsic\" style=\"padding-bottom:66%;\"><img loading=\"lazy\" decoding=\"async\" src=\"http:\/\/www.minhidrocarburos.gob.ve\/wp-content\/uploads\/2025\/07\/Nigeria-3-1024x683.jpg\" width=\"1024\" height=\"683\" alt=\"\" data-full-image=\"http:\/\/www.minhidrocarburos.gob.ve\/wp-content\/uploads\/2025\/07\/Nigeria-3-scaled.jpg\" data-light-image=\"http:\/\/www.minhidrocarburos.gob.ve\/wp-content\/uploads\/2025\/07\/Nigeria-3-scaled.jpg\" data-id=\"4416\" class=\"wp-image-4416\" srcset=\"http:\/\/www.minhidrocarburos.gob.ve\/wp-content\/uploads\/2025\/07\/Nigeria-3-1024x683.jpg 1024w, http:\/\/www.minhidrocarburos.gob.ve\/wp-content\/uploads\/2025\/07\/Nigeria-3-300x200.jpg 300w, http:\/\/www.minhidrocarburos.gob.ve\/wp-content\/uploads\/2025\/07\/Nigeria-3-768x512.jpg 768w, http:\/\/www.minhidrocarburos.gob.ve\/wp-content\/uploads\/2025\/07\/Nigeria-3-1536x1024.jpg 1536w, http:\/\/www.minhidrocarburos.gob.ve\/wp-content\/uploads\/2025\/07\/Nigeria-3-2048x1365.jpg 2048w, http:\/\/www.minhidrocarburos.gob.ve\/wp-content\/uploads\/2025\/07\/Nigeria-3-930x620.jpg 930w\" sizes=\"auto, (max-width: 1024px) 100vw, 1024px\" \/><\/div><\/div><\/figure><\/div><\/li><li class=\"kadence-blocks-gallery-item\" tabindex=\"0\"><div class=\"kadence-blocks-gallery-item-inner\"><figure class=\"kb-gallery-figure kadence-blocks-gallery-item-hide-caption\"><div class=\"kb-gal-image-radius\" style=\"max-width:1024px;\"><div class=\"kb-gallery-image-contain kadence-blocks-gallery-intrinsic\" style=\"padding-bottom:66%;\"><img loading=\"lazy\" decoding=\"async\" src=\"http:\/\/www.minhidrocarburos.gob.ve\/wp-content\/uploads\/2025\/07\/Nigeria-1-1024x683.jpg\" width=\"1024\" height=\"683\" alt=\"\" data-full-image=\"http:\/\/www.minhidrocarburos.gob.ve\/wp-content\/uploads\/2025\/07\/Nigeria-1-scaled.jpg\" data-light-image=\"http:\/\/www.minhidrocarburos.gob.ve\/wp-content\/uploads\/2025\/07\/Nigeria-1-scaled.jpg\" data-id=\"4414\" class=\"wp-image-4414\" srcset=\"http:\/\/www.minhidrocarburos.gob.ve\/wp-content\/uploads\/2025\/07\/Nigeria-1-1024x683.jpg 1024w, http:\/\/www.minhidrocarburos.gob.ve\/wp-content\/uploads\/2025\/07\/Nigeria-1-300x200.jpg 300w, http:\/\/www.minhidrocarburos.gob.ve\/wp-content\/uploads\/2025\/07\/Nigeria-1-768x512.jpg 768w, http:\/\/www.minhidrocarburos.gob.ve\/wp-content\/uploads\/2025\/07\/Nigeria-1-1536x1024.jpg 1536w, http:\/\/www.minhidrocarburos.gob.ve\/wp-content\/uploads\/2025\/07\/Nigeria-1-2048x1365.jpg 2048w, http:\/\/www.minhidrocarburos.gob.ve\/wp-content\/uploads\/2025\/07\/Nigeria-1-930x620.jpg 930w\" sizes=\"auto, (max-width: 1024px) 100vw, 1024px\" \/><\/div><\/div><\/figure><\/div><\/li><li class=\"kadence-blocks-gallery-item\" tabindex=\"0\"><div class=\"kadence-blocks-gallery-item-inner\"><figure class=\"kb-gallery-figure kadence-blocks-gallery-item-hide-caption\"><div class=\"kb-gal-image-radius\" style=\"max-width:1024px;\"><div class=\"kb-gallery-image-contain kadence-blocks-gallery-intrinsic\" style=\"padding-bottom:66%;\"><img loading=\"lazy\" decoding=\"async\" src=\"http:\/\/www.minhidrocarburos.gob.ve\/wp-content\/uploads\/2025\/07\/Nigeria-2-1024x683.jpg\" width=\"1024\" height=\"683\" alt=\"\" data-full-image=\"http:\/\/www.minhidrocarburos.gob.ve\/wp-content\/uploads\/2025\/07\/Nigeria-2-scaled.jpg\" data-light-image=\"http:\/\/www.minhidrocarburos.gob.ve\/wp-content\/uploads\/2025\/07\/Nigeria-2-scaled.jpg\" data-id=\"4415\" class=\"wp-image-4415\" srcset=\"http:\/\/www.minhidrocarburos.gob.ve\/wp-content\/uploads\/2025\/07\/Nigeria-2-1024x683.jpg 1024w, http:\/\/www.minhidrocarburos.gob.ve\/wp-content\/uploads\/2025\/07\/Nigeria-2-300x200.jpg 300w, http:\/\/www.minhidrocarburos.gob.ve\/wp-content\/uploads\/2025\/07\/Nigeria-2-768x512.jpg 768w, http:\/\/www.minhidrocarburos.gob.ve\/wp-content\/uploads\/2025\/07\/Nigeria-2-1536x1024.jpg 1536w, http:\/\/www.minhidrocarburos.gob.ve\/wp-content\/uploads\/2025\/07\/Nigeria-2-2048x1365.jpg 2048w, http:\/\/www.minhidrocarburos.gob.ve\/wp-content\/uploads\/2025\/07\/Nigeria-2-930x620.jpg 930w\" sizes=\"auto, (max-width: 1024px) 100vw, 1024px\" \/><\/div><\/div><\/figure><\/div><\/li><\/ul><\/div>\n\n\n<p><\/p>\n","protected":false},"excerpt":{"rendered":"<p>Caracas, 10 de julio de 2027.- La ministra de Hidrocarburos, Delcy Rodr\u00edguez se reuni\u00f3 con el ministro de Hidrocarburos de la Rep\u00fablica del Congo, Bruno Jean-Richard Itoua para revisar la agenda bilateral energ\u00e9tica entre ambas naciones. El encuentro se llev\u00f3 a cabo como parte del programa de trabajo que cumple la Rodr\u00edguez en la capital&hellip;&nbsp;<a href=\"http:\/\/www.minhidrocarburos.gob.ve\/index.php\/2025\/07\/10\/venezuela-impulsa-agenda-de-cooperacion-energetica-con-el-congo-y-nigeria\/\" rel=\"bookmark\">Leer m\u00e1s &raquo;<span class=\"screen-reader-text\">Venezuela impulsa agenda de cooperaci\u00f3n energ\u00e9tica con el Congo y Nigeria<\/span><\/a><\/p>\n","protected":false},"author":7,"featured_media":4417,"comment_status":"closed","ping_status":"closed","sticky":false,"template":"","format":"standard","meta":{"_editorskit_title_hidden":false,"_editorskit_reading_time":0,"_editorskit_is_block_options_detached":false,"_editorskit_block_options_position":"{}","neve_meta_sidebar":"","neve_meta_container":"","neve_meta_enable_content_width":"","neve_meta_content_width":0,"neve_meta_title_alignment":"","neve_meta_author_avatar":"","neve_post_elements_order":"","neve_meta_disable_header":"","neve_meta_disable_footer":"","neve_meta_disable_title":"","footnotes":""},"categories":[122,128],"tags":[],"class_list":["post-4409","post","type-post","status-publish","format-standard","has-post-thumbnail","hentry","category-noticias_slider_24","category-noticias_slider_25"],"yoast_head":"<!-- This site is optimized with the Yoast SEO plugin v27.2 - https:\/\/yoast.com\/product\/yoast-seo-wordpress\/ -->\n<title>Venezuela impulsa agenda de cooperaci\u00f3n energ\u00e9tica con el Congo y Nigeria - MinHidrocarburos<\/title>\n<meta name=\"robots\" content=\"index, follow, max-snippet:-1, max-image-preview:large, max-video-preview:-1\" \/>\n<link rel=\"canonical\" href=\"http:\/\/www.minhidrocarburos.gob.ve\/index.php\/2025\/07\/10\/venezuela-impulsa-agenda-de-cooperacion-energetica-con-el-congo-y-nigeria\/\" \/>\n<meta property=\"og:locale\" content=\"es_ES\" \/>\n<meta property=\"og:type\" content=\"article\" \/>\n<meta property=\"og:title\" content=\"Venezuela impulsa agenda de cooperaci\u00f3n energ\u00e9tica con el Congo y Nigeria - MinHidrocarburos\" \/>\n<meta property=\"og:description\" content=\"Caracas, 10 de julio de 2027.- La ministra de Hidrocarburos, Delcy Rodr\u00edguez se reuni\u00f3 con el ministro de Hidrocarburos de la Rep\u00fablica del Congo, Bruno Jean-Richard Itoua para revisar la agenda bilateral energ\u00e9tica entre ambas naciones. El encuentro se llev\u00f3 a cabo como parte del programa de trabajo que cumple la Rodr\u00edguez en la capital&hellip;&nbsp;Leer m\u00e1s &raquo;Venezuela impulsa agenda de cooperaci\u00f3n energ\u00e9tica con el Congo y Nigeria\" \/>\n<meta property=\"og:url\" content=\"http:\/\/www.minhidrocarburos.gob.ve\/index.php\/2025\/07\/10\/venezuela-impulsa-agenda-de-cooperacion-energetica-con-el-congo-y-nigeria\/\" \/>\n<meta property=\"og:site_name\" content=\"MinHidrocarburos\" \/>\n<meta property=\"article:published_time\" content=\"2025-07-10T15:13:28+00:00\" \/>\n<meta property=\"article:modified_time\" content=\"2025-07-10T15:30:55+00:00\" \/>\n<meta property=\"og:image\" content=\"http:\/\/www.minhidrocarburos.gob.ve\/wp-content\/uploads\/2025\/07\/Congo-1-1-scaled.jpg\" \/>\n\t<meta property=\"og:image:width\" content=\"2560\" \/>\n\t<meta property=\"og:image:height\" content=\"1706\" \/>\n\t<meta property=\"og:image:type\" content=\"image\/jpeg\" \/>\n<meta name=\"author\" content=\"rubi guadelis\" \/>\n<meta name=\"twitter:card\" content=\"summary_large_image\" \/>\n<meta name=\"twitter:label1\" content=\"Escrito por\" \/>\n\t<meta name=\"twitter:data1\" content=\"rubi guadelis\" \/>\n\t<meta name=\"twitter:label2\" content=\"Tiempo de lectura\" \/>\n\t<meta name=\"twitter:data2\" content=\"2 minutos\" \/>\n<script type=\"application\/ld+json\" class=\"yoast-schema-graph\">{\"@context\":\"https:\/\/schema.org\",\"@graph\":[{\"@type\":\"Article\",\"@id\":\"http:\/\/www.minhidrocarburos.gob.ve\/index.php\/2025\/07\/10\/venezuela-impulsa-agenda-de-cooperacion-energetica-con-el-congo-y-nigeria\/#article\",\"isPartOf\":{\"@id\":\"http:\/\/www.minhidrocarburos.gob.ve\/index.php\/2025\/07\/10\/venezuela-impulsa-agenda-de-cooperacion-energetica-con-el-congo-y-nigeria\/\"},\"author\":{\"name\":\"rubi guadelis\",\"@id\":\"http:\/\/www.minhidrocarburos.gob.ve\/#\/schema\/person\/a775d309f37aa396b8f21cbc37789c8f\"},\"headline\":\"Venezuela impulsa agenda de cooperaci\u00f3n energ\u00e9tica con el Congo y Nigeria\",\"datePublished\":\"2025-07-10T15:13:28+00:00\",\"dateModified\":\"2025-07-10T15:30:55+00:00\",\"mainEntityOfPage\":{\"@id\":\"http:\/\/www.minhidrocarburos.gob.ve\/index.php\/2025\/07\/10\/venezuela-impulsa-agenda-de-cooperacion-energetica-con-el-congo-y-nigeria\/\"},\"wordCount\":311,\"publisher\":{\"@id\":\"http:\/\/www.minhidrocarburos.gob.ve\/#organization\"},\"image\":{\"@id\":\"http:\/\/www.minhidrocarburos.gob.ve\/index.php\/2025\/07\/10\/venezuela-impulsa-agenda-de-cooperacion-energetica-con-el-congo-y-nigeria\/#primaryimage\"},\"thumbnailUrl\":\"http:\/\/www.minhidrocarburos.gob.ve\/wp-content\/uploads\/2025\/07\/Congo-1-1-scaled.jpg\",\"articleSection\":[\"Noticias_Slider_24\",\"Noticias_Slider_25\"],\"inLanguage\":\"es\"},{\"@type\":\"WebPage\",\"@id\":\"http:\/\/www.minhidrocarburos.gob.ve\/index.php\/2025\/07\/10\/venezuela-impulsa-agenda-de-cooperacion-energetica-con-el-congo-y-nigeria\/\",\"url\":\"http:\/\/www.minhidrocarburos.gob.ve\/index.php\/2025\/07\/10\/venezuela-impulsa-agenda-de-cooperacion-energetica-con-el-congo-y-nigeria\/\",\"name\":\"Venezuela impulsa agenda de cooperaci\u00f3n energ\u00e9tica con el Congo y Nigeria - MinHidrocarburos\",\"isPartOf\":{\"@id\":\"http:\/\/www.minhidrocarburos.gob.ve\/#website\"},\"primaryImageOfPage\":{\"@id\":\"http:\/\/www.minhidrocarburos.gob.ve\/index.php\/2025\/07\/10\/venezuela-impulsa-agenda-de-cooperacion-energetica-con-el-congo-y-nigeria\/#primaryimage\"},\"image\":{\"@id\":\"http:\/\/www.minhidrocarburos.gob.ve\/index.php\/2025\/07\/10\/venezuela-impulsa-agenda-de-cooperacion-energetica-con-el-congo-y-nigeria\/#primaryimage\"},\"thumbnailUrl\":\"http:\/\/www.minhidrocarburos.gob.ve\/wp-content\/uploads\/2025\/07\/Congo-1-1-scaled.jpg\",\"datePublished\":\"2025-07-10T15:13:28+00:00\",\"dateModified\":\"2025-07-10T15:30:55+00:00\",\"inLanguage\":\"es\",\"potentialAction\":[{\"@type\":\"ReadAction\",\"target\":[\"http:\/\/www.minhidrocarburos.gob.ve\/index.php\/2025\/07\/10\/venezuela-impulsa-agenda-de-cooperacion-energetica-con-el-congo-y-nigeria\/\"]}]},{\"@type\":\"ImageObject\",\"inLanguage\":\"es\",\"@id\":\"http:\/\/www.minhidrocarburos.gob.ve\/index.php\/2025\/07\/10\/venezuela-impulsa-agenda-de-cooperacion-energetica-con-el-congo-y-nigeria\/#primaryimage\",\"url\":\"http:\/\/www.minhidrocarburos.gob.ve\/wp-content\/uploads\/2025\/07\/Congo-1-1-scaled.jpg\",\"contentUrl\":\"http:\/\/www.minhidrocarburos.gob.ve\/wp-content\/uploads\/2025\/07\/Congo-1-1-scaled.jpg\",\"width\":2560,\"height\":1706},{\"@type\":\"WebSite\",\"@id\":\"http:\/\/www.minhidrocarburos.gob.ve\/#website\",\"url\":\"http:\/\/www.minhidrocarburos.gob.ve\/\",\"name\":\"Minhidrocarburos\",\"description\":\"Regulaci\u00f3n, formulaci\u00f3n y seguimiento de pol\u00edticas; la planificaci\u00f3n, realizaci\u00f3n y fiscalizaci\u00f3n en materia de hidrocarburos\",\"publisher\":{\"@id\":\"http:\/\/www.minhidrocarburos.gob.ve\/#organization\"},\"potentialAction\":[{\"@type\":\"SearchAction\",\"target\":{\"@type\":\"EntryPoint\",\"urlTemplate\":\"http:\/\/www.minhidrocarburos.gob.ve\/?s={search_term_string}\"},\"query-input\":{\"@type\":\"PropertyValueSpecification\",\"valueRequired\":true,\"valueName\":\"search_term_string\"}}],\"inLanguage\":\"es\"},{\"@type\":\"Organization\",\"@id\":\"http:\/\/www.minhidrocarburos.gob.ve\/#organization\",\"name\":\"Ministerio del Poder Popular de Hidrocarburos\",\"url\":\"http:\/\/www.minhidrocarburos.gob.ve\/\",\"logo\":{\"@type\":\"ImageObject\",\"inLanguage\":\"es\",\"@id\":\"http:\/\/www.minhidrocarburos.gob.ve\/#\/schema\/logo\/image\/\",\"url\":\"http:\/\/www.minhidrocarburos.gob.ve\/wp-content\/uploads\/2024\/12\/Ministerio_de_Hidrocarburos.png\",\"contentUrl\":\"http:\/\/www.minhidrocarburos.gob.ve\/wp-content\/uploads\/2024\/12\/Ministerio_de_Hidrocarburos.png\",\"width\":2320,\"height\":324,\"caption\":\"Ministerio del Poder Popular de Hidrocarburos\"},\"image\":{\"@id\":\"http:\/\/www.minhidrocarburos.gob.ve\/#\/schema\/logo\/image\/\"}},{\"@type\":\"Person\",\"@id\":\"http:\/\/www.minhidrocarburos.gob.ve\/#\/schema\/person\/a775d309f37aa396b8f21cbc37789c8f\",\"name\":\"rubi guadelis\",\"image\":{\"@type\":\"ImageObject\",\"inLanguage\":\"es\",\"@id\":\"https:\/\/secure.gravatar.com\/avatar\/13b775ea21a000e6c50bf3d9bf85b3ea6c4931f4bc5b3860ee7803247c294517?s=96&d=mm&r=g\",\"url\":\"https:\/\/secure.gravatar.com\/avatar\/13b775ea21a000e6c50bf3d9bf85b3ea6c4931f4bc5b3860ee7803247c294517?s=96&d=mm&r=g\",\"contentUrl\":\"https:\/\/secure.gravatar.com\/avatar\/13b775ea21a000e6c50bf3d9bf85b3ea6c4931f4bc5b3860ee7803247c294517?s=96&d=mm&r=g\",\"caption\":\"rubi guadelis\"},\"url\":\"http:\/\/www.minhidrocarburos.gob.ve\/index.php\/author\/rguadelis\/\"}]}<\/script>\n<!-- \/ Yoast SEO plugin. -->","yoast_head_json":{"title":"Venezuela impulsa agenda de cooperaci\u00f3n energ\u00e9tica con el Congo y Nigeria - MinHidrocarburos","robots":{"index":"index","follow":"follow","max-snippet":"max-snippet:-1","max-image-preview":"max-image-preview:large","max-video-preview":"max-video-preview:-1"},"canonical":"http:\/\/www.minhidrocarburos.gob.ve\/index.php\/2025\/07\/10\/venezuela-impulsa-agenda-de-cooperacion-energetica-con-el-congo-y-nigeria\/","og_locale":"es_ES","og_type":"article","og_title":"Venezuela impulsa agenda de cooperaci\u00f3n energ\u00e9tica con el Congo y Nigeria - MinHidrocarburos","og_description":"Caracas, 10 de julio de 2027.- La ministra de Hidrocarburos, Delcy Rodr\u00edguez se reuni\u00f3 con el ministro de Hidrocarburos de la Rep\u00fablica del Congo, Bruno Jean-Richard Itoua para revisar la agenda bilateral energ\u00e9tica entre ambas naciones. El encuentro se llev\u00f3 a cabo como parte del programa de trabajo que cumple la Rodr\u00edguez en la capital&hellip;&nbsp;Leer m\u00e1s &raquo;Venezuela impulsa agenda de cooperaci\u00f3n energ\u00e9tica con el Congo y Nigeria","og_url":"http:\/\/www.minhidrocarburos.gob.ve\/index.php\/2025\/07\/10\/venezuela-impulsa-agenda-de-cooperacion-energetica-con-el-congo-y-nigeria\/","og_site_name":"MinHidrocarburos","article_published_time":"2025-07-10T15:13:28+00:00","article_modified_time":"2025-07-10T15:30:55+00:00","og_image":[{"width":2560,"height":1706,"url":"http:\/\/www.minhidrocarburos.gob.ve\/wp-content\/uploads\/2025\/07\/Congo-1-1-scaled.jpg","type":"image\/jpeg"}],"author":"rubi guadelis","twitter_card":"summary_large_image","twitter_misc":{"Escrito por":"rubi guadelis","Tiempo de lectura":"2 minutos"},"schema":{"@context":"https:\/\/schema.org","@graph":[{"@type":"Article","@id":"http:\/\/www.minhidrocarburos.gob.ve\/index.php\/2025\/07\/10\/venezuela-impulsa-agenda-de-cooperacion-energetica-con-el-congo-y-nigeria\/#article","isPartOf":{"@id":"http:\/\/www.minhidrocarburos.gob.ve\/index.php\/2025\/07\/10\/venezuela-impulsa-agenda-de-cooperacion-energetica-con-el-congo-y-nigeria\/"},"author":{"name":"rubi guadelis","@id":"http:\/\/www.minhidrocarburos.gob.ve\/#\/schema\/person\/a775d309f37aa396b8f21cbc37789c8f"},"headline":"Venezuela impulsa agenda de cooperaci\u00f3n energ\u00e9tica con el Congo y Nigeria","datePublished":"2025-07-10T15:13:28+00:00","dateModified":"2025-07-10T15:30:55+00:00","mainEntityOfPage":{"@id":"http:\/\/www.minhidrocarburos.gob.ve\/index.php\/2025\/07\/10\/venezuela-impulsa-agenda-de-cooperacion-energetica-con-el-congo-y-nigeria\/"},"wordCount":311,"publisher":{"@id":"http:\/\/www.minhidrocarburos.gob.ve\/#organization"},"image":{"@id":"http:\/\/www.minhidrocarburos.gob.ve\/index.php\/2025\/07\/10\/venezuela-impulsa-agenda-de-cooperacion-energetica-con-el-congo-y-nigeria\/#primaryimage"},"thumbnailUrl":"http:\/\/www.minhidrocarburos.gob.ve\/wp-content\/uploads\/2025\/07\/Congo-1-1-scaled.jpg","articleSection":["Noticias_Slider_24","Noticias_Slider_25"],"inLanguage":"es"},{"@type":"WebPage","@id":"http:\/\/www.minhidrocarburos.gob.ve\/index.php\/2025\/07\/10\/venezuela-impulsa-agenda-de-cooperacion-energetica-con-el-congo-y-nigeria\/","url":"http:\/\/www.minhidrocarburos.gob.ve\/index.php\/2025\/07\/10\/venezuela-impulsa-agenda-de-cooperacion-energetica-con-el-congo-y-nigeria\/","name":"Venezuela impulsa agenda de cooperaci\u00f3n energ\u00e9tica con el Congo y Nigeria - MinHidrocarburos","isPartOf":{"@id":"http:\/\/www.minhidrocarburos.gob.ve\/#website"},"primaryImageOfPage":{"@id":"http:\/\/www.minhidrocarburos.gob.ve\/index.php\/2025\/07\/10\/venezuela-impulsa-agenda-de-cooperacion-energetica-con-el-congo-y-nigeria\/#primaryimage"},"image":{"@id":"http:\/\/www.minhidrocarburos.gob.ve\/index.php\/2025\/07\/10\/venezuela-impulsa-agenda-de-cooperacion-energetica-con-el-congo-y-nigeria\/#primaryimage"},"thumbnailUrl":"http:\/\/www.minhidrocarburos.gob.ve\/wp-content\/uploads\/2025\/07\/Congo-1-1-scaled.jpg","datePublished":"2025-07-10T15:13:28+00:00","dateModified":"2025-07-10T15:30:55+00:00","inLanguage":"es","potentialAction":[{"@type":"ReadAction","target":["http:\/\/www.minhidrocarburos.gob.ve\/index.php\/2025\/07\/10\/venezuela-impulsa-agenda-de-cooperacion-energetica-con-el-congo-y-nigeria\/"]}]},{"@type":"ImageObject","inLanguage":"es","@id":"http:\/\/www.minhidrocarburos.gob.ve\/index.php\/2025\/07\/10\/venezuela-impulsa-agenda-de-cooperacion-energetica-con-el-congo-y-nigeria\/#primaryimage","url":"http:\/\/www.minhidrocarburos.gob.ve\/wp-content\/uploads\/2025\/07\/Congo-1-1-scaled.jpg","contentUrl":"http:\/\/www.minhidrocarburos.gob.ve\/wp-content\/uploads\/2025\/07\/Congo-1-1-scaled.jpg","width":2560,"height":1706},{"@type":"WebSite","@id":"http:\/\/www.minhidrocarburos.gob.ve\/#website","url":"http:\/\/www.minhidrocarburos.gob.ve\/","name":"Minhidrocarburos","description":"Regulaci\u00f3n, formulaci\u00f3n y seguimiento de pol\u00edticas; la planificaci\u00f3n, realizaci\u00f3n y fiscalizaci\u00f3n en materia de hidrocarburos","publisher":{"@id":"http:\/\/www.minhidrocarburos.gob.ve\/#organization"},"potentialAction":[{"@type":"SearchAction","target":{"@type":"EntryPoint","urlTemplate":"http:\/\/www.minhidrocarburos.gob.ve\/?s={search_term_string}"},"query-input":{"@type":"PropertyValueSpecification","valueRequired":true,"valueName":"search_term_string"}}],"inLanguage":"es"},{"@type":"Organization","@id":"http:\/\/www.minhidrocarburos.gob.ve\/#organization","name":"Ministerio del Poder Popular de Hidrocarburos","url":"http:\/\/www.minhidrocarburos.gob.ve\/","logo":{"@type":"ImageObject","inLanguage":"es","@id":"http:\/\/www.minhidrocarburos.gob.ve\/#\/schema\/logo\/image\/","url":"http:\/\/www.minhidrocarburos.gob.ve\/wp-content\/uploads\/2024\/12\/Ministerio_de_Hidrocarburos.png","contentUrl":"http:\/\/www.minhidrocarburos.gob.ve\/wp-content\/uploads\/2024\/12\/Ministerio_de_Hidrocarburos.png","width":2320,"height":324,"caption":"Ministerio del Poder Popular de Hidrocarburos"},"image":{"@id":"http:\/\/www.minhidrocarburos.gob.ve\/#\/schema\/logo\/image\/"}},{"@type":"Person","@id":"http:\/\/www.minhidrocarburos.gob.ve\/#\/schema\/person\/a775d309f37aa396b8f21cbc37789c8f","name":"rubi guadelis","image":{"@type":"ImageObject","inLanguage":"es","@id":"https:\/\/secure.gravatar.com\/avatar\/13b775ea21a000e6c50bf3d9bf85b3ea6c4931f4bc5b3860ee7803247c294517?s=96&d=mm&r=g","url":"https:\/\/secure.gravatar.com\/avatar\/13b775ea21a000e6c50bf3d9bf85b3ea6c4931f4bc5b3860ee7803247c294517?s=96&d=mm&r=g","contentUrl":"https:\/\/secure.gravatar.com\/avatar\/13b775ea21a000e6c50bf3d9bf85b3ea6c4931f4bc5b3860ee7803247c294517?s=96&d=mm&r=g","caption":"rubi guadelis"},"url":"http:\/\/www.minhidrocarburos.gob.ve\/index.php\/author\/rguadelis\/"}]}},"_links":{"self":[{"href":"http:\/\/www.minhidrocarburos.gob.ve\/index.php\/wp-json\/wp\/v2\/posts\/4409","targetHints":{"allow":["GET"]}}],"collection":[{"href":"http:\/\/www.minhidrocarburos.gob.ve\/index.php\/wp-json\/wp\/v2\/posts"}],"about":[{"href":"http:\/\/www.minhidrocarburos.gob.ve\/index.php\/wp-json\/wp\/v2\/types\/post"}],"author":[{"embeddable":true,"href":"http:\/\/www.minhidrocarburos.gob.ve\/index.php\/wp-json\/wp\/v2\/users\/7"}],"replies":[{"embeddable":true,"href":"http:\/\/www.minhidrocarburos.gob.ve\/index.php\/wp-json\/wp\/v2\/comments?post=4409"}],"version-history":[{"count":2,"href":"http:\/\/www.minhidrocarburos.gob.ve\/index.php\/wp-json\/wp\/v2\/posts\/4409\/revisions"}],"predecessor-version":[{"id":4424,"href":"http:\/\/www.minhidrocarburos.gob.ve\/index.php\/wp-json\/wp\/v2\/posts\/4409\/revisions\/4424"}],"wp:featuredmedia":[{"embeddable":true,"href":"http:\/\/www.minhidrocarburos.gob.ve\/index.php\/wp-json\/wp\/v2\/media\/4417"}],"wp:attachment":[{"href":"http:\/\/www.minhidrocarburos.gob.ve\/index.php\/wp-json\/wp\/v2\/media?parent=4409"}],"wp:term":[{"taxonomy":"category","embeddable":true,"href":"http:\/\/www.minhidrocarburos.gob.ve\/index.php\/wp-json\/wp\/v2\/categories?post=4409"},{"taxonomy":"post_tag","embeddable":true,"href":"http:\/\/www.minhidrocarburos.gob.ve\/index.php\/wp-json\/wp\/v2\/tags?post=4409"}],"curies":[{"name":"wp","href":"https:\/\/api.w.org\/{rel}","templated":true}]}}