

{"id":4425,"date":"2025-07-10T17:07:05","date_gmt":"2025-07-10T21:07:05","guid":{"rendered":"http:\/\/www.minhidrocarburos.gob.ve\/?p=4425"},"modified":"2025-07-14T14:25:41","modified_gmt":"2025-07-14T18:25:41","slug":"venezuela-fortalece-alianza-energetica-con-africa","status":"publish","type":"post","link":"http:\/\/www.minhidrocarburos.gob.ve\/index.php\/2025\/07\/10\/venezuela-fortalece-alianza-energetica-con-africa\/","title":{"rendered":"Venezuela fortalece alianza energ\u00e9tica con \u00c1frica"},"content":{"rendered":"\n<p>La ministra del Poder Popular de Hidrocarburos, Delcy Rodr\u00edguez, reafirm\u00f3 las alianzas y los acuerdos energ\u00e9ticos con las asociaciones que agrupan a los pa\u00edses con recursos energ\u00e9ticos y petroleros de \u00c1frica.<\/p>\n\n\n\n<p>En este sentido, en el marco de la celebraci\u00f3n de IX Seminario Internacional de la Organizaci\u00f3n de Pa\u00edses Exportadores de Petr\u00f3leo (OPEP), la tambi\u00e9n vicepresidenta Ejecutiva sostuvo una reuni\u00f3n con Omar Afarouk, secretario general de la Organizaci\u00f3n Africana de Productores de Petr\u00f3leo, (APPO) por sus siglas en ingl\u00e9s, con quien revis\u00f3 y ratific\u00f3 las alianzas conjuntas, adem\u00e1s de evaluar el impulso de la cooperaci\u00f3n en el \u00e1rea energ\u00e9tica.<\/p>\n\n\n\n<p>Cabe destacar que en enero de este a\u00f1o Afarouk visit\u00f3 Venezuela y junto a la titular de Hidrocarburos acordaron profundizar los acuerdos entre el pa\u00eds y la APPO, especialmente los dirigidos a la exploraci\u00f3n en el \u00e1rea de formaci\u00f3n t\u00e9cnica.<\/p>\n\n\n\n<p>Venezuela en el a\u00f1o 2021 se convirti\u00f3 en la primera naci\u00f3n no africana en ingresar a la organizaci\u00f3n en calidad de observador y desde su ingreso han consolidado el v\u00ednculo.<\/p>\n\n\n\n<p><strong>Afianzar cooperaci\u00f3n<\/strong><\/p>\n\n\n\n<p>Por otro lado, la agenda de trabajo de Rodr\u00edguez tambi\u00e9n incluy\u00f3 un encuentro con Nj Ayuk, presidente de la C\u00e1mara Africana de Energ\u00eda (AEC), con quien debati\u00f3 sobre la importancia de reforzar la colaboraci\u00f3n energ\u00e9tica con ese continente.<\/p>\n\n\n\n<p>Igualmente, conversaron acercar de promover pol\u00edticas internacionales conjuntas para reducir la pobreza energ\u00e9tica en el mundo, particularmente en los pa\u00edses del sur global.<\/p>\n\n\n\n<p>La c\u00e1mara es una organizaci\u00f3n que agrupa a empresas y profesionales del sector energ\u00e9tico, con la cual Venezuela busca fortalecer los v\u00ednculos en materia petrolera y de energ\u00eda.<\/p>\n\n\n\n<div class=\"wp-block-columns is-layout-flex wp-container-core-columns-is-layout-9d6595d7 wp-block-columns-is-layout-flex\">\n<div class=\"wp-block-column is-layout-flow wp-block-column-is-layout-flow\" style=\"flex-basis:100%\"><style>.kb-gallery-id-4425_0b3db3-02 .kadence-blocks-gallery-item .kb-gal-image-radius, .kb-gallery-id-4425_0b3db3-02 .kb-slide-item .kb-gal-image-radius img{border-radius:0px 0px 0px 0px;;}.kb-gallery-wrap-id-4425_0b3db3-02.wp-block-kadence-advancedgallery{overflow:visible;}.kb-gallery-wrap-id-4425_0b3db3-02.wp-block-kadence-advancedgallery .kt-blocks-carousel{overflow:visible;}<\/style><div class=\"kb-gallery-wrap-id-4425_0b3db3-02 alignnone wp-block-kadence-advancedgallery\"><div class=\"kb-gallery-ul kb-gallery-non-static kb-gallery-type-slider kb-gallery-id-4425_0b3db3-02 kb-gallery-caption-style-bottom-hover kb-gallery-filter-none\" data-image-filter=\"none\" data-lightbox-caption=\"true\"><div class=\"kt-blocks-carousel splide kt-carousel-container-dotstyle-dark kt-carousel-arrowstyle-whiteondark kt-carousel-dotstyle-dark kb-slider-group-arrow kb-slider-arrow-position-center\" data-slider-anim-speed=\"400\" data-slider-scroll=\"1\" data-slider-arrows=\"true\" data-slider-fade=\"true\" data-slider-dots=\"true\" data-slider-type=\"slider\" data-slider-hover-pause=\"false\" data-slider-auto=\"\" data-slider-speed=\"7000\" data-show-pause-button=\"false\"><div class=\"splide__track\"><ul class=\"kt-blocks-carousel-init kb-blocks-slider splide__list\"><li class=\"kb-slide-item kb-gallery-slide-item splide__slide\"><div class=\"kadence-blocks-gallery-item\"><div class=\"kadence-blocks-gallery-item-inner\"><figure class=\"kb-gallery-figure kadence-blocks-gallery-item-hide-caption\"><div class=\"kb-gal-image-radius\"><div class=\"kb-gallery-image-contain kadence-blocks-gallery-intrinsic kb-gallery-image-ratio-land32 kb-has-image-ratio-land32\" ><img loading=\"lazy\" decoding=\"async\" src=\"http:\/\/www.minhidrocarburos.gob.ve\/wp-content\/uploads\/2025\/07\/africa-2.jpg\" width=\"700\" height=\"466\" alt=\"\" data-full-image=\"http:\/\/www.minhidrocarburos.gob.ve\/wp-content\/uploads\/2025\/07\/africa-2.jpg\" data-light-image=\"http:\/\/www.minhidrocarburos.gob.ve\/wp-content\/uploads\/2025\/07\/africa-2.jpg\" data-id=\"4427\" class=\"wp-image-4427 skip-lazy\" srcset=\"http:\/\/www.minhidrocarburos.gob.ve\/wp-content\/uploads\/2025\/07\/africa-2.jpg 700w, http:\/\/www.minhidrocarburos.gob.ve\/wp-content\/uploads\/2025\/07\/africa-2-300x200.jpg 300w\" sizes=\"auto, (max-width: 700px) 100vw, 700px\" \/><\/div><\/div><\/figure><\/div><\/div><\/li><li class=\"kb-slide-item kb-gallery-slide-item splide__slide\"><div class=\"kadence-blocks-gallery-item\"><div class=\"kadence-blocks-gallery-item-inner\"><figure class=\"kb-gallery-figure kadence-blocks-gallery-item-hide-caption\"><div class=\"kb-gal-image-radius\"><div class=\"kb-gallery-image-contain kadence-blocks-gallery-intrinsic kb-gallery-image-ratio-land32 kb-has-image-ratio-land32\" ><img loading=\"lazy\" decoding=\"async\" src=\"http:\/\/www.minhidrocarburos.gob.ve\/wp-content\/uploads\/2025\/07\/africa-3.jpg\" width=\"700\" height=\"466\" alt=\"\" data-full-image=\"http:\/\/www.minhidrocarburos.gob.ve\/wp-content\/uploads\/2025\/07\/africa-3.jpg\" data-light-image=\"http:\/\/www.minhidrocarburos.gob.ve\/wp-content\/uploads\/2025\/07\/africa-3.jpg\" data-id=\"4429\" class=\"wp-image-4429 skip-lazy\" srcset=\"http:\/\/www.minhidrocarburos.gob.ve\/wp-content\/uploads\/2025\/07\/africa-3.jpg 700w, http:\/\/www.minhidrocarburos.gob.ve\/wp-content\/uploads\/2025\/07\/africa-3-300x200.jpg 300w\" sizes=\"auto, (max-width: 700px) 100vw, 700px\" \/><\/div><\/div><\/figure><\/div><\/div><\/li><\/ul><\/div><\/div><\/div><\/div><\/div>\n<\/div>\n\n\n\n<p><\/p>\n","protected":false},"excerpt":{"rendered":"<p>La ministra del Poder Popular de Hidrocarburos, Delcy Rodr\u00edguez, reafirm\u00f3 las alianzas y los acuerdos energ\u00e9ticos con las asociaciones que agrupan a los pa\u00edses con recursos energ\u00e9ticos y petroleros de \u00c1frica. En este sentido, en el marco de la celebraci\u00f3n de IX Seminario Internacional de la Organizaci\u00f3n de Pa\u00edses Exportadores de Petr\u00f3leo (OPEP), la tambi\u00e9n&hellip;&nbsp;<a href=\"http:\/\/www.minhidrocarburos.gob.ve\/index.php\/2025\/07\/10\/venezuela-fortalece-alianza-energetica-con-africa\/\" rel=\"bookmark\">Leer m\u00e1s &raquo;<span class=\"screen-reader-text\">Venezuela fortalece alianza energ\u00e9tica con \u00c1frica<\/span><\/a><\/p>\n","protected":false},"author":4,"featured_media":4435,"comment_status":"closed","ping_status":"closed","sticky":false,"template":"","format":"standard","meta":{"_editorskit_title_hidden":false,"_editorskit_reading_time":0,"_editorskit_is_block_options_detached":false,"_editorskit_block_options_position":"{}","neve_meta_sidebar":"","neve_meta_container":"","neve_meta_enable_content_width":"","neve_meta_content_width":0,"neve_meta_title_alignment":"","neve_meta_author_avatar":"","neve_post_elements_order":"","neve_meta_disable_header":"","neve_meta_disable_footer":"","neve_meta_disable_title":"","footnotes":""},"categories":[121,127,122,128],"tags":[],"class_list":["post-4425","post","type-post","status-publish","format-standard","has-post-thumbnail","hentry","category-noticias-2024","category-noticias-2025","category-noticias_slider_24","category-noticias_slider_25"],"yoast_head":"<!-- This site is optimized with the Yoast SEO plugin v27.2 - https:\/\/yoast.com\/product\/yoast-seo-wordpress\/ -->\n<title>Venezuela fortalece alianza energ\u00e9tica con \u00c1frica - MinHidrocarburos<\/title>\n<meta name=\"robots\" content=\"index, follow, max-snippet:-1, max-image-preview:large, max-video-preview:-1\" \/>\n<link rel=\"canonical\" href=\"http:\/\/www.minhidrocarburos.gob.ve\/index.php\/2025\/07\/10\/venezuela-fortalece-alianza-energetica-con-africa\/\" \/>\n<meta property=\"og:locale\" content=\"es_ES\" \/>\n<meta property=\"og:type\" content=\"article\" \/>\n<meta property=\"og:title\" content=\"Venezuela fortalece alianza energ\u00e9tica con \u00c1frica - MinHidrocarburos\" \/>\n<meta property=\"og:description\" content=\"La ministra del Poder Popular de Hidrocarburos, Delcy Rodr\u00edguez, reafirm\u00f3 las alianzas y los acuerdos energ\u00e9ticos con las asociaciones que agrupan a los pa\u00edses con recursos energ\u00e9ticos y petroleros de \u00c1frica. En este sentido, en el marco de la celebraci\u00f3n de IX Seminario Internacional de la Organizaci\u00f3n de Pa\u00edses Exportadores de Petr\u00f3leo (OPEP), la tambi\u00e9n&hellip;&nbsp;Leer m\u00e1s &raquo;Venezuela fortalece alianza energ\u00e9tica con \u00c1frica\" \/>\n<meta property=\"og:url\" content=\"http:\/\/www.minhidrocarburos.gob.ve\/index.php\/2025\/07\/10\/venezuela-fortalece-alianza-energetica-con-africa\/\" \/>\n<meta property=\"og:site_name\" content=\"MinHidrocarburos\" \/>\n<meta property=\"article:published_time\" content=\"2025-07-10T21:07:05+00:00\" \/>\n<meta property=\"article:modified_time\" content=\"2025-07-14T18:25:41+00:00\" \/>\n<meta property=\"og:image\" content=\"http:\/\/www.minhidrocarburos.gob.ve\/wp-content\/uploads\/2025\/07\/africanos.jpg\" \/>\n\t<meta property=\"og:image:width\" content=\"700\" \/>\n\t<meta property=\"og:image:height\" content=\"466\" \/>\n\t<meta property=\"og:image:type\" content=\"image\/jpeg\" \/>\n<meta name=\"author\" content=\"Marlene Tupano\" \/>\n<meta name=\"twitter:card\" content=\"summary_large_image\" \/>\n<meta name=\"twitter:label1\" content=\"Escrito por\" \/>\n\t<meta name=\"twitter:data1\" content=\"Marlene Tupano\" \/>\n\t<meta name=\"twitter:label2\" content=\"Tiempo de lectura\" \/>\n\t<meta name=\"twitter:data2\" content=\"2 minutos\" \/>\n<script type=\"application\/ld+json\" class=\"yoast-schema-graph\">{\"@context\":\"https:\/\/schema.org\",\"@graph\":[{\"@type\":\"Article\",\"@id\":\"http:\/\/www.minhidrocarburos.gob.ve\/index.php\/2025\/07\/10\/venezuela-fortalece-alianza-energetica-con-africa\/#article\",\"isPartOf\":{\"@id\":\"http:\/\/www.minhidrocarburos.gob.ve\/index.php\/2025\/07\/10\/venezuela-fortalece-alianza-energetica-con-africa\/\"},\"author\":{\"name\":\"Marlene Tupano\",\"@id\":\"http:\/\/www.minhidrocarburos.gob.ve\/#\/schema\/person\/e422c5324687b18e6d9c8a8bbbbcac9e\"},\"headline\":\"Venezuela fortalece alianza energ\u00e9tica con \u00c1frica\",\"datePublished\":\"2025-07-10T21:07:05+00:00\",\"dateModified\":\"2025-07-14T18:25:41+00:00\",\"mainEntityOfPage\":{\"@id\":\"http:\/\/www.minhidrocarburos.gob.ve\/index.php\/2025\/07\/10\/venezuela-fortalece-alianza-energetica-con-africa\/\"},\"wordCount\":306,\"publisher\":{\"@id\":\"http:\/\/www.minhidrocarburos.gob.ve\/#organization\"},\"image\":{\"@id\":\"http:\/\/www.minhidrocarburos.gob.ve\/index.php\/2025\/07\/10\/venezuela-fortalece-alianza-energetica-con-africa\/#primaryimage\"},\"thumbnailUrl\":\"http:\/\/www.minhidrocarburos.gob.ve\/wp-content\/uploads\/2025\/07\/africanos.jpg\",\"articleSection\":[\"Noticias 2024\",\"Noticias 2025\",\"Noticias_Slider_24\",\"Noticias_Slider_25\"],\"inLanguage\":\"es\"},{\"@type\":\"WebPage\",\"@id\":\"http:\/\/www.minhidrocarburos.gob.ve\/index.php\/2025\/07\/10\/venezuela-fortalece-alianza-energetica-con-africa\/\",\"url\":\"http:\/\/www.minhidrocarburos.gob.ve\/index.php\/2025\/07\/10\/venezuela-fortalece-alianza-energetica-con-africa\/\",\"name\":\"Venezuela fortalece alianza energ\u00e9tica con \u00c1frica - MinHidrocarburos\",\"isPartOf\":{\"@id\":\"http:\/\/www.minhidrocarburos.gob.ve\/#website\"},\"primaryImageOfPage\":{\"@id\":\"http:\/\/www.minhidrocarburos.gob.ve\/index.php\/2025\/07\/10\/venezuela-fortalece-alianza-energetica-con-africa\/#primaryimage\"},\"image\":{\"@id\":\"http:\/\/www.minhidrocarburos.gob.ve\/index.php\/2025\/07\/10\/venezuela-fortalece-alianza-energetica-con-africa\/#primaryimage\"},\"thumbnailUrl\":\"http:\/\/www.minhidrocarburos.gob.ve\/wp-content\/uploads\/2025\/07\/africanos.jpg\",\"datePublished\":\"2025-07-10T21:07:05+00:00\",\"dateModified\":\"2025-07-14T18:25:41+00:00\",\"inLanguage\":\"es\",\"potentialAction\":[{\"@type\":\"ReadAction\",\"target\":[\"http:\/\/www.minhidrocarburos.gob.ve\/index.php\/2025\/07\/10\/venezuela-fortalece-alianza-energetica-con-africa\/\"]}]},{\"@type\":\"ImageObject\",\"inLanguage\":\"es\",\"@id\":\"http:\/\/www.minhidrocarburos.gob.ve\/index.php\/2025\/07\/10\/venezuela-fortalece-alianza-energetica-con-africa\/#primaryimage\",\"url\":\"http:\/\/www.minhidrocarburos.gob.ve\/wp-content\/uploads\/2025\/07\/africanos.jpg\",\"contentUrl\":\"http:\/\/www.minhidrocarburos.gob.ve\/wp-content\/uploads\/2025\/07\/africanos.jpg\",\"width\":700,\"height\":466},{\"@type\":\"WebSite\",\"@id\":\"http:\/\/www.minhidrocarburos.gob.ve\/#website\",\"url\":\"http:\/\/www.minhidrocarburos.gob.ve\/\",\"name\":\"Minhidrocarburos\",\"description\":\"Regulaci\u00f3n, formulaci\u00f3n y seguimiento de pol\u00edticas; la planificaci\u00f3n, realizaci\u00f3n y fiscalizaci\u00f3n en materia de hidrocarburos\",\"publisher\":{\"@id\":\"http:\/\/www.minhidrocarburos.gob.ve\/#organization\"},\"potentialAction\":[{\"@type\":\"SearchAction\",\"target\":{\"@type\":\"EntryPoint\",\"urlTemplate\":\"http:\/\/www.minhidrocarburos.gob.ve\/?s={search_term_string}\"},\"query-input\":{\"@type\":\"PropertyValueSpecification\",\"valueRequired\":true,\"valueName\":\"search_term_string\"}}],\"inLanguage\":\"es\"},{\"@type\":\"Organization\",\"@id\":\"http:\/\/www.minhidrocarburos.gob.ve\/#organization\",\"name\":\"Ministerio del Poder Popular de Hidrocarburos\",\"url\":\"http:\/\/www.minhidrocarburos.gob.ve\/\",\"logo\":{\"@type\":\"ImageObject\",\"inLanguage\":\"es\",\"@id\":\"http:\/\/www.minhidrocarburos.gob.ve\/#\/schema\/logo\/image\/\",\"url\":\"http:\/\/www.minhidrocarburos.gob.ve\/wp-content\/uploads\/2024\/12\/Ministerio_de_Hidrocarburos.png\",\"contentUrl\":\"http:\/\/www.minhidrocarburos.gob.ve\/wp-content\/uploads\/2024\/12\/Ministerio_de_Hidrocarburos.png\",\"width\":2320,\"height\":324,\"caption\":\"Ministerio del Poder Popular de Hidrocarburos\"},\"image\":{\"@id\":\"http:\/\/www.minhidrocarburos.gob.ve\/#\/schema\/logo\/image\/\"}},{\"@type\":\"Person\",\"@id\":\"http:\/\/www.minhidrocarburos.gob.ve\/#\/schema\/person\/e422c5324687b18e6d9c8a8bbbbcac9e\",\"name\":\"Marlene Tupano\",\"image\":{\"@type\":\"ImageObject\",\"inLanguage\":\"es\",\"@id\":\"https:\/\/secure.gravatar.com\/avatar\/59dd95f48b40b2401279edd9e561b0f95d4b811b58284f29a22c8c026c49dd75?s=96&d=mm&r=g\",\"url\":\"https:\/\/secure.gravatar.com\/avatar\/59dd95f48b40b2401279edd9e561b0f95d4b811b58284f29a22c8c026c49dd75?s=96&d=mm&r=g\",\"contentUrl\":\"https:\/\/secure.gravatar.com\/avatar\/59dd95f48b40b2401279edd9e561b0f95d4b811b58284f29a22c8c026c49dd75?s=96&d=mm&r=g\",\"caption\":\"Marlene Tupano\"},\"url\":\"http:\/\/www.minhidrocarburos.gob.ve\/index.php\/author\/mtupano\/\"}]}<\/script>\n<!-- \/ Yoast SEO plugin. -->","yoast_head_json":{"title":"Venezuela fortalece alianza energ\u00e9tica con \u00c1frica - MinHidrocarburos","robots":{"index":"index","follow":"follow","max-snippet":"max-snippet:-1","max-image-preview":"max-image-preview:large","max-video-preview":"max-video-preview:-1"},"canonical":"http:\/\/www.minhidrocarburos.gob.ve\/index.php\/2025\/07\/10\/venezuela-fortalece-alianza-energetica-con-africa\/","og_locale":"es_ES","og_type":"article","og_title":"Venezuela fortalece alianza energ\u00e9tica con \u00c1frica - MinHidrocarburos","og_description":"La ministra del Poder Popular de Hidrocarburos, Delcy Rodr\u00edguez, reafirm\u00f3 las alianzas y los acuerdos energ\u00e9ticos con las asociaciones que agrupan a los pa\u00edses con recursos energ\u00e9ticos y petroleros de \u00c1frica. En este sentido, en el marco de la celebraci\u00f3n de IX Seminario Internacional de la Organizaci\u00f3n de Pa\u00edses Exportadores de Petr\u00f3leo (OPEP), la tambi\u00e9n&hellip;&nbsp;Leer m\u00e1s &raquo;Venezuela fortalece alianza energ\u00e9tica con \u00c1frica","og_url":"http:\/\/www.minhidrocarburos.gob.ve\/index.php\/2025\/07\/10\/venezuela-fortalece-alianza-energetica-con-africa\/","og_site_name":"MinHidrocarburos","article_published_time":"2025-07-10T21:07:05+00:00","article_modified_time":"2025-07-14T18:25:41+00:00","og_image":[{"width":700,"height":466,"url":"http:\/\/www.minhidrocarburos.gob.ve\/wp-content\/uploads\/2025\/07\/africanos.jpg","type":"image\/jpeg"}],"author":"Marlene Tupano","twitter_card":"summary_large_image","twitter_misc":{"Escrito por":"Marlene Tupano","Tiempo de lectura":"2 minutos"},"schema":{"@context":"https:\/\/schema.org","@graph":[{"@type":"Article","@id":"http:\/\/www.minhidrocarburos.gob.ve\/index.php\/2025\/07\/10\/venezuela-fortalece-alianza-energetica-con-africa\/#article","isPartOf":{"@id":"http:\/\/www.minhidrocarburos.gob.ve\/index.php\/2025\/07\/10\/venezuela-fortalece-alianza-energetica-con-africa\/"},"author":{"name":"Marlene Tupano","@id":"http:\/\/www.minhidrocarburos.gob.ve\/#\/schema\/person\/e422c5324687b18e6d9c8a8bbbbcac9e"},"headline":"Venezuela fortalece alianza energ\u00e9tica con \u00c1frica","datePublished":"2025-07-10T21:07:05+00:00","dateModified":"2025-07-14T18:25:41+00:00","mainEntityOfPage":{"@id":"http:\/\/www.minhidrocarburos.gob.ve\/index.php\/2025\/07\/10\/venezuela-fortalece-alianza-energetica-con-africa\/"},"wordCount":306,"publisher":{"@id":"http:\/\/www.minhidrocarburos.gob.ve\/#organization"},"image":{"@id":"http:\/\/www.minhidrocarburos.gob.ve\/index.php\/2025\/07\/10\/venezuela-fortalece-alianza-energetica-con-africa\/#primaryimage"},"thumbnailUrl":"http:\/\/www.minhidrocarburos.gob.ve\/wp-content\/uploads\/2025\/07\/africanos.jpg","articleSection":["Noticias 2024","Noticias 2025","Noticias_Slider_24","Noticias_Slider_25"],"inLanguage":"es"},{"@type":"WebPage","@id":"http:\/\/www.minhidrocarburos.gob.ve\/index.php\/2025\/07\/10\/venezuela-fortalece-alianza-energetica-con-africa\/","url":"http:\/\/www.minhidrocarburos.gob.ve\/index.php\/2025\/07\/10\/venezuela-fortalece-alianza-energetica-con-africa\/","name":"Venezuela fortalece alianza energ\u00e9tica con \u00c1frica - MinHidrocarburos","isPartOf":{"@id":"http:\/\/www.minhidrocarburos.gob.ve\/#website"},"primaryImageOfPage":{"@id":"http:\/\/www.minhidrocarburos.gob.ve\/index.php\/2025\/07\/10\/venezuela-fortalece-alianza-energetica-con-africa\/#primaryimage"},"image":{"@id":"http:\/\/www.minhidrocarburos.gob.ve\/index.php\/2025\/07\/10\/venezuela-fortalece-alianza-energetica-con-africa\/#primaryimage"},"thumbnailUrl":"http:\/\/www.minhidrocarburos.gob.ve\/wp-content\/uploads\/2025\/07\/africanos.jpg","datePublished":"2025-07-10T21:07:05+00:00","dateModified":"2025-07-14T18:25:41+00:00","inLanguage":"es","potentialAction":[{"@type":"ReadAction","target":["http:\/\/www.minhidrocarburos.gob.ve\/index.php\/2025\/07\/10\/venezuela-fortalece-alianza-energetica-con-africa\/"]}]},{"@type":"ImageObject","inLanguage":"es","@id":"http:\/\/www.minhidrocarburos.gob.ve\/index.php\/2025\/07\/10\/venezuela-fortalece-alianza-energetica-con-africa\/#primaryimage","url":"http:\/\/www.minhidrocarburos.gob.ve\/wp-content\/uploads\/2025\/07\/africanos.jpg","contentUrl":"http:\/\/www.minhidrocarburos.gob.ve\/wp-content\/uploads\/2025\/07\/africanos.jpg","width":700,"height":466},{"@type":"WebSite","@id":"http:\/\/www.minhidrocarburos.gob.ve\/#website","url":"http:\/\/www.minhidrocarburos.gob.ve\/","name":"Minhidrocarburos","description":"Regulaci\u00f3n, formulaci\u00f3n y seguimiento de pol\u00edticas; la planificaci\u00f3n, realizaci\u00f3n y fiscalizaci\u00f3n en materia de hidrocarburos","publisher":{"@id":"http:\/\/www.minhidrocarburos.gob.ve\/#organization"},"potentialAction":[{"@type":"SearchAction","target":{"@type":"EntryPoint","urlTemplate":"http:\/\/www.minhidrocarburos.gob.ve\/?s={search_term_string}"},"query-input":{"@type":"PropertyValueSpecification","valueRequired":true,"valueName":"search_term_string"}}],"inLanguage":"es"},{"@type":"Organization","@id":"http:\/\/www.minhidrocarburos.gob.ve\/#organization","name":"Ministerio del Poder Popular de Hidrocarburos","url":"http:\/\/www.minhidrocarburos.gob.ve\/","logo":{"@type":"ImageObject","inLanguage":"es","@id":"http:\/\/www.minhidrocarburos.gob.ve\/#\/schema\/logo\/image\/","url":"http:\/\/www.minhidrocarburos.gob.ve\/wp-content\/uploads\/2024\/12\/Ministerio_de_Hidrocarburos.png","contentUrl":"http:\/\/www.minhidrocarburos.gob.ve\/wp-content\/uploads\/2024\/12\/Ministerio_de_Hidrocarburos.png","width":2320,"height":324,"caption":"Ministerio del Poder Popular de Hidrocarburos"},"image":{"@id":"http:\/\/www.minhidrocarburos.gob.ve\/#\/schema\/logo\/image\/"}},{"@type":"Person","@id":"http:\/\/www.minhidrocarburos.gob.ve\/#\/schema\/person\/e422c5324687b18e6d9c8a8bbbbcac9e","name":"Marlene Tupano","image":{"@type":"ImageObject","inLanguage":"es","@id":"https:\/\/secure.gravatar.com\/avatar\/59dd95f48b40b2401279edd9e561b0f95d4b811b58284f29a22c8c026c49dd75?s=96&d=mm&r=g","url":"https:\/\/secure.gravatar.com\/avatar\/59dd95f48b40b2401279edd9e561b0f95d4b811b58284f29a22c8c026c49dd75?s=96&d=mm&r=g","contentUrl":"https:\/\/secure.gravatar.com\/avatar\/59dd95f48b40b2401279edd9e561b0f95d4b811b58284f29a22c8c026c49dd75?s=96&d=mm&r=g","caption":"Marlene Tupano"},"url":"http:\/\/www.minhidrocarburos.gob.ve\/index.php\/author\/mtupano\/"}]}},"_links":{"self":[{"href":"http:\/\/www.minhidrocarburos.gob.ve\/index.php\/wp-json\/wp\/v2\/posts\/4425","targetHints":{"allow":["GET"]}}],"collection":[{"href":"http:\/\/www.minhidrocarburos.gob.ve\/index.php\/wp-json\/wp\/v2\/posts"}],"about":[{"href":"http:\/\/www.minhidrocarburos.gob.ve\/index.php\/wp-json\/wp\/v2\/types\/post"}],"author":[{"embeddable":true,"href":"http:\/\/www.minhidrocarburos.gob.ve\/index.php\/wp-json\/wp\/v2\/users\/4"}],"replies":[{"embeddable":true,"href":"http:\/\/www.minhidrocarburos.gob.ve\/index.php\/wp-json\/wp\/v2\/comments?post=4425"}],"version-history":[{"count":3,"href":"http:\/\/www.minhidrocarburos.gob.ve\/index.php\/wp-json\/wp\/v2\/posts\/4425\/revisions"}],"predecessor-version":[{"id":4434,"href":"http:\/\/www.minhidrocarburos.gob.ve\/index.php\/wp-json\/wp\/v2\/posts\/4425\/revisions\/4434"}],"wp:featuredmedia":[{"embeddable":true,"href":"http:\/\/www.minhidrocarburos.gob.ve\/index.php\/wp-json\/wp\/v2\/media\/4435"}],"wp:attachment":[{"href":"http:\/\/www.minhidrocarburos.gob.ve\/index.php\/wp-json\/wp\/v2\/media?parent=4425"}],"wp:term":[{"taxonomy":"category","embeddable":true,"href":"http:\/\/www.minhidrocarburos.gob.ve\/index.php\/wp-json\/wp\/v2\/categories?post=4425"},{"taxonomy":"post_tag","embeddable":true,"href":"http:\/\/www.minhidrocarburos.gob.ve\/index.php\/wp-json\/wp\/v2\/tags?post=4425"}],"curies":[{"name":"wp","href":"https:\/\/api.w.org\/{rel}","templated":true}]}}