

{"id":4437,"date":"2025-07-22T10:06:46","date_gmt":"2025-07-22T14:06:46","guid":{"rendered":"http:\/\/www.minhidrocarburos.gob.ve\/?p=4437"},"modified":"2025-07-22T10:06:48","modified_gmt":"2025-07-22T14:06:48","slug":"expo-simon-de-nino-a-libertador-recibio-a-la-juventud-petrolera-gasifera-y-petroquimica","status":"publish","type":"post","link":"http:\/\/www.minhidrocarburos.gob.ve\/index.php\/2025\/07\/22\/expo-simon-de-nino-a-libertador-recibio-a-la-juventud-petrolera-gasifera-y-petroquimica\/","title":{"rendered":"Expo Sim\u00f3n de Ni\u00f1o a Libertador recibi\u00f3 a la juventud petrolera, gas\u00edfera y petroqu\u00edmica"},"content":{"rendered":"\n<p><strong>Caracas, 18 de julio de 2025<\/strong>.- A prop\u00f3sito de celebrar el D\u00eda del Ni\u00f1o, los hijos e hijas de los trabajadores de la industria de los hidrocarburos se trasladaron hacia el Centro de Convenciones La Carlota para experimentar de primera mano la \u201cExpo Sim\u00f3n de Ni\u00f1o a Libertador\u201d, una propuesta novedosa que busca cambiar la manera de aprendizaje en la juventud al fusionar la historia con los avances tecnol\u00f3gicos.\u00a0<\/p>\n\n\n\n<p>La delegaci\u00f3n del MinHidrocarburos estuvo compuesta por ni\u00f1os, ni\u00f1as y adolescentes en edad comprendidas entre los 05 y 15 a\u00f1os, quienes se sumergieron en las din\u00e1micas interactivas de la exposici\u00f3n, la cual combina la inteligencia artificial, la realidad virtual y los dispositivos interactivos con el teatro, para dar vida a los personajes hist\u00f3ricos que influyeron en la vida del Libertador.<\/p>\n\n\n\n<figure class=\"wp-block-gallery has-nested-images columns-default is-cropped wp-block-gallery-1 is-layout-flex wp-block-gallery-is-layout-flex\">\n<figure class=\"wp-block-image size-large\"><img loading=\"lazy\" decoding=\"async\" width=\"800\" height=\"533\" data-id=\"4446\" src=\"http:\/\/www.minhidrocarburos.gob.ve\/wp-content\/uploads\/2025\/07\/5177102279965257412-1.jpg\" alt=\"\" class=\"wp-image-4446\" srcset=\"http:\/\/www.minhidrocarburos.gob.ve\/wp-content\/uploads\/2025\/07\/5177102279965257412-1.jpg 800w, http:\/\/www.minhidrocarburos.gob.ve\/wp-content\/uploads\/2025\/07\/5177102279965257412-1-300x200.jpg 300w, http:\/\/www.minhidrocarburos.gob.ve\/wp-content\/uploads\/2025\/07\/5177102279965257412-1-768x512.jpg 768w\" sizes=\"auto, (max-width: 800px) 100vw, 800px\" \/><\/figure>\n<\/figure>\n\n\n\n<p><\/p>\n\n\n\n<h2 class=\"wp-block-heading\"><strong>El Buque Leander cautiv\u00f3 a los peque\u00f1os<\/strong><\/h2>\n\n\n\n<p>Una de las estaciones que se encuentran en la exposici\u00f3n que m\u00e1s llam\u00f3 la atenci\u00f3n de los participantes fue <strong>La Liberaci\u00f3n de Colombia La Grande<\/strong>. Este es un sal\u00f3n que cuenta con una r\u00e9plica del Buque Leander y unas pantallas que ofrecen una experiencia inmersiva en 4D acompa\u00f1ada de neblina y lluvias, sumado a la representaci\u00f3n art\u00edstica de Francisco de Miranda que ilustra la izada de la bandera tricolor en el a\u00f1o 1806.<\/p>\n\n\n\n<p>En este sentido, en varias oportunidades los ni\u00f1os y ni\u00f1as expresaron su admiraci\u00f3n por esta estaci\u00f3n, afirmando haber quedados sorprendidos por las animaciones y la lluvia durante la narraci\u00f3n de la trama, lo que fue suficiente para catalogarla como la favorita para el p\u00fablico en todo el trayecto.\u00a0<\/p>\n\n\n\n<p>La Expo Sim\u00f3n es una demostraci\u00f3n de que cuando la tecnolog\u00eda se pone al servicio de lo humano, se puede convertir en una herramienta pedag\u00f3gica beneficiosa para las generaciones, incentivando el conocimiento sin perder calidad en los contenidos.<\/p>\n\n\n<style>.kb-gallery-id-4437_7fedc0-d2.kb-gallery-ul.kb-gallery-type-fluidcarousel .kt-blocks-carousel figure .kb-gal-image-radius, .kb-gallery-id-4437_7fedc0-d2.kb-gallery-ul.kb-gallery-type-fluidcarousel .kt-blocks-carousel figure .kb-gal-image-radius img{height:681px;}.kb-gallery-id-4437_7fedc0-d2 .kadence-blocks-gallery-item .kb-gal-image-radius, .kb-gallery-id-4437_7fedc0-d2 .kb-slide-item .kb-gal-image-radius img{border-radius:0px 0px 0px 0px;;}.kb-gallery-wrap-id-4437_7fedc0-d2.wp-block-kadence-advancedgallery{overflow:visible;}.kb-gallery-wrap-id-4437_7fedc0-d2.wp-block-kadence-advancedgallery .kt-blocks-carousel{overflow:visible;max-width:100%;}<\/style><div class=\"kb-gallery-wrap-id-4437_7fedc0-d2 alignnone wp-block-kadence-advancedgallery\"><div class=\"kb-gallery-ul kb-gallery-non-static kb-gallery-type-fluidcarousel kb-gallery-id-4437_7fedc0-d2 kb-gallery-caption-style-bottom-hover kb-gallery-filter-none\" data-image-filter=\"none\" data-lightbox-caption=\"true\"><div class=\"kt-blocks-carousel splide kt-carousel-container-dotstyle-dark kt-carousel-arrowstyle-whiteondark kt-carousel-dotstyle-dark kb-slider-group-arrow kb-slider-arrow-position-center\" data-slider-anim-speed=\"400\" data-slider-scroll=\"1\" data-slider-arrows=\"true\" data-slider-dots=\"true\" data-slider-hover-pause=\"false\" data-slider-auto=\"\" data-slider-speed=\"7000\" data-slider-type=\"fluidcarousel\" data-slider-center-mode=\"true\" data-slider-gap=\"75px\" data-slider-gap-tablet=\"75px\" data-slider-gap-mobile=\"75px\" data-show-pause-button=\"false\"><div class=\"splide__track\"><ul class=\"kt-blocks-carousel-init kb-blocks-fluid-carousel splide__list\"><li class=\"kb-slide-item kb-gallery-carousel-item splide__slide\"><div class=\"kadence-blocks-gallery-item\"><div class=\"kadence-blocks-gallery-item-inner\"><figure class=\"kb-gallery-figure kadence-blocks-gallery-item-hide-caption\"><div class=\"kb-gal-image-radius\"><div class=\"kb-gallery-image-contain\" ><img loading=\"lazy\" decoding=\"async\" src=\"http:\/\/www.minhidrocarburos.gob.ve\/wp-content\/uploads\/2025\/07\/5177102279965257424.jpg\" width=\"800\" height=\"533\" alt=\"\" data-full-image=\"http:\/\/www.minhidrocarburos.gob.ve\/wp-content\/uploads\/2025\/07\/5177102279965257424.jpg\" data-light-image=\"http:\/\/www.minhidrocarburos.gob.ve\/wp-content\/uploads\/2025\/07\/5177102279965257424.jpg\" data-id=\"4440\" class=\"wp-image-4440 skip-lazy\" srcset=\"http:\/\/www.minhidrocarburos.gob.ve\/wp-content\/uploads\/2025\/07\/5177102279965257424.jpg 800w, http:\/\/www.minhidrocarburos.gob.ve\/wp-content\/uploads\/2025\/07\/5177102279965257424-300x200.jpg 300w, http:\/\/www.minhidrocarburos.gob.ve\/wp-content\/uploads\/2025\/07\/5177102279965257424-768x512.jpg 768w\" sizes=\"auto, (max-width: 800px) 100vw, 800px\" \/><\/div><\/div><\/figure><\/div><\/div><\/li><li class=\"kb-slide-item kb-gallery-carousel-item splide__slide\"><div class=\"kadence-blocks-gallery-item\"><div class=\"kadence-blocks-gallery-item-inner\"><figure class=\"kb-gallery-figure kadence-blocks-gallery-item-hide-caption\"><div class=\"kb-gal-image-radius\"><div class=\"kb-gallery-image-contain\" ><img loading=\"lazy\" decoding=\"async\" src=\"http:\/\/www.minhidrocarburos.gob.ve\/wp-content\/uploads\/2025\/07\/5177102279965257423.jpg\" width=\"1280\" height=\"853\" alt=\"\" data-full-image=\"http:\/\/www.minhidrocarburos.gob.ve\/wp-content\/uploads\/2025\/07\/5177102279965257423.jpg\" data-light-image=\"http:\/\/www.minhidrocarburos.gob.ve\/wp-content\/uploads\/2025\/07\/5177102279965257423.jpg\" data-id=\"4441\" class=\"wp-image-4441 skip-lazy\" srcset=\"http:\/\/www.minhidrocarburos.gob.ve\/wp-content\/uploads\/2025\/07\/5177102279965257423.jpg 1280w, http:\/\/www.minhidrocarburos.gob.ve\/wp-content\/uploads\/2025\/07\/5177102279965257423-300x200.jpg 300w, http:\/\/www.minhidrocarburos.gob.ve\/wp-content\/uploads\/2025\/07\/5177102279965257423-1024x682.jpg 1024w, http:\/\/www.minhidrocarburos.gob.ve\/wp-content\/uploads\/2025\/07\/5177102279965257423-768x512.jpg 768w, http:\/\/www.minhidrocarburos.gob.ve\/wp-content\/uploads\/2025\/07\/5177102279965257423-930x620.jpg 930w\" sizes=\"auto, (max-width: 1280px) 100vw, 1280px\" \/><\/div><\/div><\/figure><\/div><\/div><\/li><li class=\"kb-slide-item kb-gallery-carousel-item splide__slide\"><div class=\"kadence-blocks-gallery-item\"><div class=\"kadence-blocks-gallery-item-inner\"><figure class=\"kb-gallery-figure kadence-blocks-gallery-item-hide-caption\"><div class=\"kb-gal-image-radius\"><div class=\"kb-gallery-image-contain\" ><img loading=\"lazy\" decoding=\"async\" src=\"http:\/\/www.minhidrocarburos.gob.ve\/wp-content\/uploads\/2025\/07\/5177102279965257407.jpg\" width=\"1280\" height=\"853\" alt=\"\" data-full-image=\"http:\/\/www.minhidrocarburos.gob.ve\/wp-content\/uploads\/2025\/07\/5177102279965257407.jpg\" data-light-image=\"http:\/\/www.minhidrocarburos.gob.ve\/wp-content\/uploads\/2025\/07\/5177102279965257407.jpg\" data-id=\"4439\" class=\"wp-image-4439 skip-lazy\" srcset=\"http:\/\/www.minhidrocarburos.gob.ve\/wp-content\/uploads\/2025\/07\/5177102279965257407.jpg 1280w, http:\/\/www.minhidrocarburos.gob.ve\/wp-content\/uploads\/2025\/07\/5177102279965257407-300x200.jpg 300w, http:\/\/www.minhidrocarburos.gob.ve\/wp-content\/uploads\/2025\/07\/5177102279965257407-1024x682.jpg 1024w, http:\/\/www.minhidrocarburos.gob.ve\/wp-content\/uploads\/2025\/07\/5177102279965257407-768x512.jpg 768w, http:\/\/www.minhidrocarburos.gob.ve\/wp-content\/uploads\/2025\/07\/5177102279965257407-930x620.jpg 930w\" sizes=\"auto, (max-width: 1280px) 100vw, 1280px\" \/><\/div><\/div><\/figure><\/div><\/div><\/li><\/ul><\/div><\/div><\/div><\/div>\n\n\n<p><\/p>\n","protected":false},"excerpt":{"rendered":"<p>Caracas, 18 de julio de 2025.- A prop\u00f3sito de celebrar el D\u00eda del Ni\u00f1o, los hijos e hijas de los trabajadores de la industria de los hidrocarburos se trasladaron hacia el Centro de Convenciones La Carlota para experimentar de primera mano la \u201cExpo Sim\u00f3n de Ni\u00f1o a Libertador\u201d, una propuesta novedosa que busca cambiar la&hellip;&nbsp;<a href=\"http:\/\/www.minhidrocarburos.gob.ve\/index.php\/2025\/07\/22\/expo-simon-de-nino-a-libertador-recibio-a-la-juventud-petrolera-gasifera-y-petroquimica\/\" rel=\"bookmark\">Leer m\u00e1s &raquo;<span class=\"screen-reader-text\">Expo Sim\u00f3n de Ni\u00f1o a Libertador recibi\u00f3 a la juventud petrolera, gas\u00edfera y petroqu\u00edmica<\/span><\/a><\/p>\n","protected":false},"author":6,"featured_media":4438,"comment_status":"closed","ping_status":"closed","sticky":false,"template":"","format":"standard","meta":{"_editorskit_title_hidden":false,"_editorskit_reading_time":0,"_editorskit_is_block_options_detached":false,"_editorskit_block_options_position":"{}","neve_meta_sidebar":"","neve_meta_container":"","neve_meta_enable_content_width":"","neve_meta_content_width":0,"neve_meta_title_alignment":"","neve_meta_author_avatar":"","neve_post_elements_order":"","neve_meta_disable_header":"","neve_meta_disable_footer":"","neve_meta_disable_title":"","footnotes":""},"categories":[127,122,128],"tags":[],"class_list":["post-4437","post","type-post","status-publish","format-standard","has-post-thumbnail","hentry","category-noticias-2025","category-noticias_slider_24","category-noticias_slider_25"],"yoast_head":"<!-- This site is optimized with the Yoast SEO plugin v27.2 - https:\/\/yoast.com\/product\/yoast-seo-wordpress\/ -->\n<title>Expo Sim\u00f3n de Ni\u00f1o a Libertador recibi\u00f3 a la juventud petrolera, gas\u00edfera y petroqu\u00edmica - MinHidrocarburos<\/title>\n<meta name=\"robots\" content=\"index, follow, max-snippet:-1, max-image-preview:large, max-video-preview:-1\" \/>\n<link rel=\"canonical\" href=\"http:\/\/www.minhidrocarburos.gob.ve\/index.php\/2025\/07\/22\/expo-simon-de-nino-a-libertador-recibio-a-la-juventud-petrolera-gasifera-y-petroquimica\/\" \/>\n<meta property=\"og:locale\" content=\"es_ES\" \/>\n<meta property=\"og:type\" content=\"article\" \/>\n<meta property=\"og:title\" content=\"Expo Sim\u00f3n de Ni\u00f1o a Libertador recibi\u00f3 a la juventud petrolera, gas\u00edfera y petroqu\u00edmica - MinHidrocarburos\" \/>\n<meta property=\"og:description\" content=\"Caracas, 18 de julio de 2025.- A prop\u00f3sito de celebrar el D\u00eda del Ni\u00f1o, los hijos e hijas de los trabajadores de la industria de los hidrocarburos se trasladaron hacia el Centro de Convenciones La Carlota para experimentar de primera mano la \u201cExpo Sim\u00f3n de Ni\u00f1o a Libertador\u201d, una propuesta novedosa que busca cambiar la&hellip;&nbsp;Leer m\u00e1s &raquo;Expo Sim\u00f3n de Ni\u00f1o a Libertador recibi\u00f3 a la juventud petrolera, gas\u00edfera y petroqu\u00edmica\" \/>\n<meta property=\"og:url\" content=\"http:\/\/www.minhidrocarburos.gob.ve\/index.php\/2025\/07\/22\/expo-simon-de-nino-a-libertador-recibio-a-la-juventud-petrolera-gasifera-y-petroquimica\/\" \/>\n<meta property=\"og:site_name\" content=\"MinHidrocarburos\" \/>\n<meta property=\"article:published_time\" content=\"2025-07-22T14:06:46+00:00\" \/>\n<meta property=\"article:modified_time\" content=\"2025-07-22T14:06:48+00:00\" \/>\n<meta property=\"og:image\" content=\"http:\/\/www.minhidrocarburos.gob.ve\/wp-content\/uploads\/2025\/07\/5177102279965257418.jpg\" \/>\n\t<meta property=\"og:image:width\" content=\"800\" \/>\n\t<meta property=\"og:image:height\" content=\"533\" \/>\n\t<meta property=\"og:image:type\" content=\"image\/jpeg\" \/>\n<meta name=\"author\" content=\"Rafael Soto\" \/>\n<meta name=\"twitter:card\" content=\"summary_large_image\" \/>\n<meta name=\"twitter:label1\" content=\"Escrito por\" \/>\n\t<meta name=\"twitter:data1\" content=\"Rafael Soto\" \/>\n\t<meta name=\"twitter:label2\" content=\"Tiempo de lectura\" \/>\n\t<meta name=\"twitter:data2\" content=\"2 minutos\" \/>\n<script type=\"application\/ld+json\" class=\"yoast-schema-graph\">{\"@context\":\"https:\/\/schema.org\",\"@graph\":[{\"@type\":\"Article\",\"@id\":\"http:\/\/www.minhidrocarburos.gob.ve\/index.php\/2025\/07\/22\/expo-simon-de-nino-a-libertador-recibio-a-la-juventud-petrolera-gasifera-y-petroquimica\/#article\",\"isPartOf\":{\"@id\":\"http:\/\/www.minhidrocarburos.gob.ve\/index.php\/2025\/07\/22\/expo-simon-de-nino-a-libertador-recibio-a-la-juventud-petrolera-gasifera-y-petroquimica\/\"},\"author\":{\"name\":\"Rafael Soto\",\"@id\":\"http:\/\/www.minhidrocarburos.gob.ve\/#\/schema\/person\/8e0af0506e7a69049237fccec85d590d\"},\"headline\":\"Expo Sim\u00f3n de Ni\u00f1o a Libertador recibi\u00f3 a la juventud petrolera, gas\u00edfera y petroqu\u00edmica\",\"datePublished\":\"2025-07-22T14:06:46+00:00\",\"dateModified\":\"2025-07-22T14:06:48+00:00\",\"mainEntityOfPage\":{\"@id\":\"http:\/\/www.minhidrocarburos.gob.ve\/index.php\/2025\/07\/22\/expo-simon-de-nino-a-libertador-recibio-a-la-juventud-petrolera-gasifera-y-petroquimica\/\"},\"wordCount\":343,\"publisher\":{\"@id\":\"http:\/\/www.minhidrocarburos.gob.ve\/#organization\"},\"image\":{\"@id\":\"http:\/\/www.minhidrocarburos.gob.ve\/index.php\/2025\/07\/22\/expo-simon-de-nino-a-libertador-recibio-a-la-juventud-petrolera-gasifera-y-petroquimica\/#primaryimage\"},\"thumbnailUrl\":\"http:\/\/www.minhidrocarburos.gob.ve\/wp-content\/uploads\/2025\/07\/5177102279965257418.jpg\",\"articleSection\":[\"Noticias 2025\",\"Noticias_Slider_24\",\"Noticias_Slider_25\"],\"inLanguage\":\"es\"},{\"@type\":\"WebPage\",\"@id\":\"http:\/\/www.minhidrocarburos.gob.ve\/index.php\/2025\/07\/22\/expo-simon-de-nino-a-libertador-recibio-a-la-juventud-petrolera-gasifera-y-petroquimica\/\",\"url\":\"http:\/\/www.minhidrocarburos.gob.ve\/index.php\/2025\/07\/22\/expo-simon-de-nino-a-libertador-recibio-a-la-juventud-petrolera-gasifera-y-petroquimica\/\",\"name\":\"Expo Sim\u00f3n de Ni\u00f1o a Libertador recibi\u00f3 a la juventud petrolera, gas\u00edfera y petroqu\u00edmica - MinHidrocarburos\",\"isPartOf\":{\"@id\":\"http:\/\/www.minhidrocarburos.gob.ve\/#website\"},\"primaryImageOfPage\":{\"@id\":\"http:\/\/www.minhidrocarburos.gob.ve\/index.php\/2025\/07\/22\/expo-simon-de-nino-a-libertador-recibio-a-la-juventud-petrolera-gasifera-y-petroquimica\/#primaryimage\"},\"image\":{\"@id\":\"http:\/\/www.minhidrocarburos.gob.ve\/index.php\/2025\/07\/22\/expo-simon-de-nino-a-libertador-recibio-a-la-juventud-petrolera-gasifera-y-petroquimica\/#primaryimage\"},\"thumbnailUrl\":\"http:\/\/www.minhidrocarburos.gob.ve\/wp-content\/uploads\/2025\/07\/5177102279965257418.jpg\",\"datePublished\":\"2025-07-22T14:06:46+00:00\",\"dateModified\":\"2025-07-22T14:06:48+00:00\",\"inLanguage\":\"es\",\"potentialAction\":[{\"@type\":\"ReadAction\",\"target\":[\"http:\/\/www.minhidrocarburos.gob.ve\/index.php\/2025\/07\/22\/expo-simon-de-nino-a-libertador-recibio-a-la-juventud-petrolera-gasifera-y-petroquimica\/\"]}]},{\"@type\":\"ImageObject\",\"inLanguage\":\"es\",\"@id\":\"http:\/\/www.minhidrocarburos.gob.ve\/index.php\/2025\/07\/22\/expo-simon-de-nino-a-libertador-recibio-a-la-juventud-petrolera-gasifera-y-petroquimica\/#primaryimage\",\"url\":\"http:\/\/www.minhidrocarburos.gob.ve\/wp-content\/uploads\/2025\/07\/5177102279965257418.jpg\",\"contentUrl\":\"http:\/\/www.minhidrocarburos.gob.ve\/wp-content\/uploads\/2025\/07\/5177102279965257418.jpg\",\"width\":800,\"height\":533},{\"@type\":\"WebSite\",\"@id\":\"http:\/\/www.minhidrocarburos.gob.ve\/#website\",\"url\":\"http:\/\/www.minhidrocarburos.gob.ve\/\",\"name\":\"Minhidrocarburos\",\"description\":\"Regulaci\u00f3n, formulaci\u00f3n y seguimiento de pol\u00edticas; la planificaci\u00f3n, realizaci\u00f3n y fiscalizaci\u00f3n en materia de hidrocarburos\",\"publisher\":{\"@id\":\"http:\/\/www.minhidrocarburos.gob.ve\/#organization\"},\"potentialAction\":[{\"@type\":\"SearchAction\",\"target\":{\"@type\":\"EntryPoint\",\"urlTemplate\":\"http:\/\/www.minhidrocarburos.gob.ve\/?s={search_term_string}\"},\"query-input\":{\"@type\":\"PropertyValueSpecification\",\"valueRequired\":true,\"valueName\":\"search_term_string\"}}],\"inLanguage\":\"es\"},{\"@type\":\"Organization\",\"@id\":\"http:\/\/www.minhidrocarburos.gob.ve\/#organization\",\"name\":\"Ministerio del Poder Popular de Hidrocarburos\",\"url\":\"http:\/\/www.minhidrocarburos.gob.ve\/\",\"logo\":{\"@type\":\"ImageObject\",\"inLanguage\":\"es\",\"@id\":\"http:\/\/www.minhidrocarburos.gob.ve\/#\/schema\/logo\/image\/\",\"url\":\"http:\/\/www.minhidrocarburos.gob.ve\/wp-content\/uploads\/2024\/12\/Ministerio_de_Hidrocarburos.png\",\"contentUrl\":\"http:\/\/www.minhidrocarburos.gob.ve\/wp-content\/uploads\/2024\/12\/Ministerio_de_Hidrocarburos.png\",\"width\":2320,\"height\":324,\"caption\":\"Ministerio del Poder Popular de Hidrocarburos\"},\"image\":{\"@id\":\"http:\/\/www.minhidrocarburos.gob.ve\/#\/schema\/logo\/image\/\"}},{\"@type\":\"Person\",\"@id\":\"http:\/\/www.minhidrocarburos.gob.ve\/#\/schema\/person\/8e0af0506e7a69049237fccec85d590d\",\"name\":\"Rafael Soto\",\"image\":{\"@type\":\"ImageObject\",\"inLanguage\":\"es\",\"@id\":\"https:\/\/secure.gravatar.com\/avatar\/b7e96d7e31898c488b4465d38771db8c897b547b3459b93fec70e40690f0e965?s=96&d=mm&r=g\",\"url\":\"https:\/\/secure.gravatar.com\/avatar\/b7e96d7e31898c488b4465d38771db8c897b547b3459b93fec70e40690f0e965?s=96&d=mm&r=g\",\"contentUrl\":\"https:\/\/secure.gravatar.com\/avatar\/b7e96d7e31898c488b4465d38771db8c897b547b3459b93fec70e40690f0e965?s=96&d=mm&r=g\",\"caption\":\"Rafael Soto\"},\"url\":\"http:\/\/www.minhidrocarburos.gob.ve\/index.php\/author\/rafsoto\/\"}]}<\/script>\n<!-- \/ Yoast SEO plugin. -->","yoast_head_json":{"title":"Expo Sim\u00f3n de Ni\u00f1o a Libertador recibi\u00f3 a la juventud petrolera, gas\u00edfera y petroqu\u00edmica - MinHidrocarburos","robots":{"index":"index","follow":"follow","max-snippet":"max-snippet:-1","max-image-preview":"max-image-preview:large","max-video-preview":"max-video-preview:-1"},"canonical":"http:\/\/www.minhidrocarburos.gob.ve\/index.php\/2025\/07\/22\/expo-simon-de-nino-a-libertador-recibio-a-la-juventud-petrolera-gasifera-y-petroquimica\/","og_locale":"es_ES","og_type":"article","og_title":"Expo Sim\u00f3n de Ni\u00f1o a Libertador recibi\u00f3 a la juventud petrolera, gas\u00edfera y petroqu\u00edmica - MinHidrocarburos","og_description":"Caracas, 18 de julio de 2025.- A prop\u00f3sito de celebrar el D\u00eda del Ni\u00f1o, los hijos e hijas de los trabajadores de la industria de los hidrocarburos se trasladaron hacia el Centro de Convenciones La Carlota para experimentar de primera mano la \u201cExpo Sim\u00f3n de Ni\u00f1o a Libertador\u201d, una propuesta novedosa que busca cambiar la&hellip;&nbsp;Leer m\u00e1s &raquo;Expo Sim\u00f3n de Ni\u00f1o a Libertador recibi\u00f3 a la juventud petrolera, gas\u00edfera y petroqu\u00edmica","og_url":"http:\/\/www.minhidrocarburos.gob.ve\/index.php\/2025\/07\/22\/expo-simon-de-nino-a-libertador-recibio-a-la-juventud-petrolera-gasifera-y-petroquimica\/","og_site_name":"MinHidrocarburos","article_published_time":"2025-07-22T14:06:46+00:00","article_modified_time":"2025-07-22T14:06:48+00:00","og_image":[{"width":800,"height":533,"url":"http:\/\/www.minhidrocarburos.gob.ve\/wp-content\/uploads\/2025\/07\/5177102279965257418.jpg","type":"image\/jpeg"}],"author":"Rafael Soto","twitter_card":"summary_large_image","twitter_misc":{"Escrito por":"Rafael Soto","Tiempo de lectura":"2 minutos"},"schema":{"@context":"https:\/\/schema.org","@graph":[{"@type":"Article","@id":"http:\/\/www.minhidrocarburos.gob.ve\/index.php\/2025\/07\/22\/expo-simon-de-nino-a-libertador-recibio-a-la-juventud-petrolera-gasifera-y-petroquimica\/#article","isPartOf":{"@id":"http:\/\/www.minhidrocarburos.gob.ve\/index.php\/2025\/07\/22\/expo-simon-de-nino-a-libertador-recibio-a-la-juventud-petrolera-gasifera-y-petroquimica\/"},"author":{"name":"Rafael Soto","@id":"http:\/\/www.minhidrocarburos.gob.ve\/#\/schema\/person\/8e0af0506e7a69049237fccec85d590d"},"headline":"Expo Sim\u00f3n de Ni\u00f1o a Libertador recibi\u00f3 a la juventud petrolera, gas\u00edfera y petroqu\u00edmica","datePublished":"2025-07-22T14:06:46+00:00","dateModified":"2025-07-22T14:06:48+00:00","mainEntityOfPage":{"@id":"http:\/\/www.minhidrocarburos.gob.ve\/index.php\/2025\/07\/22\/expo-simon-de-nino-a-libertador-recibio-a-la-juventud-petrolera-gasifera-y-petroquimica\/"},"wordCount":343,"publisher":{"@id":"http:\/\/www.minhidrocarburos.gob.ve\/#organization"},"image":{"@id":"http:\/\/www.minhidrocarburos.gob.ve\/index.php\/2025\/07\/22\/expo-simon-de-nino-a-libertador-recibio-a-la-juventud-petrolera-gasifera-y-petroquimica\/#primaryimage"},"thumbnailUrl":"http:\/\/www.minhidrocarburos.gob.ve\/wp-content\/uploads\/2025\/07\/5177102279965257418.jpg","articleSection":["Noticias 2025","Noticias_Slider_24","Noticias_Slider_25"],"inLanguage":"es"},{"@type":"WebPage","@id":"http:\/\/www.minhidrocarburos.gob.ve\/index.php\/2025\/07\/22\/expo-simon-de-nino-a-libertador-recibio-a-la-juventud-petrolera-gasifera-y-petroquimica\/","url":"http:\/\/www.minhidrocarburos.gob.ve\/index.php\/2025\/07\/22\/expo-simon-de-nino-a-libertador-recibio-a-la-juventud-petrolera-gasifera-y-petroquimica\/","name":"Expo Sim\u00f3n de Ni\u00f1o a Libertador recibi\u00f3 a la juventud petrolera, gas\u00edfera y petroqu\u00edmica - MinHidrocarburos","isPartOf":{"@id":"http:\/\/www.minhidrocarburos.gob.ve\/#website"},"primaryImageOfPage":{"@id":"http:\/\/www.minhidrocarburos.gob.ve\/index.php\/2025\/07\/22\/expo-simon-de-nino-a-libertador-recibio-a-la-juventud-petrolera-gasifera-y-petroquimica\/#primaryimage"},"image":{"@id":"http:\/\/www.minhidrocarburos.gob.ve\/index.php\/2025\/07\/22\/expo-simon-de-nino-a-libertador-recibio-a-la-juventud-petrolera-gasifera-y-petroquimica\/#primaryimage"},"thumbnailUrl":"http:\/\/www.minhidrocarburos.gob.ve\/wp-content\/uploads\/2025\/07\/5177102279965257418.jpg","datePublished":"2025-07-22T14:06:46+00:00","dateModified":"2025-07-22T14:06:48+00:00","inLanguage":"es","potentialAction":[{"@type":"ReadAction","target":["http:\/\/www.minhidrocarburos.gob.ve\/index.php\/2025\/07\/22\/expo-simon-de-nino-a-libertador-recibio-a-la-juventud-petrolera-gasifera-y-petroquimica\/"]}]},{"@type":"ImageObject","inLanguage":"es","@id":"http:\/\/www.minhidrocarburos.gob.ve\/index.php\/2025\/07\/22\/expo-simon-de-nino-a-libertador-recibio-a-la-juventud-petrolera-gasifera-y-petroquimica\/#primaryimage","url":"http:\/\/www.minhidrocarburos.gob.ve\/wp-content\/uploads\/2025\/07\/5177102279965257418.jpg","contentUrl":"http:\/\/www.minhidrocarburos.gob.ve\/wp-content\/uploads\/2025\/07\/5177102279965257418.jpg","width":800,"height":533},{"@type":"WebSite","@id":"http:\/\/www.minhidrocarburos.gob.ve\/#website","url":"http:\/\/www.minhidrocarburos.gob.ve\/","name":"Minhidrocarburos","description":"Regulaci\u00f3n, formulaci\u00f3n y seguimiento de pol\u00edticas; la planificaci\u00f3n, realizaci\u00f3n y fiscalizaci\u00f3n en materia de hidrocarburos","publisher":{"@id":"http:\/\/www.minhidrocarburos.gob.ve\/#organization"},"potentialAction":[{"@type":"SearchAction","target":{"@type":"EntryPoint","urlTemplate":"http:\/\/www.minhidrocarburos.gob.ve\/?s={search_term_string}"},"query-input":{"@type":"PropertyValueSpecification","valueRequired":true,"valueName":"search_term_string"}}],"inLanguage":"es"},{"@type":"Organization","@id":"http:\/\/www.minhidrocarburos.gob.ve\/#organization","name":"Ministerio del Poder Popular de Hidrocarburos","url":"http:\/\/www.minhidrocarburos.gob.ve\/","logo":{"@type":"ImageObject","inLanguage":"es","@id":"http:\/\/www.minhidrocarburos.gob.ve\/#\/schema\/logo\/image\/","url":"http:\/\/www.minhidrocarburos.gob.ve\/wp-content\/uploads\/2024\/12\/Ministerio_de_Hidrocarburos.png","contentUrl":"http:\/\/www.minhidrocarburos.gob.ve\/wp-content\/uploads\/2024\/12\/Ministerio_de_Hidrocarburos.png","width":2320,"height":324,"caption":"Ministerio del Poder Popular de Hidrocarburos"},"image":{"@id":"http:\/\/www.minhidrocarburos.gob.ve\/#\/schema\/logo\/image\/"}},{"@type":"Person","@id":"http:\/\/www.minhidrocarburos.gob.ve\/#\/schema\/person\/8e0af0506e7a69049237fccec85d590d","name":"Rafael Soto","image":{"@type":"ImageObject","inLanguage":"es","@id":"https:\/\/secure.gravatar.com\/avatar\/b7e96d7e31898c488b4465d38771db8c897b547b3459b93fec70e40690f0e965?s=96&d=mm&r=g","url":"https:\/\/secure.gravatar.com\/avatar\/b7e96d7e31898c488b4465d38771db8c897b547b3459b93fec70e40690f0e965?s=96&d=mm&r=g","contentUrl":"https:\/\/secure.gravatar.com\/avatar\/b7e96d7e31898c488b4465d38771db8c897b547b3459b93fec70e40690f0e965?s=96&d=mm&r=g","caption":"Rafael Soto"},"url":"http:\/\/www.minhidrocarburos.gob.ve\/index.php\/author\/rafsoto\/"}]}},"_links":{"self":[{"href":"http:\/\/www.minhidrocarburos.gob.ve\/index.php\/wp-json\/wp\/v2\/posts\/4437","targetHints":{"allow":["GET"]}}],"collection":[{"href":"http:\/\/www.minhidrocarburos.gob.ve\/index.php\/wp-json\/wp\/v2\/posts"}],"about":[{"href":"http:\/\/www.minhidrocarburos.gob.ve\/index.php\/wp-json\/wp\/v2\/types\/post"}],"author":[{"embeddable":true,"href":"http:\/\/www.minhidrocarburos.gob.ve\/index.php\/wp-json\/wp\/v2\/users\/6"}],"replies":[{"embeddable":true,"href":"http:\/\/www.minhidrocarburos.gob.ve\/index.php\/wp-json\/wp\/v2\/comments?post=4437"}],"version-history":[{"count":7,"href":"http:\/\/www.minhidrocarburos.gob.ve\/index.php\/wp-json\/wp\/v2\/posts\/4437\/revisions"}],"predecessor-version":[{"id":4450,"href":"http:\/\/www.minhidrocarburos.gob.ve\/index.php\/wp-json\/wp\/v2\/posts\/4437\/revisions\/4450"}],"wp:featuredmedia":[{"embeddable":true,"href":"http:\/\/www.minhidrocarburos.gob.ve\/index.php\/wp-json\/wp\/v2\/media\/4438"}],"wp:attachment":[{"href":"http:\/\/www.minhidrocarburos.gob.ve\/index.php\/wp-json\/wp\/v2\/media?parent=4437"}],"wp:term":[{"taxonomy":"category","embeddable":true,"href":"http:\/\/www.minhidrocarburos.gob.ve\/index.php\/wp-json\/wp\/v2\/categories?post=4437"},{"taxonomy":"post_tag","embeddable":true,"href":"http:\/\/www.minhidrocarburos.gob.ve\/index.php\/wp-json\/wp\/v2\/tags?post=4437"}],"curies":[{"name":"wp","href":"https:\/\/api.w.org\/{rel}","templated":true}]}}