

{"id":4516,"date":"2025-08-29T16:11:27","date_gmt":"2025-08-29T20:11:27","guid":{"rendered":"http:\/\/www.minhidrocarburos.gob.ve\/?p=4516"},"modified":"2025-08-29T16:16:46","modified_gmt":"2025-08-29T20:16:46","slug":"ministra-rodriguez-celebro-la-participacion-de-la-fuerza-laboral-del-sector-hidrocarburos-en-la-jornada-de-alistamiento-militar","status":"publish","type":"post","link":"http:\/\/www.minhidrocarburos.gob.ve\/index.php\/2025\/08\/29\/ministra-rodriguez-celebro-la-participacion-de-la-fuerza-laboral-del-sector-hidrocarburos-en-la-jornada-de-alistamiento-militar\/","title":{"rendered":"Ministra Rodr\u00edguez celebr\u00f3 la participaci\u00f3n de la fuerza laboral del sector hidrocarburos en la jornada de alistamiento militar"},"content":{"rendered":"\n<p><strong>Caracas, 29 de Agosto de 2025<\/strong>-. Desde las instalaciones de la refiner\u00eda El Palito, ubicada en el estado Carabobo, la ministra del Poder Popular de Hidrocarburos, Delcy Rodr\u00edguez, resalt\u00f3 la elevada conciencia y participaci\u00f3n de los trabajadores de Petr\u00f3leos de Venezuela, Pequiven, PDVSA Vassa, \u00aby de las distintas empresas que conforman el conglomerado energ\u00e9tico de la industria de los hidrocarburos de Venezuela\u00bb en la jornada de alistamiento convocada por el presidente Nicol\u00e1s Maduro para enfrentar las amenazas imperialistas de Estados Unidos.<\/p>\n\n\n\n<p>La ministra Rodr\u00edguez se\u00f1al\u00f3 que los trabajadores y las trabajadoras \u201ctienen alta conciencia de lo que significa defender a nuestra patria. Y hoy estamos atendiendo el llamado al alistamiento, la convocatoria a filas que ha hecho el presidente Nicol\u00e1s Maduro. \u00bfPara qu\u00e9? Para estar listos, prestos, a defender a Venezuela frente a lo que ha sido una de las calumnias m\u00e1s terribles para justificar una intervenci\u00f3n\u201d, recalc\u00f3.<\/p>\n\n\n\n<p>Explic\u00f3 que la excusa de un narcoestado es \u201cun patr\u00f3n hist\u00f3rico de los Estados Unidos para intervenir pa\u00edses\u201d que no le son afines ideol\u00f3gicamente, as\u00ed como intentar robarse los recursos materiales de esas naciones, agregando: \u201cVenezuela sabe, por eso es tan importante, el alistamiento de los trabajadores de las industrias de los hidrocarburos\u201d.<\/p>\n\n\n\n<p>Cabe destacar que la ministra Rodr\u00edguez manifest\u00f3 que, adem\u00e1s, la fuerza laboral petrolera ha reflexionado pol\u00edticamente sobre la importancia de que Venezuela tenga las mayores reservas petroleras y gas\u00edferas del mundo por lo que est\u00e1n dispuestos a defenderlas: \u201caqu\u00ed est\u00e1n los trabajadores y las trabajadoras diciendo yo estoy listo, yo estoy lista. \u00bfPara qu\u00e9? Para defender la paz, para defender la tranquilidad\u201d.<\/p>\n\n\n\n<p>Al respecto, inform\u00f3 que Gabinete Ejecutivo del presidente Nicol\u00e1s Maduro estar\u00e1 desplegado en esta jornada de alistamiento junto con la milicia trabajadora, todo el d\u00eda viernes y tambi\u00e9n el s\u00e1bado en 1.167 puntos dispuestos en todo el territorio nacional: \u201cEstaremos desplegados para decir yo estoy listo, para garantizar los procesos productivos, que nada detenga a Venezuela, que nada detenga su camino al crecimiento, a la prosperidad\u201d.<\/p>\n\n\n\n<p>Rodr\u00edguez transmiti\u00f3 el saludo del presidente Maduro a los trabajadores y \u201cnuestro agradecimiento, porque yo s\u00e9 que el esp\u00edritu que hay en la clase trabajadora de todas nuestras empresas es acompa\u00f1ar al presidente Maduro en cualquier circunstancia que se presente para defender al pa\u00eds, para defender a Venezuela\u201d.<\/p>\n\n\n\n<p>La tambi\u00e9n vicepresidenta Ejecutiva de la Rep\u00fablica estuvo acompa\u00f1ada por el gobernador del estado Carabobo, Rafael Lacava y del presidente de la Central Bolivariana Socialista de Trabajadores y de la Federaci\u00f3n \u00danica de Trabajadores de Venezuela, Wills Rangel.<\/p>\n\n\n\n<p>La Refiner\u00eda El Palito es uno de los principales complejos para la refinaci\u00f3n del petr\u00f3leo en Venezuela, ubicada en el municipio Puerto Cabello, cerca de la poblaci\u00f3n de El Palito en el estado Carabobo.<\/p>\n\n\n<style>.wp-block-kadence-advancedgallery.kb-gallery-wrap-id-4516_ac55f9-eb{overflow:hidden;}.kb-gallery-id-4516_ac55f9-eb .kadence-blocks-gallery-item .kb-gal-image-radius, .kb-gallery-id-4516_ac55f9-eb .kb-slide-item .kb-gal-image-radius img{border-radius:0px 0px 0px 0px;;}.kb-gallery-wrap-id-4516_ac55f9-eb.wp-block-kadence-advancedgallery{overflow:visible;}.kb-gallery-wrap-id-4516_ac55f9-eb.wp-block-kadence-advancedgallery .kt-blocks-carousel{overflow:visible;}<\/style><div class=\"kb-gallery-wrap-id-4516_ac55f9-eb alignnone wp-block-kadence-advancedgallery\"><div class=\"kb-gallery-ul kb-gallery-non-static kb-gallery-type-carousel kb-gallery-id-4516_ac55f9-eb kb-gallery-caption-style-bottom-hover kb-gallery-filter-none\" data-image-filter=\"none\" data-lightbox-caption=\"true\"><div class=\"kt-blocks-carousel splide kt-carousel-container-dotstyle-dark kt-carousel-arrowstyle-whiteondark kt-carousel-dotstyle-dark kb-slider-group-arrow kb-slider-arrow-position-center\" data-columns-xxl=\"3\" data-columns-xl=\"3\" data-columns-md=\"3\" data-columns-sm=\"2\" data-columns-xs=\"1\" data-columns-ss=\"1\" data-slider-anim-speed=\"400\" data-slider-scroll=\"1\" data-slider-arrows=\"true\" data-slider-dots=\"true\" data-slider-hover-pause=\"false\" data-slider-auto=\"\" data-slider-speed=\"7000\" data-slider-gap=\"10px\" data-slider-gap-tablet=\"10px\" data-slider-gap-mobile=\"10px\" data-show-pause-button=\"false\" data-slider-label=\"Photo Gallery Carousel\"><div class=\"splide__track\"><ul class=\"kt-blocks-carousel-init kb-gallery-carousel splide__list\"><li class=\"kb-slide-item kb-gallery-carousel-item splide__slide\"><div class=\"kadence-blocks-gallery-item\"><div class=\"kadence-blocks-gallery-item-inner\"><figure class=\"kb-gallery-figure kadence-blocks-gallery-item-hide-caption\"><div class=\"kb-gal-image-radius\"><div class=\"kb-gallery-image-contain kadence-blocks-gallery-intrinsic kb-gallery-image-ratio-land32 kb-has-image-ratio-land32\" ><img loading=\"lazy\" decoding=\"async\" src=\"http:\/\/www.minhidrocarburos.gob.ve\/wp-content\/uploads\/2025\/08\/alistamiento-2.png\" width=\"500\" height=\"398\" alt=\"\" data-full-image=\"http:\/\/www.minhidrocarburos.gob.ve\/wp-content\/uploads\/2025\/08\/alistamiento-2.png\" data-light-image=\"http:\/\/www.minhidrocarburos.gob.ve\/wp-content\/uploads\/2025\/08\/alistamiento-2.png\" data-id=\"4517\" class=\"wp-image-4517 skip-lazy\" srcset=\"http:\/\/www.minhidrocarburos.gob.ve\/wp-content\/uploads\/2025\/08\/alistamiento-2.png 500w, http:\/\/www.minhidrocarburos.gob.ve\/wp-content\/uploads\/2025\/08\/alistamiento-2-300x239.png 300w\" sizes=\"auto, (max-width: 500px) 100vw, 500px\" \/><\/div><\/div><\/figure><\/div><\/div><\/li><li class=\"kb-slide-item kb-gallery-carousel-item splide__slide\"><div class=\"kadence-blocks-gallery-item\"><div class=\"kadence-blocks-gallery-item-inner\"><figure class=\"kb-gallery-figure kadence-blocks-gallery-item-hide-caption\"><div class=\"kb-gal-image-radius\"><div class=\"kb-gallery-image-contain kadence-blocks-gallery-intrinsic kb-gallery-image-ratio-land32 kb-has-image-ratio-land32\" ><img loading=\"lazy\" decoding=\"async\" src=\"http:\/\/www.minhidrocarburos.gob.ve\/wp-content\/uploads\/2025\/08\/alistamiento-3.png\" width=\"500\" height=\"398\" alt=\"\" data-full-image=\"http:\/\/www.minhidrocarburos.gob.ve\/wp-content\/uploads\/2025\/08\/alistamiento-3.png\" data-light-image=\"http:\/\/www.minhidrocarburos.gob.ve\/wp-content\/uploads\/2025\/08\/alistamiento-3.png\" data-id=\"4518\" class=\"wp-image-4518 skip-lazy\" srcset=\"http:\/\/www.minhidrocarburos.gob.ve\/wp-content\/uploads\/2025\/08\/alistamiento-3.png 500w, http:\/\/www.minhidrocarburos.gob.ve\/wp-content\/uploads\/2025\/08\/alistamiento-3-300x239.png 300w\" sizes=\"auto, (max-width: 500px) 100vw, 500px\" \/><\/div><\/div><\/figure><\/div><\/div><\/li><li class=\"kb-slide-item kb-gallery-carousel-item splide__slide\"><div class=\"kadence-blocks-gallery-item\"><div class=\"kadence-blocks-gallery-item-inner\"><figure class=\"kb-gallery-figure kadence-blocks-gallery-item-hide-caption\"><div class=\"kb-gal-image-radius\"><div class=\"kb-gallery-image-contain kadence-blocks-gallery-intrinsic kb-gallery-image-ratio-land32 kb-has-image-ratio-land32\" ><img loading=\"lazy\" decoding=\"async\" src=\"http:\/\/www.minhidrocarburos.gob.ve\/wp-content\/uploads\/2025\/08\/alistamiento-1.png\" width=\"495\" height=\"398\" alt=\"\" data-full-image=\"http:\/\/www.minhidrocarburos.gob.ve\/wp-content\/uploads\/2025\/08\/alistamiento-1.png\" data-light-image=\"http:\/\/www.minhidrocarburos.gob.ve\/wp-content\/uploads\/2025\/08\/alistamiento-1.png\" data-id=\"4519\" class=\"wp-image-4519 skip-lazy\" srcset=\"http:\/\/www.minhidrocarburos.gob.ve\/wp-content\/uploads\/2025\/08\/alistamiento-1.png 495w, http:\/\/www.minhidrocarburos.gob.ve\/wp-content\/uploads\/2025\/08\/alistamiento-1-300x241.png 300w\" sizes=\"auto, (max-width: 495px) 100vw, 495px\" \/><\/div><\/div><\/figure><\/div><\/div><\/li><li class=\"kb-slide-item kb-gallery-carousel-item splide__slide\"><div class=\"kadence-blocks-gallery-item\"><div class=\"kadence-blocks-gallery-item-inner\"><figure class=\"kb-gallery-figure kadence-blocks-gallery-item-hide-caption\"><div class=\"kb-gal-image-radius\"><div class=\"kb-gallery-image-contain kadence-blocks-gallery-intrinsic kb-gallery-image-ratio-land32 kb-has-image-ratio-land32\" ><img loading=\"lazy\" decoding=\"async\" src=\"http:\/\/www.minhidrocarburos.gob.ve\/wp-content\/uploads\/2025\/08\/alistamiento-4.png\" width=\"500\" height=\"395\" alt=\"\" data-full-image=\"http:\/\/www.minhidrocarburos.gob.ve\/wp-content\/uploads\/2025\/08\/alistamiento-4.png\" data-light-image=\"http:\/\/www.minhidrocarburos.gob.ve\/wp-content\/uploads\/2025\/08\/alistamiento-4.png\" data-id=\"4520\" class=\"wp-image-4520 skip-lazy\" srcset=\"http:\/\/www.minhidrocarburos.gob.ve\/wp-content\/uploads\/2025\/08\/alistamiento-4.png 500w, http:\/\/www.minhidrocarburos.gob.ve\/wp-content\/uploads\/2025\/08\/alistamiento-4-300x237.png 300w\" sizes=\"auto, (max-width: 500px) 100vw, 500px\" \/><\/div><\/div><\/figure><\/div><\/div><\/li><li class=\"kb-slide-item kb-gallery-carousel-item splide__slide\"><div class=\"kadence-blocks-gallery-item\"><div class=\"kadence-blocks-gallery-item-inner\"><figure class=\"kb-gallery-figure kadence-blocks-gallery-item-hide-caption\"><div class=\"kb-gal-image-radius\"><div class=\"kb-gallery-image-contain kadence-blocks-gallery-intrinsic kb-gallery-image-ratio-land32 kb-has-image-ratio-land32\" ><img loading=\"lazy\" decoding=\"async\" src=\"http:\/\/www.minhidrocarburos.gob.ve\/wp-content\/uploads\/2025\/08\/alistamiento-6.png\" width=\"491\" height=\"395\" alt=\"\" data-full-image=\"http:\/\/www.minhidrocarburos.gob.ve\/wp-content\/uploads\/2025\/08\/alistamiento-6.png\" data-light-image=\"http:\/\/www.minhidrocarburos.gob.ve\/wp-content\/uploads\/2025\/08\/alistamiento-6.png\" data-id=\"4521\" class=\"wp-image-4521 skip-lazy\" srcset=\"http:\/\/www.minhidrocarburos.gob.ve\/wp-content\/uploads\/2025\/08\/alistamiento-6.png 491w, http:\/\/www.minhidrocarburos.gob.ve\/wp-content\/uploads\/2025\/08\/alistamiento-6-300x241.png 300w\" sizes=\"auto, (max-width: 491px) 100vw, 491px\" \/><\/div><\/div><\/figure><\/div><\/div><\/li><li class=\"kb-slide-item kb-gallery-carousel-item splide__slide\"><div class=\"kadence-blocks-gallery-item\"><div class=\"kadence-blocks-gallery-item-inner\"><figure class=\"kb-gallery-figure kadence-blocks-gallery-item-hide-caption\"><div class=\"kb-gal-image-radius\"><div class=\"kb-gallery-image-contain kadence-blocks-gallery-intrinsic kb-gallery-image-ratio-land32 kb-has-image-ratio-land32\" ><img loading=\"lazy\" decoding=\"async\" src=\"http:\/\/www.minhidrocarburos.gob.ve\/wp-content\/uploads\/2025\/08\/alistamiento-7.png\" width=\"494\" height=\"389\" alt=\"\" data-full-image=\"http:\/\/www.minhidrocarburos.gob.ve\/wp-content\/uploads\/2025\/08\/alistamiento-7.png\" data-light-image=\"http:\/\/www.minhidrocarburos.gob.ve\/wp-content\/uploads\/2025\/08\/alistamiento-7.png\" data-id=\"4522\" class=\"wp-image-4522 skip-lazy\" srcset=\"http:\/\/www.minhidrocarburos.gob.ve\/wp-content\/uploads\/2025\/08\/alistamiento-7.png 494w, http:\/\/www.minhidrocarburos.gob.ve\/wp-content\/uploads\/2025\/08\/alistamiento-7-300x236.png 300w\" sizes=\"auto, (max-width: 494px) 100vw, 494px\" \/><\/div><\/div><\/figure><\/div><\/div><\/li><li class=\"kb-slide-item kb-gallery-carousel-item splide__slide\"><div class=\"kadence-blocks-gallery-item\"><div class=\"kadence-blocks-gallery-item-inner\"><figure class=\"kb-gallery-figure kadence-blocks-gallery-item-hide-caption\"><div class=\"kb-gal-image-radius\"><div class=\"kb-gallery-image-contain kadence-blocks-gallery-intrinsic kb-gallery-image-ratio-land32 kb-has-image-ratio-land32\" ><img loading=\"lazy\" decoding=\"async\" src=\"http:\/\/www.minhidrocarburos.gob.ve\/wp-content\/uploads\/2025\/08\/alistamiento-8.png\" width=\"499\" height=\"396\" alt=\"\" data-full-image=\"http:\/\/www.minhidrocarburos.gob.ve\/wp-content\/uploads\/2025\/08\/alistamiento-8.png\" data-light-image=\"http:\/\/www.minhidrocarburos.gob.ve\/wp-content\/uploads\/2025\/08\/alistamiento-8.png\" data-id=\"4523\" class=\"wp-image-4523 skip-lazy\" srcset=\"http:\/\/www.minhidrocarburos.gob.ve\/wp-content\/uploads\/2025\/08\/alistamiento-8.png 499w, http:\/\/www.minhidrocarburos.gob.ve\/wp-content\/uploads\/2025\/08\/alistamiento-8-300x238.png 300w\" sizes=\"auto, (max-width: 499px) 100vw, 499px\" \/><\/div><\/div><\/figure><\/div><\/div><\/li><\/ul><\/div><\/div><\/div><\/div>","protected":false},"excerpt":{"rendered":"<p>Caracas, 29 de Agosto de 2025-. Desde las instalaciones de la refiner\u00eda El Palito, ubicada en el estado Carabobo, la ministra del Poder Popular de Hidrocarburos, Delcy Rodr\u00edguez, resalt\u00f3 la elevada conciencia y participaci\u00f3n de los trabajadores de Petr\u00f3leos de Venezuela, Pequiven, PDVSA Vassa, \u00aby de las distintas empresas que conforman el conglomerado energ\u00e9tico de&hellip;&nbsp;<a href=\"http:\/\/www.minhidrocarburos.gob.ve\/index.php\/2025\/08\/29\/ministra-rodriguez-celebro-la-participacion-de-la-fuerza-laboral-del-sector-hidrocarburos-en-la-jornada-de-alistamiento-militar\/\" rel=\"bookmark\">Leer m\u00e1s &raquo;<span class=\"screen-reader-text\">Ministra Rodr\u00edguez celebr\u00f3 la participaci\u00f3n de la fuerza laboral del sector hidrocarburos en la jornada de alistamiento militar<\/span><\/a><\/p>\n","protected":false},"author":4,"featured_media":4526,"comment_status":"closed","ping_status":"closed","sticky":false,"template":"","format":"standard","meta":{"_editorskit_title_hidden":false,"_editorskit_reading_time":0,"_editorskit_is_block_options_detached":false,"_editorskit_block_options_position":"{}","neve_meta_sidebar":"","neve_meta_container":"","neve_meta_enable_content_width":"","neve_meta_content_width":0,"neve_meta_title_alignment":"","neve_meta_author_avatar":"","neve_post_elements_order":"","neve_meta_disable_header":"","neve_meta_disable_footer":"","neve_meta_disable_title":"","footnotes":""},"categories":[121,127,122,128],"tags":[],"class_list":["post-4516","post","type-post","status-publish","format-standard","has-post-thumbnail","hentry","category-noticias-2024","category-noticias-2025","category-noticias_slider_24","category-noticias_slider_25"],"yoast_head":"<!-- This site is optimized with the Yoast SEO plugin v27.2 - https:\/\/yoast.com\/product\/yoast-seo-wordpress\/ -->\n<title>Ministra Rodr\u00edguez celebr\u00f3 la participaci\u00f3n de la fuerza laboral del sector hidrocarburos en la jornada de alistamiento militar - MinHidrocarburos<\/title>\n<meta name=\"robots\" content=\"index, follow, max-snippet:-1, max-image-preview:large, max-video-preview:-1\" \/>\n<link rel=\"canonical\" href=\"http:\/\/www.minhidrocarburos.gob.ve\/index.php\/2025\/08\/29\/ministra-rodriguez-celebro-la-participacion-de-la-fuerza-laboral-del-sector-hidrocarburos-en-la-jornada-de-alistamiento-militar\/\" \/>\n<meta property=\"og:locale\" content=\"es_ES\" \/>\n<meta property=\"og:type\" content=\"article\" \/>\n<meta property=\"og:title\" content=\"Ministra Rodr\u00edguez celebr\u00f3 la participaci\u00f3n de la fuerza laboral del sector hidrocarburos en la jornada de alistamiento militar - MinHidrocarburos\" \/>\n<meta property=\"og:description\" content=\"Caracas, 29 de Agosto de 2025-. Desde las instalaciones de la refiner\u00eda El Palito, ubicada en el estado Carabobo, la ministra del Poder Popular de Hidrocarburos, Delcy Rodr\u00edguez, resalt\u00f3 la elevada conciencia y participaci\u00f3n de los trabajadores de Petr\u00f3leos de Venezuela, Pequiven, PDVSA Vassa, \u00aby de las distintas empresas que conforman el conglomerado energ\u00e9tico de&hellip;&nbsp;Leer m\u00e1s &raquo;Ministra Rodr\u00edguez celebr\u00f3 la participaci\u00f3n de la fuerza laboral del sector hidrocarburos en la jornada de alistamiento militar\" \/>\n<meta property=\"og:url\" content=\"http:\/\/www.minhidrocarburos.gob.ve\/index.php\/2025\/08\/29\/ministra-rodriguez-celebro-la-participacion-de-la-fuerza-laboral-del-sector-hidrocarburos-en-la-jornada-de-alistamiento-militar\/\" \/>\n<meta property=\"og:site_name\" content=\"MinHidrocarburos\" \/>\n<meta property=\"article:published_time\" content=\"2025-08-29T20:11:27+00:00\" \/>\n<meta property=\"article:modified_time\" content=\"2025-08-29T20:16:46+00:00\" \/>\n<meta property=\"og:image\" content=\"http:\/\/www.minhidrocarburos.gob.ve\/wp-content\/uploads\/2025\/08\/portada-1.png\" \/>\n\t<meta property=\"og:image:width\" content=\"650\" \/>\n\t<meta property=\"og:image:height\" content=\"520\" \/>\n\t<meta property=\"og:image:type\" content=\"image\/png\" \/>\n<meta name=\"author\" content=\"Marlene Tupano\" \/>\n<meta name=\"twitter:card\" content=\"summary_large_image\" \/>\n<meta name=\"twitter:label1\" content=\"Escrito por\" \/>\n\t<meta name=\"twitter:data1\" content=\"Marlene Tupano\" \/>\n\t<meta name=\"twitter:label2\" content=\"Tiempo de lectura\" \/>\n\t<meta name=\"twitter:data2\" content=\"3 minutos\" \/>\n<script type=\"application\/ld+json\" class=\"yoast-schema-graph\">{\"@context\":\"https:\/\/schema.org\",\"@graph\":[{\"@type\":\"Article\",\"@id\":\"http:\/\/www.minhidrocarburos.gob.ve\/index.php\/2025\/08\/29\/ministra-rodriguez-celebro-la-participacion-de-la-fuerza-laboral-del-sector-hidrocarburos-en-la-jornada-de-alistamiento-militar\/#article\",\"isPartOf\":{\"@id\":\"http:\/\/www.minhidrocarburos.gob.ve\/index.php\/2025\/08\/29\/ministra-rodriguez-celebro-la-participacion-de-la-fuerza-laboral-del-sector-hidrocarburos-en-la-jornada-de-alistamiento-militar\/\"},\"author\":{\"name\":\"Marlene Tupano\",\"@id\":\"http:\/\/www.minhidrocarburos.gob.ve\/#\/schema\/person\/e422c5324687b18e6d9c8a8bbbbcac9e\"},\"headline\":\"Ministra Rodr\u00edguez celebr\u00f3 la participaci\u00f3n de la fuerza laboral del sector hidrocarburos en la jornada de alistamiento militar\",\"datePublished\":\"2025-08-29T20:11:27+00:00\",\"dateModified\":\"2025-08-29T20:16:46+00:00\",\"mainEntityOfPage\":{\"@id\":\"http:\/\/www.minhidrocarburos.gob.ve\/index.php\/2025\/08\/29\/ministra-rodriguez-celebro-la-participacion-de-la-fuerza-laboral-del-sector-hidrocarburos-en-la-jornada-de-alistamiento-militar\/\"},\"wordCount\":504,\"publisher\":{\"@id\":\"http:\/\/www.minhidrocarburos.gob.ve\/#organization\"},\"image\":{\"@id\":\"http:\/\/www.minhidrocarburos.gob.ve\/index.php\/2025\/08\/29\/ministra-rodriguez-celebro-la-participacion-de-la-fuerza-laboral-del-sector-hidrocarburos-en-la-jornada-de-alistamiento-militar\/#primaryimage\"},\"thumbnailUrl\":\"http:\/\/www.minhidrocarburos.gob.ve\/wp-content\/uploads\/2025\/08\/portada-1.png\",\"articleSection\":[\"Noticias 2024\",\"Noticias 2025\",\"Noticias_Slider_24\",\"Noticias_Slider_25\"],\"inLanguage\":\"es\"},{\"@type\":\"WebPage\",\"@id\":\"http:\/\/www.minhidrocarburos.gob.ve\/index.php\/2025\/08\/29\/ministra-rodriguez-celebro-la-participacion-de-la-fuerza-laboral-del-sector-hidrocarburos-en-la-jornada-de-alistamiento-militar\/\",\"url\":\"http:\/\/www.minhidrocarburos.gob.ve\/index.php\/2025\/08\/29\/ministra-rodriguez-celebro-la-participacion-de-la-fuerza-laboral-del-sector-hidrocarburos-en-la-jornada-de-alistamiento-militar\/\",\"name\":\"Ministra Rodr\u00edguez celebr\u00f3 la participaci\u00f3n de la fuerza laboral del sector hidrocarburos en la jornada de alistamiento militar - MinHidrocarburos\",\"isPartOf\":{\"@id\":\"http:\/\/www.minhidrocarburos.gob.ve\/#website\"},\"primaryImageOfPage\":{\"@id\":\"http:\/\/www.minhidrocarburos.gob.ve\/index.php\/2025\/08\/29\/ministra-rodriguez-celebro-la-participacion-de-la-fuerza-laboral-del-sector-hidrocarburos-en-la-jornada-de-alistamiento-militar\/#primaryimage\"},\"image\":{\"@id\":\"http:\/\/www.minhidrocarburos.gob.ve\/index.php\/2025\/08\/29\/ministra-rodriguez-celebro-la-participacion-de-la-fuerza-laboral-del-sector-hidrocarburos-en-la-jornada-de-alistamiento-militar\/#primaryimage\"},\"thumbnailUrl\":\"http:\/\/www.minhidrocarburos.gob.ve\/wp-content\/uploads\/2025\/08\/portada-1.png\",\"datePublished\":\"2025-08-29T20:11:27+00:00\",\"dateModified\":\"2025-08-29T20:16:46+00:00\",\"inLanguage\":\"es\",\"potentialAction\":[{\"@type\":\"ReadAction\",\"target\":[\"http:\/\/www.minhidrocarburos.gob.ve\/index.php\/2025\/08\/29\/ministra-rodriguez-celebro-la-participacion-de-la-fuerza-laboral-del-sector-hidrocarburos-en-la-jornada-de-alistamiento-militar\/\"]}]},{\"@type\":\"ImageObject\",\"inLanguage\":\"es\",\"@id\":\"http:\/\/www.minhidrocarburos.gob.ve\/index.php\/2025\/08\/29\/ministra-rodriguez-celebro-la-participacion-de-la-fuerza-laboral-del-sector-hidrocarburos-en-la-jornada-de-alistamiento-militar\/#primaryimage\",\"url\":\"http:\/\/www.minhidrocarburos.gob.ve\/wp-content\/uploads\/2025\/08\/portada-1.png\",\"contentUrl\":\"http:\/\/www.minhidrocarburos.gob.ve\/wp-content\/uploads\/2025\/08\/portada-1.png\",\"width\":650,\"height\":520},{\"@type\":\"WebSite\",\"@id\":\"http:\/\/www.minhidrocarburos.gob.ve\/#website\",\"url\":\"http:\/\/www.minhidrocarburos.gob.ve\/\",\"name\":\"Minhidrocarburos\",\"description\":\"Regulaci\u00f3n, formulaci\u00f3n y seguimiento de pol\u00edticas; la planificaci\u00f3n, realizaci\u00f3n y fiscalizaci\u00f3n en materia de hidrocarburos\",\"publisher\":{\"@id\":\"http:\/\/www.minhidrocarburos.gob.ve\/#organization\"},\"potentialAction\":[{\"@type\":\"SearchAction\",\"target\":{\"@type\":\"EntryPoint\",\"urlTemplate\":\"http:\/\/www.minhidrocarburos.gob.ve\/?s={search_term_string}\"},\"query-input\":{\"@type\":\"PropertyValueSpecification\",\"valueRequired\":true,\"valueName\":\"search_term_string\"}}],\"inLanguage\":\"es\"},{\"@type\":\"Organization\",\"@id\":\"http:\/\/www.minhidrocarburos.gob.ve\/#organization\",\"name\":\"Ministerio del Poder Popular de Hidrocarburos\",\"url\":\"http:\/\/www.minhidrocarburos.gob.ve\/\",\"logo\":{\"@type\":\"ImageObject\",\"inLanguage\":\"es\",\"@id\":\"http:\/\/www.minhidrocarburos.gob.ve\/#\/schema\/logo\/image\/\",\"url\":\"http:\/\/www.minhidrocarburos.gob.ve\/wp-content\/uploads\/2024\/12\/Ministerio_de_Hidrocarburos.png\",\"contentUrl\":\"http:\/\/www.minhidrocarburos.gob.ve\/wp-content\/uploads\/2024\/12\/Ministerio_de_Hidrocarburos.png\",\"width\":2320,\"height\":324,\"caption\":\"Ministerio del Poder Popular de Hidrocarburos\"},\"image\":{\"@id\":\"http:\/\/www.minhidrocarburos.gob.ve\/#\/schema\/logo\/image\/\"}},{\"@type\":\"Person\",\"@id\":\"http:\/\/www.minhidrocarburos.gob.ve\/#\/schema\/person\/e422c5324687b18e6d9c8a8bbbbcac9e\",\"name\":\"Marlene Tupano\",\"image\":{\"@type\":\"ImageObject\",\"inLanguage\":\"es\",\"@id\":\"https:\/\/secure.gravatar.com\/avatar\/59dd95f48b40b2401279edd9e561b0f95d4b811b58284f29a22c8c026c49dd75?s=96&d=mm&r=g\",\"url\":\"https:\/\/secure.gravatar.com\/avatar\/59dd95f48b40b2401279edd9e561b0f95d4b811b58284f29a22c8c026c49dd75?s=96&d=mm&r=g\",\"contentUrl\":\"https:\/\/secure.gravatar.com\/avatar\/59dd95f48b40b2401279edd9e561b0f95d4b811b58284f29a22c8c026c49dd75?s=96&d=mm&r=g\",\"caption\":\"Marlene Tupano\"},\"url\":\"http:\/\/www.minhidrocarburos.gob.ve\/index.php\/author\/mtupano\/\"}]}<\/script>\n<!-- \/ Yoast SEO plugin. -->","yoast_head_json":{"title":"Ministra Rodr\u00edguez celebr\u00f3 la participaci\u00f3n de la fuerza laboral del sector hidrocarburos en la jornada de alistamiento militar - MinHidrocarburos","robots":{"index":"index","follow":"follow","max-snippet":"max-snippet:-1","max-image-preview":"max-image-preview:large","max-video-preview":"max-video-preview:-1"},"canonical":"http:\/\/www.minhidrocarburos.gob.ve\/index.php\/2025\/08\/29\/ministra-rodriguez-celebro-la-participacion-de-la-fuerza-laboral-del-sector-hidrocarburos-en-la-jornada-de-alistamiento-militar\/","og_locale":"es_ES","og_type":"article","og_title":"Ministra Rodr\u00edguez celebr\u00f3 la participaci\u00f3n de la fuerza laboral del sector hidrocarburos en la jornada de alistamiento militar - MinHidrocarburos","og_description":"Caracas, 29 de Agosto de 2025-. Desde las instalaciones de la refiner\u00eda El Palito, ubicada en el estado Carabobo, la ministra del Poder Popular de Hidrocarburos, Delcy Rodr\u00edguez, resalt\u00f3 la elevada conciencia y participaci\u00f3n de los trabajadores de Petr\u00f3leos de Venezuela, Pequiven, PDVSA Vassa, \u00aby de las distintas empresas que conforman el conglomerado energ\u00e9tico de&hellip;&nbsp;Leer m\u00e1s &raquo;Ministra Rodr\u00edguez celebr\u00f3 la participaci\u00f3n de la fuerza laboral del sector hidrocarburos en la jornada de alistamiento militar","og_url":"http:\/\/www.minhidrocarburos.gob.ve\/index.php\/2025\/08\/29\/ministra-rodriguez-celebro-la-participacion-de-la-fuerza-laboral-del-sector-hidrocarburos-en-la-jornada-de-alistamiento-militar\/","og_site_name":"MinHidrocarburos","article_published_time":"2025-08-29T20:11:27+00:00","article_modified_time":"2025-08-29T20:16:46+00:00","og_image":[{"width":650,"height":520,"url":"http:\/\/www.minhidrocarburos.gob.ve\/wp-content\/uploads\/2025\/08\/portada-1.png","type":"image\/png"}],"author":"Marlene Tupano","twitter_card":"summary_large_image","twitter_misc":{"Escrito por":"Marlene Tupano","Tiempo de lectura":"3 minutos"},"schema":{"@context":"https:\/\/schema.org","@graph":[{"@type":"Article","@id":"http:\/\/www.minhidrocarburos.gob.ve\/index.php\/2025\/08\/29\/ministra-rodriguez-celebro-la-participacion-de-la-fuerza-laboral-del-sector-hidrocarburos-en-la-jornada-de-alistamiento-militar\/#article","isPartOf":{"@id":"http:\/\/www.minhidrocarburos.gob.ve\/index.php\/2025\/08\/29\/ministra-rodriguez-celebro-la-participacion-de-la-fuerza-laboral-del-sector-hidrocarburos-en-la-jornada-de-alistamiento-militar\/"},"author":{"name":"Marlene Tupano","@id":"http:\/\/www.minhidrocarburos.gob.ve\/#\/schema\/person\/e422c5324687b18e6d9c8a8bbbbcac9e"},"headline":"Ministra Rodr\u00edguez celebr\u00f3 la participaci\u00f3n de la fuerza laboral del sector hidrocarburos en la jornada de alistamiento militar","datePublished":"2025-08-29T20:11:27+00:00","dateModified":"2025-08-29T20:16:46+00:00","mainEntityOfPage":{"@id":"http:\/\/www.minhidrocarburos.gob.ve\/index.php\/2025\/08\/29\/ministra-rodriguez-celebro-la-participacion-de-la-fuerza-laboral-del-sector-hidrocarburos-en-la-jornada-de-alistamiento-militar\/"},"wordCount":504,"publisher":{"@id":"http:\/\/www.minhidrocarburos.gob.ve\/#organization"},"image":{"@id":"http:\/\/www.minhidrocarburos.gob.ve\/index.php\/2025\/08\/29\/ministra-rodriguez-celebro-la-participacion-de-la-fuerza-laboral-del-sector-hidrocarburos-en-la-jornada-de-alistamiento-militar\/#primaryimage"},"thumbnailUrl":"http:\/\/www.minhidrocarburos.gob.ve\/wp-content\/uploads\/2025\/08\/portada-1.png","articleSection":["Noticias 2024","Noticias 2025","Noticias_Slider_24","Noticias_Slider_25"],"inLanguage":"es"},{"@type":"WebPage","@id":"http:\/\/www.minhidrocarburos.gob.ve\/index.php\/2025\/08\/29\/ministra-rodriguez-celebro-la-participacion-de-la-fuerza-laboral-del-sector-hidrocarburos-en-la-jornada-de-alistamiento-militar\/","url":"http:\/\/www.minhidrocarburos.gob.ve\/index.php\/2025\/08\/29\/ministra-rodriguez-celebro-la-participacion-de-la-fuerza-laboral-del-sector-hidrocarburos-en-la-jornada-de-alistamiento-militar\/","name":"Ministra Rodr\u00edguez celebr\u00f3 la participaci\u00f3n de la fuerza laboral del sector hidrocarburos en la jornada de alistamiento militar - MinHidrocarburos","isPartOf":{"@id":"http:\/\/www.minhidrocarburos.gob.ve\/#website"},"primaryImageOfPage":{"@id":"http:\/\/www.minhidrocarburos.gob.ve\/index.php\/2025\/08\/29\/ministra-rodriguez-celebro-la-participacion-de-la-fuerza-laboral-del-sector-hidrocarburos-en-la-jornada-de-alistamiento-militar\/#primaryimage"},"image":{"@id":"http:\/\/www.minhidrocarburos.gob.ve\/index.php\/2025\/08\/29\/ministra-rodriguez-celebro-la-participacion-de-la-fuerza-laboral-del-sector-hidrocarburos-en-la-jornada-de-alistamiento-militar\/#primaryimage"},"thumbnailUrl":"http:\/\/www.minhidrocarburos.gob.ve\/wp-content\/uploads\/2025\/08\/portada-1.png","datePublished":"2025-08-29T20:11:27+00:00","dateModified":"2025-08-29T20:16:46+00:00","inLanguage":"es","potentialAction":[{"@type":"ReadAction","target":["http:\/\/www.minhidrocarburos.gob.ve\/index.php\/2025\/08\/29\/ministra-rodriguez-celebro-la-participacion-de-la-fuerza-laboral-del-sector-hidrocarburos-en-la-jornada-de-alistamiento-militar\/"]}]},{"@type":"ImageObject","inLanguage":"es","@id":"http:\/\/www.minhidrocarburos.gob.ve\/index.php\/2025\/08\/29\/ministra-rodriguez-celebro-la-participacion-de-la-fuerza-laboral-del-sector-hidrocarburos-en-la-jornada-de-alistamiento-militar\/#primaryimage","url":"http:\/\/www.minhidrocarburos.gob.ve\/wp-content\/uploads\/2025\/08\/portada-1.png","contentUrl":"http:\/\/www.minhidrocarburos.gob.ve\/wp-content\/uploads\/2025\/08\/portada-1.png","width":650,"height":520},{"@type":"WebSite","@id":"http:\/\/www.minhidrocarburos.gob.ve\/#website","url":"http:\/\/www.minhidrocarburos.gob.ve\/","name":"Minhidrocarburos","description":"Regulaci\u00f3n, formulaci\u00f3n y seguimiento de pol\u00edticas; la planificaci\u00f3n, realizaci\u00f3n y fiscalizaci\u00f3n en materia de hidrocarburos","publisher":{"@id":"http:\/\/www.minhidrocarburos.gob.ve\/#organization"},"potentialAction":[{"@type":"SearchAction","target":{"@type":"EntryPoint","urlTemplate":"http:\/\/www.minhidrocarburos.gob.ve\/?s={search_term_string}"},"query-input":{"@type":"PropertyValueSpecification","valueRequired":true,"valueName":"search_term_string"}}],"inLanguage":"es"},{"@type":"Organization","@id":"http:\/\/www.minhidrocarburos.gob.ve\/#organization","name":"Ministerio del Poder Popular de Hidrocarburos","url":"http:\/\/www.minhidrocarburos.gob.ve\/","logo":{"@type":"ImageObject","inLanguage":"es","@id":"http:\/\/www.minhidrocarburos.gob.ve\/#\/schema\/logo\/image\/","url":"http:\/\/www.minhidrocarburos.gob.ve\/wp-content\/uploads\/2024\/12\/Ministerio_de_Hidrocarburos.png","contentUrl":"http:\/\/www.minhidrocarburos.gob.ve\/wp-content\/uploads\/2024\/12\/Ministerio_de_Hidrocarburos.png","width":2320,"height":324,"caption":"Ministerio del Poder Popular de Hidrocarburos"},"image":{"@id":"http:\/\/www.minhidrocarburos.gob.ve\/#\/schema\/logo\/image\/"}},{"@type":"Person","@id":"http:\/\/www.minhidrocarburos.gob.ve\/#\/schema\/person\/e422c5324687b18e6d9c8a8bbbbcac9e","name":"Marlene Tupano","image":{"@type":"ImageObject","inLanguage":"es","@id":"https:\/\/secure.gravatar.com\/avatar\/59dd95f48b40b2401279edd9e561b0f95d4b811b58284f29a22c8c026c49dd75?s=96&d=mm&r=g","url":"https:\/\/secure.gravatar.com\/avatar\/59dd95f48b40b2401279edd9e561b0f95d4b811b58284f29a22c8c026c49dd75?s=96&d=mm&r=g","contentUrl":"https:\/\/secure.gravatar.com\/avatar\/59dd95f48b40b2401279edd9e561b0f95d4b811b58284f29a22c8c026c49dd75?s=96&d=mm&r=g","caption":"Marlene Tupano"},"url":"http:\/\/www.minhidrocarburos.gob.ve\/index.php\/author\/mtupano\/"}]}},"_links":{"self":[{"href":"http:\/\/www.minhidrocarburos.gob.ve\/index.php\/wp-json\/wp\/v2\/posts\/4516","targetHints":{"allow":["GET"]}}],"collection":[{"href":"http:\/\/www.minhidrocarburos.gob.ve\/index.php\/wp-json\/wp\/v2\/posts"}],"about":[{"href":"http:\/\/www.minhidrocarburos.gob.ve\/index.php\/wp-json\/wp\/v2\/types\/post"}],"author":[{"embeddable":true,"href":"http:\/\/www.minhidrocarburos.gob.ve\/index.php\/wp-json\/wp\/v2\/users\/4"}],"replies":[{"embeddable":true,"href":"http:\/\/www.minhidrocarburos.gob.ve\/index.php\/wp-json\/wp\/v2\/comments?post=4516"}],"version-history":[{"count":2,"href":"http:\/\/www.minhidrocarburos.gob.ve\/index.php\/wp-json\/wp\/v2\/posts\/4516\/revisions"}],"predecessor-version":[{"id":4528,"href":"http:\/\/www.minhidrocarburos.gob.ve\/index.php\/wp-json\/wp\/v2\/posts\/4516\/revisions\/4528"}],"wp:featuredmedia":[{"embeddable":true,"href":"http:\/\/www.minhidrocarburos.gob.ve\/index.php\/wp-json\/wp\/v2\/media\/4526"}],"wp:attachment":[{"href":"http:\/\/www.minhidrocarburos.gob.ve\/index.php\/wp-json\/wp\/v2\/media?parent=4516"}],"wp:term":[{"taxonomy":"category","embeddable":true,"href":"http:\/\/www.minhidrocarburos.gob.ve\/index.php\/wp-json\/wp\/v2\/categories?post=4516"},{"taxonomy":"post_tag","embeddable":true,"href":"http:\/\/www.minhidrocarburos.gob.ve\/index.php\/wp-json\/wp\/v2\/tags?post=4516"}],"curies":[{"name":"wp","href":"https:\/\/api.w.org\/{rel}","templated":true}]}}