

{"id":4601,"date":"2025-09-27T18:51:45","date_gmt":"2025-09-27T22:51:45","guid":{"rendered":"http:\/\/www.minhidrocarburos.gob.ve\/?p=4601"},"modified":"2025-09-27T19:16:37","modified_gmt":"2025-09-27T23:16:37","slug":"el-sector-hidrocarburos-activo-en-el-gran-simulacro-nacional-de-prevencion-sobre-catastrofes-y-amenazas","status":"publish","type":"post","link":"http:\/\/www.minhidrocarburos.gob.ve\/index.php\/2025\/09\/27\/el-sector-hidrocarburos-activo-en-el-gran-simulacro-nacional-de-prevencion-sobre-catastrofes-y-amenazas\/","title":{"rendered":"El sector hidrocarburos activo en el Gran Simulacro Nacional de Prevenci\u00f3n Sobre Cat\u00e1strofes y Amenazas"},"content":{"rendered":"\n<p><strong>Caracas, 27 de septiembre del 2025.-<\/strong> Trabajadores del sector de los hidrocarburos acudieron al llamado del presidente Nicol\u00e1s Maduro y formaron parte del Gran Simulacro Nacional de Prevenci\u00f3n Sobre Cat\u00e1strofes y Amenazas con el objetivo de fortalecer los protocolos de reacci\u00f3n y coordinaci\u00f3n necesarias para actuar de manera eficiente ante cualquier eventualidad que afecte el territorio nacional.<\/p>\n\n\n\n<p>En la actividad,&nbsp; 420 trabajadores fueron evacuados de las instalaciones de La Campi\u00f1a con \u00e9xito, en un tiempo estimado de 6 minutos. El de la sede administrativa de Min Hidrocarburos y PDVSA&nbsp; se suma a los simulacros que se realizaron en otras 35 instalaciones a lo largo del territorio, los cuales contaron con 580 bomberos y 1300 brigadistas, demostrando que la fuerza de hidrocarburos est\u00e1 comprometida y preparada para enfrentar emergencias.<\/p>\n\n\n<style>.wp-block-kadence-advancedgallery.kb-gallery-wrap-id-4601_4ca0ea-24{overflow:hidden;}.kb-gallery-id-4601_4ca0ea-24 .kadence-blocks-gallery-item .kb-gal-image-radius, .kb-gallery-id-4601_4ca0ea-24 .kb-slide-item .kb-gal-image-radius img{border-radius:0px 0px 0px 0px;;}.kb-gallery-wrap-id-4601_4ca0ea-24.wp-block-kadence-advancedgallery{overflow:visible;}.kb-gallery-wrap-id-4601_4ca0ea-24.wp-block-kadence-advancedgallery .kt-blocks-carousel{overflow:visible;}<\/style><div class=\"kb-gallery-wrap-id-4601_4ca0ea-24 alignnone wp-block-kadence-advancedgallery\"><div class=\"kb-gallery-ul kb-gallery-non-static kb-gallery-type-carousel kb-gallery-id-4601_4ca0ea-24 kb-gallery-caption-style-bottom-hover kb-gallery-filter-none\" data-image-filter=\"none\" data-lightbox-caption=\"true\"><div class=\"kt-blocks-carousel splide kt-carousel-container-dotstyle-dark kt-carousel-arrowstyle-whiteondark kt-carousel-dotstyle-dark kb-slider-group-arrow kb-slider-arrow-position-center\" data-columns-xxl=\"2\" data-columns-xl=\"2\" data-columns-md=\"2\" data-columns-sm=\"2\" data-columns-xs=\"1\" data-columns-ss=\"1\" data-slider-anim-speed=\"400\" data-slider-scroll=\"1\" data-slider-arrows=\"true\" data-slider-dots=\"true\" data-slider-hover-pause=\"false\" data-slider-auto=\"\" data-slider-speed=\"7000\" data-slider-gap=\"10px\" data-slider-gap-tablet=\"10px\" data-slider-gap-mobile=\"10px\" data-show-pause-button=\"false\" data-slider-label=\"Photo Gallery Carousel\"><div class=\"splide__track\"><ul class=\"kt-blocks-carousel-init kb-gallery-carousel splide__list\"><li class=\"kb-slide-item kb-gallery-carousel-item splide__slide\"><div class=\"kadence-blocks-gallery-item\"><div class=\"kadence-blocks-gallery-item-inner\"><figure class=\"kb-gallery-figure kadence-blocks-gallery-item-hide-caption\"><div class=\"kb-gal-image-radius\"><div class=\"kb-gallery-image-contain kadence-blocks-gallery-intrinsic kb-gallery-image-ratio-land32 kb-has-image-ratio-land32\" ><img loading=\"lazy\" decoding=\"async\" src=\"http:\/\/www.minhidrocarburos.gob.ve\/wp-content\/uploads\/2025\/09\/WhatsApp-Image-2025-09-27-at-6.04.18-PM-5-1024x731.jpeg\" width=\"1024\" height=\"731\" alt=\"\" data-full-image=\"http:\/\/www.minhidrocarburos.gob.ve\/wp-content\/uploads\/2025\/09\/WhatsApp-Image-2025-09-27-at-6.04.18-PM-5.jpeg\" data-light-image=\"http:\/\/www.minhidrocarburos.gob.ve\/wp-content\/uploads\/2025\/09\/WhatsApp-Image-2025-09-27-at-6.04.18-PM-5.jpeg\" data-id=\"4609\" class=\"wp-image-4609 skip-lazy\" srcset=\"http:\/\/www.minhidrocarburos.gob.ve\/wp-content\/uploads\/2025\/09\/WhatsApp-Image-2025-09-27-at-6.04.18-PM-5-1024x731.jpeg 1024w, http:\/\/www.minhidrocarburos.gob.ve\/wp-content\/uploads\/2025\/09\/WhatsApp-Image-2025-09-27-at-6.04.18-PM-5-300x214.jpeg 300w, http:\/\/www.minhidrocarburos.gob.ve\/wp-content\/uploads\/2025\/09\/WhatsApp-Image-2025-09-27-at-6.04.18-PM-5-768x548.jpeg 768w, http:\/\/www.minhidrocarburos.gob.ve\/wp-content\/uploads\/2025\/09\/WhatsApp-Image-2025-09-27-at-6.04.18-PM-5-1536x1096.jpeg 1536w, http:\/\/www.minhidrocarburos.gob.ve\/wp-content\/uploads\/2025\/09\/WhatsApp-Image-2025-09-27-at-6.04.18-PM-5.jpeg 1600w\" sizes=\"auto, (max-width: 1024px) 100vw, 1024px\" \/><\/div><\/div><\/figure><\/div><\/div><\/li><li class=\"kb-slide-item kb-gallery-carousel-item splide__slide\"><div class=\"kadence-blocks-gallery-item\"><div class=\"kadence-blocks-gallery-item-inner\"><figure class=\"kb-gallery-figure kadence-blocks-gallery-item-hide-caption\"><div class=\"kb-gal-image-radius\"><div class=\"kb-gallery-image-contain kadence-blocks-gallery-intrinsic kb-gallery-image-ratio-land32 kb-has-image-ratio-land32\" ><img loading=\"lazy\" decoding=\"async\" src=\"http:\/\/www.minhidrocarburos.gob.ve\/wp-content\/uploads\/2025\/09\/WhatsApp-Image-2025-09-27-at-6.04.18-PM-1-1-1024x731.jpeg\" width=\"1024\" height=\"731\" alt=\"\" data-full-image=\"http:\/\/www.minhidrocarburos.gob.ve\/wp-content\/uploads\/2025\/09\/WhatsApp-Image-2025-09-27-at-6.04.18-PM-1-1.jpeg\" data-light-image=\"http:\/\/www.minhidrocarburos.gob.ve\/wp-content\/uploads\/2025\/09\/WhatsApp-Image-2025-09-27-at-6.04.18-PM-1-1.jpeg\" data-id=\"4611\" class=\"wp-image-4611 skip-lazy\" srcset=\"http:\/\/www.minhidrocarburos.gob.ve\/wp-content\/uploads\/2025\/09\/WhatsApp-Image-2025-09-27-at-6.04.18-PM-1-1-1024x731.jpeg 1024w, http:\/\/www.minhidrocarburos.gob.ve\/wp-content\/uploads\/2025\/09\/WhatsApp-Image-2025-09-27-at-6.04.18-PM-1-1-300x214.jpeg 300w, http:\/\/www.minhidrocarburos.gob.ve\/wp-content\/uploads\/2025\/09\/WhatsApp-Image-2025-09-27-at-6.04.18-PM-1-1-768x548.jpeg 768w, http:\/\/www.minhidrocarburos.gob.ve\/wp-content\/uploads\/2025\/09\/WhatsApp-Image-2025-09-27-at-6.04.18-PM-1-1-1536x1096.jpeg 1536w, http:\/\/www.minhidrocarburos.gob.ve\/wp-content\/uploads\/2025\/09\/WhatsApp-Image-2025-09-27-at-6.04.18-PM-1-1.jpeg 1600w\" sizes=\"auto, (max-width: 1024px) 100vw, 1024px\" \/><\/div><\/div><\/figure><\/div><\/div><\/li><li class=\"kb-slide-item kb-gallery-carousel-item splide__slide\"><div class=\"kadence-blocks-gallery-item\"><div class=\"kadence-blocks-gallery-item-inner\"><figure class=\"kb-gallery-figure kadence-blocks-gallery-item-hide-caption\"><div class=\"kb-gal-image-radius\"><div class=\"kb-gallery-image-contain kadence-blocks-gallery-intrinsic kb-gallery-image-ratio-land32 kb-has-image-ratio-land32\" ><img loading=\"lazy\" decoding=\"async\" src=\"http:\/\/www.minhidrocarburos.gob.ve\/wp-content\/uploads\/2025\/09\/WhatsApp-Image-2025-09-27-at-6.04.18-PM-2-1024x819.jpeg\" width=\"1024\" height=\"819\" alt=\"\" data-full-image=\"http:\/\/www.minhidrocarburos.gob.ve\/wp-content\/uploads\/2025\/09\/WhatsApp-Image-2025-09-27-at-6.04.18-PM-2.jpeg\" data-light-image=\"http:\/\/www.minhidrocarburos.gob.ve\/wp-content\/uploads\/2025\/09\/WhatsApp-Image-2025-09-27-at-6.04.18-PM-2.jpeg\" data-id=\"4613\" class=\"wp-image-4613 skip-lazy\" srcset=\"http:\/\/www.minhidrocarburos.gob.ve\/wp-content\/uploads\/2025\/09\/WhatsApp-Image-2025-09-27-at-6.04.18-PM-2-1024x819.jpeg 1024w, http:\/\/www.minhidrocarburos.gob.ve\/wp-content\/uploads\/2025\/09\/WhatsApp-Image-2025-09-27-at-6.04.18-PM-2-300x240.jpeg 300w, http:\/\/www.minhidrocarburos.gob.ve\/wp-content\/uploads\/2025\/09\/WhatsApp-Image-2025-09-27-at-6.04.18-PM-2-768x614.jpeg 768w, http:\/\/www.minhidrocarburos.gob.ve\/wp-content\/uploads\/2025\/09\/WhatsApp-Image-2025-09-27-at-6.04.18-PM-2-1536x1228.jpeg 1536w, http:\/\/www.minhidrocarburos.gob.ve\/wp-content\/uploads\/2025\/09\/WhatsApp-Image-2025-09-27-at-6.04.18-PM-2.jpeg 1600w\" sizes=\"auto, (max-width: 1024px) 100vw, 1024px\" \/><\/div><\/div><\/figure><\/div><\/div><\/li><li class=\"kb-slide-item kb-gallery-carousel-item splide__slide\"><div class=\"kadence-blocks-gallery-item\"><div class=\"kadence-blocks-gallery-item-inner\"><figure class=\"kb-gallery-figure kadence-blocks-gallery-item-hide-caption\"><div class=\"kb-gal-image-radius\"><div class=\"kb-gallery-image-contain kadence-blocks-gallery-intrinsic kb-gallery-image-ratio-land32 kb-has-image-ratio-land32\" ><img loading=\"lazy\" decoding=\"async\" src=\"http:\/\/www.minhidrocarburos.gob.ve\/wp-content\/uploads\/2025\/09\/WhatsApp-Image-2025-09-27-at-6.04.18-PM-4-1024x731.jpeg\" width=\"1024\" height=\"731\" alt=\"\" data-full-image=\"http:\/\/www.minhidrocarburos.gob.ve\/wp-content\/uploads\/2025\/09\/WhatsApp-Image-2025-09-27-at-6.04.18-PM-4.jpeg\" data-light-image=\"http:\/\/www.minhidrocarburos.gob.ve\/wp-content\/uploads\/2025\/09\/WhatsApp-Image-2025-09-27-at-6.04.18-PM-4.jpeg\" data-id=\"4610\" class=\"wp-image-4610 skip-lazy\" srcset=\"http:\/\/www.minhidrocarburos.gob.ve\/wp-content\/uploads\/2025\/09\/WhatsApp-Image-2025-09-27-at-6.04.18-PM-4-1024x731.jpeg 1024w, http:\/\/www.minhidrocarburos.gob.ve\/wp-content\/uploads\/2025\/09\/WhatsApp-Image-2025-09-27-at-6.04.18-PM-4-300x214.jpeg 300w, http:\/\/www.minhidrocarburos.gob.ve\/wp-content\/uploads\/2025\/09\/WhatsApp-Image-2025-09-27-at-6.04.18-PM-4-768x548.jpeg 768w, http:\/\/www.minhidrocarburos.gob.ve\/wp-content\/uploads\/2025\/09\/WhatsApp-Image-2025-09-27-at-6.04.18-PM-4-1536x1096.jpeg 1536w, http:\/\/www.minhidrocarburos.gob.ve\/wp-content\/uploads\/2025\/09\/WhatsApp-Image-2025-09-27-at-6.04.18-PM-4.jpeg 1600w\" sizes=\"auto, (max-width: 1024px) 100vw, 1024px\" \/><\/div><\/div><\/figure><\/div><\/div><\/li><\/ul><\/div><\/div><\/div><\/div>\n\n\n<p>Al simulacro asistieron brigadas de los Bomberos de Distrito Capital, Protecci\u00f3n Civil, Brigadistas Juveniles de Protecci\u00f3n Civil y estudiantes de Universidad Nacional Experimental de la Seguridad, quienes junto a los brigadistas petroleros del MinHidrocarburos y PDVSA, evaluaron los planes de emergencia, las rutas de evacuaci\u00f3n e identificaron las zonas de seguridad, con el objetivo de reducir los tiempos de salida y coordinar la desocupaci\u00f3n de los espacios para minimizar el n\u00famero de p\u00e9rdidas humanas que pudiera ocasionar un terremoto o un incendio.<\/p>\n\n\n\n<p>Asimismo, la jornada cont\u00f3 con un stand de emergencia conformado por especialistas en traumatolog\u00eda y de otras \u00e1reas de la medicina, as\u00ed como param\u00e9dicos y ambulancias.<\/p>\n\n\n\n<p>El pasado 25 de septiembre Venezuela sufri\u00f3 10 sismos y 21 r\u00e9plicas debido a la activaci\u00f3n de la falla tect\u00f3nica del occidente del pa\u00eds; por lo que el Gobierno Nacional activ\u00f3 esta jornada especial de fortalecimiento de protocolos de seguridad.<\/p>\n\n\n<style>.wp-block-kadence-advancedgallery.kb-gallery-wrap-id-4601_1e9d3f-e2{overflow:hidden;}.kb-gallery-id-4601_1e9d3f-e2 .kadence-blocks-gallery-item .kb-gal-image-radius, .kb-gallery-id-4601_1e9d3f-e2 .kb-slide-item .kb-gal-image-radius img{border-radius:0px 0px 0px 0px;;}.kb-gallery-wrap-id-4601_1e9d3f-e2.wp-block-kadence-advancedgallery{overflow:visible;}.kb-gallery-wrap-id-4601_1e9d3f-e2.wp-block-kadence-advancedgallery .kt-blocks-carousel{overflow:visible;}<\/style><div class=\"kb-gallery-wrap-id-4601_1e9d3f-e2 alignnone wp-block-kadence-advancedgallery\"><div class=\"kb-gallery-ul kb-gallery-non-static kb-gallery-type-carousel kb-gallery-id-4601_1e9d3f-e2 kb-gallery-caption-style-bottom-hover kb-gallery-filter-none\" data-image-filter=\"none\" data-lightbox-caption=\"true\"><div class=\"kt-blocks-carousel splide kt-carousel-container-dotstyle-dark kt-carousel-arrowstyle-whiteondark kt-carousel-dotstyle-dark kb-slider-group-arrow kb-slider-arrow-position-center\" data-columns-xxl=\"2\" data-columns-xl=\"2\" data-columns-md=\"2\" data-columns-sm=\"2\" data-columns-xs=\"1\" data-columns-ss=\"1\" data-slider-anim-speed=\"400\" data-slider-scroll=\"1\" data-slider-arrows=\"true\" data-slider-dots=\"true\" data-slider-hover-pause=\"false\" data-slider-auto=\"\" data-slider-speed=\"7000\" data-slider-gap=\"9px\" data-slider-gap-tablet=\"9px\" data-slider-gap-mobile=\"9px\" data-show-pause-button=\"false\" data-slider-label=\"Photo Gallery Carousel\"><div class=\"splide__track\"><ul class=\"kt-blocks-carousel-init kb-gallery-carousel splide__list\"><li class=\"kb-slide-item kb-gallery-carousel-item splide__slide\"><div class=\"kadence-blocks-gallery-item\"><div class=\"kadence-blocks-gallery-item-inner\"><figure class=\"kb-gallery-figure kadence-blocks-gallery-item-hide-caption\"><div class=\"kb-gal-image-radius\"><div class=\"kb-gallery-image-contain kadence-blocks-gallery-intrinsic kb-gallery-image-ratio-land32 kb-has-image-ratio-land32\" ><img loading=\"lazy\" decoding=\"async\" src=\"http:\/\/www.minhidrocarburos.gob.ve\/wp-content\/uploads\/2025\/09\/5100852389828299527-1.jpg\" width=\"1000\" height=\"563\" alt=\"\" data-full-image=\"http:\/\/www.minhidrocarburos.gob.ve\/wp-content\/uploads\/2025\/09\/5100852389828299527-1.jpg\" data-light-image=\"http:\/\/www.minhidrocarburos.gob.ve\/wp-content\/uploads\/2025\/09\/5100852389828299527-1.jpg\" data-id=\"4619\" class=\"wp-image-4619 skip-lazy\" srcset=\"http:\/\/www.minhidrocarburos.gob.ve\/wp-content\/uploads\/2025\/09\/5100852389828299527-1.jpg 1000w, http:\/\/www.minhidrocarburos.gob.ve\/wp-content\/uploads\/2025\/09\/5100852389828299527-1-300x169.jpg 300w, http:\/\/www.minhidrocarburos.gob.ve\/wp-content\/uploads\/2025\/09\/5100852389828299527-1-768x432.jpg 768w\" sizes=\"auto, (max-width: 1000px) 100vw, 1000px\" \/><\/div><\/div><\/figure><\/div><\/div><\/li><li class=\"kb-slide-item kb-gallery-carousel-item splide__slide\"><div class=\"kadence-blocks-gallery-item\"><div class=\"kadence-blocks-gallery-item-inner\"><figure class=\"kb-gallery-figure kadence-blocks-gallery-item-hide-caption\"><div class=\"kb-gal-image-radius\"><div class=\"kb-gallery-image-contain kadence-blocks-gallery-intrinsic kb-gallery-image-ratio-land32 kb-has-image-ratio-land32\" ><img loading=\"lazy\" decoding=\"async\" src=\"http:\/\/www.minhidrocarburos.gob.ve\/wp-content\/uploads\/2025\/09\/5100852389828299528.jpg\" width=\"1000\" height=\"563\" alt=\"\" data-full-image=\"http:\/\/www.minhidrocarburos.gob.ve\/wp-content\/uploads\/2025\/09\/5100852389828299528.jpg\" data-light-image=\"http:\/\/www.minhidrocarburos.gob.ve\/wp-content\/uploads\/2025\/09\/5100852389828299528.jpg\" data-id=\"4617\" class=\"wp-image-4617 skip-lazy\" srcset=\"http:\/\/www.minhidrocarburos.gob.ve\/wp-content\/uploads\/2025\/09\/5100852389828299528.jpg 1000w, http:\/\/www.minhidrocarburos.gob.ve\/wp-content\/uploads\/2025\/09\/5100852389828299528-300x169.jpg 300w, http:\/\/www.minhidrocarburos.gob.ve\/wp-content\/uploads\/2025\/09\/5100852389828299528-768x432.jpg 768w\" sizes=\"auto, (max-width: 1000px) 100vw, 1000px\" \/><\/div><\/div><\/figure><\/div><\/div><\/li><li class=\"kb-slide-item kb-gallery-carousel-item splide__slide\"><div class=\"kadence-blocks-gallery-item\"><div class=\"kadence-blocks-gallery-item-inner\"><figure class=\"kb-gallery-figure kadence-blocks-gallery-item-hide-caption\"><div class=\"kb-gal-image-radius\"><div class=\"kb-gallery-image-contain kadence-blocks-gallery-intrinsic kb-gallery-image-ratio-land32 kb-has-image-ratio-land32\" ><img loading=\"lazy\" decoding=\"async\" src=\"http:\/\/www.minhidrocarburos.gob.ve\/wp-content\/uploads\/2025\/09\/5100852389828299531.jpg\" width=\"1000\" height=\"563\" alt=\"\" data-full-image=\"http:\/\/www.minhidrocarburos.gob.ve\/wp-content\/uploads\/2025\/09\/5100852389828299531.jpg\" data-light-image=\"http:\/\/www.minhidrocarburos.gob.ve\/wp-content\/uploads\/2025\/09\/5100852389828299531.jpg\" data-id=\"4614\" class=\"wp-image-4614 skip-lazy\" srcset=\"http:\/\/www.minhidrocarburos.gob.ve\/wp-content\/uploads\/2025\/09\/5100852389828299531.jpg 1000w, http:\/\/www.minhidrocarburos.gob.ve\/wp-content\/uploads\/2025\/09\/5100852389828299531-300x169.jpg 300w, http:\/\/www.minhidrocarburos.gob.ve\/wp-content\/uploads\/2025\/09\/5100852389828299531-768x432.jpg 768w\" sizes=\"auto, (max-width: 1000px) 100vw, 1000px\" \/><\/div><\/div><\/figure><\/div><\/div><\/li><li class=\"kb-slide-item kb-gallery-carousel-item splide__slide\"><div class=\"kadence-blocks-gallery-item\"><div class=\"kadence-blocks-gallery-item-inner\"><figure class=\"kb-gallery-figure kadence-blocks-gallery-item-hide-caption\"><div class=\"kb-gal-image-radius\"><div class=\"kb-gallery-image-contain kadence-blocks-gallery-intrinsic kb-gallery-image-ratio-land32 kb-has-image-ratio-land32\" ><img loading=\"lazy\" decoding=\"async\" src=\"http:\/\/www.minhidrocarburos.gob.ve\/wp-content\/uploads\/2025\/09\/5100852389828299530.jpg\" width=\"1000\" height=\"563\" alt=\"\" data-full-image=\"http:\/\/www.minhidrocarburos.gob.ve\/wp-content\/uploads\/2025\/09\/5100852389828299530.jpg\" data-light-image=\"http:\/\/www.minhidrocarburos.gob.ve\/wp-content\/uploads\/2025\/09\/5100852389828299530.jpg\" data-id=\"4615\" class=\"wp-image-4615 skip-lazy\" srcset=\"http:\/\/www.minhidrocarburos.gob.ve\/wp-content\/uploads\/2025\/09\/5100852389828299530.jpg 1000w, http:\/\/www.minhidrocarburos.gob.ve\/wp-content\/uploads\/2025\/09\/5100852389828299530-300x169.jpg 300w, http:\/\/www.minhidrocarburos.gob.ve\/wp-content\/uploads\/2025\/09\/5100852389828299530-768x432.jpg 768w\" sizes=\"auto, (max-width: 1000px) 100vw, 1000px\" \/><\/div><\/div><\/figure><\/div><\/div><\/li><li class=\"kb-slide-item kb-gallery-carousel-item splide__slide\"><div class=\"kadence-blocks-gallery-item\"><div class=\"kadence-blocks-gallery-item-inner\"><figure class=\"kb-gallery-figure kadence-blocks-gallery-item-hide-caption\"><div class=\"kb-gal-image-radius\"><div class=\"kb-gallery-image-contain kadence-blocks-gallery-intrinsic kb-gallery-image-ratio-land32 kb-has-image-ratio-land32\" ><img loading=\"lazy\" decoding=\"async\" src=\"http:\/\/www.minhidrocarburos.gob.ve\/wp-content\/uploads\/2025\/09\/5100852389828299529-1024x731.jpg\" width=\"1024\" height=\"731\" alt=\"\" data-full-image=\"http:\/\/www.minhidrocarburos.gob.ve\/wp-content\/uploads\/2025\/09\/5100852389828299529.jpg\" data-light-image=\"http:\/\/www.minhidrocarburos.gob.ve\/wp-content\/uploads\/2025\/09\/5100852389828299529.jpg\" data-id=\"4616\" class=\"wp-image-4616 skip-lazy\" srcset=\"http:\/\/www.minhidrocarburos.gob.ve\/wp-content\/uploads\/2025\/09\/5100852389828299529-1024x731.jpg 1024w, http:\/\/www.minhidrocarburos.gob.ve\/wp-content\/uploads\/2025\/09\/5100852389828299529-300x214.jpg 300w, http:\/\/www.minhidrocarburos.gob.ve\/wp-content\/uploads\/2025\/09\/5100852389828299529-768x548.jpg 768w, http:\/\/www.minhidrocarburos.gob.ve\/wp-content\/uploads\/2025\/09\/5100852389828299529.jpg 1280w\" sizes=\"auto, (max-width: 1024px) 100vw, 1024px\" \/><\/div><\/div><\/figure><\/div><\/div><\/li><li class=\"kb-slide-item kb-gallery-carousel-item splide__slide\"><div class=\"kadence-blocks-gallery-item\"><div class=\"kadence-blocks-gallery-item-inner\"><figure class=\"kb-gallery-figure kadence-blocks-gallery-item-hide-caption\"><div class=\"kb-gal-image-radius\"><div class=\"kb-gallery-image-contain kadence-blocks-gallery-intrinsic kb-gallery-image-ratio-land32 kb-has-image-ratio-land32\" ><img loading=\"lazy\" decoding=\"async\" src=\"http:\/\/www.minhidrocarburos.gob.ve\/wp-content\/uploads\/2025\/09\/WhatsApp-Image-2025-09-27-at-6.04.18-PM-3-1-1024x731.jpeg\" width=\"1024\" height=\"731\" alt=\"\" data-full-image=\"http:\/\/www.minhidrocarburos.gob.ve\/wp-content\/uploads\/2025\/09\/WhatsApp-Image-2025-09-27-at-6.04.18-PM-3-1.jpeg\" data-light-image=\"http:\/\/www.minhidrocarburos.gob.ve\/wp-content\/uploads\/2025\/09\/WhatsApp-Image-2025-09-27-at-6.04.18-PM-3-1.jpeg\" data-id=\"4620\" class=\"wp-image-4620 skip-lazy\" srcset=\"http:\/\/www.minhidrocarburos.gob.ve\/wp-content\/uploads\/2025\/09\/WhatsApp-Image-2025-09-27-at-6.04.18-PM-3-1-1024x731.jpeg 1024w, http:\/\/www.minhidrocarburos.gob.ve\/wp-content\/uploads\/2025\/09\/WhatsApp-Image-2025-09-27-at-6.04.18-PM-3-1-300x214.jpeg 300w, http:\/\/www.minhidrocarburos.gob.ve\/wp-content\/uploads\/2025\/09\/WhatsApp-Image-2025-09-27-at-6.04.18-PM-3-1-768x548.jpeg 768w, http:\/\/www.minhidrocarburos.gob.ve\/wp-content\/uploads\/2025\/09\/WhatsApp-Image-2025-09-27-at-6.04.18-PM-3-1-1536x1096.jpeg 1536w, http:\/\/www.minhidrocarburos.gob.ve\/wp-content\/uploads\/2025\/09\/WhatsApp-Image-2025-09-27-at-6.04.18-PM-3-1.jpeg 1600w\" sizes=\"auto, (max-width: 1024px) 100vw, 1024px\" \/><\/div><\/div><\/figure><\/div><\/div><\/li><\/ul><\/div><\/div><\/div><\/div>\n\n\n<p><\/p>\n","protected":false},"excerpt":{"rendered":"<p>Caracas, 27 de septiembre del 2025.- Trabajadores del sector de los hidrocarburos acudieron al llamado del presidente Nicol\u00e1s Maduro y formaron parte del Gran Simulacro Nacional de Prevenci\u00f3n Sobre Cat\u00e1strofes y Amenazas con el objetivo de fortalecer los protocolos de reacci\u00f3n y coordinaci\u00f3n necesarias para actuar de manera eficiente ante cualquier eventualidad que afecte el&hellip;&nbsp;<a href=\"http:\/\/www.minhidrocarburos.gob.ve\/index.php\/2025\/09\/27\/el-sector-hidrocarburos-activo-en-el-gran-simulacro-nacional-de-prevencion-sobre-catastrofes-y-amenazas\/\" rel=\"bookmark\">Leer m\u00e1s &raquo;<span class=\"screen-reader-text\">El sector hidrocarburos activo en el Gran Simulacro Nacional de Prevenci\u00f3n Sobre Cat\u00e1strofes y Amenazas<\/span><\/a><\/p>\n","protected":false},"author":6,"featured_media":4602,"comment_status":"closed","ping_status":"closed","sticky":false,"template":"","format":"standard","meta":{"_editorskit_title_hidden":false,"_editorskit_reading_time":0,"_editorskit_is_block_options_detached":false,"_editorskit_block_options_position":"{}","neve_meta_sidebar":"","neve_meta_container":"","neve_meta_enable_content_width":"","neve_meta_content_width":0,"neve_meta_title_alignment":"","neve_meta_author_avatar":"","neve_post_elements_order":"","neve_meta_disable_header":"","neve_meta_disable_footer":"","neve_meta_disable_title":"","footnotes":""},"categories":[127,122,128],"tags":[],"class_list":["post-4601","post","type-post","status-publish","format-standard","has-post-thumbnail","hentry","category-noticias-2025","category-noticias_slider_24","category-noticias_slider_25"],"yoast_head":"<!-- This site is optimized with the Yoast SEO plugin v27.2 - https:\/\/yoast.com\/product\/yoast-seo-wordpress\/ -->\n<title>El sector hidrocarburos activo en el Gran Simulacro Nacional de Prevenci\u00f3n Sobre Cat\u00e1strofes y Amenazas - MinHidrocarburos<\/title>\n<meta name=\"robots\" content=\"index, follow, max-snippet:-1, max-image-preview:large, max-video-preview:-1\" \/>\n<link rel=\"canonical\" href=\"http:\/\/www.minhidrocarburos.gob.ve\/index.php\/2025\/09\/27\/el-sector-hidrocarburos-activo-en-el-gran-simulacro-nacional-de-prevencion-sobre-catastrofes-y-amenazas\/\" \/>\n<meta property=\"og:locale\" content=\"es_ES\" \/>\n<meta property=\"og:type\" content=\"article\" \/>\n<meta property=\"og:title\" content=\"El sector hidrocarburos activo en el Gran Simulacro Nacional de Prevenci\u00f3n Sobre Cat\u00e1strofes y Amenazas - MinHidrocarburos\" \/>\n<meta property=\"og:description\" content=\"Caracas, 27 de septiembre del 2025.- Trabajadores del sector de los hidrocarburos acudieron al llamado del presidente Nicol\u00e1s Maduro y formaron parte del Gran Simulacro Nacional de Prevenci\u00f3n Sobre Cat\u00e1strofes y Amenazas con el objetivo de fortalecer los protocolos de reacci\u00f3n y coordinaci\u00f3n necesarias para actuar de manera eficiente ante cualquier eventualidad que afecte el&hellip;&nbsp;Leer m\u00e1s &raquo;El sector hidrocarburos activo en el Gran Simulacro Nacional de Prevenci\u00f3n Sobre Cat\u00e1strofes y Amenazas\" \/>\n<meta property=\"og:url\" content=\"http:\/\/www.minhidrocarburos.gob.ve\/index.php\/2025\/09\/27\/el-sector-hidrocarburos-activo-en-el-gran-simulacro-nacional-de-prevencion-sobre-catastrofes-y-amenazas\/\" \/>\n<meta property=\"og:site_name\" content=\"MinHidrocarburos\" \/>\n<meta property=\"article:published_time\" content=\"2025-09-27T22:51:45+00:00\" \/>\n<meta property=\"article:modified_time\" content=\"2025-09-27T23:16:37+00:00\" \/>\n<meta property=\"og:image\" content=\"http:\/\/www.minhidrocarburos.gob.ve\/wp-content\/uploads\/2025\/09\/WhatsApp-Image-2025-09-27-at-6.04.18-PM.jpeg\" \/>\n\t<meta property=\"og:image:width\" content=\"1000\" \/>\n\t<meta property=\"og:image:height\" content=\"563\" \/>\n\t<meta property=\"og:image:type\" content=\"image\/jpeg\" \/>\n<meta name=\"author\" content=\"Rafael Soto\" \/>\n<meta name=\"twitter:card\" content=\"summary_large_image\" \/>\n<meta name=\"twitter:label1\" content=\"Escrito por\" \/>\n\t<meta name=\"twitter:data1\" content=\"Rafael Soto\" \/>\n\t<meta name=\"twitter:label2\" content=\"Tiempo de lectura\" \/>\n\t<meta name=\"twitter:data2\" content=\"2 minutos\" \/>\n<script type=\"application\/ld+json\" class=\"yoast-schema-graph\">{\"@context\":\"https:\/\/schema.org\",\"@graph\":[{\"@type\":\"Article\",\"@id\":\"http:\/\/www.minhidrocarburos.gob.ve\/index.php\/2025\/09\/27\/el-sector-hidrocarburos-activo-en-el-gran-simulacro-nacional-de-prevencion-sobre-catastrofes-y-amenazas\/#article\",\"isPartOf\":{\"@id\":\"http:\/\/www.minhidrocarburos.gob.ve\/index.php\/2025\/09\/27\/el-sector-hidrocarburos-activo-en-el-gran-simulacro-nacional-de-prevencion-sobre-catastrofes-y-amenazas\/\"},\"author\":{\"name\":\"Rafael Soto\",\"@id\":\"http:\/\/www.minhidrocarburos.gob.ve\/#\/schema\/person\/8e0af0506e7a69049237fccec85d590d\"},\"headline\":\"El sector hidrocarburos activo en el Gran Simulacro Nacional de Prevenci\u00f3n Sobre Cat\u00e1strofes y Amenazas\",\"datePublished\":\"2025-09-27T22:51:45+00:00\",\"dateModified\":\"2025-09-27T23:16:37+00:00\",\"mainEntityOfPage\":{\"@id\":\"http:\/\/www.minhidrocarburos.gob.ve\/index.php\/2025\/09\/27\/el-sector-hidrocarburos-activo-en-el-gran-simulacro-nacional-de-prevencion-sobre-catastrofes-y-amenazas\/\"},\"wordCount\":304,\"publisher\":{\"@id\":\"http:\/\/www.minhidrocarburos.gob.ve\/#organization\"},\"image\":{\"@id\":\"http:\/\/www.minhidrocarburos.gob.ve\/index.php\/2025\/09\/27\/el-sector-hidrocarburos-activo-en-el-gran-simulacro-nacional-de-prevencion-sobre-catastrofes-y-amenazas\/#primaryimage\"},\"thumbnailUrl\":\"http:\/\/www.minhidrocarburos.gob.ve\/wp-content\/uploads\/2025\/09\/WhatsApp-Image-2025-09-27-at-6.04.18-PM.jpeg\",\"articleSection\":[\"Noticias 2025\",\"Noticias_Slider_24\",\"Noticias_Slider_25\"],\"inLanguage\":\"es\"},{\"@type\":\"WebPage\",\"@id\":\"http:\/\/www.minhidrocarburos.gob.ve\/index.php\/2025\/09\/27\/el-sector-hidrocarburos-activo-en-el-gran-simulacro-nacional-de-prevencion-sobre-catastrofes-y-amenazas\/\",\"url\":\"http:\/\/www.minhidrocarburos.gob.ve\/index.php\/2025\/09\/27\/el-sector-hidrocarburos-activo-en-el-gran-simulacro-nacional-de-prevencion-sobre-catastrofes-y-amenazas\/\",\"name\":\"El sector hidrocarburos activo en el Gran Simulacro Nacional de Prevenci\u00f3n Sobre Cat\u00e1strofes y Amenazas - MinHidrocarburos\",\"isPartOf\":{\"@id\":\"http:\/\/www.minhidrocarburos.gob.ve\/#website\"},\"primaryImageOfPage\":{\"@id\":\"http:\/\/www.minhidrocarburos.gob.ve\/index.php\/2025\/09\/27\/el-sector-hidrocarburos-activo-en-el-gran-simulacro-nacional-de-prevencion-sobre-catastrofes-y-amenazas\/#primaryimage\"},\"image\":{\"@id\":\"http:\/\/www.minhidrocarburos.gob.ve\/index.php\/2025\/09\/27\/el-sector-hidrocarburos-activo-en-el-gran-simulacro-nacional-de-prevencion-sobre-catastrofes-y-amenazas\/#primaryimage\"},\"thumbnailUrl\":\"http:\/\/www.minhidrocarburos.gob.ve\/wp-content\/uploads\/2025\/09\/WhatsApp-Image-2025-09-27-at-6.04.18-PM.jpeg\",\"datePublished\":\"2025-09-27T22:51:45+00:00\",\"dateModified\":\"2025-09-27T23:16:37+00:00\",\"inLanguage\":\"es\",\"potentialAction\":[{\"@type\":\"ReadAction\",\"target\":[\"http:\/\/www.minhidrocarburos.gob.ve\/index.php\/2025\/09\/27\/el-sector-hidrocarburos-activo-en-el-gran-simulacro-nacional-de-prevencion-sobre-catastrofes-y-amenazas\/\"]}]},{\"@type\":\"ImageObject\",\"inLanguage\":\"es\",\"@id\":\"http:\/\/www.minhidrocarburos.gob.ve\/index.php\/2025\/09\/27\/el-sector-hidrocarburos-activo-en-el-gran-simulacro-nacional-de-prevencion-sobre-catastrofes-y-amenazas\/#primaryimage\",\"url\":\"http:\/\/www.minhidrocarburos.gob.ve\/wp-content\/uploads\/2025\/09\/WhatsApp-Image-2025-09-27-at-6.04.18-PM.jpeg\",\"contentUrl\":\"http:\/\/www.minhidrocarburos.gob.ve\/wp-content\/uploads\/2025\/09\/WhatsApp-Image-2025-09-27-at-6.04.18-PM.jpeg\",\"width\":1000,\"height\":563},{\"@type\":\"WebSite\",\"@id\":\"http:\/\/www.minhidrocarburos.gob.ve\/#website\",\"url\":\"http:\/\/www.minhidrocarburos.gob.ve\/\",\"name\":\"Minhidrocarburos\",\"description\":\"Regulaci\u00f3n, formulaci\u00f3n y seguimiento de pol\u00edticas; la planificaci\u00f3n, realizaci\u00f3n y fiscalizaci\u00f3n en materia de hidrocarburos\",\"publisher\":{\"@id\":\"http:\/\/www.minhidrocarburos.gob.ve\/#organization\"},\"potentialAction\":[{\"@type\":\"SearchAction\",\"target\":{\"@type\":\"EntryPoint\",\"urlTemplate\":\"http:\/\/www.minhidrocarburos.gob.ve\/?s={search_term_string}\"},\"query-input\":{\"@type\":\"PropertyValueSpecification\",\"valueRequired\":true,\"valueName\":\"search_term_string\"}}],\"inLanguage\":\"es\"},{\"@type\":\"Organization\",\"@id\":\"http:\/\/www.minhidrocarburos.gob.ve\/#organization\",\"name\":\"Ministerio del Poder Popular de Hidrocarburos\",\"url\":\"http:\/\/www.minhidrocarburos.gob.ve\/\",\"logo\":{\"@type\":\"ImageObject\",\"inLanguage\":\"es\",\"@id\":\"http:\/\/www.minhidrocarburos.gob.ve\/#\/schema\/logo\/image\/\",\"url\":\"http:\/\/www.minhidrocarburos.gob.ve\/wp-content\/uploads\/2024\/12\/Ministerio_de_Hidrocarburos.png\",\"contentUrl\":\"http:\/\/www.minhidrocarburos.gob.ve\/wp-content\/uploads\/2024\/12\/Ministerio_de_Hidrocarburos.png\",\"width\":2320,\"height\":324,\"caption\":\"Ministerio del Poder Popular de Hidrocarburos\"},\"image\":{\"@id\":\"http:\/\/www.minhidrocarburos.gob.ve\/#\/schema\/logo\/image\/\"}},{\"@type\":\"Person\",\"@id\":\"http:\/\/www.minhidrocarburos.gob.ve\/#\/schema\/person\/8e0af0506e7a69049237fccec85d590d\",\"name\":\"Rafael Soto\",\"image\":{\"@type\":\"ImageObject\",\"inLanguage\":\"es\",\"@id\":\"https:\/\/secure.gravatar.com\/avatar\/b7e96d7e31898c488b4465d38771db8c897b547b3459b93fec70e40690f0e965?s=96&d=mm&r=g\",\"url\":\"https:\/\/secure.gravatar.com\/avatar\/b7e96d7e31898c488b4465d38771db8c897b547b3459b93fec70e40690f0e965?s=96&d=mm&r=g\",\"contentUrl\":\"https:\/\/secure.gravatar.com\/avatar\/b7e96d7e31898c488b4465d38771db8c897b547b3459b93fec70e40690f0e965?s=96&d=mm&r=g\",\"caption\":\"Rafael Soto\"},\"url\":\"http:\/\/www.minhidrocarburos.gob.ve\/index.php\/author\/rafsoto\/\"}]}<\/script>\n<!-- \/ Yoast SEO plugin. -->","yoast_head_json":{"title":"El sector hidrocarburos activo en el Gran Simulacro Nacional de Prevenci\u00f3n Sobre Cat\u00e1strofes y Amenazas - MinHidrocarburos","robots":{"index":"index","follow":"follow","max-snippet":"max-snippet:-1","max-image-preview":"max-image-preview:large","max-video-preview":"max-video-preview:-1"},"canonical":"http:\/\/www.minhidrocarburos.gob.ve\/index.php\/2025\/09\/27\/el-sector-hidrocarburos-activo-en-el-gran-simulacro-nacional-de-prevencion-sobre-catastrofes-y-amenazas\/","og_locale":"es_ES","og_type":"article","og_title":"El sector hidrocarburos activo en el Gran Simulacro Nacional de Prevenci\u00f3n Sobre Cat\u00e1strofes y Amenazas - MinHidrocarburos","og_description":"Caracas, 27 de septiembre del 2025.- Trabajadores del sector de los hidrocarburos acudieron al llamado del presidente Nicol\u00e1s Maduro y formaron parte del Gran Simulacro Nacional de Prevenci\u00f3n Sobre Cat\u00e1strofes y Amenazas con el objetivo de fortalecer los protocolos de reacci\u00f3n y coordinaci\u00f3n necesarias para actuar de manera eficiente ante cualquier eventualidad que afecte el&hellip;&nbsp;Leer m\u00e1s &raquo;El sector hidrocarburos activo en el Gran Simulacro Nacional de Prevenci\u00f3n Sobre Cat\u00e1strofes y Amenazas","og_url":"http:\/\/www.minhidrocarburos.gob.ve\/index.php\/2025\/09\/27\/el-sector-hidrocarburos-activo-en-el-gran-simulacro-nacional-de-prevencion-sobre-catastrofes-y-amenazas\/","og_site_name":"MinHidrocarburos","article_published_time":"2025-09-27T22:51:45+00:00","article_modified_time":"2025-09-27T23:16:37+00:00","og_image":[{"width":1000,"height":563,"url":"http:\/\/www.minhidrocarburos.gob.ve\/wp-content\/uploads\/2025\/09\/WhatsApp-Image-2025-09-27-at-6.04.18-PM.jpeg","type":"image\/jpeg"}],"author":"Rafael Soto","twitter_card":"summary_large_image","twitter_misc":{"Escrito por":"Rafael Soto","Tiempo de lectura":"2 minutos"},"schema":{"@context":"https:\/\/schema.org","@graph":[{"@type":"Article","@id":"http:\/\/www.minhidrocarburos.gob.ve\/index.php\/2025\/09\/27\/el-sector-hidrocarburos-activo-en-el-gran-simulacro-nacional-de-prevencion-sobre-catastrofes-y-amenazas\/#article","isPartOf":{"@id":"http:\/\/www.minhidrocarburos.gob.ve\/index.php\/2025\/09\/27\/el-sector-hidrocarburos-activo-en-el-gran-simulacro-nacional-de-prevencion-sobre-catastrofes-y-amenazas\/"},"author":{"name":"Rafael Soto","@id":"http:\/\/www.minhidrocarburos.gob.ve\/#\/schema\/person\/8e0af0506e7a69049237fccec85d590d"},"headline":"El sector hidrocarburos activo en el Gran Simulacro Nacional de Prevenci\u00f3n Sobre Cat\u00e1strofes y Amenazas","datePublished":"2025-09-27T22:51:45+00:00","dateModified":"2025-09-27T23:16:37+00:00","mainEntityOfPage":{"@id":"http:\/\/www.minhidrocarburos.gob.ve\/index.php\/2025\/09\/27\/el-sector-hidrocarburos-activo-en-el-gran-simulacro-nacional-de-prevencion-sobre-catastrofes-y-amenazas\/"},"wordCount":304,"publisher":{"@id":"http:\/\/www.minhidrocarburos.gob.ve\/#organization"},"image":{"@id":"http:\/\/www.minhidrocarburos.gob.ve\/index.php\/2025\/09\/27\/el-sector-hidrocarburos-activo-en-el-gran-simulacro-nacional-de-prevencion-sobre-catastrofes-y-amenazas\/#primaryimage"},"thumbnailUrl":"http:\/\/www.minhidrocarburos.gob.ve\/wp-content\/uploads\/2025\/09\/WhatsApp-Image-2025-09-27-at-6.04.18-PM.jpeg","articleSection":["Noticias 2025","Noticias_Slider_24","Noticias_Slider_25"],"inLanguage":"es"},{"@type":"WebPage","@id":"http:\/\/www.minhidrocarburos.gob.ve\/index.php\/2025\/09\/27\/el-sector-hidrocarburos-activo-en-el-gran-simulacro-nacional-de-prevencion-sobre-catastrofes-y-amenazas\/","url":"http:\/\/www.minhidrocarburos.gob.ve\/index.php\/2025\/09\/27\/el-sector-hidrocarburos-activo-en-el-gran-simulacro-nacional-de-prevencion-sobre-catastrofes-y-amenazas\/","name":"El sector hidrocarburos activo en el Gran Simulacro Nacional de Prevenci\u00f3n Sobre Cat\u00e1strofes y Amenazas - MinHidrocarburos","isPartOf":{"@id":"http:\/\/www.minhidrocarburos.gob.ve\/#website"},"primaryImageOfPage":{"@id":"http:\/\/www.minhidrocarburos.gob.ve\/index.php\/2025\/09\/27\/el-sector-hidrocarburos-activo-en-el-gran-simulacro-nacional-de-prevencion-sobre-catastrofes-y-amenazas\/#primaryimage"},"image":{"@id":"http:\/\/www.minhidrocarburos.gob.ve\/index.php\/2025\/09\/27\/el-sector-hidrocarburos-activo-en-el-gran-simulacro-nacional-de-prevencion-sobre-catastrofes-y-amenazas\/#primaryimage"},"thumbnailUrl":"http:\/\/www.minhidrocarburos.gob.ve\/wp-content\/uploads\/2025\/09\/WhatsApp-Image-2025-09-27-at-6.04.18-PM.jpeg","datePublished":"2025-09-27T22:51:45+00:00","dateModified":"2025-09-27T23:16:37+00:00","inLanguage":"es","potentialAction":[{"@type":"ReadAction","target":["http:\/\/www.minhidrocarburos.gob.ve\/index.php\/2025\/09\/27\/el-sector-hidrocarburos-activo-en-el-gran-simulacro-nacional-de-prevencion-sobre-catastrofes-y-amenazas\/"]}]},{"@type":"ImageObject","inLanguage":"es","@id":"http:\/\/www.minhidrocarburos.gob.ve\/index.php\/2025\/09\/27\/el-sector-hidrocarburos-activo-en-el-gran-simulacro-nacional-de-prevencion-sobre-catastrofes-y-amenazas\/#primaryimage","url":"http:\/\/www.minhidrocarburos.gob.ve\/wp-content\/uploads\/2025\/09\/WhatsApp-Image-2025-09-27-at-6.04.18-PM.jpeg","contentUrl":"http:\/\/www.minhidrocarburos.gob.ve\/wp-content\/uploads\/2025\/09\/WhatsApp-Image-2025-09-27-at-6.04.18-PM.jpeg","width":1000,"height":563},{"@type":"WebSite","@id":"http:\/\/www.minhidrocarburos.gob.ve\/#website","url":"http:\/\/www.minhidrocarburos.gob.ve\/","name":"Minhidrocarburos","description":"Regulaci\u00f3n, formulaci\u00f3n y seguimiento de pol\u00edticas; la planificaci\u00f3n, realizaci\u00f3n y fiscalizaci\u00f3n en materia de hidrocarburos","publisher":{"@id":"http:\/\/www.minhidrocarburos.gob.ve\/#organization"},"potentialAction":[{"@type":"SearchAction","target":{"@type":"EntryPoint","urlTemplate":"http:\/\/www.minhidrocarburos.gob.ve\/?s={search_term_string}"},"query-input":{"@type":"PropertyValueSpecification","valueRequired":true,"valueName":"search_term_string"}}],"inLanguage":"es"},{"@type":"Organization","@id":"http:\/\/www.minhidrocarburos.gob.ve\/#organization","name":"Ministerio del Poder Popular de Hidrocarburos","url":"http:\/\/www.minhidrocarburos.gob.ve\/","logo":{"@type":"ImageObject","inLanguage":"es","@id":"http:\/\/www.minhidrocarburos.gob.ve\/#\/schema\/logo\/image\/","url":"http:\/\/www.minhidrocarburos.gob.ve\/wp-content\/uploads\/2024\/12\/Ministerio_de_Hidrocarburos.png","contentUrl":"http:\/\/www.minhidrocarburos.gob.ve\/wp-content\/uploads\/2024\/12\/Ministerio_de_Hidrocarburos.png","width":2320,"height":324,"caption":"Ministerio del Poder Popular de Hidrocarburos"},"image":{"@id":"http:\/\/www.minhidrocarburos.gob.ve\/#\/schema\/logo\/image\/"}},{"@type":"Person","@id":"http:\/\/www.minhidrocarburos.gob.ve\/#\/schema\/person\/8e0af0506e7a69049237fccec85d590d","name":"Rafael Soto","image":{"@type":"ImageObject","inLanguage":"es","@id":"https:\/\/secure.gravatar.com\/avatar\/b7e96d7e31898c488b4465d38771db8c897b547b3459b93fec70e40690f0e965?s=96&d=mm&r=g","url":"https:\/\/secure.gravatar.com\/avatar\/b7e96d7e31898c488b4465d38771db8c897b547b3459b93fec70e40690f0e965?s=96&d=mm&r=g","contentUrl":"https:\/\/secure.gravatar.com\/avatar\/b7e96d7e31898c488b4465d38771db8c897b547b3459b93fec70e40690f0e965?s=96&d=mm&r=g","caption":"Rafael Soto"},"url":"http:\/\/www.minhidrocarburos.gob.ve\/index.php\/author\/rafsoto\/"}]}},"_links":{"self":[{"href":"http:\/\/www.minhidrocarburos.gob.ve\/index.php\/wp-json\/wp\/v2\/posts\/4601","targetHints":{"allow":["GET"]}}],"collection":[{"href":"http:\/\/www.minhidrocarburos.gob.ve\/index.php\/wp-json\/wp\/v2\/posts"}],"about":[{"href":"http:\/\/www.minhidrocarburos.gob.ve\/index.php\/wp-json\/wp\/v2\/types\/post"}],"author":[{"embeddable":true,"href":"http:\/\/www.minhidrocarburos.gob.ve\/index.php\/wp-json\/wp\/v2\/users\/6"}],"replies":[{"embeddable":true,"href":"http:\/\/www.minhidrocarburos.gob.ve\/index.php\/wp-json\/wp\/v2\/comments?post=4601"}],"version-history":[{"count":5,"href":"http:\/\/www.minhidrocarburos.gob.ve\/index.php\/wp-json\/wp\/v2\/posts\/4601\/revisions"}],"predecessor-version":[{"id":4625,"href":"http:\/\/www.minhidrocarburos.gob.ve\/index.php\/wp-json\/wp\/v2\/posts\/4601\/revisions\/4625"}],"wp:featuredmedia":[{"embeddable":true,"href":"http:\/\/www.minhidrocarburos.gob.ve\/index.php\/wp-json\/wp\/v2\/media\/4602"}],"wp:attachment":[{"href":"http:\/\/www.minhidrocarburos.gob.ve\/index.php\/wp-json\/wp\/v2\/media?parent=4601"}],"wp:term":[{"taxonomy":"category","embeddable":true,"href":"http:\/\/www.minhidrocarburos.gob.ve\/index.php\/wp-json\/wp\/v2\/categories?post=4601"},{"taxonomy":"post_tag","embeddable":true,"href":"http:\/\/www.minhidrocarburos.gob.ve\/index.php\/wp-json\/wp\/v2\/tags?post=4601"}],"curies":[{"name":"wp","href":"https:\/\/api.w.org\/{rel}","templated":true}]}}