

{"id":4693,"date":"2025-11-04T16:22:47","date_gmt":"2025-11-04T20:22:47","guid":{"rendered":"http:\/\/www.minhidrocarburos.gob.ve\/?p=4693"},"modified":"2025-11-04T16:26:06","modified_gmt":"2025-11-04T20:26:06","slug":"pdv-y-vassa-presentes-en-el-1er-congreso-internacional-de-lubricantes","status":"publish","type":"post","link":"http:\/\/www.minhidrocarburos.gob.ve\/index.php\/2025\/11\/04\/pdv-y-vassa-presentes-en-el-1er-congreso-internacional-de-lubricantes\/","title":{"rendered":"PDV y VASSA presentes en el 1er. Congreso Internacional de Lubricantes"},"content":{"rendered":"\n<p>\u200b<em>La manufactura de lubricantes fortaleciendo el sector industrial del pa\u00eds<\/em><\/p>\n\n\n\n<p><strong>Caracas, 04 de noviembre de 2025.<\/strong>&#8211; Petr\u00f3leos de Venezuela, S.A. (PDVSA) tuvo una activa y destacada participaci\u00f3n en el 1er. Congreso Internacional de Lubricantes organizado por AFALUB, un encuentro de dos d\u00edas clave para el sector que se ha consolidado como escenario fundamental para ponencias de alto nivel e intercambios t\u00e9cnicos sobre la industria de lubricantes. La presencia de la estatal de la marca PDV y VASSA reafirman su compromiso con el desarrollo nacional, impulsando activamente el motor industrial a trav\u00e9s de estos espacios de concertaci\u00f3n. <\/p>\n\n\n\n<p>La representaci\u00f3n de las marcas PDV y VASSA estuvieron a cargo de las gerencias de Manufactura y Atenci\u00f3n y Servicios al Usuario, adscritas a la Direcci\u00f3n Ejecutiva de Comercio y Suministro Nacional, as\u00ed como la Gerencia de Asuntos P\u00fablicos, demostrando la visi\u00f3n integral de la industria petrolera en la cadena de valor de los lubricantes, desde la producci\u00f3n hasta el servicio al cliente.<\/p>\n\n\n\n<p>El equipo de la gerencia de Manufactura de la marca PDV resalt\u00f3 el reconocimiento y sus certificaciones destacadas por la ISO 14001:2015 e ISO 9001:2015, bajo el reconocimiento nacional e internacional de Fondonorma e IQNET.<\/p>\n\n\n\n<p>El evento cont\u00f3 con un pres\u00eddium de importantes autoridades y l\u00edderes gremiales, destacando la presencia del viceministro de Petroqu\u00edmica y Refinaci\u00f3n, Carlos Canel\u00f3n; la viceministra para la Peque\u00f1a y Mediana Industria, Dalia Davaldi; el presidente de Fedeindustria, Orlando Camacho; y el presidente de AFALUB, Antonio Rodr\u00edguez.<\/p>\n\n\n\n<p>\u200bDurante la jornada, el congreso facilita el conocimiento y la articulaci\u00f3n, siendo un punto de encuentro esencial para abordar los desaf\u00edos y oportunidades del mercado. La marca PDV, a trav\u00e9s de su participaci\u00f3n y el intercambio generado, ratifica su papel estrat\u00e9gico como impulsor del crecimiento sostenido de la industria venezolana.<\/p>\n","protected":false},"excerpt":{"rendered":"<p>\u200bLa manufactura de lubricantes fortaleciendo el sector industrial del pa\u00eds Caracas, 04 de noviembre de 2025.&#8211; Petr\u00f3leos de Venezuela, S.A. (PDVSA) tuvo una activa y destacada participaci\u00f3n en el 1er. Congreso Internacional de Lubricantes organizado por AFALUB, un encuentro de dos d\u00edas clave para el sector que se ha consolidado como escenario fundamental para ponencias&hellip;&nbsp;<a href=\"http:\/\/www.minhidrocarburos.gob.ve\/index.php\/2025\/11\/04\/pdv-y-vassa-presentes-en-el-1er-congreso-internacional-de-lubricantes\/\" rel=\"bookmark\">Leer m\u00e1s &raquo;<span class=\"screen-reader-text\">PDV y VASSA presentes en el 1er. Congreso Internacional de Lubricantes<\/span><\/a><\/p>\n","protected":false},"author":7,"featured_media":4695,"comment_status":"closed","ping_status":"closed","sticky":false,"template":"","format":"standard","meta":{"_editorskit_title_hidden":false,"_editorskit_reading_time":0,"_editorskit_is_block_options_detached":false,"_editorskit_block_options_position":"{}","neve_meta_sidebar":"","neve_meta_container":"","neve_meta_enable_content_width":"","neve_meta_content_width":0,"neve_meta_title_alignment":"","neve_meta_author_avatar":"","neve_post_elements_order":"","neve_meta_disable_header":"","neve_meta_disable_footer":"","neve_meta_disable_title":"","footnotes":""},"categories":[121,127],"tags":[],"class_list":["post-4693","post","type-post","status-publish","format-standard","has-post-thumbnail","hentry","category-noticias-2024","category-noticias-2025"],"yoast_head":"<!-- This site is optimized with the Yoast SEO plugin v27.2 - https:\/\/yoast.com\/product\/yoast-seo-wordpress\/ -->\n<title>PDV y VASSA presentes en el 1er. Congreso Internacional de Lubricantes - MinHidrocarburos<\/title>\n<meta name=\"robots\" content=\"index, follow, max-snippet:-1, max-image-preview:large, max-video-preview:-1\" \/>\n<link rel=\"canonical\" href=\"http:\/\/www.minhidrocarburos.gob.ve\/index.php\/2025\/11\/04\/pdv-y-vassa-presentes-en-el-1er-congreso-internacional-de-lubricantes\/\" \/>\n<meta property=\"og:locale\" content=\"es_ES\" \/>\n<meta property=\"og:type\" content=\"article\" \/>\n<meta property=\"og:title\" content=\"PDV y VASSA presentes en el 1er. Congreso Internacional de Lubricantes - MinHidrocarburos\" \/>\n<meta property=\"og:description\" content=\"\u200bLa manufactura de lubricantes fortaleciendo el sector industrial del pa\u00eds Caracas, 04 de noviembre de 2025.&#8211; Petr\u00f3leos de Venezuela, S.A. (PDVSA) tuvo una activa y destacada participaci\u00f3n en el 1er. Congreso Internacional de Lubricantes organizado por AFALUB, un encuentro de dos d\u00edas clave para el sector que se ha consolidado como escenario fundamental para ponencias&hellip;&nbsp;Leer m\u00e1s &raquo;PDV y VASSA presentes en el 1er. Congreso Internacional de Lubricantes\" \/>\n<meta property=\"og:url\" content=\"http:\/\/www.minhidrocarburos.gob.ve\/index.php\/2025\/11\/04\/pdv-y-vassa-presentes-en-el-1er-congreso-internacional-de-lubricantes\/\" \/>\n<meta property=\"og:site_name\" content=\"MinHidrocarburos\" \/>\n<meta property=\"article:published_time\" content=\"2025-11-04T20:22:47+00:00\" \/>\n<meta property=\"article:modified_time\" content=\"2025-11-04T20:26:06+00:00\" \/>\n<meta property=\"og:image\" content=\"http:\/\/www.minhidrocarburos.gob.ve\/wp-content\/uploads\/2025\/11\/FOTO-PARTICIPACION-EN-CONGRESO-1.jpeg\" \/>\n\t<meta property=\"og:image:width\" content=\"1000\" \/>\n\t<meta property=\"og:image:height\" content=\"563\" \/>\n\t<meta property=\"og:image:type\" content=\"image\/jpeg\" \/>\n<meta name=\"author\" content=\"rubi guadelis\" \/>\n<meta name=\"twitter:card\" content=\"summary_large_image\" \/>\n<meta name=\"twitter:label1\" content=\"Escrito por\" \/>\n\t<meta name=\"twitter:data1\" content=\"rubi guadelis\" \/>\n\t<meta name=\"twitter:label2\" content=\"Tiempo de lectura\" \/>\n\t<meta name=\"twitter:data2\" content=\"2 minutos\" \/>\n<script type=\"application\/ld+json\" class=\"yoast-schema-graph\">{\"@context\":\"https:\/\/schema.org\",\"@graph\":[{\"@type\":\"Article\",\"@id\":\"http:\/\/www.minhidrocarburos.gob.ve\/index.php\/2025\/11\/04\/pdv-y-vassa-presentes-en-el-1er-congreso-internacional-de-lubricantes\/#article\",\"isPartOf\":{\"@id\":\"http:\/\/www.minhidrocarburos.gob.ve\/index.php\/2025\/11\/04\/pdv-y-vassa-presentes-en-el-1er-congreso-internacional-de-lubricantes\/\"},\"author\":{\"name\":\"rubi guadelis\",\"@id\":\"http:\/\/www.minhidrocarburos.gob.ve\/#\/schema\/person\/a775d309f37aa396b8f21cbc37789c8f\"},\"headline\":\"PDV y VASSA presentes en el 1er. Congreso Internacional de Lubricantes\",\"datePublished\":\"2025-11-04T20:22:47+00:00\",\"dateModified\":\"2025-11-04T20:26:06+00:00\",\"mainEntityOfPage\":{\"@id\":\"http:\/\/www.minhidrocarburos.gob.ve\/index.php\/2025\/11\/04\/pdv-y-vassa-presentes-en-el-1er-congreso-internacional-de-lubricantes\/\"},\"wordCount\":324,\"publisher\":{\"@id\":\"http:\/\/www.minhidrocarburos.gob.ve\/#organization\"},\"image\":{\"@id\":\"http:\/\/www.minhidrocarburos.gob.ve\/index.php\/2025\/11\/04\/pdv-y-vassa-presentes-en-el-1er-congreso-internacional-de-lubricantes\/#primaryimage\"},\"thumbnailUrl\":\"http:\/\/www.minhidrocarburos.gob.ve\/wp-content\/uploads\/2025\/11\/FOTO-PARTICIPACION-EN-CONGRESO-1.jpeg\",\"articleSection\":[\"Noticias 2024\",\"Noticias 2025\"],\"inLanguage\":\"es\"},{\"@type\":\"WebPage\",\"@id\":\"http:\/\/www.minhidrocarburos.gob.ve\/index.php\/2025\/11\/04\/pdv-y-vassa-presentes-en-el-1er-congreso-internacional-de-lubricantes\/\",\"url\":\"http:\/\/www.minhidrocarburos.gob.ve\/index.php\/2025\/11\/04\/pdv-y-vassa-presentes-en-el-1er-congreso-internacional-de-lubricantes\/\",\"name\":\"PDV y VASSA presentes en el 1er. Congreso Internacional de Lubricantes - MinHidrocarburos\",\"isPartOf\":{\"@id\":\"http:\/\/www.minhidrocarburos.gob.ve\/#website\"},\"primaryImageOfPage\":{\"@id\":\"http:\/\/www.minhidrocarburos.gob.ve\/index.php\/2025\/11\/04\/pdv-y-vassa-presentes-en-el-1er-congreso-internacional-de-lubricantes\/#primaryimage\"},\"image\":{\"@id\":\"http:\/\/www.minhidrocarburos.gob.ve\/index.php\/2025\/11\/04\/pdv-y-vassa-presentes-en-el-1er-congreso-internacional-de-lubricantes\/#primaryimage\"},\"thumbnailUrl\":\"http:\/\/www.minhidrocarburos.gob.ve\/wp-content\/uploads\/2025\/11\/FOTO-PARTICIPACION-EN-CONGRESO-1.jpeg\",\"datePublished\":\"2025-11-04T20:22:47+00:00\",\"dateModified\":\"2025-11-04T20:26:06+00:00\",\"inLanguage\":\"es\",\"potentialAction\":[{\"@type\":\"ReadAction\",\"target\":[\"http:\/\/www.minhidrocarburos.gob.ve\/index.php\/2025\/11\/04\/pdv-y-vassa-presentes-en-el-1er-congreso-internacional-de-lubricantes\/\"]}]},{\"@type\":\"ImageObject\",\"inLanguage\":\"es\",\"@id\":\"http:\/\/www.minhidrocarburos.gob.ve\/index.php\/2025\/11\/04\/pdv-y-vassa-presentes-en-el-1er-congreso-internacional-de-lubricantes\/#primaryimage\",\"url\":\"http:\/\/www.minhidrocarburos.gob.ve\/wp-content\/uploads\/2025\/11\/FOTO-PARTICIPACION-EN-CONGRESO-1.jpeg\",\"contentUrl\":\"http:\/\/www.minhidrocarburos.gob.ve\/wp-content\/uploads\/2025\/11\/FOTO-PARTICIPACION-EN-CONGRESO-1.jpeg\",\"width\":1000,\"height\":563},{\"@type\":\"WebSite\",\"@id\":\"http:\/\/www.minhidrocarburos.gob.ve\/#website\",\"url\":\"http:\/\/www.minhidrocarburos.gob.ve\/\",\"name\":\"Minhidrocarburos\",\"description\":\"Regulaci\u00f3n, formulaci\u00f3n y seguimiento de pol\u00edticas; la planificaci\u00f3n, realizaci\u00f3n y fiscalizaci\u00f3n en materia de hidrocarburos\",\"publisher\":{\"@id\":\"http:\/\/www.minhidrocarburos.gob.ve\/#organization\"},\"potentialAction\":[{\"@type\":\"SearchAction\",\"target\":{\"@type\":\"EntryPoint\",\"urlTemplate\":\"http:\/\/www.minhidrocarburos.gob.ve\/?s={search_term_string}\"},\"query-input\":{\"@type\":\"PropertyValueSpecification\",\"valueRequired\":true,\"valueName\":\"search_term_string\"}}],\"inLanguage\":\"es\"},{\"@type\":\"Organization\",\"@id\":\"http:\/\/www.minhidrocarburos.gob.ve\/#organization\",\"name\":\"Ministerio del Poder Popular de Hidrocarburos\",\"url\":\"http:\/\/www.minhidrocarburos.gob.ve\/\",\"logo\":{\"@type\":\"ImageObject\",\"inLanguage\":\"es\",\"@id\":\"http:\/\/www.minhidrocarburos.gob.ve\/#\/schema\/logo\/image\/\",\"url\":\"http:\/\/www.minhidrocarburos.gob.ve\/wp-content\/uploads\/2024\/12\/Ministerio_de_Hidrocarburos.png\",\"contentUrl\":\"http:\/\/www.minhidrocarburos.gob.ve\/wp-content\/uploads\/2024\/12\/Ministerio_de_Hidrocarburos.png\",\"width\":2320,\"height\":324,\"caption\":\"Ministerio del Poder Popular de Hidrocarburos\"},\"image\":{\"@id\":\"http:\/\/www.minhidrocarburos.gob.ve\/#\/schema\/logo\/image\/\"}},{\"@type\":\"Person\",\"@id\":\"http:\/\/www.minhidrocarburos.gob.ve\/#\/schema\/person\/a775d309f37aa396b8f21cbc37789c8f\",\"name\":\"rubi guadelis\",\"image\":{\"@type\":\"ImageObject\",\"inLanguage\":\"es\",\"@id\":\"https:\/\/secure.gravatar.com\/avatar\/13b775ea21a000e6c50bf3d9bf85b3ea6c4931f4bc5b3860ee7803247c294517?s=96&d=mm&r=g\",\"url\":\"https:\/\/secure.gravatar.com\/avatar\/13b775ea21a000e6c50bf3d9bf85b3ea6c4931f4bc5b3860ee7803247c294517?s=96&d=mm&r=g\",\"contentUrl\":\"https:\/\/secure.gravatar.com\/avatar\/13b775ea21a000e6c50bf3d9bf85b3ea6c4931f4bc5b3860ee7803247c294517?s=96&d=mm&r=g\",\"caption\":\"rubi guadelis\"},\"url\":\"http:\/\/www.minhidrocarburos.gob.ve\/index.php\/author\/rguadelis\/\"}]}<\/script>\n<!-- \/ Yoast SEO plugin. -->","yoast_head_json":{"title":"PDV y VASSA presentes en el 1er. Congreso Internacional de Lubricantes - MinHidrocarburos","robots":{"index":"index","follow":"follow","max-snippet":"max-snippet:-1","max-image-preview":"max-image-preview:large","max-video-preview":"max-video-preview:-1"},"canonical":"http:\/\/www.minhidrocarburos.gob.ve\/index.php\/2025\/11\/04\/pdv-y-vassa-presentes-en-el-1er-congreso-internacional-de-lubricantes\/","og_locale":"es_ES","og_type":"article","og_title":"PDV y VASSA presentes en el 1er. Congreso Internacional de Lubricantes - MinHidrocarburos","og_description":"\u200bLa manufactura de lubricantes fortaleciendo el sector industrial del pa\u00eds Caracas, 04 de noviembre de 2025.&#8211; Petr\u00f3leos de Venezuela, S.A. (PDVSA) tuvo una activa y destacada participaci\u00f3n en el 1er. Congreso Internacional de Lubricantes organizado por AFALUB, un encuentro de dos d\u00edas clave para el sector que se ha consolidado como escenario fundamental para ponencias&hellip;&nbsp;Leer m\u00e1s &raquo;PDV y VASSA presentes en el 1er. Congreso Internacional de Lubricantes","og_url":"http:\/\/www.minhidrocarburos.gob.ve\/index.php\/2025\/11\/04\/pdv-y-vassa-presentes-en-el-1er-congreso-internacional-de-lubricantes\/","og_site_name":"MinHidrocarburos","article_published_time":"2025-11-04T20:22:47+00:00","article_modified_time":"2025-11-04T20:26:06+00:00","og_image":[{"width":1000,"height":563,"url":"http:\/\/www.minhidrocarburos.gob.ve\/wp-content\/uploads\/2025\/11\/FOTO-PARTICIPACION-EN-CONGRESO-1.jpeg","type":"image\/jpeg"}],"author":"rubi guadelis","twitter_card":"summary_large_image","twitter_misc":{"Escrito por":"rubi guadelis","Tiempo de lectura":"2 minutos"},"schema":{"@context":"https:\/\/schema.org","@graph":[{"@type":"Article","@id":"http:\/\/www.minhidrocarburos.gob.ve\/index.php\/2025\/11\/04\/pdv-y-vassa-presentes-en-el-1er-congreso-internacional-de-lubricantes\/#article","isPartOf":{"@id":"http:\/\/www.minhidrocarburos.gob.ve\/index.php\/2025\/11\/04\/pdv-y-vassa-presentes-en-el-1er-congreso-internacional-de-lubricantes\/"},"author":{"name":"rubi guadelis","@id":"http:\/\/www.minhidrocarburos.gob.ve\/#\/schema\/person\/a775d309f37aa396b8f21cbc37789c8f"},"headline":"PDV y VASSA presentes en el 1er. Congreso Internacional de Lubricantes","datePublished":"2025-11-04T20:22:47+00:00","dateModified":"2025-11-04T20:26:06+00:00","mainEntityOfPage":{"@id":"http:\/\/www.minhidrocarburos.gob.ve\/index.php\/2025\/11\/04\/pdv-y-vassa-presentes-en-el-1er-congreso-internacional-de-lubricantes\/"},"wordCount":324,"publisher":{"@id":"http:\/\/www.minhidrocarburos.gob.ve\/#organization"},"image":{"@id":"http:\/\/www.minhidrocarburos.gob.ve\/index.php\/2025\/11\/04\/pdv-y-vassa-presentes-en-el-1er-congreso-internacional-de-lubricantes\/#primaryimage"},"thumbnailUrl":"http:\/\/www.minhidrocarburos.gob.ve\/wp-content\/uploads\/2025\/11\/FOTO-PARTICIPACION-EN-CONGRESO-1.jpeg","articleSection":["Noticias 2024","Noticias 2025"],"inLanguage":"es"},{"@type":"WebPage","@id":"http:\/\/www.minhidrocarburos.gob.ve\/index.php\/2025\/11\/04\/pdv-y-vassa-presentes-en-el-1er-congreso-internacional-de-lubricantes\/","url":"http:\/\/www.minhidrocarburos.gob.ve\/index.php\/2025\/11\/04\/pdv-y-vassa-presentes-en-el-1er-congreso-internacional-de-lubricantes\/","name":"PDV y VASSA presentes en el 1er. Congreso Internacional de Lubricantes - MinHidrocarburos","isPartOf":{"@id":"http:\/\/www.minhidrocarburos.gob.ve\/#website"},"primaryImageOfPage":{"@id":"http:\/\/www.minhidrocarburos.gob.ve\/index.php\/2025\/11\/04\/pdv-y-vassa-presentes-en-el-1er-congreso-internacional-de-lubricantes\/#primaryimage"},"image":{"@id":"http:\/\/www.minhidrocarburos.gob.ve\/index.php\/2025\/11\/04\/pdv-y-vassa-presentes-en-el-1er-congreso-internacional-de-lubricantes\/#primaryimage"},"thumbnailUrl":"http:\/\/www.minhidrocarburos.gob.ve\/wp-content\/uploads\/2025\/11\/FOTO-PARTICIPACION-EN-CONGRESO-1.jpeg","datePublished":"2025-11-04T20:22:47+00:00","dateModified":"2025-11-04T20:26:06+00:00","inLanguage":"es","potentialAction":[{"@type":"ReadAction","target":["http:\/\/www.minhidrocarburos.gob.ve\/index.php\/2025\/11\/04\/pdv-y-vassa-presentes-en-el-1er-congreso-internacional-de-lubricantes\/"]}]},{"@type":"ImageObject","inLanguage":"es","@id":"http:\/\/www.minhidrocarburos.gob.ve\/index.php\/2025\/11\/04\/pdv-y-vassa-presentes-en-el-1er-congreso-internacional-de-lubricantes\/#primaryimage","url":"http:\/\/www.minhidrocarburos.gob.ve\/wp-content\/uploads\/2025\/11\/FOTO-PARTICIPACION-EN-CONGRESO-1.jpeg","contentUrl":"http:\/\/www.minhidrocarburos.gob.ve\/wp-content\/uploads\/2025\/11\/FOTO-PARTICIPACION-EN-CONGRESO-1.jpeg","width":1000,"height":563},{"@type":"WebSite","@id":"http:\/\/www.minhidrocarburos.gob.ve\/#website","url":"http:\/\/www.minhidrocarburos.gob.ve\/","name":"Minhidrocarburos","description":"Regulaci\u00f3n, formulaci\u00f3n y seguimiento de pol\u00edticas; la planificaci\u00f3n, realizaci\u00f3n y fiscalizaci\u00f3n en materia de hidrocarburos","publisher":{"@id":"http:\/\/www.minhidrocarburos.gob.ve\/#organization"},"potentialAction":[{"@type":"SearchAction","target":{"@type":"EntryPoint","urlTemplate":"http:\/\/www.minhidrocarburos.gob.ve\/?s={search_term_string}"},"query-input":{"@type":"PropertyValueSpecification","valueRequired":true,"valueName":"search_term_string"}}],"inLanguage":"es"},{"@type":"Organization","@id":"http:\/\/www.minhidrocarburos.gob.ve\/#organization","name":"Ministerio del Poder Popular de Hidrocarburos","url":"http:\/\/www.minhidrocarburos.gob.ve\/","logo":{"@type":"ImageObject","inLanguage":"es","@id":"http:\/\/www.minhidrocarburos.gob.ve\/#\/schema\/logo\/image\/","url":"http:\/\/www.minhidrocarburos.gob.ve\/wp-content\/uploads\/2024\/12\/Ministerio_de_Hidrocarburos.png","contentUrl":"http:\/\/www.minhidrocarburos.gob.ve\/wp-content\/uploads\/2024\/12\/Ministerio_de_Hidrocarburos.png","width":2320,"height":324,"caption":"Ministerio del Poder Popular de Hidrocarburos"},"image":{"@id":"http:\/\/www.minhidrocarburos.gob.ve\/#\/schema\/logo\/image\/"}},{"@type":"Person","@id":"http:\/\/www.minhidrocarburos.gob.ve\/#\/schema\/person\/a775d309f37aa396b8f21cbc37789c8f","name":"rubi guadelis","image":{"@type":"ImageObject","inLanguage":"es","@id":"https:\/\/secure.gravatar.com\/avatar\/13b775ea21a000e6c50bf3d9bf85b3ea6c4931f4bc5b3860ee7803247c294517?s=96&d=mm&r=g","url":"https:\/\/secure.gravatar.com\/avatar\/13b775ea21a000e6c50bf3d9bf85b3ea6c4931f4bc5b3860ee7803247c294517?s=96&d=mm&r=g","contentUrl":"https:\/\/secure.gravatar.com\/avatar\/13b775ea21a000e6c50bf3d9bf85b3ea6c4931f4bc5b3860ee7803247c294517?s=96&d=mm&r=g","caption":"rubi guadelis"},"url":"http:\/\/www.minhidrocarburos.gob.ve\/index.php\/author\/rguadelis\/"}]}},"_links":{"self":[{"href":"http:\/\/www.minhidrocarburos.gob.ve\/index.php\/wp-json\/wp\/v2\/posts\/4693","targetHints":{"allow":["GET"]}}],"collection":[{"href":"http:\/\/www.minhidrocarburos.gob.ve\/index.php\/wp-json\/wp\/v2\/posts"}],"about":[{"href":"http:\/\/www.minhidrocarburos.gob.ve\/index.php\/wp-json\/wp\/v2\/types\/post"}],"author":[{"embeddable":true,"href":"http:\/\/www.minhidrocarburos.gob.ve\/index.php\/wp-json\/wp\/v2\/users\/7"}],"replies":[{"embeddable":true,"href":"http:\/\/www.minhidrocarburos.gob.ve\/index.php\/wp-json\/wp\/v2\/comments?post=4693"}],"version-history":[{"count":1,"href":"http:\/\/www.minhidrocarburos.gob.ve\/index.php\/wp-json\/wp\/v2\/posts\/4693\/revisions"}],"predecessor-version":[{"id":4696,"href":"http:\/\/www.minhidrocarburos.gob.ve\/index.php\/wp-json\/wp\/v2\/posts\/4693\/revisions\/4696"}],"wp:featuredmedia":[{"embeddable":true,"href":"http:\/\/www.minhidrocarburos.gob.ve\/index.php\/wp-json\/wp\/v2\/media\/4695"}],"wp:attachment":[{"href":"http:\/\/www.minhidrocarburos.gob.ve\/index.php\/wp-json\/wp\/v2\/media?parent=4693"}],"wp:term":[{"taxonomy":"category","embeddable":true,"href":"http:\/\/www.minhidrocarburos.gob.ve\/index.php\/wp-json\/wp\/v2\/categories?post=4693"},{"taxonomy":"post_tag","embeddable":true,"href":"http:\/\/www.minhidrocarburos.gob.ve\/index.php\/wp-json\/wp\/v2\/tags?post=4693"}],"curies":[{"name":"wp","href":"https:\/\/api.w.org\/{rel}","templated":true}]}}