

{"id":4697,"date":"2025-11-06T15:39:24","date_gmt":"2025-11-06T19:39:24","guid":{"rendered":"http:\/\/www.minhidrocarburos.gob.ve\/?p=4697"},"modified":"2025-11-07T08:39:47","modified_gmt":"2025-11-07T12:39:47","slug":"venezuela-aboga-por-un-futuro-energetico-justo-ante-la-conferencia-de-la-appo-en-el-congo","status":"publish","type":"post","link":"http:\/\/www.minhidrocarburos.gob.ve\/index.php\/2025\/11\/06\/venezuela-aboga-por-un-futuro-energetico-justo-ante-la-conferencia-de-la-appo-en-el-congo\/","title":{"rendered":"Venezuela aboga por un futuro energ\u00e9tico justo ante la Conferencia de la APPO en el Congo"},"content":{"rendered":"\n<p>5 de noviembre de 2025.- En nombre del presidente Nicol\u00e1s Maduro, una delegaci\u00f3n venezolana, encabezada por los viceministros de Petr\u00f3leo y de Petroqu\u00edmica y Refinaci\u00f3n, particip\u00f3 en la 4.\u00aa Edici\u00f3n de la Conferencia y Exposici\u00f3n de Contenido Local de la Organizaci\u00f3n Africana de Productores de Petr\u00f3leo (APPO) en Brazzaville, Rep\u00fablica del Congo, evento donde Venezuela reafirm\u00f3 su posici\u00f3n como actor energ\u00e9tico global y su compromiso inquebrantable con la cooperaci\u00f3n Sur-Sur.<\/p>\n\n\n\n<p>Durante su participaci\u00f3n, la viceministra de Petr\u00f3leo, Paula Henao, transmiti\u00f3 el mensaje de la ministra del Poder Popular de Hidrocarburos, Delcy Rodr\u00edguez, enfocado en la necesidad de fortalecer la cooperaci\u00f3n entre pa\u00edses del Sur Global para enfrentar coordinadamente la pobreza energ\u00e9tica.<\/p>\n\n\n\n<p>En la carta, la ministra Rodr\u00edguez hizo un llamado a la Asamblea de la APPO para elevar la cooperaci\u00f3n a una alianza estructural que beneficie a todos los pa\u00edses en desarrollo.<\/p>\n\n\n\n<p>\u201cCuenten con la firme voluntad del Gobierno Bolivariano de Venezuela de seguir trabajando mancomunadamente con nuestros pa\u00edses hermanos para construir un futuro energ\u00e9tico justo, equilibrado y multipolar\u201d, afirm\u00f3.<\/p>\n\n\n\n<p><strong>Denuncia ante la APPO<\/strong><\/p>\n\n\n\n<p>La misiva tambi\u00e9n sirvi\u00f3 como plataforma para denunciar las acciones militares de Estados Unidos en el Caribe, que buscan la apropiaci\u00f3n de los amplios recursos estrat\u00e9gicos del pa\u00eds.<\/p>\n\n\n\n<p>\u201cDenunciamos ante ustedes, nuestros hermanos de la APPO, este inaceptable despliegue de barcos de guerra y portaviones en el Caribe, que constituye una amenaza directa a la paz regional. Al mismo tiempo, agradecemos a los gobiernos africanos su constante manifestaci\u00f3n de solidaridad frente a estas agresiones que violan los principios b\u00e1sicos del Derecho Internacional\u201d, sentenci\u00f3 Rodr\u00edguez.<\/p>\n\n\n\n<p>Por su parte, el viceministro de Refinaci\u00f3n y Petroqu\u00edmica, Carlos Canel\u00f3n, particip\u00f3 activamente en la Sesi\u00f3n Ministerial, dedicada al an\u00e1lisis de marcos regulatorios y estrategias de contenido local, compartiendo espacio con representantes ministeriales de Angola, Nigeria, Ghana, Egipto y Libia.<\/p>\n\n\n\n<p>Es fundamental destacar la hist\u00f3rica y activa participaci\u00f3n de Venezuela en la APPO. La naci\u00f3n es el \u00fanica no africana en ser Miembro Observador y, posteriormente, Miembro Honorario de la organizaci\u00f3n, un rol que ha utilizado para promover y consolidar acuerdos que fortalecen las pol\u00edticas destinadas a mantener un mercado energ\u00e9tico global estable y sostenible.<\/p>\n","protected":false},"excerpt":{"rendered":"<p>5 de noviembre de 2025.- En nombre del presidente Nicol\u00e1s Maduro, una delegaci\u00f3n venezolana, encabezada por los viceministros de Petr\u00f3leo y de Petroqu\u00edmica y Refinaci\u00f3n, particip\u00f3 en la 4.\u00aa Edici\u00f3n de la Conferencia y Exposici\u00f3n de Contenido Local de la Organizaci\u00f3n Africana de Productores de Petr\u00f3leo (APPO) en Brazzaville, Rep\u00fablica del Congo, evento donde Venezuela&hellip;&nbsp;<a href=\"http:\/\/www.minhidrocarburos.gob.ve\/index.php\/2025\/11\/06\/venezuela-aboga-por-un-futuro-energetico-justo-ante-la-conferencia-de-la-appo-en-el-congo\/\" rel=\"bookmark\">Leer m\u00e1s &raquo;<span class=\"screen-reader-text\">Venezuela aboga por un futuro energ\u00e9tico justo ante la Conferencia de la APPO en el Congo<\/span><\/a><\/p>\n","protected":false},"author":15,"featured_media":4698,"comment_status":"closed","ping_status":"closed","sticky":false,"template":"","format":"standard","meta":{"_editorskit_title_hidden":false,"_editorskit_reading_time":0,"_editorskit_is_block_options_detached":false,"_editorskit_block_options_position":"{}","neve_meta_sidebar":"","neve_meta_container":"","neve_meta_enable_content_width":"","neve_meta_content_width":0,"neve_meta_title_alignment":"","neve_meta_author_avatar":"","neve_post_elements_order":"","neve_meta_disable_header":"","neve_meta_disable_footer":"","neve_meta_disable_title":"","footnotes":""},"categories":[121,127],"tags":[],"class_list":["post-4697","post","type-post","status-publish","format-standard","has-post-thumbnail","hentry","category-noticias-2024","category-noticias-2025"],"yoast_head":"<!-- This site is optimized with the Yoast SEO plugin v27.2 - https:\/\/yoast.com\/product\/yoast-seo-wordpress\/ -->\n<title>Venezuela aboga por un futuro energ\u00e9tico justo ante la Conferencia de la APPO en el Congo - MinHidrocarburos<\/title>\n<meta name=\"robots\" content=\"index, follow, max-snippet:-1, max-image-preview:large, max-video-preview:-1\" \/>\n<link rel=\"canonical\" href=\"http:\/\/www.minhidrocarburos.gob.ve\/index.php\/2025\/11\/06\/venezuela-aboga-por-un-futuro-energetico-justo-ante-la-conferencia-de-la-appo-en-el-congo\/\" \/>\n<meta property=\"og:locale\" content=\"es_ES\" \/>\n<meta property=\"og:type\" content=\"article\" \/>\n<meta property=\"og:title\" content=\"Venezuela aboga por un futuro energ\u00e9tico justo ante la Conferencia de la APPO en el Congo - MinHidrocarburos\" \/>\n<meta property=\"og:description\" content=\"5 de noviembre de 2025.- En nombre del presidente Nicol\u00e1s Maduro, una delegaci\u00f3n venezolana, encabezada por los viceministros de Petr\u00f3leo y de Petroqu\u00edmica y Refinaci\u00f3n, particip\u00f3 en la 4.\u00aa Edici\u00f3n de la Conferencia y Exposici\u00f3n de Contenido Local de la Organizaci\u00f3n Africana de Productores de Petr\u00f3leo (APPO) en Brazzaville, Rep\u00fablica del Congo, evento donde Venezuela&hellip;&nbsp;Leer m\u00e1s &raquo;Venezuela aboga por un futuro energ\u00e9tico justo ante la Conferencia de la APPO en el Congo\" \/>\n<meta property=\"og:url\" content=\"http:\/\/www.minhidrocarburos.gob.ve\/index.php\/2025\/11\/06\/venezuela-aboga-por-un-futuro-energetico-justo-ante-la-conferencia-de-la-appo-en-el-congo\/\" \/>\n<meta property=\"og:site_name\" content=\"MinHidrocarburos\" \/>\n<meta property=\"article:published_time\" content=\"2025-11-06T19:39:24+00:00\" \/>\n<meta property=\"article:modified_time\" content=\"2025-11-07T12:39:47+00:00\" \/>\n<meta property=\"og:image\" content=\"http:\/\/www.minhidrocarburos.gob.ve\/wp-content\/uploads\/2025\/11\/1.34.jpeg\" \/>\n\t<meta property=\"og:image:width\" content=\"1051\" \/>\n\t<meta property=\"og:image:height\" content=\"700\" \/>\n\t<meta property=\"og:image:type\" content=\"image\/jpeg\" \/>\n<meta name=\"author\" content=\"Sidri Soto\" \/>\n<meta name=\"twitter:card\" content=\"summary_large_image\" \/>\n<meta name=\"twitter:label1\" content=\"Escrito por\" \/>\n\t<meta name=\"twitter:data1\" content=\"Sidri Soto\" \/>\n\t<meta name=\"twitter:label2\" content=\"Tiempo de lectura\" \/>\n\t<meta name=\"twitter:data2\" content=\"2 minutos\" \/>\n<script type=\"application\/ld+json\" class=\"yoast-schema-graph\">{\"@context\":\"https:\/\/schema.org\",\"@graph\":[{\"@type\":\"Article\",\"@id\":\"http:\/\/www.minhidrocarburos.gob.ve\/index.php\/2025\/11\/06\/venezuela-aboga-por-un-futuro-energetico-justo-ante-la-conferencia-de-la-appo-en-el-congo\/#article\",\"isPartOf\":{\"@id\":\"http:\/\/www.minhidrocarburos.gob.ve\/index.php\/2025\/11\/06\/venezuela-aboga-por-un-futuro-energetico-justo-ante-la-conferencia-de-la-appo-en-el-congo\/\"},\"author\":{\"name\":\"Sidri Soto\",\"@id\":\"http:\/\/www.minhidrocarburos.gob.ve\/#\/schema\/person\/fa560b188ba4c1bca7fcd00d13914ac1\"},\"headline\":\"Venezuela aboga por un futuro energ\u00e9tico justo ante la Conferencia de la APPO en el Congo\",\"datePublished\":\"2025-11-06T19:39:24+00:00\",\"dateModified\":\"2025-11-07T12:39:47+00:00\",\"mainEntityOfPage\":{\"@id\":\"http:\/\/www.minhidrocarburos.gob.ve\/index.php\/2025\/11\/06\/venezuela-aboga-por-un-futuro-energetico-justo-ante-la-conferencia-de-la-appo-en-el-congo\/\"},\"wordCount\":410,\"publisher\":{\"@id\":\"http:\/\/www.minhidrocarburos.gob.ve\/#organization\"},\"image\":{\"@id\":\"http:\/\/www.minhidrocarburos.gob.ve\/index.php\/2025\/11\/06\/venezuela-aboga-por-un-futuro-energetico-justo-ante-la-conferencia-de-la-appo-en-el-congo\/#primaryimage\"},\"thumbnailUrl\":\"http:\/\/www.minhidrocarburos.gob.ve\/wp-content\/uploads\/2025\/11\/1.34.jpeg\",\"articleSection\":[\"Noticias 2024\",\"Noticias 2025\"],\"inLanguage\":\"es\"},{\"@type\":\"WebPage\",\"@id\":\"http:\/\/www.minhidrocarburos.gob.ve\/index.php\/2025\/11\/06\/venezuela-aboga-por-un-futuro-energetico-justo-ante-la-conferencia-de-la-appo-en-el-congo\/\",\"url\":\"http:\/\/www.minhidrocarburos.gob.ve\/index.php\/2025\/11\/06\/venezuela-aboga-por-un-futuro-energetico-justo-ante-la-conferencia-de-la-appo-en-el-congo\/\",\"name\":\"Venezuela aboga por un futuro energ\u00e9tico justo ante la Conferencia de la APPO en el Congo - MinHidrocarburos\",\"isPartOf\":{\"@id\":\"http:\/\/www.minhidrocarburos.gob.ve\/#website\"},\"primaryImageOfPage\":{\"@id\":\"http:\/\/www.minhidrocarburos.gob.ve\/index.php\/2025\/11\/06\/venezuela-aboga-por-un-futuro-energetico-justo-ante-la-conferencia-de-la-appo-en-el-congo\/#primaryimage\"},\"image\":{\"@id\":\"http:\/\/www.minhidrocarburos.gob.ve\/index.php\/2025\/11\/06\/venezuela-aboga-por-un-futuro-energetico-justo-ante-la-conferencia-de-la-appo-en-el-congo\/#primaryimage\"},\"thumbnailUrl\":\"http:\/\/www.minhidrocarburos.gob.ve\/wp-content\/uploads\/2025\/11\/1.34.jpeg\",\"datePublished\":\"2025-11-06T19:39:24+00:00\",\"dateModified\":\"2025-11-07T12:39:47+00:00\",\"inLanguage\":\"es\",\"potentialAction\":[{\"@type\":\"ReadAction\",\"target\":[\"http:\/\/www.minhidrocarburos.gob.ve\/index.php\/2025\/11\/06\/venezuela-aboga-por-un-futuro-energetico-justo-ante-la-conferencia-de-la-appo-en-el-congo\/\"]}]},{\"@type\":\"ImageObject\",\"inLanguage\":\"es\",\"@id\":\"http:\/\/www.minhidrocarburos.gob.ve\/index.php\/2025\/11\/06\/venezuela-aboga-por-un-futuro-energetico-justo-ante-la-conferencia-de-la-appo-en-el-congo\/#primaryimage\",\"url\":\"http:\/\/www.minhidrocarburos.gob.ve\/wp-content\/uploads\/2025\/11\/1.34.jpeg\",\"contentUrl\":\"http:\/\/www.minhidrocarburos.gob.ve\/wp-content\/uploads\/2025\/11\/1.34.jpeg\",\"width\":1051,\"height\":700},{\"@type\":\"WebSite\",\"@id\":\"http:\/\/www.minhidrocarburos.gob.ve\/#website\",\"url\":\"http:\/\/www.minhidrocarburos.gob.ve\/\",\"name\":\"Minhidrocarburos\",\"description\":\"Regulaci\u00f3n, formulaci\u00f3n y seguimiento de pol\u00edticas; la planificaci\u00f3n, realizaci\u00f3n y fiscalizaci\u00f3n en materia de hidrocarburos\",\"publisher\":{\"@id\":\"http:\/\/www.minhidrocarburos.gob.ve\/#organization\"},\"potentialAction\":[{\"@type\":\"SearchAction\",\"target\":{\"@type\":\"EntryPoint\",\"urlTemplate\":\"http:\/\/www.minhidrocarburos.gob.ve\/?s={search_term_string}\"},\"query-input\":{\"@type\":\"PropertyValueSpecification\",\"valueRequired\":true,\"valueName\":\"search_term_string\"}}],\"inLanguage\":\"es\"},{\"@type\":\"Organization\",\"@id\":\"http:\/\/www.minhidrocarburos.gob.ve\/#organization\",\"name\":\"Ministerio del Poder Popular de Hidrocarburos\",\"url\":\"http:\/\/www.minhidrocarburos.gob.ve\/\",\"logo\":{\"@type\":\"ImageObject\",\"inLanguage\":\"es\",\"@id\":\"http:\/\/www.minhidrocarburos.gob.ve\/#\/schema\/logo\/image\/\",\"url\":\"http:\/\/www.minhidrocarburos.gob.ve\/wp-content\/uploads\/2024\/12\/Ministerio_de_Hidrocarburos.png\",\"contentUrl\":\"http:\/\/www.minhidrocarburos.gob.ve\/wp-content\/uploads\/2024\/12\/Ministerio_de_Hidrocarburos.png\",\"width\":2320,\"height\":324,\"caption\":\"Ministerio del Poder Popular de Hidrocarburos\"},\"image\":{\"@id\":\"http:\/\/www.minhidrocarburos.gob.ve\/#\/schema\/logo\/image\/\"}},{\"@type\":\"Person\",\"@id\":\"http:\/\/www.minhidrocarburos.gob.ve\/#\/schema\/person\/fa560b188ba4c1bca7fcd00d13914ac1\",\"name\":\"Sidri Soto\",\"image\":{\"@type\":\"ImageObject\",\"inLanguage\":\"es\",\"@id\":\"https:\/\/secure.gravatar.com\/avatar\/8c94fb6f3833c8ec5b79ba94c7bfe01ba777fec1f7f00d2630ab93f2659d7b47?s=96&d=mm&r=g\",\"url\":\"https:\/\/secure.gravatar.com\/avatar\/8c94fb6f3833c8ec5b79ba94c7bfe01ba777fec1f7f00d2630ab93f2659d7b47?s=96&d=mm&r=g\",\"contentUrl\":\"https:\/\/secure.gravatar.com\/avatar\/8c94fb6f3833c8ec5b79ba94c7bfe01ba777fec1f7f00d2630ab93f2659d7b47?s=96&d=mm&r=g\",\"caption\":\"Sidri Soto\"},\"url\":\"http:\/\/www.minhidrocarburos.gob.ve\/index.php\/author\/skahoris\/\"}]}<\/script>\n<!-- \/ Yoast SEO plugin. -->","yoast_head_json":{"title":"Venezuela aboga por un futuro energ\u00e9tico justo ante la Conferencia de la APPO en el Congo - MinHidrocarburos","robots":{"index":"index","follow":"follow","max-snippet":"max-snippet:-1","max-image-preview":"max-image-preview:large","max-video-preview":"max-video-preview:-1"},"canonical":"http:\/\/www.minhidrocarburos.gob.ve\/index.php\/2025\/11\/06\/venezuela-aboga-por-un-futuro-energetico-justo-ante-la-conferencia-de-la-appo-en-el-congo\/","og_locale":"es_ES","og_type":"article","og_title":"Venezuela aboga por un futuro energ\u00e9tico justo ante la Conferencia de la APPO en el Congo - MinHidrocarburos","og_description":"5 de noviembre de 2025.- En nombre del presidente Nicol\u00e1s Maduro, una delegaci\u00f3n venezolana, encabezada por los viceministros de Petr\u00f3leo y de Petroqu\u00edmica y Refinaci\u00f3n, particip\u00f3 en la 4.\u00aa Edici\u00f3n de la Conferencia y Exposici\u00f3n de Contenido Local de la Organizaci\u00f3n Africana de Productores de Petr\u00f3leo (APPO) en Brazzaville, Rep\u00fablica del Congo, evento donde Venezuela&hellip;&nbsp;Leer m\u00e1s &raquo;Venezuela aboga por un futuro energ\u00e9tico justo ante la Conferencia de la APPO en el Congo","og_url":"http:\/\/www.minhidrocarburos.gob.ve\/index.php\/2025\/11\/06\/venezuela-aboga-por-un-futuro-energetico-justo-ante-la-conferencia-de-la-appo-en-el-congo\/","og_site_name":"MinHidrocarburos","article_published_time":"2025-11-06T19:39:24+00:00","article_modified_time":"2025-11-07T12:39:47+00:00","og_image":[{"width":1051,"height":700,"url":"http:\/\/www.minhidrocarburos.gob.ve\/wp-content\/uploads\/2025\/11\/1.34.jpeg","type":"image\/jpeg"}],"author":"Sidri Soto","twitter_card":"summary_large_image","twitter_misc":{"Escrito por":"Sidri Soto","Tiempo de lectura":"2 minutos"},"schema":{"@context":"https:\/\/schema.org","@graph":[{"@type":"Article","@id":"http:\/\/www.minhidrocarburos.gob.ve\/index.php\/2025\/11\/06\/venezuela-aboga-por-un-futuro-energetico-justo-ante-la-conferencia-de-la-appo-en-el-congo\/#article","isPartOf":{"@id":"http:\/\/www.minhidrocarburos.gob.ve\/index.php\/2025\/11\/06\/venezuela-aboga-por-un-futuro-energetico-justo-ante-la-conferencia-de-la-appo-en-el-congo\/"},"author":{"name":"Sidri Soto","@id":"http:\/\/www.minhidrocarburos.gob.ve\/#\/schema\/person\/fa560b188ba4c1bca7fcd00d13914ac1"},"headline":"Venezuela aboga por un futuro energ\u00e9tico justo ante la Conferencia de la APPO en el Congo","datePublished":"2025-11-06T19:39:24+00:00","dateModified":"2025-11-07T12:39:47+00:00","mainEntityOfPage":{"@id":"http:\/\/www.minhidrocarburos.gob.ve\/index.php\/2025\/11\/06\/venezuela-aboga-por-un-futuro-energetico-justo-ante-la-conferencia-de-la-appo-en-el-congo\/"},"wordCount":410,"publisher":{"@id":"http:\/\/www.minhidrocarburos.gob.ve\/#organization"},"image":{"@id":"http:\/\/www.minhidrocarburos.gob.ve\/index.php\/2025\/11\/06\/venezuela-aboga-por-un-futuro-energetico-justo-ante-la-conferencia-de-la-appo-en-el-congo\/#primaryimage"},"thumbnailUrl":"http:\/\/www.minhidrocarburos.gob.ve\/wp-content\/uploads\/2025\/11\/1.34.jpeg","articleSection":["Noticias 2024","Noticias 2025"],"inLanguage":"es"},{"@type":"WebPage","@id":"http:\/\/www.minhidrocarburos.gob.ve\/index.php\/2025\/11\/06\/venezuela-aboga-por-un-futuro-energetico-justo-ante-la-conferencia-de-la-appo-en-el-congo\/","url":"http:\/\/www.minhidrocarburos.gob.ve\/index.php\/2025\/11\/06\/venezuela-aboga-por-un-futuro-energetico-justo-ante-la-conferencia-de-la-appo-en-el-congo\/","name":"Venezuela aboga por un futuro energ\u00e9tico justo ante la Conferencia de la APPO en el Congo - MinHidrocarburos","isPartOf":{"@id":"http:\/\/www.minhidrocarburos.gob.ve\/#website"},"primaryImageOfPage":{"@id":"http:\/\/www.minhidrocarburos.gob.ve\/index.php\/2025\/11\/06\/venezuela-aboga-por-un-futuro-energetico-justo-ante-la-conferencia-de-la-appo-en-el-congo\/#primaryimage"},"image":{"@id":"http:\/\/www.minhidrocarburos.gob.ve\/index.php\/2025\/11\/06\/venezuela-aboga-por-un-futuro-energetico-justo-ante-la-conferencia-de-la-appo-en-el-congo\/#primaryimage"},"thumbnailUrl":"http:\/\/www.minhidrocarburos.gob.ve\/wp-content\/uploads\/2025\/11\/1.34.jpeg","datePublished":"2025-11-06T19:39:24+00:00","dateModified":"2025-11-07T12:39:47+00:00","inLanguage":"es","potentialAction":[{"@type":"ReadAction","target":["http:\/\/www.minhidrocarburos.gob.ve\/index.php\/2025\/11\/06\/venezuela-aboga-por-un-futuro-energetico-justo-ante-la-conferencia-de-la-appo-en-el-congo\/"]}]},{"@type":"ImageObject","inLanguage":"es","@id":"http:\/\/www.minhidrocarburos.gob.ve\/index.php\/2025\/11\/06\/venezuela-aboga-por-un-futuro-energetico-justo-ante-la-conferencia-de-la-appo-en-el-congo\/#primaryimage","url":"http:\/\/www.minhidrocarburos.gob.ve\/wp-content\/uploads\/2025\/11\/1.34.jpeg","contentUrl":"http:\/\/www.minhidrocarburos.gob.ve\/wp-content\/uploads\/2025\/11\/1.34.jpeg","width":1051,"height":700},{"@type":"WebSite","@id":"http:\/\/www.minhidrocarburos.gob.ve\/#website","url":"http:\/\/www.minhidrocarburos.gob.ve\/","name":"Minhidrocarburos","description":"Regulaci\u00f3n, formulaci\u00f3n y seguimiento de pol\u00edticas; la planificaci\u00f3n, realizaci\u00f3n y fiscalizaci\u00f3n en materia de hidrocarburos","publisher":{"@id":"http:\/\/www.minhidrocarburos.gob.ve\/#organization"},"potentialAction":[{"@type":"SearchAction","target":{"@type":"EntryPoint","urlTemplate":"http:\/\/www.minhidrocarburos.gob.ve\/?s={search_term_string}"},"query-input":{"@type":"PropertyValueSpecification","valueRequired":true,"valueName":"search_term_string"}}],"inLanguage":"es"},{"@type":"Organization","@id":"http:\/\/www.minhidrocarburos.gob.ve\/#organization","name":"Ministerio del Poder Popular de Hidrocarburos","url":"http:\/\/www.minhidrocarburos.gob.ve\/","logo":{"@type":"ImageObject","inLanguage":"es","@id":"http:\/\/www.minhidrocarburos.gob.ve\/#\/schema\/logo\/image\/","url":"http:\/\/www.minhidrocarburos.gob.ve\/wp-content\/uploads\/2024\/12\/Ministerio_de_Hidrocarburos.png","contentUrl":"http:\/\/www.minhidrocarburos.gob.ve\/wp-content\/uploads\/2024\/12\/Ministerio_de_Hidrocarburos.png","width":2320,"height":324,"caption":"Ministerio del Poder Popular de Hidrocarburos"},"image":{"@id":"http:\/\/www.minhidrocarburos.gob.ve\/#\/schema\/logo\/image\/"}},{"@type":"Person","@id":"http:\/\/www.minhidrocarburos.gob.ve\/#\/schema\/person\/fa560b188ba4c1bca7fcd00d13914ac1","name":"Sidri Soto","image":{"@type":"ImageObject","inLanguage":"es","@id":"https:\/\/secure.gravatar.com\/avatar\/8c94fb6f3833c8ec5b79ba94c7bfe01ba777fec1f7f00d2630ab93f2659d7b47?s=96&d=mm&r=g","url":"https:\/\/secure.gravatar.com\/avatar\/8c94fb6f3833c8ec5b79ba94c7bfe01ba777fec1f7f00d2630ab93f2659d7b47?s=96&d=mm&r=g","contentUrl":"https:\/\/secure.gravatar.com\/avatar\/8c94fb6f3833c8ec5b79ba94c7bfe01ba777fec1f7f00d2630ab93f2659d7b47?s=96&d=mm&r=g","caption":"Sidri Soto"},"url":"http:\/\/www.minhidrocarburos.gob.ve\/index.php\/author\/skahoris\/"}]}},"_links":{"self":[{"href":"http:\/\/www.minhidrocarburos.gob.ve\/index.php\/wp-json\/wp\/v2\/posts\/4697","targetHints":{"allow":["GET"]}}],"collection":[{"href":"http:\/\/www.minhidrocarburos.gob.ve\/index.php\/wp-json\/wp\/v2\/posts"}],"about":[{"href":"http:\/\/www.minhidrocarburos.gob.ve\/index.php\/wp-json\/wp\/v2\/types\/post"}],"author":[{"embeddable":true,"href":"http:\/\/www.minhidrocarburos.gob.ve\/index.php\/wp-json\/wp\/v2\/users\/15"}],"replies":[{"embeddable":true,"href":"http:\/\/www.minhidrocarburos.gob.ve\/index.php\/wp-json\/wp\/v2\/comments?post=4697"}],"version-history":[{"count":3,"href":"http:\/\/www.minhidrocarburos.gob.ve\/index.php\/wp-json\/wp\/v2\/posts\/4697\/revisions"}],"predecessor-version":[{"id":4701,"href":"http:\/\/www.minhidrocarburos.gob.ve\/index.php\/wp-json\/wp\/v2\/posts\/4697\/revisions\/4701"}],"wp:featuredmedia":[{"embeddable":true,"href":"http:\/\/www.minhidrocarburos.gob.ve\/index.php\/wp-json\/wp\/v2\/media\/4698"}],"wp:attachment":[{"href":"http:\/\/www.minhidrocarburos.gob.ve\/index.php\/wp-json\/wp\/v2\/media?parent=4697"}],"wp:term":[{"taxonomy":"category","embeddable":true,"href":"http:\/\/www.minhidrocarburos.gob.ve\/index.php\/wp-json\/wp\/v2\/categories?post=4697"},{"taxonomy":"post_tag","embeddable":true,"href":"http:\/\/www.minhidrocarburos.gob.ve\/index.php\/wp-json\/wp\/v2\/tags?post=4697"}],"curies":[{"name":"wp","href":"https:\/\/api.w.org\/{rel}","templated":true}]}}