

{"id":4775,"date":"2025-11-27T09:15:01","date_gmt":"2025-11-27T13:15:01","guid":{"rendered":"http:\/\/www.minhidrocarburos.gob.ve\/?p=4775"},"modified":"2025-11-27T14:23:48","modified_gmt":"2025-11-27T18:23:48","slug":"la-uvh-apunta-a-la-formacion-de-profesionales-que-impulsaran-el-desarrollo-energetico-de-venezuela","status":"publish","type":"post","link":"http:\/\/www.minhidrocarburos.gob.ve\/index.php\/2025\/11\/27\/la-uvh-apunta-a-la-formacion-de-profesionales-que-impulsaran-el-desarrollo-energetico-de-venezuela\/","title":{"rendered":"La UVH apunta a la formaci\u00f3n de profesionales que impulsar\u00e1n el desarrollo energ\u00e9tico de Venezuela"},"content":{"rendered":"\n<p><strong>Caracas, 26 de noviembre de 2025.- <\/strong>La vicepresidenta Ejecutiva de la Rep\u00fablica y ministra del Poder Popular para Hidrocarburos, Delcy Rodr\u00edguez, durante el acto de salutaci\u00f3n de los 221 estudiantes que integran la Universidad Venezolana de los Hidrocarburos (UVH), donde participaron autoridades gubernamentales, profesores, investigadores y expertos petroleros, expres\u00f3 a los j\u00f3venes que se forman en esta casa de estudios que ser\u00e1n los guardianes y guardianas de nuestra pol\u00edtica petrolera y riqueza porque sostendr\u00e1n la recuperaci\u00f3n y aportar\u00e1n en el avance del sector energ\u00e9tico.<\/p>\n\n\n\n<p>En este sentido, llam\u00f3 a la consciencia de las nuevas generaciones que se est\u00e1n formando en la UVH, destacando que \u201custedes tienen que conocer la historia bien para saber que ustedes van a ser los guardianes y las guardianas del futuro de nuestra pol\u00edtica petrolera. Les toca a ustedes la defensa. Porque a nosotros, en este af\u00e1n de defender nuestros recursos, defender nuestra historia, defender nuestra ideolog\u00eda bolivariana, no nos van a derrotar\u201d.<\/p>\n\n\n\n<p>De esta manera, la vicepresidenta y ministra de Hidrocarburos a trav\u00e9s de sus palabras se pase\u00f3 por la historia petrolera de Venezuela, remont\u00e1ndose al a\u00f1o 1829, cuando el Libertador Sim\u00f3n Bol\u00edvar dict\u00f3 el Decreto de Minas, donde manifest\u00f3 que estos recursos naturales pertenec\u00edan a la Rep\u00fablica, y su evoluci\u00f3n hasta la actualidad con el prop\u00f3sito de visibilizar el compromiso del Gobierno Bolivariano con una educaci\u00f3n integral alineada con las necesidades productivas, sociales y ambientales del pa\u00eds para impulsar el Motor Hidrocarburos eje de la Agenda Econ\u00f3mica Bolivariana del pa\u00eds.<\/p>\n\n\n\n<p>Indic\u00f3 la importancia que reviste cada una de las carreras que se imparten en esta casa de estudio para la formaci\u00f3n de profesionales que son fundamentales para el crecimiento y evoluci\u00f3n econ\u00f3mica del pa\u00eds.<\/p>\n\n\n\n<p>Resalt\u00f3 las cinco carreras que \u00fanicamente se imparten en esta casa de estudios, tales como: Gesti\u00f3n Integral de Pozo de Hidrocarburos, Geof\u00edsica, Yacimiento de Hidrocarburo, Petroqu\u00edmica y Producci\u00f3n y Procesamiento de Gas, resaltando la relevancia de esta \u00faltima, porque Venezuela se prepara para exportar su primera mol\u00e9cula de gas a Colombia como un logro significativo del Gobierno Bolivariano.<\/p>\n\n\n\n<p>Durante su discurso, la ministra tambi\u00e9n destac\u00f3 que Venezuela apuesta a la construcci\u00f3n de un nuevo mundo con una visi\u00f3n antihegem\u00f3nica y antiimperialista. \u201cUstedes lo tienen que tener muy claro, porque ustedes son el pa\u00eds que tiene el 19% de las reservas petroleras del planeta\u201d.<\/p>\n\n\n\n<p>Expres\u00f3 que el \u201cfuturo de ustedes es tomar esa espada de nuestro Libertador que enarbol\u00f3 en Carabobo. (\u2026) Ustedes tomar\u00e1n esa espada para defender los recursos energ\u00e9ticos de nuestro pa\u00eds\u201d.<\/p>\n\n\n\n<p>Finalmente, comparti\u00f3 la importancia de proteger la soberan\u00eda nacional, dado que \u201cEstados Unidos siempre ha tenido en su objetivo estrat\u00e9gico tomar las reservas energ\u00e9ticas de Venezuela\u201d, por ello, remarc\u00f3 que \u201cel camino no es enviar barcos, el camino es la ley internacional\u201d, enviando un mensaje de cooperaci\u00f3n ante las acciones violentas y de injerencia que han buscado atacar al pa\u00eds recientemente.<\/p>\n\n\n\n<p>Estos avances acad\u00e9micos y sociales remarcados por la vicepresidenta Rodr\u00edguez forman parte de la pol\u00edtica del presidente Hugo Ch\u00e1vez, quien en 2009 busc\u00f3 fomentar la educaci\u00f3n en el \u00e1rea energ\u00e9tica y desarrollada por el mandatario nacional, Nicol\u00e1s Maduro. La UVH es uno de los pilares de la Misi\u00f3n Alma Mater que busca preparar a los profesionales que impulsar\u00e1n el desarrollo petrolero de Venezuela en defensa de los recursos naturales y la soberan\u00eda nacional.<\/p>\n\n\n<style>.wp-block-kadence-advancedgallery .kb-gallery-type-masonry.kb-gallery-id-4775_43f95b-0b{margin:-5px;}.kb-gallery-type-masonry.kb-gallery-id-4775_43f95b-0b .kadence-blocks-gallery-item{padding:5px;}.kb-gallery-id-4775_43f95b-0b .kadence-blocks-gallery-item .kb-gal-image-radius, .kb-gallery-id-4775_43f95b-0b .kb-slide-item .kb-gal-image-radius img{border-radius:0px 0px 0px 0px;;}<\/style><div class=\"kb-gallery-wrap-id-4775_43f95b-0b alignnone wp-block-kadence-advancedgallery\"><ul class=\"kb-gallery-ul kb-gallery-non-static kb-gallery-type-masonry kb-masonry-init kb-gallery-id-4775_43f95b-0b kb-gallery-caption-style-bottom-hover kb-gallery-filter-none\" data-image-filter=\"none\" data-item-selector=\".kadence-blocks-gallery-item\" data-lightbox-caption=\"true\" data-columns-xxl=\"3\" data-columns-xl=\"3\" data-columns-md=\"3\" data-columns-sm=\"2\" data-columns-xs=\"1\" data-columns-ss=\"1\"><li class=\"kadence-blocks-gallery-item\" tabindex=\"0\"><div class=\"kadence-blocks-gallery-item-inner\"><figure class=\"kb-gallery-figure kadence-blocks-gallery-item-hide-caption\"><div class=\"kb-gal-image-radius\" style=\"max-width:1024px;\"><div class=\"kb-gallery-image-contain kadence-blocks-gallery-intrinsic\" style=\"padding-bottom:66%;\"><img loading=\"lazy\" decoding=\"async\" src=\"http:\/\/www.minhidrocarburos.gob.ve\/wp-content\/uploads\/2025\/11\/3-1024x683.jpg\" width=\"1024\" height=\"683\" alt=\"\" data-full-image=\"http:\/\/www.minhidrocarburos.gob.ve\/wp-content\/uploads\/2025\/11\/3.jpg\" data-light-image=\"http:\/\/www.minhidrocarburos.gob.ve\/wp-content\/uploads\/2025\/11\/3.jpg\" data-id=\"4777\" class=\"wp-image-4777\" srcset=\"http:\/\/www.minhidrocarburos.gob.ve\/wp-content\/uploads\/2025\/11\/3-1024x683.jpg 1024w, http:\/\/www.minhidrocarburos.gob.ve\/wp-content\/uploads\/2025\/11\/3-300x200.jpg 300w, http:\/\/www.minhidrocarburos.gob.ve\/wp-content\/uploads\/2025\/11\/3-768x512.jpg 768w, http:\/\/www.minhidrocarburos.gob.ve\/wp-content\/uploads\/2025\/11\/3-930x620.jpg 930w, http:\/\/www.minhidrocarburos.gob.ve\/wp-content\/uploads\/2025\/11\/3.jpg 1080w\" sizes=\"auto, (max-width: 1024px) 100vw, 1024px\" \/><\/div><\/div><\/figure><\/div><\/li><li class=\"kadence-blocks-gallery-item\" tabindex=\"0\"><div class=\"kadence-blocks-gallery-item-inner\"><figure class=\"kb-gallery-figure kadence-blocks-gallery-item-hide-caption\"><div class=\"kb-gal-image-radius\" style=\"max-width:1024px;\"><div class=\"kb-gallery-image-contain kadence-blocks-gallery-intrinsic\" style=\"padding-bottom:66%;\"><img loading=\"lazy\" decoding=\"async\" src=\"http:\/\/www.minhidrocarburos.gob.ve\/wp-content\/uploads\/2025\/11\/2-1024x683.jpg\" width=\"1024\" height=\"683\" alt=\"\" data-full-image=\"http:\/\/www.minhidrocarburos.gob.ve\/wp-content\/uploads\/2025\/11\/2.jpg\" data-light-image=\"http:\/\/www.minhidrocarburos.gob.ve\/wp-content\/uploads\/2025\/11\/2.jpg\" data-id=\"4776\" class=\"wp-image-4776\" srcset=\"http:\/\/www.minhidrocarburos.gob.ve\/wp-content\/uploads\/2025\/11\/2-1024x683.jpg 1024w, http:\/\/www.minhidrocarburos.gob.ve\/wp-content\/uploads\/2025\/11\/2-300x200.jpg 300w, http:\/\/www.minhidrocarburos.gob.ve\/wp-content\/uploads\/2025\/11\/2-768x512.jpg 768w, http:\/\/www.minhidrocarburos.gob.ve\/wp-content\/uploads\/2025\/11\/2-930x620.jpg 930w, http:\/\/www.minhidrocarburos.gob.ve\/wp-content\/uploads\/2025\/11\/2.jpg 1080w\" sizes=\"auto, (max-width: 1024px) 100vw, 1024px\" \/><\/div><\/div><\/figure><\/div><\/li><li class=\"kadence-blocks-gallery-item\" tabindex=\"0\"><div class=\"kadence-blocks-gallery-item-inner\"><figure class=\"kb-gallery-figure kadence-blocks-gallery-item-hide-caption\"><div class=\"kb-gal-image-radius\" style=\"max-width:1024px;\"><div class=\"kb-gallery-image-contain kadence-blocks-gallery-intrinsic\" style=\"padding-bottom:66%;\"><img loading=\"lazy\" decoding=\"async\" src=\"http:\/\/www.minhidrocarburos.gob.ve\/wp-content\/uploads\/2025\/11\/4-1024x682.jpg\" width=\"1024\" height=\"682\" alt=\"\" data-full-image=\"http:\/\/www.minhidrocarburos.gob.ve\/wp-content\/uploads\/2025\/11\/4.jpg\" data-light-image=\"http:\/\/www.minhidrocarburos.gob.ve\/wp-content\/uploads\/2025\/11\/4.jpg\" data-id=\"4778\" class=\"wp-image-4778\" srcset=\"http:\/\/www.minhidrocarburos.gob.ve\/wp-content\/uploads\/2025\/11\/4-1024x682.jpg 1024w, http:\/\/www.minhidrocarburos.gob.ve\/wp-content\/uploads\/2025\/11\/4-300x200.jpg 300w, http:\/\/www.minhidrocarburos.gob.ve\/wp-content\/uploads\/2025\/11\/4-768x511.jpg 768w, http:\/\/www.minhidrocarburos.gob.ve\/wp-content\/uploads\/2025\/11\/4-930x620.jpg 930w, http:\/\/www.minhidrocarburos.gob.ve\/wp-content\/uploads\/2025\/11\/4.jpg 1080w\" sizes=\"auto, (max-width: 1024px) 100vw, 1024px\" \/><\/div><\/div><\/figure><\/div><\/li><\/ul><\/div>\n\n\n<p><\/p>\n","protected":false},"excerpt":{"rendered":"<p>Caracas, 26 de noviembre de 2025.- La vicepresidenta Ejecutiva de la Rep\u00fablica y ministra del Poder Popular para Hidrocarburos, Delcy Rodr\u00edguez, durante el acto de salutaci\u00f3n de los 221 estudiantes que integran la Universidad Venezolana de los Hidrocarburos (UVH), donde participaron autoridades gubernamentales, profesores, investigadores y expertos petroleros, expres\u00f3 a los j\u00f3venes que se forman&hellip;&nbsp;<a href=\"http:\/\/www.minhidrocarburos.gob.ve\/index.php\/2025\/11\/27\/la-uvh-apunta-a-la-formacion-de-profesionales-que-impulsaran-el-desarrollo-energetico-de-venezuela\/\" rel=\"bookmark\">Leer m\u00e1s &raquo;<span class=\"screen-reader-text\">La UVH apunta a la formaci\u00f3n de profesionales que impulsar\u00e1n el desarrollo energ\u00e9tico de Venezuela<\/span><\/a><\/p>\n","protected":false},"author":3,"featured_media":4779,"comment_status":"closed","ping_status":"closed","sticky":false,"template":"","format":"standard","meta":{"_editorskit_title_hidden":false,"_editorskit_reading_time":0,"_editorskit_is_block_options_detached":false,"_editorskit_block_options_position":"{}","neve_meta_sidebar":"","neve_meta_container":"","neve_meta_enable_content_width":"","neve_meta_content_width":0,"neve_meta_title_alignment":"","neve_meta_author_avatar":"","neve_post_elements_order":"","neve_meta_disable_header":"","neve_meta_disable_footer":"","neve_meta_disable_title":"","footnotes":""},"categories":[121,127,122,128],"tags":[],"class_list":["post-4775","post","type-post","status-publish","format-standard","has-post-thumbnail","hentry","category-noticias-2024","category-noticias-2025","category-noticias_slider_24","category-noticias_slider_25"],"yoast_head":"<!-- This site is optimized with the Yoast SEO plugin v27.2 - https:\/\/yoast.com\/product\/yoast-seo-wordpress\/ -->\n<title>La UVH apunta a la formaci\u00f3n de profesionales que impulsar\u00e1n el desarrollo energ\u00e9tico de Venezuela - MinHidrocarburos<\/title>\n<meta name=\"robots\" content=\"index, follow, max-snippet:-1, max-image-preview:large, max-video-preview:-1\" \/>\n<link rel=\"canonical\" href=\"http:\/\/www.minhidrocarburos.gob.ve\/index.php\/2025\/11\/27\/la-uvh-apunta-a-la-formacion-de-profesionales-que-impulsaran-el-desarrollo-energetico-de-venezuela\/\" \/>\n<meta property=\"og:locale\" content=\"es_ES\" \/>\n<meta property=\"og:type\" content=\"article\" \/>\n<meta property=\"og:title\" content=\"La UVH apunta a la formaci\u00f3n de profesionales que impulsar\u00e1n el desarrollo energ\u00e9tico de Venezuela - MinHidrocarburos\" \/>\n<meta property=\"og:description\" content=\"Caracas, 26 de noviembre de 2025.- La vicepresidenta Ejecutiva de la Rep\u00fablica y ministra del Poder Popular para Hidrocarburos, Delcy Rodr\u00edguez, durante el acto de salutaci\u00f3n de los 221 estudiantes que integran la Universidad Venezolana de los Hidrocarburos (UVH), donde participaron autoridades gubernamentales, profesores, investigadores y expertos petroleros, expres\u00f3 a los j\u00f3venes que se forman&hellip;&nbsp;Leer m\u00e1s &raquo;La UVH apunta a la formaci\u00f3n de profesionales que impulsar\u00e1n el desarrollo energ\u00e9tico de Venezuela\" \/>\n<meta property=\"og:url\" content=\"http:\/\/www.minhidrocarburos.gob.ve\/index.php\/2025\/11\/27\/la-uvh-apunta-a-la-formacion-de-profesionales-que-impulsaran-el-desarrollo-energetico-de-venezuela\/\" \/>\n<meta property=\"og:site_name\" content=\"MinHidrocarburos\" \/>\n<meta property=\"article:published_time\" content=\"2025-11-27T13:15:01+00:00\" \/>\n<meta property=\"article:modified_time\" content=\"2025-11-27T18:23:48+00:00\" \/>\n<meta property=\"og:image\" content=\"http:\/\/www.minhidrocarburos.gob.ve\/wp-content\/uploads\/2025\/11\/1.jpg\" \/>\n\t<meta property=\"og:image:width\" content=\"1080\" \/>\n\t<meta property=\"og:image:height\" content=\"719\" \/>\n\t<meta property=\"og:image:type\" content=\"image\/jpeg\" \/>\n<meta name=\"author\" content=\"Yamila Cede\u00f1o\" \/>\n<meta name=\"twitter:card\" content=\"summary_large_image\" \/>\n<meta name=\"twitter:label1\" content=\"Escrito por\" \/>\n\t<meta name=\"twitter:data1\" content=\"Yamila Cede\u00f1o\" \/>\n\t<meta name=\"twitter:label2\" content=\"Tiempo de lectura\" \/>\n\t<meta name=\"twitter:data2\" content=\"3 minutos\" \/>\n<script type=\"application\/ld+json\" class=\"yoast-schema-graph\">{\"@context\":\"https:\/\/schema.org\",\"@graph\":[{\"@type\":\"Article\",\"@id\":\"http:\/\/www.minhidrocarburos.gob.ve\/index.php\/2025\/11\/27\/la-uvh-apunta-a-la-formacion-de-profesionales-que-impulsaran-el-desarrollo-energetico-de-venezuela\/#article\",\"isPartOf\":{\"@id\":\"http:\/\/www.minhidrocarburos.gob.ve\/index.php\/2025\/11\/27\/la-uvh-apunta-a-la-formacion-de-profesionales-que-impulsaran-el-desarrollo-energetico-de-venezuela\/\"},\"author\":{\"name\":\"Yamila Cede\u00f1o\",\"@id\":\"http:\/\/www.minhidrocarburos.gob.ve\/#\/schema\/person\/45f3e73f85859d075f206f4e4ec72253\"},\"headline\":\"La UVH apunta a la formaci\u00f3n de profesionales que impulsar\u00e1n el desarrollo energ\u00e9tico de Venezuela\",\"datePublished\":\"2025-11-27T13:15:01+00:00\",\"dateModified\":\"2025-11-27T18:23:48+00:00\",\"mainEntityOfPage\":{\"@id\":\"http:\/\/www.minhidrocarburos.gob.ve\/index.php\/2025\/11\/27\/la-uvh-apunta-a-la-formacion-de-profesionales-que-impulsaran-el-desarrollo-energetico-de-venezuela\/\"},\"wordCount\":618,\"publisher\":{\"@id\":\"http:\/\/www.minhidrocarburos.gob.ve\/#organization\"},\"image\":{\"@id\":\"http:\/\/www.minhidrocarburos.gob.ve\/index.php\/2025\/11\/27\/la-uvh-apunta-a-la-formacion-de-profesionales-que-impulsaran-el-desarrollo-energetico-de-venezuela\/#primaryimage\"},\"thumbnailUrl\":\"http:\/\/www.minhidrocarburos.gob.ve\/wp-content\/uploads\/2025\/11\/1.jpg\",\"articleSection\":[\"Noticias 2024\",\"Noticias 2025\",\"Noticias_Slider_24\",\"Noticias_Slider_25\"],\"inLanguage\":\"es\"},{\"@type\":\"WebPage\",\"@id\":\"http:\/\/www.minhidrocarburos.gob.ve\/index.php\/2025\/11\/27\/la-uvh-apunta-a-la-formacion-de-profesionales-que-impulsaran-el-desarrollo-energetico-de-venezuela\/\",\"url\":\"http:\/\/www.minhidrocarburos.gob.ve\/index.php\/2025\/11\/27\/la-uvh-apunta-a-la-formacion-de-profesionales-que-impulsaran-el-desarrollo-energetico-de-venezuela\/\",\"name\":\"La UVH apunta a la formaci\u00f3n de profesionales que impulsar\u00e1n el desarrollo energ\u00e9tico de Venezuela - MinHidrocarburos\",\"isPartOf\":{\"@id\":\"http:\/\/www.minhidrocarburos.gob.ve\/#website\"},\"primaryImageOfPage\":{\"@id\":\"http:\/\/www.minhidrocarburos.gob.ve\/index.php\/2025\/11\/27\/la-uvh-apunta-a-la-formacion-de-profesionales-que-impulsaran-el-desarrollo-energetico-de-venezuela\/#primaryimage\"},\"image\":{\"@id\":\"http:\/\/www.minhidrocarburos.gob.ve\/index.php\/2025\/11\/27\/la-uvh-apunta-a-la-formacion-de-profesionales-que-impulsaran-el-desarrollo-energetico-de-venezuela\/#primaryimage\"},\"thumbnailUrl\":\"http:\/\/www.minhidrocarburos.gob.ve\/wp-content\/uploads\/2025\/11\/1.jpg\",\"datePublished\":\"2025-11-27T13:15:01+00:00\",\"dateModified\":\"2025-11-27T18:23:48+00:00\",\"inLanguage\":\"es\",\"potentialAction\":[{\"@type\":\"ReadAction\",\"target\":[\"http:\/\/www.minhidrocarburos.gob.ve\/index.php\/2025\/11\/27\/la-uvh-apunta-a-la-formacion-de-profesionales-que-impulsaran-el-desarrollo-energetico-de-venezuela\/\"]}]},{\"@type\":\"ImageObject\",\"inLanguage\":\"es\",\"@id\":\"http:\/\/www.minhidrocarburos.gob.ve\/index.php\/2025\/11\/27\/la-uvh-apunta-a-la-formacion-de-profesionales-que-impulsaran-el-desarrollo-energetico-de-venezuela\/#primaryimage\",\"url\":\"http:\/\/www.minhidrocarburos.gob.ve\/wp-content\/uploads\/2025\/11\/1.jpg\",\"contentUrl\":\"http:\/\/www.minhidrocarburos.gob.ve\/wp-content\/uploads\/2025\/11\/1.jpg\",\"width\":1080,\"height\":719},{\"@type\":\"WebSite\",\"@id\":\"http:\/\/www.minhidrocarburos.gob.ve\/#website\",\"url\":\"http:\/\/www.minhidrocarburos.gob.ve\/\",\"name\":\"Minhidrocarburos\",\"description\":\"Regulaci\u00f3n, formulaci\u00f3n y seguimiento de pol\u00edticas; la planificaci\u00f3n, realizaci\u00f3n y fiscalizaci\u00f3n en materia de hidrocarburos\",\"publisher\":{\"@id\":\"http:\/\/www.minhidrocarburos.gob.ve\/#organization\"},\"potentialAction\":[{\"@type\":\"SearchAction\",\"target\":{\"@type\":\"EntryPoint\",\"urlTemplate\":\"http:\/\/www.minhidrocarburos.gob.ve\/?s={search_term_string}\"},\"query-input\":{\"@type\":\"PropertyValueSpecification\",\"valueRequired\":true,\"valueName\":\"search_term_string\"}}],\"inLanguage\":\"es\"},{\"@type\":\"Organization\",\"@id\":\"http:\/\/www.minhidrocarburos.gob.ve\/#organization\",\"name\":\"Ministerio del Poder Popular de Hidrocarburos\",\"url\":\"http:\/\/www.minhidrocarburos.gob.ve\/\",\"logo\":{\"@type\":\"ImageObject\",\"inLanguage\":\"es\",\"@id\":\"http:\/\/www.minhidrocarburos.gob.ve\/#\/schema\/logo\/image\/\",\"url\":\"http:\/\/www.minhidrocarburos.gob.ve\/wp-content\/uploads\/2024\/12\/Ministerio_de_Hidrocarburos.png\",\"contentUrl\":\"http:\/\/www.minhidrocarburos.gob.ve\/wp-content\/uploads\/2024\/12\/Ministerio_de_Hidrocarburos.png\",\"width\":2320,\"height\":324,\"caption\":\"Ministerio del Poder Popular de Hidrocarburos\"},\"image\":{\"@id\":\"http:\/\/www.minhidrocarburos.gob.ve\/#\/schema\/logo\/image\/\"}},{\"@type\":\"Person\",\"@id\":\"http:\/\/www.minhidrocarburos.gob.ve\/#\/schema\/person\/45f3e73f85859d075f206f4e4ec72253\",\"name\":\"Yamila Cede\u00f1o\",\"image\":{\"@type\":\"ImageObject\",\"inLanguage\":\"es\",\"@id\":\"https:\/\/secure.gravatar.com\/avatar\/5ce7432a71fd15f8da67f4a51982621c46498e302f54aebf2efb094a0ae48550?s=96&d=mm&r=g\",\"url\":\"https:\/\/secure.gravatar.com\/avatar\/5ce7432a71fd15f8da67f4a51982621c46498e302f54aebf2efb094a0ae48550?s=96&d=mm&r=g\",\"contentUrl\":\"https:\/\/secure.gravatar.com\/avatar\/5ce7432a71fd15f8da67f4a51982621c46498e302f54aebf2efb094a0ae48550?s=96&d=mm&r=g\",\"caption\":\"Yamila Cede\u00f1o\"},\"url\":\"http:\/\/www.minhidrocarburos.gob.ve\/index.php\/author\/ycedeno\/\"}]}<\/script>\n<!-- \/ Yoast SEO plugin. -->","yoast_head_json":{"title":"La UVH apunta a la formaci\u00f3n de profesionales que impulsar\u00e1n el desarrollo energ\u00e9tico de Venezuela - MinHidrocarburos","robots":{"index":"index","follow":"follow","max-snippet":"max-snippet:-1","max-image-preview":"max-image-preview:large","max-video-preview":"max-video-preview:-1"},"canonical":"http:\/\/www.minhidrocarburos.gob.ve\/index.php\/2025\/11\/27\/la-uvh-apunta-a-la-formacion-de-profesionales-que-impulsaran-el-desarrollo-energetico-de-venezuela\/","og_locale":"es_ES","og_type":"article","og_title":"La UVH apunta a la formaci\u00f3n de profesionales que impulsar\u00e1n el desarrollo energ\u00e9tico de Venezuela - MinHidrocarburos","og_description":"Caracas, 26 de noviembre de 2025.- La vicepresidenta Ejecutiva de la Rep\u00fablica y ministra del Poder Popular para Hidrocarburos, Delcy Rodr\u00edguez, durante el acto de salutaci\u00f3n de los 221 estudiantes que integran la Universidad Venezolana de los Hidrocarburos (UVH), donde participaron autoridades gubernamentales, profesores, investigadores y expertos petroleros, expres\u00f3 a los j\u00f3venes que se forman&hellip;&nbsp;Leer m\u00e1s &raquo;La UVH apunta a la formaci\u00f3n de profesionales que impulsar\u00e1n el desarrollo energ\u00e9tico de Venezuela","og_url":"http:\/\/www.minhidrocarburos.gob.ve\/index.php\/2025\/11\/27\/la-uvh-apunta-a-la-formacion-de-profesionales-que-impulsaran-el-desarrollo-energetico-de-venezuela\/","og_site_name":"MinHidrocarburos","article_published_time":"2025-11-27T13:15:01+00:00","article_modified_time":"2025-11-27T18:23:48+00:00","og_image":[{"width":1080,"height":719,"url":"http:\/\/www.minhidrocarburos.gob.ve\/wp-content\/uploads\/2025\/11\/1.jpg","type":"image\/jpeg"}],"author":"Yamila Cede\u00f1o","twitter_card":"summary_large_image","twitter_misc":{"Escrito por":"Yamila Cede\u00f1o","Tiempo de lectura":"3 minutos"},"schema":{"@context":"https:\/\/schema.org","@graph":[{"@type":"Article","@id":"http:\/\/www.minhidrocarburos.gob.ve\/index.php\/2025\/11\/27\/la-uvh-apunta-a-la-formacion-de-profesionales-que-impulsaran-el-desarrollo-energetico-de-venezuela\/#article","isPartOf":{"@id":"http:\/\/www.minhidrocarburos.gob.ve\/index.php\/2025\/11\/27\/la-uvh-apunta-a-la-formacion-de-profesionales-que-impulsaran-el-desarrollo-energetico-de-venezuela\/"},"author":{"name":"Yamila Cede\u00f1o","@id":"http:\/\/www.minhidrocarburos.gob.ve\/#\/schema\/person\/45f3e73f85859d075f206f4e4ec72253"},"headline":"La UVH apunta a la formaci\u00f3n de profesionales que impulsar\u00e1n el desarrollo energ\u00e9tico de Venezuela","datePublished":"2025-11-27T13:15:01+00:00","dateModified":"2025-11-27T18:23:48+00:00","mainEntityOfPage":{"@id":"http:\/\/www.minhidrocarburos.gob.ve\/index.php\/2025\/11\/27\/la-uvh-apunta-a-la-formacion-de-profesionales-que-impulsaran-el-desarrollo-energetico-de-venezuela\/"},"wordCount":618,"publisher":{"@id":"http:\/\/www.minhidrocarburos.gob.ve\/#organization"},"image":{"@id":"http:\/\/www.minhidrocarburos.gob.ve\/index.php\/2025\/11\/27\/la-uvh-apunta-a-la-formacion-de-profesionales-que-impulsaran-el-desarrollo-energetico-de-venezuela\/#primaryimage"},"thumbnailUrl":"http:\/\/www.minhidrocarburos.gob.ve\/wp-content\/uploads\/2025\/11\/1.jpg","articleSection":["Noticias 2024","Noticias 2025","Noticias_Slider_24","Noticias_Slider_25"],"inLanguage":"es"},{"@type":"WebPage","@id":"http:\/\/www.minhidrocarburos.gob.ve\/index.php\/2025\/11\/27\/la-uvh-apunta-a-la-formacion-de-profesionales-que-impulsaran-el-desarrollo-energetico-de-venezuela\/","url":"http:\/\/www.minhidrocarburos.gob.ve\/index.php\/2025\/11\/27\/la-uvh-apunta-a-la-formacion-de-profesionales-que-impulsaran-el-desarrollo-energetico-de-venezuela\/","name":"La UVH apunta a la formaci\u00f3n de profesionales que impulsar\u00e1n el desarrollo energ\u00e9tico de Venezuela - MinHidrocarburos","isPartOf":{"@id":"http:\/\/www.minhidrocarburos.gob.ve\/#website"},"primaryImageOfPage":{"@id":"http:\/\/www.minhidrocarburos.gob.ve\/index.php\/2025\/11\/27\/la-uvh-apunta-a-la-formacion-de-profesionales-que-impulsaran-el-desarrollo-energetico-de-venezuela\/#primaryimage"},"image":{"@id":"http:\/\/www.minhidrocarburos.gob.ve\/index.php\/2025\/11\/27\/la-uvh-apunta-a-la-formacion-de-profesionales-que-impulsaran-el-desarrollo-energetico-de-venezuela\/#primaryimage"},"thumbnailUrl":"http:\/\/www.minhidrocarburos.gob.ve\/wp-content\/uploads\/2025\/11\/1.jpg","datePublished":"2025-11-27T13:15:01+00:00","dateModified":"2025-11-27T18:23:48+00:00","inLanguage":"es","potentialAction":[{"@type":"ReadAction","target":["http:\/\/www.minhidrocarburos.gob.ve\/index.php\/2025\/11\/27\/la-uvh-apunta-a-la-formacion-de-profesionales-que-impulsaran-el-desarrollo-energetico-de-venezuela\/"]}]},{"@type":"ImageObject","inLanguage":"es","@id":"http:\/\/www.minhidrocarburos.gob.ve\/index.php\/2025\/11\/27\/la-uvh-apunta-a-la-formacion-de-profesionales-que-impulsaran-el-desarrollo-energetico-de-venezuela\/#primaryimage","url":"http:\/\/www.minhidrocarburos.gob.ve\/wp-content\/uploads\/2025\/11\/1.jpg","contentUrl":"http:\/\/www.minhidrocarburos.gob.ve\/wp-content\/uploads\/2025\/11\/1.jpg","width":1080,"height":719},{"@type":"WebSite","@id":"http:\/\/www.minhidrocarburos.gob.ve\/#website","url":"http:\/\/www.minhidrocarburos.gob.ve\/","name":"Minhidrocarburos","description":"Regulaci\u00f3n, formulaci\u00f3n y seguimiento de pol\u00edticas; la planificaci\u00f3n, realizaci\u00f3n y fiscalizaci\u00f3n en materia de hidrocarburos","publisher":{"@id":"http:\/\/www.minhidrocarburos.gob.ve\/#organization"},"potentialAction":[{"@type":"SearchAction","target":{"@type":"EntryPoint","urlTemplate":"http:\/\/www.minhidrocarburos.gob.ve\/?s={search_term_string}"},"query-input":{"@type":"PropertyValueSpecification","valueRequired":true,"valueName":"search_term_string"}}],"inLanguage":"es"},{"@type":"Organization","@id":"http:\/\/www.minhidrocarburos.gob.ve\/#organization","name":"Ministerio del Poder Popular de Hidrocarburos","url":"http:\/\/www.minhidrocarburos.gob.ve\/","logo":{"@type":"ImageObject","inLanguage":"es","@id":"http:\/\/www.minhidrocarburos.gob.ve\/#\/schema\/logo\/image\/","url":"http:\/\/www.minhidrocarburos.gob.ve\/wp-content\/uploads\/2024\/12\/Ministerio_de_Hidrocarburos.png","contentUrl":"http:\/\/www.minhidrocarburos.gob.ve\/wp-content\/uploads\/2024\/12\/Ministerio_de_Hidrocarburos.png","width":2320,"height":324,"caption":"Ministerio del Poder Popular de Hidrocarburos"},"image":{"@id":"http:\/\/www.minhidrocarburos.gob.ve\/#\/schema\/logo\/image\/"}},{"@type":"Person","@id":"http:\/\/www.minhidrocarburos.gob.ve\/#\/schema\/person\/45f3e73f85859d075f206f4e4ec72253","name":"Yamila Cede\u00f1o","image":{"@type":"ImageObject","inLanguage":"es","@id":"https:\/\/secure.gravatar.com\/avatar\/5ce7432a71fd15f8da67f4a51982621c46498e302f54aebf2efb094a0ae48550?s=96&d=mm&r=g","url":"https:\/\/secure.gravatar.com\/avatar\/5ce7432a71fd15f8da67f4a51982621c46498e302f54aebf2efb094a0ae48550?s=96&d=mm&r=g","contentUrl":"https:\/\/secure.gravatar.com\/avatar\/5ce7432a71fd15f8da67f4a51982621c46498e302f54aebf2efb094a0ae48550?s=96&d=mm&r=g","caption":"Yamila Cede\u00f1o"},"url":"http:\/\/www.minhidrocarburos.gob.ve\/index.php\/author\/ycedeno\/"}]}},"_links":{"self":[{"href":"http:\/\/www.minhidrocarburos.gob.ve\/index.php\/wp-json\/wp\/v2\/posts\/4775","targetHints":{"allow":["GET"]}}],"collection":[{"href":"http:\/\/www.minhidrocarburos.gob.ve\/index.php\/wp-json\/wp\/v2\/posts"}],"about":[{"href":"http:\/\/www.minhidrocarburos.gob.ve\/index.php\/wp-json\/wp\/v2\/types\/post"}],"author":[{"embeddable":true,"href":"http:\/\/www.minhidrocarburos.gob.ve\/index.php\/wp-json\/wp\/v2\/users\/3"}],"replies":[{"embeddable":true,"href":"http:\/\/www.minhidrocarburos.gob.ve\/index.php\/wp-json\/wp\/v2\/comments?post=4775"}],"version-history":[{"count":3,"href":"http:\/\/www.minhidrocarburos.gob.ve\/index.php\/wp-json\/wp\/v2\/posts\/4775\/revisions"}],"predecessor-version":[{"id":4784,"href":"http:\/\/www.minhidrocarburos.gob.ve\/index.php\/wp-json\/wp\/v2\/posts\/4775\/revisions\/4784"}],"wp:featuredmedia":[{"embeddable":true,"href":"http:\/\/www.minhidrocarburos.gob.ve\/index.php\/wp-json\/wp\/v2\/media\/4779"}],"wp:attachment":[{"href":"http:\/\/www.minhidrocarburos.gob.ve\/index.php\/wp-json\/wp\/v2\/media?parent=4775"}],"wp:term":[{"taxonomy":"category","embeddable":true,"href":"http:\/\/www.minhidrocarburos.gob.ve\/index.php\/wp-json\/wp\/v2\/categories?post=4775"},{"taxonomy":"post_tag","embeddable":true,"href":"http:\/\/www.minhidrocarburos.gob.ve\/index.php\/wp-json\/wp\/v2\/tags?post=4775"}],"curies":[{"name":"wp","href":"https:\/\/api.w.org\/{rel}","templated":true}]}}