

{"id":4812,"date":"2025-12-17T08:58:52","date_gmt":"2025-12-17T12:58:52","guid":{"rendered":"http:\/\/www.minhidrocarburos.gob.ve\/?p=4812"},"modified":"2025-12-17T08:58:52","modified_gmt":"2025-12-17T12:58:52","slug":"venezuela-unida-rechaza-grotesca-amenaza-del-sr-trump-y-la-denunciara","status":"publish","type":"post","link":"http:\/\/www.minhidrocarburos.gob.ve\/index.php\/2025\/12\/17\/venezuela-unida-rechaza-grotesca-amenaza-del-sr-trump-y-la-denunciara\/","title":{"rendered":"Venezuela unida rechaza grotesca amenaza del Sr. Trump y la denunciar\u00e1"},"content":{"rendered":"<div class=\"wp-block-image\">\n<figure class=\"aligncenter size-large\"><img loading=\"lazy\" decoding=\"async\" width=\"819\" height=\"1024\" src=\"http:\/\/www.minhidrocarburos.gob.ve\/wp-content\/uploads\/2025\/12\/IMG_9501-819x1024.png\" alt=\"\" class=\"wp-image-4814\" srcset=\"http:\/\/www.minhidrocarburos.gob.ve\/wp-content\/uploads\/2025\/12\/IMG_9501-819x1024.png 819w, http:\/\/www.minhidrocarburos.gob.ve\/wp-content\/uploads\/2025\/12\/IMG_9501-240x300.png 240w, http:\/\/www.minhidrocarburos.gob.ve\/wp-content\/uploads\/2025\/12\/IMG_9501-768x960.png 768w, http:\/\/www.minhidrocarburos.gob.ve\/wp-content\/uploads\/2025\/12\/IMG_9501.png 1080w\" sizes=\"auto, (max-width: 819px) 100vw, 819px\" \/><\/figure>\n<\/div>\n\n<div class=\"wp-block-image\">\n<figure class=\"aligncenter size-large\"><img loading=\"lazy\" decoding=\"async\" width=\"819\" height=\"1024\" src=\"http:\/\/www.minhidrocarburos.gob.ve\/wp-content\/uploads\/2025\/12\/IMG_9502-819x1024.png\" alt=\"\" class=\"wp-image-4815\" srcset=\"http:\/\/www.minhidrocarburos.gob.ve\/wp-content\/uploads\/2025\/12\/IMG_9502-819x1024.png 819w, http:\/\/www.minhidrocarburos.gob.ve\/wp-content\/uploads\/2025\/12\/IMG_9502-240x300.png 240w, http:\/\/www.minhidrocarburos.gob.ve\/wp-content\/uploads\/2025\/12\/IMG_9502-768x960.png 768w, http:\/\/www.minhidrocarburos.gob.ve\/wp-content\/uploads\/2025\/12\/IMG_9502.png 1080w\" sizes=\"auto, (max-width: 819px) 100vw, 819px\" \/><\/figure>\n<\/div>","protected":false},"excerpt":{"rendered":"","protected":false},"author":7,"featured_media":4813,"comment_status":"closed","ping_status":"closed","sticky":false,"template":"","format":"standard","meta":{"_editorskit_title_hidden":false,"_editorskit_reading_time":0,"_editorskit_is_block_options_detached":false,"_editorskit_block_options_position":"{}","neve_meta_sidebar":"","neve_meta_container":"","neve_meta_enable_content_width":"","neve_meta_content_width":0,"neve_meta_title_alignment":"","neve_meta_author_avatar":"","neve_post_elements_order":"","neve_meta_disable_header":"","neve_meta_disable_footer":"","neve_meta_disable_title":"","footnotes":""},"categories":[121,127,122,128],"tags":[],"class_list":["post-4812","post","type-post","status-publish","format-standard","has-post-thumbnail","hentry","category-noticias-2024","category-noticias-2025","category-noticias_slider_24","category-noticias_slider_25"],"yoast_head":"<!-- This site is optimized with the Yoast SEO plugin v27.2 - https:\/\/yoast.com\/product\/yoast-seo-wordpress\/ -->\n<title>Venezuela unida rechaza grotesca amenaza del Sr. Trump y la denunciar\u00e1 - MinHidrocarburos<\/title>\n<meta name=\"robots\" content=\"index, follow, max-snippet:-1, max-image-preview:large, max-video-preview:-1\" \/>\n<link rel=\"canonical\" href=\"http:\/\/www.minhidrocarburos.gob.ve\/index.php\/2025\/12\/17\/venezuela-unida-rechaza-grotesca-amenaza-del-sr-trump-y-la-denunciara\/\" \/>\n<meta property=\"og:locale\" content=\"es_ES\" \/>\n<meta property=\"og:type\" content=\"article\" \/>\n<meta property=\"og:title\" content=\"Venezuela unida rechaza grotesca amenaza del Sr. Trump y la denunciar\u00e1 - MinHidrocarburos\" \/>\n<meta property=\"og:url\" content=\"http:\/\/www.minhidrocarburos.gob.ve\/index.php\/2025\/12\/17\/venezuela-unida-rechaza-grotesca-amenaza-del-sr-trump-y-la-denunciara\/\" \/>\n<meta property=\"og:site_name\" content=\"MinHidrocarburos\" \/>\n<meta property=\"article:published_time\" content=\"2025-12-17T12:58:52+00:00\" \/>\n<meta property=\"og:image\" content=\"http:\/\/www.minhidrocarburos.gob.ve\/wp-content\/uploads\/2025\/12\/Foto-principal-comunicado-en-espanol.jpg\" \/>\n\t<meta property=\"og:image:width\" content=\"1072\" \/>\n\t<meta property=\"og:image:height\" content=\"499\" \/>\n\t<meta property=\"og:image:type\" content=\"image\/jpeg\" \/>\n<meta name=\"author\" content=\"rubi guadelis\" \/>\n<meta name=\"twitter:card\" content=\"summary_large_image\" \/>\n<meta name=\"twitter:label1\" content=\"Escrito por\" \/>\n\t<meta name=\"twitter:data1\" content=\"rubi guadelis\" \/>\n\t<meta name=\"twitter:label2\" content=\"Tiempo de lectura\" \/>\n\t<meta name=\"twitter:data2\" content=\"1 minuto\" \/>\n<script type=\"application\/ld+json\" class=\"yoast-schema-graph\">{\"@context\":\"https:\/\/schema.org\",\"@graph\":[{\"@type\":\"Article\",\"@id\":\"http:\/\/www.minhidrocarburos.gob.ve\/index.php\/2025\/12\/17\/venezuela-unida-rechaza-grotesca-amenaza-del-sr-trump-y-la-denunciara\/#article\",\"isPartOf\":{\"@id\":\"http:\/\/www.minhidrocarburos.gob.ve\/index.php\/2025\/12\/17\/venezuela-unida-rechaza-grotesca-amenaza-del-sr-trump-y-la-denunciara\/\"},\"author\":{\"name\":\"rubi guadelis\",\"@id\":\"http:\/\/www.minhidrocarburos.gob.ve\/#\/schema\/person\/a775d309f37aa396b8f21cbc37789c8f\"},\"headline\":\"Venezuela unida rechaza grotesca amenaza del Sr. Trump y la denunciar\u00e1\",\"datePublished\":\"2025-12-17T12:58:52+00:00\",\"mainEntityOfPage\":{\"@id\":\"http:\/\/www.minhidrocarburos.gob.ve\/index.php\/2025\/12\/17\/venezuela-unida-rechaza-grotesca-amenaza-del-sr-trump-y-la-denunciara\/\"},\"wordCount\":11,\"publisher\":{\"@id\":\"http:\/\/www.minhidrocarburos.gob.ve\/#organization\"},\"image\":{\"@id\":\"http:\/\/www.minhidrocarburos.gob.ve\/index.php\/2025\/12\/17\/venezuela-unida-rechaza-grotesca-amenaza-del-sr-trump-y-la-denunciara\/#primaryimage\"},\"thumbnailUrl\":\"http:\/\/www.minhidrocarburos.gob.ve\/wp-content\/uploads\/2025\/12\/Foto-principal-comunicado-en-espanol.jpg\",\"articleSection\":[\"Noticias 2024\",\"Noticias 2025\",\"Noticias_Slider_24\",\"Noticias_Slider_25\"],\"inLanguage\":\"es\"},{\"@type\":\"WebPage\",\"@id\":\"http:\/\/www.minhidrocarburos.gob.ve\/index.php\/2025\/12\/17\/venezuela-unida-rechaza-grotesca-amenaza-del-sr-trump-y-la-denunciara\/\",\"url\":\"http:\/\/www.minhidrocarburos.gob.ve\/index.php\/2025\/12\/17\/venezuela-unida-rechaza-grotesca-amenaza-del-sr-trump-y-la-denunciara\/\",\"name\":\"Venezuela unida rechaza grotesca amenaza del Sr. Trump y la denunciar\u00e1 - MinHidrocarburos\",\"isPartOf\":{\"@id\":\"http:\/\/www.minhidrocarburos.gob.ve\/#website\"},\"primaryImageOfPage\":{\"@id\":\"http:\/\/www.minhidrocarburos.gob.ve\/index.php\/2025\/12\/17\/venezuela-unida-rechaza-grotesca-amenaza-del-sr-trump-y-la-denunciara\/#primaryimage\"},\"image\":{\"@id\":\"http:\/\/www.minhidrocarburos.gob.ve\/index.php\/2025\/12\/17\/venezuela-unida-rechaza-grotesca-amenaza-del-sr-trump-y-la-denunciara\/#primaryimage\"},\"thumbnailUrl\":\"http:\/\/www.minhidrocarburos.gob.ve\/wp-content\/uploads\/2025\/12\/Foto-principal-comunicado-en-espanol.jpg\",\"datePublished\":\"2025-12-17T12:58:52+00:00\",\"inLanguage\":\"es\",\"potentialAction\":[{\"@type\":\"ReadAction\",\"target\":[\"http:\/\/www.minhidrocarburos.gob.ve\/index.php\/2025\/12\/17\/venezuela-unida-rechaza-grotesca-amenaza-del-sr-trump-y-la-denunciara\/\"]}]},{\"@type\":\"ImageObject\",\"inLanguage\":\"es\",\"@id\":\"http:\/\/www.minhidrocarburos.gob.ve\/index.php\/2025\/12\/17\/venezuela-unida-rechaza-grotesca-amenaza-del-sr-trump-y-la-denunciara\/#primaryimage\",\"url\":\"http:\/\/www.minhidrocarburos.gob.ve\/wp-content\/uploads\/2025\/12\/Foto-principal-comunicado-en-espanol.jpg\",\"contentUrl\":\"http:\/\/www.minhidrocarburos.gob.ve\/wp-content\/uploads\/2025\/12\/Foto-principal-comunicado-en-espanol.jpg\",\"width\":1072,\"height\":499},{\"@type\":\"WebSite\",\"@id\":\"http:\/\/www.minhidrocarburos.gob.ve\/#website\",\"url\":\"http:\/\/www.minhidrocarburos.gob.ve\/\",\"name\":\"Minhidrocarburos\",\"description\":\"Regulaci\u00f3n, formulaci\u00f3n y seguimiento de pol\u00edticas; la planificaci\u00f3n, realizaci\u00f3n y fiscalizaci\u00f3n en materia de hidrocarburos\",\"publisher\":{\"@id\":\"http:\/\/www.minhidrocarburos.gob.ve\/#organization\"},\"potentialAction\":[{\"@type\":\"SearchAction\",\"target\":{\"@type\":\"EntryPoint\",\"urlTemplate\":\"http:\/\/www.minhidrocarburos.gob.ve\/?s={search_term_string}\"},\"query-input\":{\"@type\":\"PropertyValueSpecification\",\"valueRequired\":true,\"valueName\":\"search_term_string\"}}],\"inLanguage\":\"es\"},{\"@type\":\"Organization\",\"@id\":\"http:\/\/www.minhidrocarburos.gob.ve\/#organization\",\"name\":\"Ministerio del Poder Popular de Hidrocarburos\",\"url\":\"http:\/\/www.minhidrocarburos.gob.ve\/\",\"logo\":{\"@type\":\"ImageObject\",\"inLanguage\":\"es\",\"@id\":\"http:\/\/www.minhidrocarburos.gob.ve\/#\/schema\/logo\/image\/\",\"url\":\"http:\/\/www.minhidrocarburos.gob.ve\/wp-content\/uploads\/2024\/12\/Ministerio_de_Hidrocarburos.png\",\"contentUrl\":\"http:\/\/www.minhidrocarburos.gob.ve\/wp-content\/uploads\/2024\/12\/Ministerio_de_Hidrocarburos.png\",\"width\":2320,\"height\":324,\"caption\":\"Ministerio del Poder Popular de Hidrocarburos\"},\"image\":{\"@id\":\"http:\/\/www.minhidrocarburos.gob.ve\/#\/schema\/logo\/image\/\"}},{\"@type\":\"Person\",\"@id\":\"http:\/\/www.minhidrocarburos.gob.ve\/#\/schema\/person\/a775d309f37aa396b8f21cbc37789c8f\",\"name\":\"rubi guadelis\",\"image\":{\"@type\":\"ImageObject\",\"inLanguage\":\"es\",\"@id\":\"https:\/\/secure.gravatar.com\/avatar\/13b775ea21a000e6c50bf3d9bf85b3ea6c4931f4bc5b3860ee7803247c294517?s=96&d=mm&r=g\",\"url\":\"https:\/\/secure.gravatar.com\/avatar\/13b775ea21a000e6c50bf3d9bf85b3ea6c4931f4bc5b3860ee7803247c294517?s=96&d=mm&r=g\",\"contentUrl\":\"https:\/\/secure.gravatar.com\/avatar\/13b775ea21a000e6c50bf3d9bf85b3ea6c4931f4bc5b3860ee7803247c294517?s=96&d=mm&r=g\",\"caption\":\"rubi guadelis\"},\"url\":\"http:\/\/www.minhidrocarburos.gob.ve\/index.php\/author\/rguadelis\/\"}]}<\/script>\n<!-- \/ Yoast SEO plugin. -->","yoast_head_json":{"title":"Venezuela unida rechaza grotesca amenaza del Sr. Trump y la denunciar\u00e1 - MinHidrocarburos","robots":{"index":"index","follow":"follow","max-snippet":"max-snippet:-1","max-image-preview":"max-image-preview:large","max-video-preview":"max-video-preview:-1"},"canonical":"http:\/\/www.minhidrocarburos.gob.ve\/index.php\/2025\/12\/17\/venezuela-unida-rechaza-grotesca-amenaza-del-sr-trump-y-la-denunciara\/","og_locale":"es_ES","og_type":"article","og_title":"Venezuela unida rechaza grotesca amenaza del Sr. Trump y la denunciar\u00e1 - MinHidrocarburos","og_url":"http:\/\/www.minhidrocarburos.gob.ve\/index.php\/2025\/12\/17\/venezuela-unida-rechaza-grotesca-amenaza-del-sr-trump-y-la-denunciara\/","og_site_name":"MinHidrocarburos","article_published_time":"2025-12-17T12:58:52+00:00","og_image":[{"width":1072,"height":499,"url":"http:\/\/www.minhidrocarburos.gob.ve\/wp-content\/uploads\/2025\/12\/Foto-principal-comunicado-en-espanol.jpg","type":"image\/jpeg"}],"author":"rubi guadelis","twitter_card":"summary_large_image","twitter_misc":{"Escrito por":"rubi guadelis","Tiempo de lectura":"1 minuto"},"schema":{"@context":"https:\/\/schema.org","@graph":[{"@type":"Article","@id":"http:\/\/www.minhidrocarburos.gob.ve\/index.php\/2025\/12\/17\/venezuela-unida-rechaza-grotesca-amenaza-del-sr-trump-y-la-denunciara\/#article","isPartOf":{"@id":"http:\/\/www.minhidrocarburos.gob.ve\/index.php\/2025\/12\/17\/venezuela-unida-rechaza-grotesca-amenaza-del-sr-trump-y-la-denunciara\/"},"author":{"name":"rubi guadelis","@id":"http:\/\/www.minhidrocarburos.gob.ve\/#\/schema\/person\/a775d309f37aa396b8f21cbc37789c8f"},"headline":"Venezuela unida rechaza grotesca amenaza del Sr. Trump y la denunciar\u00e1","datePublished":"2025-12-17T12:58:52+00:00","mainEntityOfPage":{"@id":"http:\/\/www.minhidrocarburos.gob.ve\/index.php\/2025\/12\/17\/venezuela-unida-rechaza-grotesca-amenaza-del-sr-trump-y-la-denunciara\/"},"wordCount":11,"publisher":{"@id":"http:\/\/www.minhidrocarburos.gob.ve\/#organization"},"image":{"@id":"http:\/\/www.minhidrocarburos.gob.ve\/index.php\/2025\/12\/17\/venezuela-unida-rechaza-grotesca-amenaza-del-sr-trump-y-la-denunciara\/#primaryimage"},"thumbnailUrl":"http:\/\/www.minhidrocarburos.gob.ve\/wp-content\/uploads\/2025\/12\/Foto-principal-comunicado-en-espanol.jpg","articleSection":["Noticias 2024","Noticias 2025","Noticias_Slider_24","Noticias_Slider_25"],"inLanguage":"es"},{"@type":"WebPage","@id":"http:\/\/www.minhidrocarburos.gob.ve\/index.php\/2025\/12\/17\/venezuela-unida-rechaza-grotesca-amenaza-del-sr-trump-y-la-denunciara\/","url":"http:\/\/www.minhidrocarburos.gob.ve\/index.php\/2025\/12\/17\/venezuela-unida-rechaza-grotesca-amenaza-del-sr-trump-y-la-denunciara\/","name":"Venezuela unida rechaza grotesca amenaza del Sr. Trump y la denunciar\u00e1 - MinHidrocarburos","isPartOf":{"@id":"http:\/\/www.minhidrocarburos.gob.ve\/#website"},"primaryImageOfPage":{"@id":"http:\/\/www.minhidrocarburos.gob.ve\/index.php\/2025\/12\/17\/venezuela-unida-rechaza-grotesca-amenaza-del-sr-trump-y-la-denunciara\/#primaryimage"},"image":{"@id":"http:\/\/www.minhidrocarburos.gob.ve\/index.php\/2025\/12\/17\/venezuela-unida-rechaza-grotesca-amenaza-del-sr-trump-y-la-denunciara\/#primaryimage"},"thumbnailUrl":"http:\/\/www.minhidrocarburos.gob.ve\/wp-content\/uploads\/2025\/12\/Foto-principal-comunicado-en-espanol.jpg","datePublished":"2025-12-17T12:58:52+00:00","inLanguage":"es","potentialAction":[{"@type":"ReadAction","target":["http:\/\/www.minhidrocarburos.gob.ve\/index.php\/2025\/12\/17\/venezuela-unida-rechaza-grotesca-amenaza-del-sr-trump-y-la-denunciara\/"]}]},{"@type":"ImageObject","inLanguage":"es","@id":"http:\/\/www.minhidrocarburos.gob.ve\/index.php\/2025\/12\/17\/venezuela-unida-rechaza-grotesca-amenaza-del-sr-trump-y-la-denunciara\/#primaryimage","url":"http:\/\/www.minhidrocarburos.gob.ve\/wp-content\/uploads\/2025\/12\/Foto-principal-comunicado-en-espanol.jpg","contentUrl":"http:\/\/www.minhidrocarburos.gob.ve\/wp-content\/uploads\/2025\/12\/Foto-principal-comunicado-en-espanol.jpg","width":1072,"height":499},{"@type":"WebSite","@id":"http:\/\/www.minhidrocarburos.gob.ve\/#website","url":"http:\/\/www.minhidrocarburos.gob.ve\/","name":"Minhidrocarburos","description":"Regulaci\u00f3n, formulaci\u00f3n y seguimiento de pol\u00edticas; la planificaci\u00f3n, realizaci\u00f3n y fiscalizaci\u00f3n en materia de hidrocarburos","publisher":{"@id":"http:\/\/www.minhidrocarburos.gob.ve\/#organization"},"potentialAction":[{"@type":"SearchAction","target":{"@type":"EntryPoint","urlTemplate":"http:\/\/www.minhidrocarburos.gob.ve\/?s={search_term_string}"},"query-input":{"@type":"PropertyValueSpecification","valueRequired":true,"valueName":"search_term_string"}}],"inLanguage":"es"},{"@type":"Organization","@id":"http:\/\/www.minhidrocarburos.gob.ve\/#organization","name":"Ministerio del Poder Popular de Hidrocarburos","url":"http:\/\/www.minhidrocarburos.gob.ve\/","logo":{"@type":"ImageObject","inLanguage":"es","@id":"http:\/\/www.minhidrocarburos.gob.ve\/#\/schema\/logo\/image\/","url":"http:\/\/www.minhidrocarburos.gob.ve\/wp-content\/uploads\/2024\/12\/Ministerio_de_Hidrocarburos.png","contentUrl":"http:\/\/www.minhidrocarburos.gob.ve\/wp-content\/uploads\/2024\/12\/Ministerio_de_Hidrocarburos.png","width":2320,"height":324,"caption":"Ministerio del Poder Popular de Hidrocarburos"},"image":{"@id":"http:\/\/www.minhidrocarburos.gob.ve\/#\/schema\/logo\/image\/"}},{"@type":"Person","@id":"http:\/\/www.minhidrocarburos.gob.ve\/#\/schema\/person\/a775d309f37aa396b8f21cbc37789c8f","name":"rubi guadelis","image":{"@type":"ImageObject","inLanguage":"es","@id":"https:\/\/secure.gravatar.com\/avatar\/13b775ea21a000e6c50bf3d9bf85b3ea6c4931f4bc5b3860ee7803247c294517?s=96&d=mm&r=g","url":"https:\/\/secure.gravatar.com\/avatar\/13b775ea21a000e6c50bf3d9bf85b3ea6c4931f4bc5b3860ee7803247c294517?s=96&d=mm&r=g","contentUrl":"https:\/\/secure.gravatar.com\/avatar\/13b775ea21a000e6c50bf3d9bf85b3ea6c4931f4bc5b3860ee7803247c294517?s=96&d=mm&r=g","caption":"rubi guadelis"},"url":"http:\/\/www.minhidrocarburos.gob.ve\/index.php\/author\/rguadelis\/"}]}},"_links":{"self":[{"href":"http:\/\/www.minhidrocarburos.gob.ve\/index.php\/wp-json\/wp\/v2\/posts\/4812","targetHints":{"allow":["GET"]}}],"collection":[{"href":"http:\/\/www.minhidrocarburos.gob.ve\/index.php\/wp-json\/wp\/v2\/posts"}],"about":[{"href":"http:\/\/www.minhidrocarburos.gob.ve\/index.php\/wp-json\/wp\/v2\/types\/post"}],"author":[{"embeddable":true,"href":"http:\/\/www.minhidrocarburos.gob.ve\/index.php\/wp-json\/wp\/v2\/users\/7"}],"replies":[{"embeddable":true,"href":"http:\/\/www.minhidrocarburos.gob.ve\/index.php\/wp-json\/wp\/v2\/comments?post=4812"}],"version-history":[{"count":1,"href":"http:\/\/www.minhidrocarburos.gob.ve\/index.php\/wp-json\/wp\/v2\/posts\/4812\/revisions"}],"predecessor-version":[{"id":4816,"href":"http:\/\/www.minhidrocarburos.gob.ve\/index.php\/wp-json\/wp\/v2\/posts\/4812\/revisions\/4816"}],"wp:featuredmedia":[{"embeddable":true,"href":"http:\/\/www.minhidrocarburos.gob.ve\/index.php\/wp-json\/wp\/v2\/media\/4813"}],"wp:attachment":[{"href":"http:\/\/www.minhidrocarburos.gob.ve\/index.php\/wp-json\/wp\/v2\/media?parent=4812"}],"wp:term":[{"taxonomy":"category","embeddable":true,"href":"http:\/\/www.minhidrocarburos.gob.ve\/index.php\/wp-json\/wp\/v2\/categories?post=4812"},{"taxonomy":"post_tag","embeddable":true,"href":"http:\/\/www.minhidrocarburos.gob.ve\/index.php\/wp-json\/wp\/v2\/tags?post=4812"}],"curies":[{"name":"wp","href":"https:\/\/api.w.org\/{rel}","templated":true}]}}