

{"id":5070,"date":"2026-03-06T12:18:00","date_gmt":"2026-03-06T16:18:00","guid":{"rendered":"http:\/\/www.minhidrocarburos.gob.ve\/?p=5070"},"modified":"2026-03-06T12:18:01","modified_gmt":"2026-03-06T16:18:01","slug":"presidenta-e-delcy-rodriguez-recibio-al-secretario-de-interior-de-ee-uu-en-el-palacio-de-miraflores","status":"publish","type":"post","link":"http:\/\/www.minhidrocarburos.gob.ve\/index.php\/2026\/03\/06\/presidenta-e-delcy-rodriguez-recibio-al-secretario-de-interior-de-ee-uu-en-el-palacio-de-miraflores\/","title":{"rendered":"Presidenta (E) Delcy Rodr\u00edguez recibi\u00f3 al secretario de Interior de EE. UU. en el Palacio de Miraflores"},"content":{"rendered":"\n<p><strong>Caracas, 4 de marzo de 2026<\/strong>.- La presidenta encargada de la Rep\u00fablica Bolivariana de Venezuela, Delcy Rodr\u00edguez, recibi\u00f3 al secretario de Interior de Estados Unidos de Am\u00e9rica, Doug Burgum, en el Palacio de Miraflores.<\/p>\n\n\n\n<p>El alto funcionario es conocido por ser un empresario tecnol\u00f3gico y el exgobernador de Dakota del Norte durante el periodo 2016-2024. Su cargo como secretario de Interior de EE. UU. lo asumi\u00f3 con un enfoque en pol\u00edticas energ\u00e9ticas.<\/p>\n\n\n\n<p>Burgum tambi\u00e9n lidera el Consejo Nacional de Dominio de la Energ\u00eda (NEDC, por sus siglas en ingl\u00e9s), una estructura creada por la administraci\u00f3n estadounidense en 2025 para centralizar la pol\u00edtica energ\u00e9tica, acelerar la producci\u00f3n de combustibles f\u00f3siles y reducir regulaciones.<\/p>\n\n\n\n<p>A su llega al pa\u00eds fue recibido por Oliver Blanco, viceministro para Europa y Am\u00e9rica del Norte en el Aeropuerto Internacional Sim\u00f3n Bol\u00edvar de Maiquet\u00eda.<\/p>\n\n\n\n<p>Prensa Presidencial<\/p>\n\n\n\n<figure class=\"wp-block-gallery has-nested-images columns-default is-cropped wp-block-gallery-1 is-layout-flex wp-block-gallery-is-layout-flex\">\n<figure class=\"wp-block-image size-large\"><img loading=\"lazy\" decoding=\"async\" width=\"1024\" height=\"683\" data-id=\"5072\" src=\"http:\/\/www.minhidrocarburos.gob.ve\/wp-content\/uploads\/2026\/03\/Presidenta-E-Delcy-Rodriguez-recibio-al-secretario-de-Interior-de-EE.-UU.-en-el-Palacio-de-Miraflores_1.jpg-1024x683.jpeg\" alt=\"\" class=\"wp-image-5072\" srcset=\"http:\/\/www.minhidrocarburos.gob.ve\/wp-content\/uploads\/2026\/03\/Presidenta-E-Delcy-Rodriguez-recibio-al-secretario-de-Interior-de-EE.-UU.-en-el-Palacio-de-Miraflores_1.jpg-1024x683.jpeg 1024w, http:\/\/www.minhidrocarburos.gob.ve\/wp-content\/uploads\/2026\/03\/Presidenta-E-Delcy-Rodriguez-recibio-al-secretario-de-Interior-de-EE.-UU.-en-el-Palacio-de-Miraflores_1.jpg-300x200.jpeg 300w, http:\/\/www.minhidrocarburos.gob.ve\/wp-content\/uploads\/2026\/03\/Presidenta-E-Delcy-Rodriguez-recibio-al-secretario-de-Interior-de-EE.-UU.-en-el-Palacio-de-Miraflores_1.jpg-768x512.jpeg 768w, http:\/\/www.minhidrocarburos.gob.ve\/wp-content\/uploads\/2026\/03\/Presidenta-E-Delcy-Rodriguez-recibio-al-secretario-de-Interior-de-EE.-UU.-en-el-Palacio-de-Miraflores_1.jpg-930x620.jpeg 930w, http:\/\/www.minhidrocarburos.gob.ve\/wp-content\/uploads\/2026\/03\/Presidenta-E-Delcy-Rodriguez-recibio-al-secretario-de-Interior-de-EE.-UU.-en-el-Palacio-de-Miraflores_1.jpg.jpeg 1536w\" sizes=\"auto, (max-width: 1024px) 100vw, 1024px\" \/><\/figure>\n<\/figure>\n","protected":false},"excerpt":{"rendered":"<p>Caracas, 4 de marzo de 2026.- La presidenta encargada de la Rep\u00fablica Bolivariana de Venezuela, Delcy Rodr\u00edguez, recibi\u00f3 al secretario de Interior de Estados Unidos de Am\u00e9rica, Doug Burgum, en el Palacio de Miraflores. El alto funcionario es conocido por ser un empresario tecnol\u00f3gico y el exgobernador de Dakota del Norte durante el periodo 2016-2024.&hellip;&nbsp;<a href=\"http:\/\/www.minhidrocarburos.gob.ve\/index.php\/2026\/03\/06\/presidenta-e-delcy-rodriguez-recibio-al-secretario-de-interior-de-ee-uu-en-el-palacio-de-miraflores\/\" rel=\"bookmark\">Leer m\u00e1s &raquo;<span class=\"screen-reader-text\">Presidenta (E) Delcy Rodr\u00edguez recibi\u00f3 al secretario de Interior de EE. UU. en el Palacio de Miraflores<\/span><\/a><\/p>\n","protected":false},"author":6,"featured_media":5071,"comment_status":"closed","ping_status":"closed","sticky":false,"template":"","format":"standard","meta":{"_editorskit_title_hidden":false,"_editorskit_reading_time":0,"_editorskit_is_block_options_detached":false,"_editorskit_block_options_position":"{}","neve_meta_sidebar":"","neve_meta_container":"","neve_meta_enable_content_width":"","neve_meta_content_width":0,"neve_meta_title_alignment":"","neve_meta_author_avatar":"","neve_post_elements_order":"","neve_meta_disable_header":"","neve_meta_disable_footer":"","neve_meta_disable_title":"","footnotes":""},"categories":[127,128],"tags":[],"class_list":["post-5070","post","type-post","status-publish","format-standard","has-post-thumbnail","hentry","category-noticias-2025","category-noticias_slider_25"],"yoast_head":"<!-- This site is optimized with the Yoast SEO plugin v27.2 - https:\/\/yoast.com\/product\/yoast-seo-wordpress\/ -->\n<title>Presidenta (E) Delcy Rodr\u00edguez recibi\u00f3 al secretario de Interior de EE. UU. en el Palacio de Miraflores - MinHidrocarburos<\/title>\n<meta name=\"robots\" content=\"index, follow, max-snippet:-1, max-image-preview:large, max-video-preview:-1\" \/>\n<link rel=\"canonical\" href=\"http:\/\/www.minhidrocarburos.gob.ve\/index.php\/2026\/03\/06\/presidenta-e-delcy-rodriguez-recibio-al-secretario-de-interior-de-ee-uu-en-el-palacio-de-miraflores\/\" \/>\n<meta property=\"og:locale\" content=\"es_ES\" \/>\n<meta property=\"og:type\" content=\"article\" \/>\n<meta property=\"og:title\" content=\"Presidenta (E) Delcy Rodr\u00edguez recibi\u00f3 al secretario de Interior de EE. UU. en el Palacio de Miraflores - MinHidrocarburos\" \/>\n<meta property=\"og:description\" content=\"Caracas, 4 de marzo de 2026.- La presidenta encargada de la Rep\u00fablica Bolivariana de Venezuela, Delcy Rodr\u00edguez, recibi\u00f3 al secretario de Interior de Estados Unidos de Am\u00e9rica, Doug Burgum, en el Palacio de Miraflores. El alto funcionario es conocido por ser un empresario tecnol\u00f3gico y el exgobernador de Dakota del Norte durante el periodo 2016-2024.&hellip;&nbsp;Leer m\u00e1s &raquo;Presidenta (E) Delcy Rodr\u00edguez recibi\u00f3 al secretario de Interior de EE. UU. en el Palacio de Miraflores\" \/>\n<meta property=\"og:url\" content=\"http:\/\/www.minhidrocarburos.gob.ve\/index.php\/2026\/03\/06\/presidenta-e-delcy-rodriguez-recibio-al-secretario-de-interior-de-ee-uu-en-el-palacio-de-miraflores\/\" \/>\n<meta property=\"og:site_name\" content=\"MinHidrocarburos\" \/>\n<meta property=\"article:published_time\" content=\"2026-03-06T16:18:00+00:00\" \/>\n<meta property=\"article:modified_time\" content=\"2026-03-06T16:18:01+00:00\" \/>\n<meta property=\"og:image\" content=\"http:\/\/www.minhidrocarburos.gob.ve\/wp-content\/uploads\/2026\/03\/Presidenta-E-Delcy-Rodriguez-recibio-al-secretario-de-Interior-de-EE.-UU.-en-el-Palacio-de-Miraflores_2.jpg.jpeg\" \/>\n\t<meta property=\"og:image:width\" content=\"1024\" \/>\n\t<meta property=\"og:image:height\" content=\"742\" \/>\n\t<meta property=\"og:image:type\" content=\"image\/jpeg\" \/>\n<meta name=\"author\" content=\"Rafael Soto\" \/>\n<meta name=\"twitter:card\" content=\"summary_large_image\" \/>\n<meta name=\"twitter:label1\" content=\"Escrito por\" \/>\n\t<meta name=\"twitter:data1\" content=\"Rafael Soto\" \/>\n\t<meta name=\"twitter:label2\" content=\"Tiempo de lectura\" \/>\n\t<meta name=\"twitter:data2\" content=\"2 minutos\" \/>\n<script type=\"application\/ld+json\" class=\"yoast-schema-graph\">{\"@context\":\"https:\/\/schema.org\",\"@graph\":[{\"@type\":\"Article\",\"@id\":\"http:\/\/www.minhidrocarburos.gob.ve\/index.php\/2026\/03\/06\/presidenta-e-delcy-rodriguez-recibio-al-secretario-de-interior-de-ee-uu-en-el-palacio-de-miraflores\/#article\",\"isPartOf\":{\"@id\":\"http:\/\/www.minhidrocarburos.gob.ve\/index.php\/2026\/03\/06\/presidenta-e-delcy-rodriguez-recibio-al-secretario-de-interior-de-ee-uu-en-el-palacio-de-miraflores\/\"},\"author\":{\"name\":\"Rafael Soto\",\"@id\":\"http:\/\/www.minhidrocarburos.gob.ve\/#\/schema\/person\/8e0af0506e7a69049237fccec85d590d\"},\"headline\":\"Presidenta (E) Delcy Rodr\u00edguez recibi\u00f3 al secretario de Interior de EE. UU. en el Palacio de Miraflores\",\"datePublished\":\"2026-03-06T16:18:00+00:00\",\"dateModified\":\"2026-03-06T16:18:01+00:00\",\"mainEntityOfPage\":{\"@id\":\"http:\/\/www.minhidrocarburos.gob.ve\/index.php\/2026\/03\/06\/presidenta-e-delcy-rodriguez-recibio-al-secretario-de-interior-de-ee-uu-en-el-palacio-de-miraflores\/\"},\"wordCount\":174,\"publisher\":{\"@id\":\"http:\/\/www.minhidrocarburos.gob.ve\/#organization\"},\"image\":{\"@id\":\"http:\/\/www.minhidrocarburos.gob.ve\/index.php\/2026\/03\/06\/presidenta-e-delcy-rodriguez-recibio-al-secretario-de-interior-de-ee-uu-en-el-palacio-de-miraflores\/#primaryimage\"},\"thumbnailUrl\":\"http:\/\/www.minhidrocarburos.gob.ve\/wp-content\/uploads\/2026\/03\/Presidenta-E-Delcy-Rodriguez-recibio-al-secretario-de-Interior-de-EE.-UU.-en-el-Palacio-de-Miraflores_2.jpg.jpeg\",\"articleSection\":[\"Noticias 2025\",\"Noticias_Slider_25\"],\"inLanguage\":\"es\"},{\"@type\":\"WebPage\",\"@id\":\"http:\/\/www.minhidrocarburos.gob.ve\/index.php\/2026\/03\/06\/presidenta-e-delcy-rodriguez-recibio-al-secretario-de-interior-de-ee-uu-en-el-palacio-de-miraflores\/\",\"url\":\"http:\/\/www.minhidrocarburos.gob.ve\/index.php\/2026\/03\/06\/presidenta-e-delcy-rodriguez-recibio-al-secretario-de-interior-de-ee-uu-en-el-palacio-de-miraflores\/\",\"name\":\"Presidenta (E) Delcy Rodr\u00edguez recibi\u00f3 al secretario de Interior de EE. UU. en el Palacio de Miraflores - MinHidrocarburos\",\"isPartOf\":{\"@id\":\"http:\/\/www.minhidrocarburos.gob.ve\/#website\"},\"primaryImageOfPage\":{\"@id\":\"http:\/\/www.minhidrocarburos.gob.ve\/index.php\/2026\/03\/06\/presidenta-e-delcy-rodriguez-recibio-al-secretario-de-interior-de-ee-uu-en-el-palacio-de-miraflores\/#primaryimage\"},\"image\":{\"@id\":\"http:\/\/www.minhidrocarburos.gob.ve\/index.php\/2026\/03\/06\/presidenta-e-delcy-rodriguez-recibio-al-secretario-de-interior-de-ee-uu-en-el-palacio-de-miraflores\/#primaryimage\"},\"thumbnailUrl\":\"http:\/\/www.minhidrocarburos.gob.ve\/wp-content\/uploads\/2026\/03\/Presidenta-E-Delcy-Rodriguez-recibio-al-secretario-de-Interior-de-EE.-UU.-en-el-Palacio-de-Miraflores_2.jpg.jpeg\",\"datePublished\":\"2026-03-06T16:18:00+00:00\",\"dateModified\":\"2026-03-06T16:18:01+00:00\",\"inLanguage\":\"es\",\"potentialAction\":[{\"@type\":\"ReadAction\",\"target\":[\"http:\/\/www.minhidrocarburos.gob.ve\/index.php\/2026\/03\/06\/presidenta-e-delcy-rodriguez-recibio-al-secretario-de-interior-de-ee-uu-en-el-palacio-de-miraflores\/\"]}]},{\"@type\":\"ImageObject\",\"inLanguage\":\"es\",\"@id\":\"http:\/\/www.minhidrocarburos.gob.ve\/index.php\/2026\/03\/06\/presidenta-e-delcy-rodriguez-recibio-al-secretario-de-interior-de-ee-uu-en-el-palacio-de-miraflores\/#primaryimage\",\"url\":\"http:\/\/www.minhidrocarburos.gob.ve\/wp-content\/uploads\/2026\/03\/Presidenta-E-Delcy-Rodriguez-recibio-al-secretario-de-Interior-de-EE.-UU.-en-el-Palacio-de-Miraflores_2.jpg.jpeg\",\"contentUrl\":\"http:\/\/www.minhidrocarburos.gob.ve\/wp-content\/uploads\/2026\/03\/Presidenta-E-Delcy-Rodriguez-recibio-al-secretario-de-Interior-de-EE.-UU.-en-el-Palacio-de-Miraflores_2.jpg.jpeg\",\"width\":1024,\"height\":742},{\"@type\":\"WebSite\",\"@id\":\"http:\/\/www.minhidrocarburos.gob.ve\/#website\",\"url\":\"http:\/\/www.minhidrocarburos.gob.ve\/\",\"name\":\"Minhidrocarburos\",\"description\":\"Regulaci\u00f3n, formulaci\u00f3n y seguimiento de pol\u00edticas; la planificaci\u00f3n, realizaci\u00f3n y fiscalizaci\u00f3n en materia de hidrocarburos\",\"publisher\":{\"@id\":\"http:\/\/www.minhidrocarburos.gob.ve\/#organization\"},\"potentialAction\":[{\"@type\":\"SearchAction\",\"target\":{\"@type\":\"EntryPoint\",\"urlTemplate\":\"http:\/\/www.minhidrocarburos.gob.ve\/?s={search_term_string}\"},\"query-input\":{\"@type\":\"PropertyValueSpecification\",\"valueRequired\":true,\"valueName\":\"search_term_string\"}}],\"inLanguage\":\"es\"},{\"@type\":\"Organization\",\"@id\":\"http:\/\/www.minhidrocarburos.gob.ve\/#organization\",\"name\":\"Ministerio del Poder Popular de Hidrocarburos\",\"url\":\"http:\/\/www.minhidrocarburos.gob.ve\/\",\"logo\":{\"@type\":\"ImageObject\",\"inLanguage\":\"es\",\"@id\":\"http:\/\/www.minhidrocarburos.gob.ve\/#\/schema\/logo\/image\/\",\"url\":\"http:\/\/www.minhidrocarburos.gob.ve\/wp-content\/uploads\/2024\/12\/Ministerio_de_Hidrocarburos.png\",\"contentUrl\":\"http:\/\/www.minhidrocarburos.gob.ve\/wp-content\/uploads\/2024\/12\/Ministerio_de_Hidrocarburos.png\",\"width\":2320,\"height\":324,\"caption\":\"Ministerio del Poder Popular de Hidrocarburos\"},\"image\":{\"@id\":\"http:\/\/www.minhidrocarburos.gob.ve\/#\/schema\/logo\/image\/\"}},{\"@type\":\"Person\",\"@id\":\"http:\/\/www.minhidrocarburos.gob.ve\/#\/schema\/person\/8e0af0506e7a69049237fccec85d590d\",\"name\":\"Rafael Soto\",\"image\":{\"@type\":\"ImageObject\",\"inLanguage\":\"es\",\"@id\":\"https:\/\/secure.gravatar.com\/avatar\/b7e96d7e31898c488b4465d38771db8c897b547b3459b93fec70e40690f0e965?s=96&d=mm&r=g\",\"url\":\"https:\/\/secure.gravatar.com\/avatar\/b7e96d7e31898c488b4465d38771db8c897b547b3459b93fec70e40690f0e965?s=96&d=mm&r=g\",\"contentUrl\":\"https:\/\/secure.gravatar.com\/avatar\/b7e96d7e31898c488b4465d38771db8c897b547b3459b93fec70e40690f0e965?s=96&d=mm&r=g\",\"caption\":\"Rafael Soto\"},\"url\":\"http:\/\/www.minhidrocarburos.gob.ve\/index.php\/author\/rafsoto\/\"}]}<\/script>\n<!-- \/ Yoast SEO plugin. -->","yoast_head_json":{"title":"Presidenta (E) Delcy Rodr\u00edguez recibi\u00f3 al secretario de Interior de EE. UU. en el Palacio de Miraflores - MinHidrocarburos","robots":{"index":"index","follow":"follow","max-snippet":"max-snippet:-1","max-image-preview":"max-image-preview:large","max-video-preview":"max-video-preview:-1"},"canonical":"http:\/\/www.minhidrocarburos.gob.ve\/index.php\/2026\/03\/06\/presidenta-e-delcy-rodriguez-recibio-al-secretario-de-interior-de-ee-uu-en-el-palacio-de-miraflores\/","og_locale":"es_ES","og_type":"article","og_title":"Presidenta (E) Delcy Rodr\u00edguez recibi\u00f3 al secretario de Interior de EE. UU. en el Palacio de Miraflores - MinHidrocarburos","og_description":"Caracas, 4 de marzo de 2026.- La presidenta encargada de la Rep\u00fablica Bolivariana de Venezuela, Delcy Rodr\u00edguez, recibi\u00f3 al secretario de Interior de Estados Unidos de Am\u00e9rica, Doug Burgum, en el Palacio de Miraflores. El alto funcionario es conocido por ser un empresario tecnol\u00f3gico y el exgobernador de Dakota del Norte durante el periodo 2016-2024.&hellip;&nbsp;Leer m\u00e1s &raquo;Presidenta (E) Delcy Rodr\u00edguez recibi\u00f3 al secretario de Interior de EE. UU. en el Palacio de Miraflores","og_url":"http:\/\/www.minhidrocarburos.gob.ve\/index.php\/2026\/03\/06\/presidenta-e-delcy-rodriguez-recibio-al-secretario-de-interior-de-ee-uu-en-el-palacio-de-miraflores\/","og_site_name":"MinHidrocarburos","article_published_time":"2026-03-06T16:18:00+00:00","article_modified_time":"2026-03-06T16:18:01+00:00","og_image":[{"width":1024,"height":742,"url":"http:\/\/www.minhidrocarburos.gob.ve\/wp-content\/uploads\/2026\/03\/Presidenta-E-Delcy-Rodriguez-recibio-al-secretario-de-Interior-de-EE.-UU.-en-el-Palacio-de-Miraflores_2.jpg.jpeg","type":"image\/jpeg"}],"author":"Rafael Soto","twitter_card":"summary_large_image","twitter_misc":{"Escrito por":"Rafael Soto","Tiempo de lectura":"2 minutos"},"schema":{"@context":"https:\/\/schema.org","@graph":[{"@type":"Article","@id":"http:\/\/www.minhidrocarburos.gob.ve\/index.php\/2026\/03\/06\/presidenta-e-delcy-rodriguez-recibio-al-secretario-de-interior-de-ee-uu-en-el-palacio-de-miraflores\/#article","isPartOf":{"@id":"http:\/\/www.minhidrocarburos.gob.ve\/index.php\/2026\/03\/06\/presidenta-e-delcy-rodriguez-recibio-al-secretario-de-interior-de-ee-uu-en-el-palacio-de-miraflores\/"},"author":{"name":"Rafael Soto","@id":"http:\/\/www.minhidrocarburos.gob.ve\/#\/schema\/person\/8e0af0506e7a69049237fccec85d590d"},"headline":"Presidenta (E) Delcy Rodr\u00edguez recibi\u00f3 al secretario de Interior de EE. UU. en el Palacio de Miraflores","datePublished":"2026-03-06T16:18:00+00:00","dateModified":"2026-03-06T16:18:01+00:00","mainEntityOfPage":{"@id":"http:\/\/www.minhidrocarburos.gob.ve\/index.php\/2026\/03\/06\/presidenta-e-delcy-rodriguez-recibio-al-secretario-de-interior-de-ee-uu-en-el-palacio-de-miraflores\/"},"wordCount":174,"publisher":{"@id":"http:\/\/www.minhidrocarburos.gob.ve\/#organization"},"image":{"@id":"http:\/\/www.minhidrocarburos.gob.ve\/index.php\/2026\/03\/06\/presidenta-e-delcy-rodriguez-recibio-al-secretario-de-interior-de-ee-uu-en-el-palacio-de-miraflores\/#primaryimage"},"thumbnailUrl":"http:\/\/www.minhidrocarburos.gob.ve\/wp-content\/uploads\/2026\/03\/Presidenta-E-Delcy-Rodriguez-recibio-al-secretario-de-Interior-de-EE.-UU.-en-el-Palacio-de-Miraflores_2.jpg.jpeg","articleSection":["Noticias 2025","Noticias_Slider_25"],"inLanguage":"es"},{"@type":"WebPage","@id":"http:\/\/www.minhidrocarburos.gob.ve\/index.php\/2026\/03\/06\/presidenta-e-delcy-rodriguez-recibio-al-secretario-de-interior-de-ee-uu-en-el-palacio-de-miraflores\/","url":"http:\/\/www.minhidrocarburos.gob.ve\/index.php\/2026\/03\/06\/presidenta-e-delcy-rodriguez-recibio-al-secretario-de-interior-de-ee-uu-en-el-palacio-de-miraflores\/","name":"Presidenta (E) Delcy Rodr\u00edguez recibi\u00f3 al secretario de Interior de EE. UU. en el Palacio de Miraflores - MinHidrocarburos","isPartOf":{"@id":"http:\/\/www.minhidrocarburos.gob.ve\/#website"},"primaryImageOfPage":{"@id":"http:\/\/www.minhidrocarburos.gob.ve\/index.php\/2026\/03\/06\/presidenta-e-delcy-rodriguez-recibio-al-secretario-de-interior-de-ee-uu-en-el-palacio-de-miraflores\/#primaryimage"},"image":{"@id":"http:\/\/www.minhidrocarburos.gob.ve\/index.php\/2026\/03\/06\/presidenta-e-delcy-rodriguez-recibio-al-secretario-de-interior-de-ee-uu-en-el-palacio-de-miraflores\/#primaryimage"},"thumbnailUrl":"http:\/\/www.minhidrocarburos.gob.ve\/wp-content\/uploads\/2026\/03\/Presidenta-E-Delcy-Rodriguez-recibio-al-secretario-de-Interior-de-EE.-UU.-en-el-Palacio-de-Miraflores_2.jpg.jpeg","datePublished":"2026-03-06T16:18:00+00:00","dateModified":"2026-03-06T16:18:01+00:00","inLanguage":"es","potentialAction":[{"@type":"ReadAction","target":["http:\/\/www.minhidrocarburos.gob.ve\/index.php\/2026\/03\/06\/presidenta-e-delcy-rodriguez-recibio-al-secretario-de-interior-de-ee-uu-en-el-palacio-de-miraflores\/"]}]},{"@type":"ImageObject","inLanguage":"es","@id":"http:\/\/www.minhidrocarburos.gob.ve\/index.php\/2026\/03\/06\/presidenta-e-delcy-rodriguez-recibio-al-secretario-de-interior-de-ee-uu-en-el-palacio-de-miraflores\/#primaryimage","url":"http:\/\/www.minhidrocarburos.gob.ve\/wp-content\/uploads\/2026\/03\/Presidenta-E-Delcy-Rodriguez-recibio-al-secretario-de-Interior-de-EE.-UU.-en-el-Palacio-de-Miraflores_2.jpg.jpeg","contentUrl":"http:\/\/www.minhidrocarburos.gob.ve\/wp-content\/uploads\/2026\/03\/Presidenta-E-Delcy-Rodriguez-recibio-al-secretario-de-Interior-de-EE.-UU.-en-el-Palacio-de-Miraflores_2.jpg.jpeg","width":1024,"height":742},{"@type":"WebSite","@id":"http:\/\/www.minhidrocarburos.gob.ve\/#website","url":"http:\/\/www.minhidrocarburos.gob.ve\/","name":"Minhidrocarburos","description":"Regulaci\u00f3n, formulaci\u00f3n y seguimiento de pol\u00edticas; la planificaci\u00f3n, realizaci\u00f3n y fiscalizaci\u00f3n en materia de hidrocarburos","publisher":{"@id":"http:\/\/www.minhidrocarburos.gob.ve\/#organization"},"potentialAction":[{"@type":"SearchAction","target":{"@type":"EntryPoint","urlTemplate":"http:\/\/www.minhidrocarburos.gob.ve\/?s={search_term_string}"},"query-input":{"@type":"PropertyValueSpecification","valueRequired":true,"valueName":"search_term_string"}}],"inLanguage":"es"},{"@type":"Organization","@id":"http:\/\/www.minhidrocarburos.gob.ve\/#organization","name":"Ministerio del Poder Popular de Hidrocarburos","url":"http:\/\/www.minhidrocarburos.gob.ve\/","logo":{"@type":"ImageObject","inLanguage":"es","@id":"http:\/\/www.minhidrocarburos.gob.ve\/#\/schema\/logo\/image\/","url":"http:\/\/www.minhidrocarburos.gob.ve\/wp-content\/uploads\/2024\/12\/Ministerio_de_Hidrocarburos.png","contentUrl":"http:\/\/www.minhidrocarburos.gob.ve\/wp-content\/uploads\/2024\/12\/Ministerio_de_Hidrocarburos.png","width":2320,"height":324,"caption":"Ministerio del Poder Popular de Hidrocarburos"},"image":{"@id":"http:\/\/www.minhidrocarburos.gob.ve\/#\/schema\/logo\/image\/"}},{"@type":"Person","@id":"http:\/\/www.minhidrocarburos.gob.ve\/#\/schema\/person\/8e0af0506e7a69049237fccec85d590d","name":"Rafael Soto","image":{"@type":"ImageObject","inLanguage":"es","@id":"https:\/\/secure.gravatar.com\/avatar\/b7e96d7e31898c488b4465d38771db8c897b547b3459b93fec70e40690f0e965?s=96&d=mm&r=g","url":"https:\/\/secure.gravatar.com\/avatar\/b7e96d7e31898c488b4465d38771db8c897b547b3459b93fec70e40690f0e965?s=96&d=mm&r=g","contentUrl":"https:\/\/secure.gravatar.com\/avatar\/b7e96d7e31898c488b4465d38771db8c897b547b3459b93fec70e40690f0e965?s=96&d=mm&r=g","caption":"Rafael Soto"},"url":"http:\/\/www.minhidrocarburos.gob.ve\/index.php\/author\/rafsoto\/"}]}},"_links":{"self":[{"href":"http:\/\/www.minhidrocarburos.gob.ve\/index.php\/wp-json\/wp\/v2\/posts\/5070","targetHints":{"allow":["GET"]}}],"collection":[{"href":"http:\/\/www.minhidrocarburos.gob.ve\/index.php\/wp-json\/wp\/v2\/posts"}],"about":[{"href":"http:\/\/www.minhidrocarburos.gob.ve\/index.php\/wp-json\/wp\/v2\/types\/post"}],"author":[{"embeddable":true,"href":"http:\/\/www.minhidrocarburos.gob.ve\/index.php\/wp-json\/wp\/v2\/users\/6"}],"replies":[{"embeddable":true,"href":"http:\/\/www.minhidrocarburos.gob.ve\/index.php\/wp-json\/wp\/v2\/comments?post=5070"}],"version-history":[{"count":1,"href":"http:\/\/www.minhidrocarburos.gob.ve\/index.php\/wp-json\/wp\/v2\/posts\/5070\/revisions"}],"predecessor-version":[{"id":5073,"href":"http:\/\/www.minhidrocarburos.gob.ve\/index.php\/wp-json\/wp\/v2\/posts\/5070\/revisions\/5073"}],"wp:featuredmedia":[{"embeddable":true,"href":"http:\/\/www.minhidrocarburos.gob.ve\/index.php\/wp-json\/wp\/v2\/media\/5071"}],"wp:attachment":[{"href":"http:\/\/www.minhidrocarburos.gob.ve\/index.php\/wp-json\/wp\/v2\/media?parent=5070"}],"wp:term":[{"taxonomy":"category","embeddable":true,"href":"http:\/\/www.minhidrocarburos.gob.ve\/index.php\/wp-json\/wp\/v2\/categories?post=5070"},{"taxonomy":"post_tag","embeddable":true,"href":"http:\/\/www.minhidrocarburos.gob.ve\/index.php\/wp-json\/wp\/v2\/tags?post=5070"}],"curies":[{"name":"wp","href":"https:\/\/api.w.org\/{rel}","templated":true}]}}