

{"id":5074,"date":"2026-03-06T12:19:46","date_gmt":"2026-03-06T16:19:46","guid":{"rendered":"http:\/\/www.minhidrocarburos.gob.ve\/?p=5074"},"modified":"2026-03-06T12:19:47","modified_gmt":"2026-03-06T16:19:47","slug":"presidenta-e-delcy-rodriguez-califica-de-20-sobre-20-jornada-de-trabajo-con-delegacion-estadounidense","status":"publish","type":"post","link":"http:\/\/www.minhidrocarburos.gob.ve\/index.php\/2026\/03\/06\/presidenta-e-delcy-rodriguez-califica-de-20-sobre-20-jornada-de-trabajo-con-delegacion-estadounidense\/","title":{"rendered":"Presidenta (E) Delcy Rodr\u00edguez califica de \u00ab20 sobre 20\u00bb jornada de trabajo con delegaci\u00f3n estadounidense"},"content":{"rendered":"\n<p><strong>Caracas, 4 de marzo de 2026<\/strong>.- Luego de la publicaci\u00f3n del presidente estadounidense, Donald Trump, a trav\u00e9s de su red social Truth Social durante el encuentro en Miraflores, en la cual manifest\u00f3 su firme apoyo a las gestiones que realizan ambos gobiernos en Caracas, la presidenta Encargada de la Rep\u00fablica Bolivariana de Venezuela, Delcy Rodr\u00edguez, calific\u00f3 la jornada como \u00ab20 sobre 20\u00bb, resaltando que la comunicaci\u00f3n directa entre los mandatarios facilita la construcci\u00f3n de una relaci\u00f3n basada en el respeto y la cooperaci\u00f3n concreta.<\/p>\n\n\n\n<p>Este saludo pol\u00edtico de la Casa Blanca blinda las negociaciones que continuar\u00e1n ma\u00f1ana jueves con la revisi\u00f3n de la agenda energ\u00e9tica y petrolera iniciada previamente.<\/p>\n\n\n\n<p>El secretario Doug Burgum, coment\u00f3 sobre la proximidad geogr\u00e1fica y la complementariedad econ\u00f3mica entre ambas naciones no tienen l\u00edmites, proyectando a Venezuela como un socio estrat\u00e9gico indispensable para la estabilidad global.<\/p>\n\n\n\n<p>La Mandataria Encargada, subray\u00f3 que este nuevo clima de entendimiento permite avanzar con paso firme en la arquitectura de acuerdos de inversi\u00f3n, asegurando que la voluntad pol\u00edtica al m\u00e1s alto nivel es el motor principal para garantizar la prosperidad econ\u00f3mica de ambas naciones y la estabilidad energ\u00e9tica del continente.<\/p>\n\n\n\n<p>Prensa Presidencial<\/p>\n","protected":false},"excerpt":{"rendered":"<p>Caracas, 4 de marzo de 2026.- Luego de la publicaci\u00f3n del presidente estadounidense, Donald Trump, a trav\u00e9s de su red social Truth Social durante el encuentro en Miraflores, en la cual manifest\u00f3 su firme apoyo a las gestiones que realizan ambos gobiernos en Caracas, la presidenta Encargada de la Rep\u00fablica Bolivariana de Venezuela, Delcy Rodr\u00edguez,&hellip;&nbsp;<a href=\"http:\/\/www.minhidrocarburos.gob.ve\/index.php\/2026\/03\/06\/presidenta-e-delcy-rodriguez-califica-de-20-sobre-20-jornada-de-trabajo-con-delegacion-estadounidense\/\" rel=\"bookmark\">Leer m\u00e1s &raquo;<span class=\"screen-reader-text\">Presidenta (E) Delcy Rodr\u00edguez califica de \u00ab20 sobre 20\u00bb jornada de trabajo con delegaci\u00f3n estadounidense<\/span><\/a><\/p>\n","protected":false},"author":6,"featured_media":5075,"comment_status":"closed","ping_status":"closed","sticky":false,"template":"","format":"standard","meta":{"_editorskit_title_hidden":false,"_editorskit_reading_time":0,"_editorskit_is_block_options_detached":false,"_editorskit_block_options_position":"{}","neve_meta_sidebar":"","neve_meta_container":"","neve_meta_enable_content_width":"","neve_meta_content_width":0,"neve_meta_title_alignment":"","neve_meta_author_avatar":"","neve_post_elements_order":"","neve_meta_disable_header":"","neve_meta_disable_footer":"","neve_meta_disable_title":"","footnotes":""},"categories":[127,128],"tags":[],"class_list":["post-5074","post","type-post","status-publish","format-standard","has-post-thumbnail","hentry","category-noticias-2025","category-noticias_slider_25"],"yoast_head":"<!-- This site is optimized with the Yoast SEO plugin v27.2 - https:\/\/yoast.com\/product\/yoast-seo-wordpress\/ -->\n<title>Presidenta (E) Delcy Rodr\u00edguez califica de \u00ab20 sobre 20\u00bb jornada de trabajo con delegaci\u00f3n estadounidense - MinHidrocarburos<\/title>\n<meta name=\"robots\" content=\"index, follow, max-snippet:-1, max-image-preview:large, max-video-preview:-1\" \/>\n<link rel=\"canonical\" href=\"http:\/\/www.minhidrocarburos.gob.ve\/index.php\/2026\/03\/06\/presidenta-e-delcy-rodriguez-califica-de-20-sobre-20-jornada-de-trabajo-con-delegacion-estadounidense\/\" \/>\n<meta property=\"og:locale\" content=\"es_ES\" \/>\n<meta property=\"og:type\" content=\"article\" \/>\n<meta property=\"og:title\" content=\"Presidenta (E) Delcy Rodr\u00edguez califica de \u00ab20 sobre 20\u00bb jornada de trabajo con delegaci\u00f3n estadounidense - MinHidrocarburos\" \/>\n<meta property=\"og:description\" content=\"Caracas, 4 de marzo de 2026.- Luego de la publicaci\u00f3n del presidente estadounidense, Donald Trump, a trav\u00e9s de su red social Truth Social durante el encuentro en Miraflores, en la cual manifest\u00f3 su firme apoyo a las gestiones que realizan ambos gobiernos en Caracas, la presidenta Encargada de la Rep\u00fablica Bolivariana de Venezuela, Delcy Rodr\u00edguez,&hellip;&nbsp;Leer m\u00e1s &raquo;Presidenta (E) Delcy Rodr\u00edguez califica de \u00ab20 sobre 20\u00bb jornada de trabajo con delegaci\u00f3n estadounidense\" \/>\n<meta property=\"og:url\" content=\"http:\/\/www.minhidrocarburos.gob.ve\/index.php\/2026\/03\/06\/presidenta-e-delcy-rodriguez-califica-de-20-sobre-20-jornada-de-trabajo-con-delegacion-estadounidense\/\" \/>\n<meta property=\"og:site_name\" content=\"MinHidrocarburos\" \/>\n<meta property=\"article:published_time\" content=\"2026-03-06T16:19:46+00:00\" \/>\n<meta property=\"article:modified_time\" content=\"2026-03-06T16:19:47+00:00\" \/>\n<meta property=\"og:image\" content=\"http:\/\/www.minhidrocarburos.gob.ve\/wp-content\/uploads\/2026\/03\/Presidenta-E-Delcy-Rodriguez-califica-de-20-sobre-20-jornada-de-trabajo-con-delegacion-estadounidense.jpg.jpeg\" \/>\n\t<meta property=\"og:image:width\" content=\"1536\" \/>\n\t<meta property=\"og:image:height\" content=\"1156\" \/>\n\t<meta property=\"og:image:type\" content=\"image\/jpeg\" \/>\n<meta name=\"author\" content=\"Rafael Soto\" \/>\n<meta name=\"twitter:card\" content=\"summary_large_image\" \/>\n<meta name=\"twitter:label1\" content=\"Escrito por\" \/>\n\t<meta name=\"twitter:data1\" content=\"Rafael Soto\" \/>\n\t<meta name=\"twitter:label2\" content=\"Tiempo de lectura\" \/>\n\t<meta name=\"twitter:data2\" content=\"2 minutos\" \/>\n<script type=\"application\/ld+json\" class=\"yoast-schema-graph\">{\"@context\":\"https:\/\/schema.org\",\"@graph\":[{\"@type\":\"Article\",\"@id\":\"http:\/\/www.minhidrocarburos.gob.ve\/index.php\/2026\/03\/06\/presidenta-e-delcy-rodriguez-califica-de-20-sobre-20-jornada-de-trabajo-con-delegacion-estadounidense\/#article\",\"isPartOf\":{\"@id\":\"http:\/\/www.minhidrocarburos.gob.ve\/index.php\/2026\/03\/06\/presidenta-e-delcy-rodriguez-califica-de-20-sobre-20-jornada-de-trabajo-con-delegacion-estadounidense\/\"},\"author\":{\"name\":\"Rafael Soto\",\"@id\":\"http:\/\/www.minhidrocarburos.gob.ve\/#\/schema\/person\/8e0af0506e7a69049237fccec85d590d\"},\"headline\":\"Presidenta (E) Delcy Rodr\u00edguez califica de \u00ab20 sobre 20\u00bb jornada de trabajo con delegaci\u00f3n estadounidense\",\"datePublished\":\"2026-03-06T16:19:46+00:00\",\"dateModified\":\"2026-03-06T16:19:47+00:00\",\"mainEntityOfPage\":{\"@id\":\"http:\/\/www.minhidrocarburos.gob.ve\/index.php\/2026\/03\/06\/presidenta-e-delcy-rodriguez-califica-de-20-sobre-20-jornada-de-trabajo-con-delegacion-estadounidense\/\"},\"wordCount\":225,\"publisher\":{\"@id\":\"http:\/\/www.minhidrocarburos.gob.ve\/#organization\"},\"image\":{\"@id\":\"http:\/\/www.minhidrocarburos.gob.ve\/index.php\/2026\/03\/06\/presidenta-e-delcy-rodriguez-califica-de-20-sobre-20-jornada-de-trabajo-con-delegacion-estadounidense\/#primaryimage\"},\"thumbnailUrl\":\"http:\/\/www.minhidrocarburos.gob.ve\/wp-content\/uploads\/2026\/03\/Presidenta-E-Delcy-Rodriguez-califica-de-20-sobre-20-jornada-de-trabajo-con-delegacion-estadounidense.jpg.jpeg\",\"articleSection\":[\"Noticias 2025\",\"Noticias_Slider_25\"],\"inLanguage\":\"es\"},{\"@type\":\"WebPage\",\"@id\":\"http:\/\/www.minhidrocarburos.gob.ve\/index.php\/2026\/03\/06\/presidenta-e-delcy-rodriguez-califica-de-20-sobre-20-jornada-de-trabajo-con-delegacion-estadounidense\/\",\"url\":\"http:\/\/www.minhidrocarburos.gob.ve\/index.php\/2026\/03\/06\/presidenta-e-delcy-rodriguez-califica-de-20-sobre-20-jornada-de-trabajo-con-delegacion-estadounidense\/\",\"name\":\"Presidenta (E) Delcy Rodr\u00edguez califica de \u00ab20 sobre 20\u00bb jornada de trabajo con delegaci\u00f3n estadounidense - MinHidrocarburos\",\"isPartOf\":{\"@id\":\"http:\/\/www.minhidrocarburos.gob.ve\/#website\"},\"primaryImageOfPage\":{\"@id\":\"http:\/\/www.minhidrocarburos.gob.ve\/index.php\/2026\/03\/06\/presidenta-e-delcy-rodriguez-califica-de-20-sobre-20-jornada-de-trabajo-con-delegacion-estadounidense\/#primaryimage\"},\"image\":{\"@id\":\"http:\/\/www.minhidrocarburos.gob.ve\/index.php\/2026\/03\/06\/presidenta-e-delcy-rodriguez-califica-de-20-sobre-20-jornada-de-trabajo-con-delegacion-estadounidense\/#primaryimage\"},\"thumbnailUrl\":\"http:\/\/www.minhidrocarburos.gob.ve\/wp-content\/uploads\/2026\/03\/Presidenta-E-Delcy-Rodriguez-califica-de-20-sobre-20-jornada-de-trabajo-con-delegacion-estadounidense.jpg.jpeg\",\"datePublished\":\"2026-03-06T16:19:46+00:00\",\"dateModified\":\"2026-03-06T16:19:47+00:00\",\"inLanguage\":\"es\",\"potentialAction\":[{\"@type\":\"ReadAction\",\"target\":[\"http:\/\/www.minhidrocarburos.gob.ve\/index.php\/2026\/03\/06\/presidenta-e-delcy-rodriguez-califica-de-20-sobre-20-jornada-de-trabajo-con-delegacion-estadounidense\/\"]}]},{\"@type\":\"ImageObject\",\"inLanguage\":\"es\",\"@id\":\"http:\/\/www.minhidrocarburos.gob.ve\/index.php\/2026\/03\/06\/presidenta-e-delcy-rodriguez-califica-de-20-sobre-20-jornada-de-trabajo-con-delegacion-estadounidense\/#primaryimage\",\"url\":\"http:\/\/www.minhidrocarburos.gob.ve\/wp-content\/uploads\/2026\/03\/Presidenta-E-Delcy-Rodriguez-califica-de-20-sobre-20-jornada-de-trabajo-con-delegacion-estadounidense.jpg.jpeg\",\"contentUrl\":\"http:\/\/www.minhidrocarburos.gob.ve\/wp-content\/uploads\/2026\/03\/Presidenta-E-Delcy-Rodriguez-califica-de-20-sobre-20-jornada-de-trabajo-con-delegacion-estadounidense.jpg.jpeg\",\"width\":1536,\"height\":1156},{\"@type\":\"WebSite\",\"@id\":\"http:\/\/www.minhidrocarburos.gob.ve\/#website\",\"url\":\"http:\/\/www.minhidrocarburos.gob.ve\/\",\"name\":\"Minhidrocarburos\",\"description\":\"Regulaci\u00f3n, formulaci\u00f3n y seguimiento de pol\u00edticas; la planificaci\u00f3n, realizaci\u00f3n y fiscalizaci\u00f3n en materia de hidrocarburos\",\"publisher\":{\"@id\":\"http:\/\/www.minhidrocarburos.gob.ve\/#organization\"},\"potentialAction\":[{\"@type\":\"SearchAction\",\"target\":{\"@type\":\"EntryPoint\",\"urlTemplate\":\"http:\/\/www.minhidrocarburos.gob.ve\/?s={search_term_string}\"},\"query-input\":{\"@type\":\"PropertyValueSpecification\",\"valueRequired\":true,\"valueName\":\"search_term_string\"}}],\"inLanguage\":\"es\"},{\"@type\":\"Organization\",\"@id\":\"http:\/\/www.minhidrocarburos.gob.ve\/#organization\",\"name\":\"Ministerio del Poder Popular de Hidrocarburos\",\"url\":\"http:\/\/www.minhidrocarburos.gob.ve\/\",\"logo\":{\"@type\":\"ImageObject\",\"inLanguage\":\"es\",\"@id\":\"http:\/\/www.minhidrocarburos.gob.ve\/#\/schema\/logo\/image\/\",\"url\":\"http:\/\/www.minhidrocarburos.gob.ve\/wp-content\/uploads\/2024\/12\/Ministerio_de_Hidrocarburos.png\",\"contentUrl\":\"http:\/\/www.minhidrocarburos.gob.ve\/wp-content\/uploads\/2024\/12\/Ministerio_de_Hidrocarburos.png\",\"width\":2320,\"height\":324,\"caption\":\"Ministerio del Poder Popular de Hidrocarburos\"},\"image\":{\"@id\":\"http:\/\/www.minhidrocarburos.gob.ve\/#\/schema\/logo\/image\/\"}},{\"@type\":\"Person\",\"@id\":\"http:\/\/www.minhidrocarburos.gob.ve\/#\/schema\/person\/8e0af0506e7a69049237fccec85d590d\",\"name\":\"Rafael Soto\",\"image\":{\"@type\":\"ImageObject\",\"inLanguage\":\"es\",\"@id\":\"https:\/\/secure.gravatar.com\/avatar\/b7e96d7e31898c488b4465d38771db8c897b547b3459b93fec70e40690f0e965?s=96&d=mm&r=g\",\"url\":\"https:\/\/secure.gravatar.com\/avatar\/b7e96d7e31898c488b4465d38771db8c897b547b3459b93fec70e40690f0e965?s=96&d=mm&r=g\",\"contentUrl\":\"https:\/\/secure.gravatar.com\/avatar\/b7e96d7e31898c488b4465d38771db8c897b547b3459b93fec70e40690f0e965?s=96&d=mm&r=g\",\"caption\":\"Rafael Soto\"},\"url\":\"http:\/\/www.minhidrocarburos.gob.ve\/index.php\/author\/rafsoto\/\"}]}<\/script>\n<!-- \/ Yoast SEO plugin. -->","yoast_head_json":{"title":"Presidenta (E) Delcy Rodr\u00edguez califica de \u00ab20 sobre 20\u00bb jornada de trabajo con delegaci\u00f3n estadounidense - MinHidrocarburos","robots":{"index":"index","follow":"follow","max-snippet":"max-snippet:-1","max-image-preview":"max-image-preview:large","max-video-preview":"max-video-preview:-1"},"canonical":"http:\/\/www.minhidrocarburos.gob.ve\/index.php\/2026\/03\/06\/presidenta-e-delcy-rodriguez-califica-de-20-sobre-20-jornada-de-trabajo-con-delegacion-estadounidense\/","og_locale":"es_ES","og_type":"article","og_title":"Presidenta (E) Delcy Rodr\u00edguez califica de \u00ab20 sobre 20\u00bb jornada de trabajo con delegaci\u00f3n estadounidense - MinHidrocarburos","og_description":"Caracas, 4 de marzo de 2026.- Luego de la publicaci\u00f3n del presidente estadounidense, Donald Trump, a trav\u00e9s de su red social Truth Social durante el encuentro en Miraflores, en la cual manifest\u00f3 su firme apoyo a las gestiones que realizan ambos gobiernos en Caracas, la presidenta Encargada de la Rep\u00fablica Bolivariana de Venezuela, Delcy Rodr\u00edguez,&hellip;&nbsp;Leer m\u00e1s &raquo;Presidenta (E) Delcy Rodr\u00edguez califica de \u00ab20 sobre 20\u00bb jornada de trabajo con delegaci\u00f3n estadounidense","og_url":"http:\/\/www.minhidrocarburos.gob.ve\/index.php\/2026\/03\/06\/presidenta-e-delcy-rodriguez-califica-de-20-sobre-20-jornada-de-trabajo-con-delegacion-estadounidense\/","og_site_name":"MinHidrocarburos","article_published_time":"2026-03-06T16:19:46+00:00","article_modified_time":"2026-03-06T16:19:47+00:00","og_image":[{"width":1536,"height":1156,"url":"http:\/\/www.minhidrocarburos.gob.ve\/wp-content\/uploads\/2026\/03\/Presidenta-E-Delcy-Rodriguez-califica-de-20-sobre-20-jornada-de-trabajo-con-delegacion-estadounidense.jpg.jpeg","type":"image\/jpeg"}],"author":"Rafael Soto","twitter_card":"summary_large_image","twitter_misc":{"Escrito por":"Rafael Soto","Tiempo de lectura":"2 minutos"},"schema":{"@context":"https:\/\/schema.org","@graph":[{"@type":"Article","@id":"http:\/\/www.minhidrocarburos.gob.ve\/index.php\/2026\/03\/06\/presidenta-e-delcy-rodriguez-califica-de-20-sobre-20-jornada-de-trabajo-con-delegacion-estadounidense\/#article","isPartOf":{"@id":"http:\/\/www.minhidrocarburos.gob.ve\/index.php\/2026\/03\/06\/presidenta-e-delcy-rodriguez-califica-de-20-sobre-20-jornada-de-trabajo-con-delegacion-estadounidense\/"},"author":{"name":"Rafael Soto","@id":"http:\/\/www.minhidrocarburos.gob.ve\/#\/schema\/person\/8e0af0506e7a69049237fccec85d590d"},"headline":"Presidenta (E) Delcy Rodr\u00edguez califica de \u00ab20 sobre 20\u00bb jornada de trabajo con delegaci\u00f3n estadounidense","datePublished":"2026-03-06T16:19:46+00:00","dateModified":"2026-03-06T16:19:47+00:00","mainEntityOfPage":{"@id":"http:\/\/www.minhidrocarburos.gob.ve\/index.php\/2026\/03\/06\/presidenta-e-delcy-rodriguez-califica-de-20-sobre-20-jornada-de-trabajo-con-delegacion-estadounidense\/"},"wordCount":225,"publisher":{"@id":"http:\/\/www.minhidrocarburos.gob.ve\/#organization"},"image":{"@id":"http:\/\/www.minhidrocarburos.gob.ve\/index.php\/2026\/03\/06\/presidenta-e-delcy-rodriguez-califica-de-20-sobre-20-jornada-de-trabajo-con-delegacion-estadounidense\/#primaryimage"},"thumbnailUrl":"http:\/\/www.minhidrocarburos.gob.ve\/wp-content\/uploads\/2026\/03\/Presidenta-E-Delcy-Rodriguez-califica-de-20-sobre-20-jornada-de-trabajo-con-delegacion-estadounidense.jpg.jpeg","articleSection":["Noticias 2025","Noticias_Slider_25"],"inLanguage":"es"},{"@type":"WebPage","@id":"http:\/\/www.minhidrocarburos.gob.ve\/index.php\/2026\/03\/06\/presidenta-e-delcy-rodriguez-califica-de-20-sobre-20-jornada-de-trabajo-con-delegacion-estadounidense\/","url":"http:\/\/www.minhidrocarburos.gob.ve\/index.php\/2026\/03\/06\/presidenta-e-delcy-rodriguez-califica-de-20-sobre-20-jornada-de-trabajo-con-delegacion-estadounidense\/","name":"Presidenta (E) Delcy Rodr\u00edguez califica de \u00ab20 sobre 20\u00bb jornada de trabajo con delegaci\u00f3n estadounidense - MinHidrocarburos","isPartOf":{"@id":"http:\/\/www.minhidrocarburos.gob.ve\/#website"},"primaryImageOfPage":{"@id":"http:\/\/www.minhidrocarburos.gob.ve\/index.php\/2026\/03\/06\/presidenta-e-delcy-rodriguez-califica-de-20-sobre-20-jornada-de-trabajo-con-delegacion-estadounidense\/#primaryimage"},"image":{"@id":"http:\/\/www.minhidrocarburos.gob.ve\/index.php\/2026\/03\/06\/presidenta-e-delcy-rodriguez-califica-de-20-sobre-20-jornada-de-trabajo-con-delegacion-estadounidense\/#primaryimage"},"thumbnailUrl":"http:\/\/www.minhidrocarburos.gob.ve\/wp-content\/uploads\/2026\/03\/Presidenta-E-Delcy-Rodriguez-califica-de-20-sobre-20-jornada-de-trabajo-con-delegacion-estadounidense.jpg.jpeg","datePublished":"2026-03-06T16:19:46+00:00","dateModified":"2026-03-06T16:19:47+00:00","inLanguage":"es","potentialAction":[{"@type":"ReadAction","target":["http:\/\/www.minhidrocarburos.gob.ve\/index.php\/2026\/03\/06\/presidenta-e-delcy-rodriguez-califica-de-20-sobre-20-jornada-de-trabajo-con-delegacion-estadounidense\/"]}]},{"@type":"ImageObject","inLanguage":"es","@id":"http:\/\/www.minhidrocarburos.gob.ve\/index.php\/2026\/03\/06\/presidenta-e-delcy-rodriguez-califica-de-20-sobre-20-jornada-de-trabajo-con-delegacion-estadounidense\/#primaryimage","url":"http:\/\/www.minhidrocarburos.gob.ve\/wp-content\/uploads\/2026\/03\/Presidenta-E-Delcy-Rodriguez-califica-de-20-sobre-20-jornada-de-trabajo-con-delegacion-estadounidense.jpg.jpeg","contentUrl":"http:\/\/www.minhidrocarburos.gob.ve\/wp-content\/uploads\/2026\/03\/Presidenta-E-Delcy-Rodriguez-califica-de-20-sobre-20-jornada-de-trabajo-con-delegacion-estadounidense.jpg.jpeg","width":1536,"height":1156},{"@type":"WebSite","@id":"http:\/\/www.minhidrocarburos.gob.ve\/#website","url":"http:\/\/www.minhidrocarburos.gob.ve\/","name":"Minhidrocarburos","description":"Regulaci\u00f3n, formulaci\u00f3n y seguimiento de pol\u00edticas; la planificaci\u00f3n, realizaci\u00f3n y fiscalizaci\u00f3n en materia de hidrocarburos","publisher":{"@id":"http:\/\/www.minhidrocarburos.gob.ve\/#organization"},"potentialAction":[{"@type":"SearchAction","target":{"@type":"EntryPoint","urlTemplate":"http:\/\/www.minhidrocarburos.gob.ve\/?s={search_term_string}"},"query-input":{"@type":"PropertyValueSpecification","valueRequired":true,"valueName":"search_term_string"}}],"inLanguage":"es"},{"@type":"Organization","@id":"http:\/\/www.minhidrocarburos.gob.ve\/#organization","name":"Ministerio del Poder Popular de Hidrocarburos","url":"http:\/\/www.minhidrocarburos.gob.ve\/","logo":{"@type":"ImageObject","inLanguage":"es","@id":"http:\/\/www.minhidrocarburos.gob.ve\/#\/schema\/logo\/image\/","url":"http:\/\/www.minhidrocarburos.gob.ve\/wp-content\/uploads\/2024\/12\/Ministerio_de_Hidrocarburos.png","contentUrl":"http:\/\/www.minhidrocarburos.gob.ve\/wp-content\/uploads\/2024\/12\/Ministerio_de_Hidrocarburos.png","width":2320,"height":324,"caption":"Ministerio del Poder Popular de Hidrocarburos"},"image":{"@id":"http:\/\/www.minhidrocarburos.gob.ve\/#\/schema\/logo\/image\/"}},{"@type":"Person","@id":"http:\/\/www.minhidrocarburos.gob.ve\/#\/schema\/person\/8e0af0506e7a69049237fccec85d590d","name":"Rafael Soto","image":{"@type":"ImageObject","inLanguage":"es","@id":"https:\/\/secure.gravatar.com\/avatar\/b7e96d7e31898c488b4465d38771db8c897b547b3459b93fec70e40690f0e965?s=96&d=mm&r=g","url":"https:\/\/secure.gravatar.com\/avatar\/b7e96d7e31898c488b4465d38771db8c897b547b3459b93fec70e40690f0e965?s=96&d=mm&r=g","contentUrl":"https:\/\/secure.gravatar.com\/avatar\/b7e96d7e31898c488b4465d38771db8c897b547b3459b93fec70e40690f0e965?s=96&d=mm&r=g","caption":"Rafael Soto"},"url":"http:\/\/www.minhidrocarburos.gob.ve\/index.php\/author\/rafsoto\/"}]}},"_links":{"self":[{"href":"http:\/\/www.minhidrocarburos.gob.ve\/index.php\/wp-json\/wp\/v2\/posts\/5074","targetHints":{"allow":["GET"]}}],"collection":[{"href":"http:\/\/www.minhidrocarburos.gob.ve\/index.php\/wp-json\/wp\/v2\/posts"}],"about":[{"href":"http:\/\/www.minhidrocarburos.gob.ve\/index.php\/wp-json\/wp\/v2\/types\/post"}],"author":[{"embeddable":true,"href":"http:\/\/www.minhidrocarburos.gob.ve\/index.php\/wp-json\/wp\/v2\/users\/6"}],"replies":[{"embeddable":true,"href":"http:\/\/www.minhidrocarburos.gob.ve\/index.php\/wp-json\/wp\/v2\/comments?post=5074"}],"version-history":[{"count":1,"href":"http:\/\/www.minhidrocarburos.gob.ve\/index.php\/wp-json\/wp\/v2\/posts\/5074\/revisions"}],"predecessor-version":[{"id":5076,"href":"http:\/\/www.minhidrocarburos.gob.ve\/index.php\/wp-json\/wp\/v2\/posts\/5074\/revisions\/5076"}],"wp:featuredmedia":[{"embeddable":true,"href":"http:\/\/www.minhidrocarburos.gob.ve\/index.php\/wp-json\/wp\/v2\/media\/5075"}],"wp:attachment":[{"href":"http:\/\/www.minhidrocarburos.gob.ve\/index.php\/wp-json\/wp\/v2\/media?parent=5074"}],"wp:term":[{"taxonomy":"category","embeddable":true,"href":"http:\/\/www.minhidrocarburos.gob.ve\/index.php\/wp-json\/wp\/v2\/categories?post=5074"},{"taxonomy":"post_tag","embeddable":true,"href":"http:\/\/www.minhidrocarburos.gob.ve\/index.php\/wp-json\/wp\/v2\/tags?post=5074"}],"curies":[{"name":"wp","href":"https:\/\/api.w.org\/{rel}","templated":true}]}}