

{"id":5088,"date":"2026-03-12T16:05:45","date_gmt":"2026-03-12T20:05:45","guid":{"rendered":"http:\/\/www.minhidrocarburos.gob.ve\/?p=5088"},"modified":"2026-03-12T16:05:45","modified_gmt":"2026-03-12T20:05:45","slug":"designada-paula-henao-como-nueva-ministra-del-poder-popular-para-hidrocarburos","status":"publish","type":"post","link":"http:\/\/www.minhidrocarburos.gob.ve\/index.php\/2026\/03\/12\/designada-paula-henao-como-nueva-ministra-del-poder-popular-para-hidrocarburos\/","title":{"rendered":"Designada Paula Henao como nueva ministra del Poder Popular para Hidrocarburos"},"content":{"rendered":"\n<p><strong>Caracas, 11 de marzo de 2026.-<\/strong> La presidenta Encargada de la Rep\u00fablica Bolivariana de Venezuela, Delcy Rodr\u00edguez, anunci\u00f3 a trav\u00e9s de su canal oficial de Telegram, la designaci\u00f3n de la ingeniera de Petr\u00f3leo, Paula Henao, como nueva ministra del Poder Popular para Hidrocarburos con la responsabilidad de continuar impulsando el Motor Energ\u00e9tico de Venezuela.<br><br>Para Rodr\u00edguez, en el desempe\u00f1o de Henao en esta nueva responsabilidad deber\u00e1 fortalecer el desarrollo soberano de la industria petrolera, gas\u00edfera y petroqu\u00edmica nacional.<br><br>La Mandataria Nacional Encargada agreg\u00f3 en su mensaje \u00abconf\u00edo plenamente que, con su profesionalismo, amplia experiencia y muchos a\u00f1os de trayectoria dentro de este Ministerio, avanzaremos en la recuperaci\u00f3n y desarrollo del sector energ\u00e9tico, pilar fundamental para el crecimiento econ\u00f3mico y el bienestar del pueblo venezolano\u00bb.<br><br>Prensa Presidencial<\/p>\n","protected":false},"excerpt":{"rendered":"<p>Caracas, 11 de marzo de 2026.- La presidenta Encargada de la Rep\u00fablica Bolivariana de Venezuela, Delcy Rodr\u00edguez, anunci\u00f3 a trav\u00e9s de su canal oficial de Telegram, la designaci\u00f3n de la ingeniera de Petr\u00f3leo, Paula Henao, como nueva ministra del Poder Popular para Hidrocarburos con la responsabilidad de continuar impulsando el Motor Energ\u00e9tico de Venezuela. Para&hellip;&nbsp;<a href=\"http:\/\/www.minhidrocarburos.gob.ve\/index.php\/2026\/03\/12\/designada-paula-henao-como-nueva-ministra-del-poder-popular-para-hidrocarburos\/\" rel=\"bookmark\">Leer m\u00e1s &raquo;<span class=\"screen-reader-text\">Designada Paula Henao como nueva ministra del Poder Popular para Hidrocarburos<\/span><\/a><\/p>\n","protected":false},"author":8,"featured_media":5089,"comment_status":"closed","ping_status":"closed","sticky":false,"template":"","format":"standard","meta":{"_editorskit_title_hidden":false,"_editorskit_reading_time":0,"_editorskit_is_block_options_detached":false,"_editorskit_block_options_position":"{}","neve_meta_sidebar":"","neve_meta_container":"","neve_meta_enable_content_width":"","neve_meta_content_width":0,"neve_meta_title_alignment":"","neve_meta_author_avatar":"","neve_post_elements_order":"","neve_meta_disable_header":"","neve_meta_disable_footer":"","neve_meta_disable_title":"","footnotes":""},"categories":[127,122,128],"tags":[],"class_list":["post-5088","post","type-post","status-publish","format-standard","has-post-thumbnail","hentry","category-noticias-2025","category-noticias_slider_24","category-noticias_slider_25"],"yoast_head":"<!-- This site is optimized with the Yoast SEO plugin v27.2 - https:\/\/yoast.com\/product\/yoast-seo-wordpress\/ -->\n<title>Designada Paula Henao como nueva ministra del Poder Popular para Hidrocarburos - MinHidrocarburos<\/title>\n<meta name=\"robots\" content=\"index, follow, max-snippet:-1, max-image-preview:large, max-video-preview:-1\" \/>\n<link rel=\"canonical\" href=\"http:\/\/www.minhidrocarburos.gob.ve\/index.php\/2026\/03\/12\/designada-paula-henao-como-nueva-ministra-del-poder-popular-para-hidrocarburos\/\" \/>\n<meta property=\"og:locale\" content=\"es_ES\" \/>\n<meta property=\"og:type\" content=\"article\" \/>\n<meta property=\"og:title\" content=\"Designada Paula Henao como nueva ministra del Poder Popular para Hidrocarburos - MinHidrocarburos\" \/>\n<meta property=\"og:description\" content=\"Caracas, 11 de marzo de 2026.- La presidenta Encargada de la Rep\u00fablica Bolivariana de Venezuela, Delcy Rodr\u00edguez, anunci\u00f3 a trav\u00e9s de su canal oficial de Telegram, la designaci\u00f3n de la ingeniera de Petr\u00f3leo, Paula Henao, como nueva ministra del Poder Popular para Hidrocarburos con la responsabilidad de continuar impulsando el Motor Energ\u00e9tico de Venezuela. Para&hellip;&nbsp;Leer m\u00e1s &raquo;Designada Paula Henao como nueva ministra del Poder Popular para Hidrocarburos\" \/>\n<meta property=\"og:url\" content=\"http:\/\/www.minhidrocarburos.gob.ve\/index.php\/2026\/03\/12\/designada-paula-henao-como-nueva-ministra-del-poder-popular-para-hidrocarburos\/\" \/>\n<meta property=\"og:site_name\" content=\"MinHidrocarburos\" \/>\n<meta property=\"article:published_time\" content=\"2026-03-12T20:05:45+00:00\" \/>\n<meta property=\"og:image\" content=\"http:\/\/www.minhidrocarburos.gob.ve\/wp-content\/uploads\/2026\/03\/Designada-Paula-Henao-como-nueva-ministra-del-Poder-Popular-para-Hidrocarburos.jpeg\" \/>\n\t<meta property=\"og:image:width\" content=\"1507\" \/>\n\t<meta property=\"og:image:height\" content=\"1070\" \/>\n\t<meta property=\"og:image:type\" content=\"image\/jpeg\" \/>\n<meta name=\"author\" content=\"Alejandro Mendoza\" \/>\n<meta name=\"twitter:card\" content=\"summary_large_image\" \/>\n<meta name=\"twitter:label1\" content=\"Escrito por\" \/>\n\t<meta name=\"twitter:data1\" content=\"Alejandro Mendoza\" \/>\n\t<meta name=\"twitter:label2\" content=\"Tiempo de lectura\" \/>\n\t<meta name=\"twitter:data2\" content=\"1 minuto\" \/>\n<script type=\"application\/ld+json\" class=\"yoast-schema-graph\">{\"@context\":\"https:\/\/schema.org\",\"@graph\":[{\"@type\":\"Article\",\"@id\":\"http:\/\/www.minhidrocarburos.gob.ve\/index.php\/2026\/03\/12\/designada-paula-henao-como-nueva-ministra-del-poder-popular-para-hidrocarburos\/#article\",\"isPartOf\":{\"@id\":\"http:\/\/www.minhidrocarburos.gob.ve\/index.php\/2026\/03\/12\/designada-paula-henao-como-nueva-ministra-del-poder-popular-para-hidrocarburos\/\"},\"author\":{\"name\":\"Alejandro Mendoza\",\"@id\":\"http:\/\/www.minhidrocarburos.gob.ve\/#\/schema\/person\/05dcf91a97e31d879f431d1f45dd729a\"},\"headline\":\"Designada Paula Henao como nueva ministra del Poder Popular para Hidrocarburos\",\"datePublished\":\"2026-03-12T20:05:45+00:00\",\"mainEntityOfPage\":{\"@id\":\"http:\/\/www.minhidrocarburos.gob.ve\/index.php\/2026\/03\/12\/designada-paula-henao-como-nueva-ministra-del-poder-popular-para-hidrocarburos\/\"},\"wordCount\":151,\"publisher\":{\"@id\":\"http:\/\/www.minhidrocarburos.gob.ve\/#organization\"},\"image\":{\"@id\":\"http:\/\/www.minhidrocarburos.gob.ve\/index.php\/2026\/03\/12\/designada-paula-henao-como-nueva-ministra-del-poder-popular-para-hidrocarburos\/#primaryimage\"},\"thumbnailUrl\":\"http:\/\/www.minhidrocarburos.gob.ve\/wp-content\/uploads\/2026\/03\/Designada-Paula-Henao-como-nueva-ministra-del-Poder-Popular-para-Hidrocarburos.jpeg\",\"articleSection\":[\"Noticias 2025\",\"Noticias_Slider_24\",\"Noticias_Slider_25\"],\"inLanguage\":\"es\"},{\"@type\":\"WebPage\",\"@id\":\"http:\/\/www.minhidrocarburos.gob.ve\/index.php\/2026\/03\/12\/designada-paula-henao-como-nueva-ministra-del-poder-popular-para-hidrocarburos\/\",\"url\":\"http:\/\/www.minhidrocarburos.gob.ve\/index.php\/2026\/03\/12\/designada-paula-henao-como-nueva-ministra-del-poder-popular-para-hidrocarburos\/\",\"name\":\"Designada Paula Henao como nueva ministra del Poder Popular para Hidrocarburos - MinHidrocarburos\",\"isPartOf\":{\"@id\":\"http:\/\/www.minhidrocarburos.gob.ve\/#website\"},\"primaryImageOfPage\":{\"@id\":\"http:\/\/www.minhidrocarburos.gob.ve\/index.php\/2026\/03\/12\/designada-paula-henao-como-nueva-ministra-del-poder-popular-para-hidrocarburos\/#primaryimage\"},\"image\":{\"@id\":\"http:\/\/www.minhidrocarburos.gob.ve\/index.php\/2026\/03\/12\/designada-paula-henao-como-nueva-ministra-del-poder-popular-para-hidrocarburos\/#primaryimage\"},\"thumbnailUrl\":\"http:\/\/www.minhidrocarburos.gob.ve\/wp-content\/uploads\/2026\/03\/Designada-Paula-Henao-como-nueva-ministra-del-Poder-Popular-para-Hidrocarburos.jpeg\",\"datePublished\":\"2026-03-12T20:05:45+00:00\",\"inLanguage\":\"es\",\"potentialAction\":[{\"@type\":\"ReadAction\",\"target\":[\"http:\/\/www.minhidrocarburos.gob.ve\/index.php\/2026\/03\/12\/designada-paula-henao-como-nueva-ministra-del-poder-popular-para-hidrocarburos\/\"]}]},{\"@type\":\"ImageObject\",\"inLanguage\":\"es\",\"@id\":\"http:\/\/www.minhidrocarburos.gob.ve\/index.php\/2026\/03\/12\/designada-paula-henao-como-nueva-ministra-del-poder-popular-para-hidrocarburos\/#primaryimage\",\"url\":\"http:\/\/www.minhidrocarburos.gob.ve\/wp-content\/uploads\/2026\/03\/Designada-Paula-Henao-como-nueva-ministra-del-Poder-Popular-para-Hidrocarburos.jpeg\",\"contentUrl\":\"http:\/\/www.minhidrocarburos.gob.ve\/wp-content\/uploads\/2026\/03\/Designada-Paula-Henao-como-nueva-ministra-del-Poder-Popular-para-Hidrocarburos.jpeg\",\"width\":1507,\"height\":1070},{\"@type\":\"WebSite\",\"@id\":\"http:\/\/www.minhidrocarburos.gob.ve\/#website\",\"url\":\"http:\/\/www.minhidrocarburos.gob.ve\/\",\"name\":\"Minhidrocarburos\",\"description\":\"Regulaci\u00f3n, formulaci\u00f3n y seguimiento de pol\u00edticas; la planificaci\u00f3n, realizaci\u00f3n y fiscalizaci\u00f3n en materia de hidrocarburos\",\"publisher\":{\"@id\":\"http:\/\/www.minhidrocarburos.gob.ve\/#organization\"},\"potentialAction\":[{\"@type\":\"SearchAction\",\"target\":{\"@type\":\"EntryPoint\",\"urlTemplate\":\"http:\/\/www.minhidrocarburos.gob.ve\/?s={search_term_string}\"},\"query-input\":{\"@type\":\"PropertyValueSpecification\",\"valueRequired\":true,\"valueName\":\"search_term_string\"}}],\"inLanguage\":\"es\"},{\"@type\":\"Organization\",\"@id\":\"http:\/\/www.minhidrocarburos.gob.ve\/#organization\",\"name\":\"Ministerio del Poder Popular de Hidrocarburos\",\"url\":\"http:\/\/www.minhidrocarburos.gob.ve\/\",\"logo\":{\"@type\":\"ImageObject\",\"inLanguage\":\"es\",\"@id\":\"http:\/\/www.minhidrocarburos.gob.ve\/#\/schema\/logo\/image\/\",\"url\":\"http:\/\/www.minhidrocarburos.gob.ve\/wp-content\/uploads\/2024\/12\/Ministerio_de_Hidrocarburos.png\",\"contentUrl\":\"http:\/\/www.minhidrocarburos.gob.ve\/wp-content\/uploads\/2024\/12\/Ministerio_de_Hidrocarburos.png\",\"width\":2320,\"height\":324,\"caption\":\"Ministerio del Poder Popular de Hidrocarburos\"},\"image\":{\"@id\":\"http:\/\/www.minhidrocarburos.gob.ve\/#\/schema\/logo\/image\/\"}},{\"@type\":\"Person\",\"@id\":\"http:\/\/www.minhidrocarburos.gob.ve\/#\/schema\/person\/05dcf91a97e31d879f431d1f45dd729a\",\"name\":\"Alejandro Mendoza\",\"image\":{\"@type\":\"ImageObject\",\"inLanguage\":\"es\",\"@id\":\"https:\/\/secure.gravatar.com\/avatar\/135eff945fb2cbd75c6f3ee930c6c79f5c4a13a074e191bd95d0f9a31f5cc775?s=96&d=mm&r=g\",\"url\":\"https:\/\/secure.gravatar.com\/avatar\/135eff945fb2cbd75c6f3ee930c6c79f5c4a13a074e191bd95d0f9a31f5cc775?s=96&d=mm&r=g\",\"contentUrl\":\"https:\/\/secure.gravatar.com\/avatar\/135eff945fb2cbd75c6f3ee930c6c79f5c4a13a074e191bd95d0f9a31f5cc775?s=96&d=mm&r=g\",\"caption\":\"Alejandro Mendoza\"},\"url\":\"http:\/\/www.minhidrocarburos.gob.ve\/index.php\/author\/agmendoza\/\"}]}<\/script>\n<!-- \/ Yoast SEO plugin. -->","yoast_head_json":{"title":"Designada Paula Henao como nueva ministra del Poder Popular para Hidrocarburos - MinHidrocarburos","robots":{"index":"index","follow":"follow","max-snippet":"max-snippet:-1","max-image-preview":"max-image-preview:large","max-video-preview":"max-video-preview:-1"},"canonical":"http:\/\/www.minhidrocarburos.gob.ve\/index.php\/2026\/03\/12\/designada-paula-henao-como-nueva-ministra-del-poder-popular-para-hidrocarburos\/","og_locale":"es_ES","og_type":"article","og_title":"Designada Paula Henao como nueva ministra del Poder Popular para Hidrocarburos - MinHidrocarburos","og_description":"Caracas, 11 de marzo de 2026.- La presidenta Encargada de la Rep\u00fablica Bolivariana de Venezuela, Delcy Rodr\u00edguez, anunci\u00f3 a trav\u00e9s de su canal oficial de Telegram, la designaci\u00f3n de la ingeniera de Petr\u00f3leo, Paula Henao, como nueva ministra del Poder Popular para Hidrocarburos con la responsabilidad de continuar impulsando el Motor Energ\u00e9tico de Venezuela. Para&hellip;&nbsp;Leer m\u00e1s &raquo;Designada Paula Henao como nueva ministra del Poder Popular para Hidrocarburos","og_url":"http:\/\/www.minhidrocarburos.gob.ve\/index.php\/2026\/03\/12\/designada-paula-henao-como-nueva-ministra-del-poder-popular-para-hidrocarburos\/","og_site_name":"MinHidrocarburos","article_published_time":"2026-03-12T20:05:45+00:00","og_image":[{"width":1507,"height":1070,"url":"http:\/\/www.minhidrocarburos.gob.ve\/wp-content\/uploads\/2026\/03\/Designada-Paula-Henao-como-nueva-ministra-del-Poder-Popular-para-Hidrocarburos.jpeg","type":"image\/jpeg"}],"author":"Alejandro Mendoza","twitter_card":"summary_large_image","twitter_misc":{"Escrito por":"Alejandro Mendoza","Tiempo de lectura":"1 minuto"},"schema":{"@context":"https:\/\/schema.org","@graph":[{"@type":"Article","@id":"http:\/\/www.minhidrocarburos.gob.ve\/index.php\/2026\/03\/12\/designada-paula-henao-como-nueva-ministra-del-poder-popular-para-hidrocarburos\/#article","isPartOf":{"@id":"http:\/\/www.minhidrocarburos.gob.ve\/index.php\/2026\/03\/12\/designada-paula-henao-como-nueva-ministra-del-poder-popular-para-hidrocarburos\/"},"author":{"name":"Alejandro Mendoza","@id":"http:\/\/www.minhidrocarburos.gob.ve\/#\/schema\/person\/05dcf91a97e31d879f431d1f45dd729a"},"headline":"Designada Paula Henao como nueva ministra del Poder Popular para Hidrocarburos","datePublished":"2026-03-12T20:05:45+00:00","mainEntityOfPage":{"@id":"http:\/\/www.minhidrocarburos.gob.ve\/index.php\/2026\/03\/12\/designada-paula-henao-como-nueva-ministra-del-poder-popular-para-hidrocarburos\/"},"wordCount":151,"publisher":{"@id":"http:\/\/www.minhidrocarburos.gob.ve\/#organization"},"image":{"@id":"http:\/\/www.minhidrocarburos.gob.ve\/index.php\/2026\/03\/12\/designada-paula-henao-como-nueva-ministra-del-poder-popular-para-hidrocarburos\/#primaryimage"},"thumbnailUrl":"http:\/\/www.minhidrocarburos.gob.ve\/wp-content\/uploads\/2026\/03\/Designada-Paula-Henao-como-nueva-ministra-del-Poder-Popular-para-Hidrocarburos.jpeg","articleSection":["Noticias 2025","Noticias_Slider_24","Noticias_Slider_25"],"inLanguage":"es"},{"@type":"WebPage","@id":"http:\/\/www.minhidrocarburos.gob.ve\/index.php\/2026\/03\/12\/designada-paula-henao-como-nueva-ministra-del-poder-popular-para-hidrocarburos\/","url":"http:\/\/www.minhidrocarburos.gob.ve\/index.php\/2026\/03\/12\/designada-paula-henao-como-nueva-ministra-del-poder-popular-para-hidrocarburos\/","name":"Designada Paula Henao como nueva ministra del Poder Popular para Hidrocarburos - MinHidrocarburos","isPartOf":{"@id":"http:\/\/www.minhidrocarburos.gob.ve\/#website"},"primaryImageOfPage":{"@id":"http:\/\/www.minhidrocarburos.gob.ve\/index.php\/2026\/03\/12\/designada-paula-henao-como-nueva-ministra-del-poder-popular-para-hidrocarburos\/#primaryimage"},"image":{"@id":"http:\/\/www.minhidrocarburos.gob.ve\/index.php\/2026\/03\/12\/designada-paula-henao-como-nueva-ministra-del-poder-popular-para-hidrocarburos\/#primaryimage"},"thumbnailUrl":"http:\/\/www.minhidrocarburos.gob.ve\/wp-content\/uploads\/2026\/03\/Designada-Paula-Henao-como-nueva-ministra-del-Poder-Popular-para-Hidrocarburos.jpeg","datePublished":"2026-03-12T20:05:45+00:00","inLanguage":"es","potentialAction":[{"@type":"ReadAction","target":["http:\/\/www.minhidrocarburos.gob.ve\/index.php\/2026\/03\/12\/designada-paula-henao-como-nueva-ministra-del-poder-popular-para-hidrocarburos\/"]}]},{"@type":"ImageObject","inLanguage":"es","@id":"http:\/\/www.minhidrocarburos.gob.ve\/index.php\/2026\/03\/12\/designada-paula-henao-como-nueva-ministra-del-poder-popular-para-hidrocarburos\/#primaryimage","url":"http:\/\/www.minhidrocarburos.gob.ve\/wp-content\/uploads\/2026\/03\/Designada-Paula-Henao-como-nueva-ministra-del-Poder-Popular-para-Hidrocarburos.jpeg","contentUrl":"http:\/\/www.minhidrocarburos.gob.ve\/wp-content\/uploads\/2026\/03\/Designada-Paula-Henao-como-nueva-ministra-del-Poder-Popular-para-Hidrocarburos.jpeg","width":1507,"height":1070},{"@type":"WebSite","@id":"http:\/\/www.minhidrocarburos.gob.ve\/#website","url":"http:\/\/www.minhidrocarburos.gob.ve\/","name":"Minhidrocarburos","description":"Regulaci\u00f3n, formulaci\u00f3n y seguimiento de pol\u00edticas; la planificaci\u00f3n, realizaci\u00f3n y fiscalizaci\u00f3n en materia de hidrocarburos","publisher":{"@id":"http:\/\/www.minhidrocarburos.gob.ve\/#organization"},"potentialAction":[{"@type":"SearchAction","target":{"@type":"EntryPoint","urlTemplate":"http:\/\/www.minhidrocarburos.gob.ve\/?s={search_term_string}"},"query-input":{"@type":"PropertyValueSpecification","valueRequired":true,"valueName":"search_term_string"}}],"inLanguage":"es"},{"@type":"Organization","@id":"http:\/\/www.minhidrocarburos.gob.ve\/#organization","name":"Ministerio del Poder Popular de Hidrocarburos","url":"http:\/\/www.minhidrocarburos.gob.ve\/","logo":{"@type":"ImageObject","inLanguage":"es","@id":"http:\/\/www.minhidrocarburos.gob.ve\/#\/schema\/logo\/image\/","url":"http:\/\/www.minhidrocarburos.gob.ve\/wp-content\/uploads\/2024\/12\/Ministerio_de_Hidrocarburos.png","contentUrl":"http:\/\/www.minhidrocarburos.gob.ve\/wp-content\/uploads\/2024\/12\/Ministerio_de_Hidrocarburos.png","width":2320,"height":324,"caption":"Ministerio del Poder Popular de Hidrocarburos"},"image":{"@id":"http:\/\/www.minhidrocarburos.gob.ve\/#\/schema\/logo\/image\/"}},{"@type":"Person","@id":"http:\/\/www.minhidrocarburos.gob.ve\/#\/schema\/person\/05dcf91a97e31d879f431d1f45dd729a","name":"Alejandro Mendoza","image":{"@type":"ImageObject","inLanguage":"es","@id":"https:\/\/secure.gravatar.com\/avatar\/135eff945fb2cbd75c6f3ee930c6c79f5c4a13a074e191bd95d0f9a31f5cc775?s=96&d=mm&r=g","url":"https:\/\/secure.gravatar.com\/avatar\/135eff945fb2cbd75c6f3ee930c6c79f5c4a13a074e191bd95d0f9a31f5cc775?s=96&d=mm&r=g","contentUrl":"https:\/\/secure.gravatar.com\/avatar\/135eff945fb2cbd75c6f3ee930c6c79f5c4a13a074e191bd95d0f9a31f5cc775?s=96&d=mm&r=g","caption":"Alejandro Mendoza"},"url":"http:\/\/www.minhidrocarburos.gob.ve\/index.php\/author\/agmendoza\/"}]}},"_links":{"self":[{"href":"http:\/\/www.minhidrocarburos.gob.ve\/index.php\/wp-json\/wp\/v2\/posts\/5088","targetHints":{"allow":["GET"]}}],"collection":[{"href":"http:\/\/www.minhidrocarburos.gob.ve\/index.php\/wp-json\/wp\/v2\/posts"}],"about":[{"href":"http:\/\/www.minhidrocarburos.gob.ve\/index.php\/wp-json\/wp\/v2\/types\/post"}],"author":[{"embeddable":true,"href":"http:\/\/www.minhidrocarburos.gob.ve\/index.php\/wp-json\/wp\/v2\/users\/8"}],"replies":[{"embeddable":true,"href":"http:\/\/www.minhidrocarburos.gob.ve\/index.php\/wp-json\/wp\/v2\/comments?post=5088"}],"version-history":[{"count":1,"href":"http:\/\/www.minhidrocarburos.gob.ve\/index.php\/wp-json\/wp\/v2\/posts\/5088\/revisions"}],"predecessor-version":[{"id":5090,"href":"http:\/\/www.minhidrocarburos.gob.ve\/index.php\/wp-json\/wp\/v2\/posts\/5088\/revisions\/5090"}],"wp:featuredmedia":[{"embeddable":true,"href":"http:\/\/www.minhidrocarburos.gob.ve\/index.php\/wp-json\/wp\/v2\/media\/5089"}],"wp:attachment":[{"href":"http:\/\/www.minhidrocarburos.gob.ve\/index.php\/wp-json\/wp\/v2\/media?parent=5088"}],"wp:term":[{"taxonomy":"category","embeddable":true,"href":"http:\/\/www.minhidrocarburos.gob.ve\/index.php\/wp-json\/wp\/v2\/categories?post=5088"},{"taxonomy":"post_tag","embeddable":true,"href":"http:\/\/www.minhidrocarburos.gob.ve\/index.php\/wp-json\/wp\/v2\/tags?post=5088"}],"curies":[{"name":"wp","href":"https:\/\/api.w.org\/{rel}","templated":true}]}}