

{"id":5200,"date":"2026-04-28T19:19:17","date_gmt":"2026-04-28T23:19:17","guid":{"rendered":"http:\/\/www.minhidrocarburos.gob.ve\/?p=5200"},"modified":"2026-04-28T19:19:18","modified_gmt":"2026-04-28T23:19:18","slug":"presidenta-e-delcy-rodriguez-plantea-a-barbados-alianza-integral-en-materia-de-hidrocarburos","status":"publish","type":"post","link":"http:\/\/www.minhidrocarburos.gob.ve\/index.php\/2026\/04\/28\/presidenta-e-delcy-rodriguez-plantea-a-barbados-alianza-integral-en-materia-de-hidrocarburos\/","title":{"rendered":"Presidenta (e) Delcy Rodr\u00edguez plantea a Barbados alianza integral en materia de hidrocarburos"},"content":{"rendered":"\n<p>Caracas, 27 de abril de 2026.- La presidenta encargada de la Rep\u00fablica Bolivariana de Venezuela, Delcy Rodr\u00edguez, realiz\u00f3 una visita de trabajo a la Rep\u00fablica de Barbados con el objetivo de consolidar la cooperaci\u00f3n bilateral en sectores fundamentales como energ\u00eda, alimentaci\u00f3n, turismo, transporte y educaci\u00f3n.<\/p>\n\n\n\n<p>Uno de los ejes centrales de esta jornada diplom\u00e1tica fue la invitaci\u00f3n formal de Venezuela para que el pa\u00eds caribe\u00f1o participe activamente en el desarrollo de la industria de los hidrocarburos. En este sentido, Rodr\u00edguez propuso unir esfuerzos para invertir en proyectos de petr\u00f3leo y gas, con la meta clara de incrementar la producci\u00f3n nacional bajo un esquema de beneficios compartidos.<\/p>\n\n\n\n<p>Esta alianza busca garantizar el suministro y la seguridad energ\u00e9tica para Barbados, promoviendo un modelo de complementariedad y colaboraci\u00f3n rec\u00edproca que permita a ambas naciones enfrentar con soberan\u00eda los desaf\u00edos del mercado global.<\/p>\n\n\n\n<p>M\u00e1s all\u00e1 del sector de hidrocarburos, la presidenta encargada subray\u00f3 la necesidad de avanzar hacia la transici\u00f3n ecol\u00f3gica, identificando como oportunidad clave la fabricaci\u00f3n conjunta de paneles solares. Esta iniciativa busca optimizar el aprovechamiento de las energ\u00edas renovables y diversificar las matrices energ\u00e9ticas de la regi\u00f3n.<\/p>\n\n\n\n<p>Durante su estancia en la isla, la mandataria encargada expres\u00f3 su agradecimiento por la hospitalidad recibida de manos de la primera ministra de Barbados, Mia Amor Mottley. Este encuentro honra una trayectoria de 54 a\u00f1os de cooperaci\u00f3n ininterrumpida, ratificando que hoy nace una nueva etapa de uni\u00f3n econ\u00f3mica y comercial entre naciones hermanas.<\/p>\n\n\n\n<figure class=\"wp-block-image size-large\"><img loading=\"lazy\" decoding=\"async\" width=\"696\" height=\"1024\" src=\"http:\/\/www.minhidrocarburos.gob.ve\/wp-content\/uploads\/2026\/04\/Presidenta-e-Delcy-Rodriguez-plantea-a-Barbados-alianza-integral2-696x1024.jpeg\" alt=\"\" class=\"wp-image-5202\" srcset=\"http:\/\/www.minhidrocarburos.gob.ve\/wp-content\/uploads\/2026\/04\/Presidenta-e-Delcy-Rodriguez-plantea-a-Barbados-alianza-integral2-696x1024.jpeg 696w, http:\/\/www.minhidrocarburos.gob.ve\/wp-content\/uploads\/2026\/04\/Presidenta-e-Delcy-Rodriguez-plantea-a-Barbados-alianza-integral2-204x300.jpeg 204w, http:\/\/www.minhidrocarburos.gob.ve\/wp-content\/uploads\/2026\/04\/Presidenta-e-Delcy-Rodriguez-plantea-a-Barbados-alianza-integral2-768x1130.jpeg 768w, http:\/\/www.minhidrocarburos.gob.ve\/wp-content\/uploads\/2026\/04\/Presidenta-e-Delcy-Rodriguez-plantea-a-Barbados-alianza-integral2.jpeg 870w\" sizes=\"auto, (max-width: 696px) 100vw, 696px\" \/><\/figure>\n\n\n\n<figure class=\"wp-block-image size-large\"><img loading=\"lazy\" decoding=\"async\" width=\"1024\" height=\"682\" src=\"http:\/\/www.minhidrocarburos.gob.ve\/wp-content\/uploads\/2026\/04\/Presidenta-e-Delcy-Rodriguez-plantea-a-Barbados-alianza-integral3-1024x682.jpeg\" alt=\"\" class=\"wp-image-5201\" srcset=\"http:\/\/www.minhidrocarburos.gob.ve\/wp-content\/uploads\/2026\/04\/Presidenta-e-Delcy-Rodriguez-plantea-a-Barbados-alianza-integral3-1024x682.jpeg 1024w, http:\/\/www.minhidrocarburos.gob.ve\/wp-content\/uploads\/2026\/04\/Presidenta-e-Delcy-Rodriguez-plantea-a-Barbados-alianza-integral3-300x200.jpeg 300w, http:\/\/www.minhidrocarburos.gob.ve\/wp-content\/uploads\/2026\/04\/Presidenta-e-Delcy-Rodriguez-plantea-a-Barbados-alianza-integral3-768x512.jpeg 768w, http:\/\/www.minhidrocarburos.gob.ve\/wp-content\/uploads\/2026\/04\/Presidenta-e-Delcy-Rodriguez-plantea-a-Barbados-alianza-integral3-930x620.jpeg 930w, http:\/\/www.minhidrocarburos.gob.ve\/wp-content\/uploads\/2026\/04\/Presidenta-e-Delcy-Rodriguez-plantea-a-Barbados-alianza-integral3.jpeg 1280w\" sizes=\"auto, (max-width: 1024px) 100vw, 1024px\" \/><\/figure>\n","protected":false},"excerpt":{"rendered":"<p>Caracas, 27 de abril de 2026.- La presidenta encargada de la Rep\u00fablica Bolivariana de Venezuela, Delcy Rodr\u00edguez, realiz\u00f3 una visita de trabajo a la Rep\u00fablica de Barbados con el objetivo de consolidar la cooperaci\u00f3n bilateral en sectores fundamentales como energ\u00eda, alimentaci\u00f3n, turismo, transporte y educaci\u00f3n. Uno de los ejes centrales de esta jornada diplom\u00e1tica fue&hellip;&nbsp;<a href=\"http:\/\/www.minhidrocarburos.gob.ve\/index.php\/2026\/04\/28\/presidenta-e-delcy-rodriguez-plantea-a-barbados-alianza-integral-en-materia-de-hidrocarburos\/\" rel=\"bookmark\">Leer m\u00e1s &raquo;<span class=\"screen-reader-text\">Presidenta (e) Delcy Rodr\u00edguez plantea a Barbados alianza integral en materia de hidrocarburos<\/span><\/a><\/p>\n","protected":false},"author":17,"featured_media":5203,"comment_status":"closed","ping_status":"closed","sticky":false,"template":"","format":"standard","meta":{"_editorskit_title_hidden":false,"_editorskit_reading_time":0,"_editorskit_is_block_options_detached":false,"_editorskit_block_options_position":"{}","neve_meta_sidebar":"","neve_meta_container":"","neve_meta_enable_content_width":"","neve_meta_content_width":0,"neve_meta_title_alignment":"","neve_meta_author_avatar":"","neve_post_elements_order":"","neve_meta_disable_header":"","neve_meta_disable_footer":"","neve_meta_disable_title":"","footnotes":""},"categories":[121,127,122,128],"tags":[],"class_list":["post-5200","post","type-post","status-publish","format-standard","has-post-thumbnail","hentry","category-noticias-2024","category-noticias-2025","category-noticias_slider_24","category-noticias_slider_25"],"yoast_head":"<!-- This site is optimized with the Yoast SEO plugin v27.2 - https:\/\/yoast.com\/product\/yoast-seo-wordpress\/ -->\n<title>Presidenta (e) Delcy Rodr\u00edguez plantea a Barbados alianza integral en materia de hidrocarburos - MinHidrocarburos<\/title>\n<meta name=\"robots\" content=\"index, follow, max-snippet:-1, max-image-preview:large, max-video-preview:-1\" \/>\n<link rel=\"canonical\" href=\"http:\/\/www.minhidrocarburos.gob.ve\/index.php\/2026\/04\/28\/presidenta-e-delcy-rodriguez-plantea-a-barbados-alianza-integral-en-materia-de-hidrocarburos\/\" \/>\n<meta property=\"og:locale\" content=\"es_ES\" \/>\n<meta property=\"og:type\" content=\"article\" \/>\n<meta property=\"og:title\" content=\"Presidenta (e) Delcy Rodr\u00edguez plantea a Barbados alianza integral en materia de hidrocarburos - MinHidrocarburos\" \/>\n<meta property=\"og:description\" content=\"Caracas, 27 de abril de 2026.- La presidenta encargada de la Rep\u00fablica Bolivariana de Venezuela, Delcy Rodr\u00edguez, realiz\u00f3 una visita de trabajo a la Rep\u00fablica de Barbados con el objetivo de consolidar la cooperaci\u00f3n bilateral en sectores fundamentales como energ\u00eda, alimentaci\u00f3n, turismo, transporte y educaci\u00f3n. Uno de los ejes centrales de esta jornada diplom\u00e1tica fue&hellip;&nbsp;Leer m\u00e1s &raquo;Presidenta (e) Delcy Rodr\u00edguez plantea a Barbados alianza integral en materia de hidrocarburos\" \/>\n<meta property=\"og:url\" content=\"http:\/\/www.minhidrocarburos.gob.ve\/index.php\/2026\/04\/28\/presidenta-e-delcy-rodriguez-plantea-a-barbados-alianza-integral-en-materia-de-hidrocarburos\/\" \/>\n<meta property=\"og:site_name\" content=\"MinHidrocarburos\" \/>\n<meta property=\"article:published_time\" content=\"2026-04-28T23:19:17+00:00\" \/>\n<meta property=\"article:modified_time\" content=\"2026-04-28T23:19:18+00:00\" \/>\n<meta property=\"og:image\" content=\"http:\/\/www.minhidrocarburos.gob.ve\/wp-content\/uploads\/2026\/04\/Presidenta-e-Delcy-Rodriguez-plantea-a-Barbados-alianza-integral1.jpeg\" \/>\n\t<meta property=\"og:image:width\" content=\"1280\" \/>\n\t<meta property=\"og:image:height\" content=\"853\" \/>\n\t<meta property=\"og:image:type\" content=\"image\/jpeg\" \/>\n<meta name=\"author\" content=\"Mirveliz Caripe\" \/>\n<meta name=\"twitter:card\" content=\"summary_large_image\" \/>\n<meta name=\"twitter:label1\" content=\"Escrito por\" \/>\n\t<meta name=\"twitter:data1\" content=\"Mirveliz Caripe\" \/>\n\t<meta name=\"twitter:label2\" content=\"Tiempo de lectura\" \/>\n\t<meta name=\"twitter:data2\" content=\"2 minutos\" \/>\n<script type=\"application\/ld+json\" class=\"yoast-schema-graph\">{\"@context\":\"https:\/\/schema.org\",\"@graph\":[{\"@type\":\"Article\",\"@id\":\"http:\/\/www.minhidrocarburos.gob.ve\/index.php\/2026\/04\/28\/presidenta-e-delcy-rodriguez-plantea-a-barbados-alianza-integral-en-materia-de-hidrocarburos\/#article\",\"isPartOf\":{\"@id\":\"http:\/\/www.minhidrocarburos.gob.ve\/index.php\/2026\/04\/28\/presidenta-e-delcy-rodriguez-plantea-a-barbados-alianza-integral-en-materia-de-hidrocarburos\/\"},\"author\":{\"name\":\"Mirveliz Caripe\",\"@id\":\"http:\/\/www.minhidrocarburos.gob.ve\/#\/schema\/person\/40cdf999aba39e2705068b5758840a62\"},\"headline\":\"Presidenta (e) Delcy Rodr\u00edguez plantea a Barbados alianza integral en materia de hidrocarburos\",\"datePublished\":\"2026-04-28T23:19:17+00:00\",\"dateModified\":\"2026-04-28T23:19:18+00:00\",\"mainEntityOfPage\":{\"@id\":\"http:\/\/www.minhidrocarburos.gob.ve\/index.php\/2026\/04\/28\/presidenta-e-delcy-rodriguez-plantea-a-barbados-alianza-integral-en-materia-de-hidrocarburos\/\"},\"wordCount\":280,\"publisher\":{\"@id\":\"http:\/\/www.minhidrocarburos.gob.ve\/#organization\"},\"image\":{\"@id\":\"http:\/\/www.minhidrocarburos.gob.ve\/index.php\/2026\/04\/28\/presidenta-e-delcy-rodriguez-plantea-a-barbados-alianza-integral-en-materia-de-hidrocarburos\/#primaryimage\"},\"thumbnailUrl\":\"http:\/\/www.minhidrocarburos.gob.ve\/wp-content\/uploads\/2026\/04\/Presidenta-e-Delcy-Rodriguez-plantea-a-Barbados-alianza-integral1.jpeg\",\"articleSection\":[\"Noticias 2024\",\"Noticias 2025\",\"Noticias_Slider_24\",\"Noticias_Slider_25\"],\"inLanguage\":\"es\"},{\"@type\":\"WebPage\",\"@id\":\"http:\/\/www.minhidrocarburos.gob.ve\/index.php\/2026\/04\/28\/presidenta-e-delcy-rodriguez-plantea-a-barbados-alianza-integral-en-materia-de-hidrocarburos\/\",\"url\":\"http:\/\/www.minhidrocarburos.gob.ve\/index.php\/2026\/04\/28\/presidenta-e-delcy-rodriguez-plantea-a-barbados-alianza-integral-en-materia-de-hidrocarburos\/\",\"name\":\"Presidenta (e) Delcy Rodr\u00edguez plantea a Barbados alianza integral en materia de hidrocarburos - MinHidrocarburos\",\"isPartOf\":{\"@id\":\"http:\/\/www.minhidrocarburos.gob.ve\/#website\"},\"primaryImageOfPage\":{\"@id\":\"http:\/\/www.minhidrocarburos.gob.ve\/index.php\/2026\/04\/28\/presidenta-e-delcy-rodriguez-plantea-a-barbados-alianza-integral-en-materia-de-hidrocarburos\/#primaryimage\"},\"image\":{\"@id\":\"http:\/\/www.minhidrocarburos.gob.ve\/index.php\/2026\/04\/28\/presidenta-e-delcy-rodriguez-plantea-a-barbados-alianza-integral-en-materia-de-hidrocarburos\/#primaryimage\"},\"thumbnailUrl\":\"http:\/\/www.minhidrocarburos.gob.ve\/wp-content\/uploads\/2026\/04\/Presidenta-e-Delcy-Rodriguez-plantea-a-Barbados-alianza-integral1.jpeg\",\"datePublished\":\"2026-04-28T23:19:17+00:00\",\"dateModified\":\"2026-04-28T23:19:18+00:00\",\"inLanguage\":\"es\",\"potentialAction\":[{\"@type\":\"ReadAction\",\"target\":[\"http:\/\/www.minhidrocarburos.gob.ve\/index.php\/2026\/04\/28\/presidenta-e-delcy-rodriguez-plantea-a-barbados-alianza-integral-en-materia-de-hidrocarburos\/\"]}]},{\"@type\":\"ImageObject\",\"inLanguage\":\"es\",\"@id\":\"http:\/\/www.minhidrocarburos.gob.ve\/index.php\/2026\/04\/28\/presidenta-e-delcy-rodriguez-plantea-a-barbados-alianza-integral-en-materia-de-hidrocarburos\/#primaryimage\",\"url\":\"http:\/\/www.minhidrocarburos.gob.ve\/wp-content\/uploads\/2026\/04\/Presidenta-e-Delcy-Rodriguez-plantea-a-Barbados-alianza-integral1.jpeg\",\"contentUrl\":\"http:\/\/www.minhidrocarburos.gob.ve\/wp-content\/uploads\/2026\/04\/Presidenta-e-Delcy-Rodriguez-plantea-a-Barbados-alianza-integral1.jpeg\",\"width\":1280,\"height\":853},{\"@type\":\"WebSite\",\"@id\":\"http:\/\/www.minhidrocarburos.gob.ve\/#website\",\"url\":\"http:\/\/www.minhidrocarburos.gob.ve\/\",\"name\":\"Minhidrocarburos\",\"description\":\"Regulaci\u00f3n, formulaci\u00f3n y seguimiento de pol\u00edticas; la planificaci\u00f3n, realizaci\u00f3n y fiscalizaci\u00f3n en materia de hidrocarburos\",\"publisher\":{\"@id\":\"http:\/\/www.minhidrocarburos.gob.ve\/#organization\"},\"potentialAction\":[{\"@type\":\"SearchAction\",\"target\":{\"@type\":\"EntryPoint\",\"urlTemplate\":\"http:\/\/www.minhidrocarburos.gob.ve\/?s={search_term_string}\"},\"query-input\":{\"@type\":\"PropertyValueSpecification\",\"valueRequired\":true,\"valueName\":\"search_term_string\"}}],\"inLanguage\":\"es\"},{\"@type\":\"Organization\",\"@id\":\"http:\/\/www.minhidrocarburos.gob.ve\/#organization\",\"name\":\"Ministerio del Poder Popular de Hidrocarburos\",\"url\":\"http:\/\/www.minhidrocarburos.gob.ve\/\",\"logo\":{\"@type\":\"ImageObject\",\"inLanguage\":\"es\",\"@id\":\"http:\/\/www.minhidrocarburos.gob.ve\/#\/schema\/logo\/image\/\",\"url\":\"http:\/\/www.minhidrocarburos.gob.ve\/wp-content\/uploads\/2024\/12\/Ministerio_de_Hidrocarburos.png\",\"contentUrl\":\"http:\/\/www.minhidrocarburos.gob.ve\/wp-content\/uploads\/2024\/12\/Ministerio_de_Hidrocarburos.png\",\"width\":2320,\"height\":324,\"caption\":\"Ministerio del Poder Popular de Hidrocarburos\"},\"image\":{\"@id\":\"http:\/\/www.minhidrocarburos.gob.ve\/#\/schema\/logo\/image\/\"}},{\"@type\":\"Person\",\"@id\":\"http:\/\/www.minhidrocarburos.gob.ve\/#\/schema\/person\/40cdf999aba39e2705068b5758840a62\",\"name\":\"Mirveliz Caripe\",\"image\":{\"@type\":\"ImageObject\",\"inLanguage\":\"es\",\"@id\":\"https:\/\/secure.gravatar.com\/avatar\/569a97dfdb3e538b3e5d7deda9c16b4532157b1dfcdfb5890aabe7c74c3055ef?s=96&d=mm&r=g\",\"url\":\"https:\/\/secure.gravatar.com\/avatar\/569a97dfdb3e538b3e5d7deda9c16b4532157b1dfcdfb5890aabe7c74c3055ef?s=96&d=mm&r=g\",\"contentUrl\":\"https:\/\/secure.gravatar.com\/avatar\/569a97dfdb3e538b3e5d7deda9c16b4532157b1dfcdfb5890aabe7c74c3055ef?s=96&d=mm&r=g\",\"caption\":\"Mirveliz Caripe\"},\"url\":\"http:\/\/www.minhidrocarburos.gob.ve\/index.php\/author\/mcaripe\/\"}]}<\/script>\n<!-- \/ Yoast SEO plugin. -->","yoast_head_json":{"title":"Presidenta (e) Delcy Rodr\u00edguez plantea a Barbados alianza integral en materia de hidrocarburos - MinHidrocarburos","robots":{"index":"index","follow":"follow","max-snippet":"max-snippet:-1","max-image-preview":"max-image-preview:large","max-video-preview":"max-video-preview:-1"},"canonical":"http:\/\/www.minhidrocarburos.gob.ve\/index.php\/2026\/04\/28\/presidenta-e-delcy-rodriguez-plantea-a-barbados-alianza-integral-en-materia-de-hidrocarburos\/","og_locale":"es_ES","og_type":"article","og_title":"Presidenta (e) Delcy Rodr\u00edguez plantea a Barbados alianza integral en materia de hidrocarburos - MinHidrocarburos","og_description":"Caracas, 27 de abril de 2026.- La presidenta encargada de la Rep\u00fablica Bolivariana de Venezuela, Delcy Rodr\u00edguez, realiz\u00f3 una visita de trabajo a la Rep\u00fablica de Barbados con el objetivo de consolidar la cooperaci\u00f3n bilateral en sectores fundamentales como energ\u00eda, alimentaci\u00f3n, turismo, transporte y educaci\u00f3n. Uno de los ejes centrales de esta jornada diplom\u00e1tica fue&hellip;&nbsp;Leer m\u00e1s &raquo;Presidenta (e) Delcy Rodr\u00edguez plantea a Barbados alianza integral en materia de hidrocarburos","og_url":"http:\/\/www.minhidrocarburos.gob.ve\/index.php\/2026\/04\/28\/presidenta-e-delcy-rodriguez-plantea-a-barbados-alianza-integral-en-materia-de-hidrocarburos\/","og_site_name":"MinHidrocarburos","article_published_time":"2026-04-28T23:19:17+00:00","article_modified_time":"2026-04-28T23:19:18+00:00","og_image":[{"width":1280,"height":853,"url":"http:\/\/www.minhidrocarburos.gob.ve\/wp-content\/uploads\/2026\/04\/Presidenta-e-Delcy-Rodriguez-plantea-a-Barbados-alianza-integral1.jpeg","type":"image\/jpeg"}],"author":"Mirveliz Caripe","twitter_card":"summary_large_image","twitter_misc":{"Escrito por":"Mirveliz Caripe","Tiempo de lectura":"2 minutos"},"schema":{"@context":"https:\/\/schema.org","@graph":[{"@type":"Article","@id":"http:\/\/www.minhidrocarburos.gob.ve\/index.php\/2026\/04\/28\/presidenta-e-delcy-rodriguez-plantea-a-barbados-alianza-integral-en-materia-de-hidrocarburos\/#article","isPartOf":{"@id":"http:\/\/www.minhidrocarburos.gob.ve\/index.php\/2026\/04\/28\/presidenta-e-delcy-rodriguez-plantea-a-barbados-alianza-integral-en-materia-de-hidrocarburos\/"},"author":{"name":"Mirveliz Caripe","@id":"http:\/\/www.minhidrocarburos.gob.ve\/#\/schema\/person\/40cdf999aba39e2705068b5758840a62"},"headline":"Presidenta (e) Delcy Rodr\u00edguez plantea a Barbados alianza integral en materia de hidrocarburos","datePublished":"2026-04-28T23:19:17+00:00","dateModified":"2026-04-28T23:19:18+00:00","mainEntityOfPage":{"@id":"http:\/\/www.minhidrocarburos.gob.ve\/index.php\/2026\/04\/28\/presidenta-e-delcy-rodriguez-plantea-a-barbados-alianza-integral-en-materia-de-hidrocarburos\/"},"wordCount":280,"publisher":{"@id":"http:\/\/www.minhidrocarburos.gob.ve\/#organization"},"image":{"@id":"http:\/\/www.minhidrocarburos.gob.ve\/index.php\/2026\/04\/28\/presidenta-e-delcy-rodriguez-plantea-a-barbados-alianza-integral-en-materia-de-hidrocarburos\/#primaryimage"},"thumbnailUrl":"http:\/\/www.minhidrocarburos.gob.ve\/wp-content\/uploads\/2026\/04\/Presidenta-e-Delcy-Rodriguez-plantea-a-Barbados-alianza-integral1.jpeg","articleSection":["Noticias 2024","Noticias 2025","Noticias_Slider_24","Noticias_Slider_25"],"inLanguage":"es"},{"@type":"WebPage","@id":"http:\/\/www.minhidrocarburos.gob.ve\/index.php\/2026\/04\/28\/presidenta-e-delcy-rodriguez-plantea-a-barbados-alianza-integral-en-materia-de-hidrocarburos\/","url":"http:\/\/www.minhidrocarburos.gob.ve\/index.php\/2026\/04\/28\/presidenta-e-delcy-rodriguez-plantea-a-barbados-alianza-integral-en-materia-de-hidrocarburos\/","name":"Presidenta (e) Delcy Rodr\u00edguez plantea a Barbados alianza integral en materia de hidrocarburos - MinHidrocarburos","isPartOf":{"@id":"http:\/\/www.minhidrocarburos.gob.ve\/#website"},"primaryImageOfPage":{"@id":"http:\/\/www.minhidrocarburos.gob.ve\/index.php\/2026\/04\/28\/presidenta-e-delcy-rodriguez-plantea-a-barbados-alianza-integral-en-materia-de-hidrocarburos\/#primaryimage"},"image":{"@id":"http:\/\/www.minhidrocarburos.gob.ve\/index.php\/2026\/04\/28\/presidenta-e-delcy-rodriguez-plantea-a-barbados-alianza-integral-en-materia-de-hidrocarburos\/#primaryimage"},"thumbnailUrl":"http:\/\/www.minhidrocarburos.gob.ve\/wp-content\/uploads\/2026\/04\/Presidenta-e-Delcy-Rodriguez-plantea-a-Barbados-alianza-integral1.jpeg","datePublished":"2026-04-28T23:19:17+00:00","dateModified":"2026-04-28T23:19:18+00:00","inLanguage":"es","potentialAction":[{"@type":"ReadAction","target":["http:\/\/www.minhidrocarburos.gob.ve\/index.php\/2026\/04\/28\/presidenta-e-delcy-rodriguez-plantea-a-barbados-alianza-integral-en-materia-de-hidrocarburos\/"]}]},{"@type":"ImageObject","inLanguage":"es","@id":"http:\/\/www.minhidrocarburos.gob.ve\/index.php\/2026\/04\/28\/presidenta-e-delcy-rodriguez-plantea-a-barbados-alianza-integral-en-materia-de-hidrocarburos\/#primaryimage","url":"http:\/\/www.minhidrocarburos.gob.ve\/wp-content\/uploads\/2026\/04\/Presidenta-e-Delcy-Rodriguez-plantea-a-Barbados-alianza-integral1.jpeg","contentUrl":"http:\/\/www.minhidrocarburos.gob.ve\/wp-content\/uploads\/2026\/04\/Presidenta-e-Delcy-Rodriguez-plantea-a-Barbados-alianza-integral1.jpeg","width":1280,"height":853},{"@type":"WebSite","@id":"http:\/\/www.minhidrocarburos.gob.ve\/#website","url":"http:\/\/www.minhidrocarburos.gob.ve\/","name":"Minhidrocarburos","description":"Regulaci\u00f3n, formulaci\u00f3n y seguimiento de pol\u00edticas; la planificaci\u00f3n, realizaci\u00f3n y fiscalizaci\u00f3n en materia de hidrocarburos","publisher":{"@id":"http:\/\/www.minhidrocarburos.gob.ve\/#organization"},"potentialAction":[{"@type":"SearchAction","target":{"@type":"EntryPoint","urlTemplate":"http:\/\/www.minhidrocarburos.gob.ve\/?s={search_term_string}"},"query-input":{"@type":"PropertyValueSpecification","valueRequired":true,"valueName":"search_term_string"}}],"inLanguage":"es"},{"@type":"Organization","@id":"http:\/\/www.minhidrocarburos.gob.ve\/#organization","name":"Ministerio del Poder Popular de Hidrocarburos","url":"http:\/\/www.minhidrocarburos.gob.ve\/","logo":{"@type":"ImageObject","inLanguage":"es","@id":"http:\/\/www.minhidrocarburos.gob.ve\/#\/schema\/logo\/image\/","url":"http:\/\/www.minhidrocarburos.gob.ve\/wp-content\/uploads\/2024\/12\/Ministerio_de_Hidrocarburos.png","contentUrl":"http:\/\/www.minhidrocarburos.gob.ve\/wp-content\/uploads\/2024\/12\/Ministerio_de_Hidrocarburos.png","width":2320,"height":324,"caption":"Ministerio del Poder Popular de Hidrocarburos"},"image":{"@id":"http:\/\/www.minhidrocarburos.gob.ve\/#\/schema\/logo\/image\/"}},{"@type":"Person","@id":"http:\/\/www.minhidrocarburos.gob.ve\/#\/schema\/person\/40cdf999aba39e2705068b5758840a62","name":"Mirveliz Caripe","image":{"@type":"ImageObject","inLanguage":"es","@id":"https:\/\/secure.gravatar.com\/avatar\/569a97dfdb3e538b3e5d7deda9c16b4532157b1dfcdfb5890aabe7c74c3055ef?s=96&d=mm&r=g","url":"https:\/\/secure.gravatar.com\/avatar\/569a97dfdb3e538b3e5d7deda9c16b4532157b1dfcdfb5890aabe7c74c3055ef?s=96&d=mm&r=g","contentUrl":"https:\/\/secure.gravatar.com\/avatar\/569a97dfdb3e538b3e5d7deda9c16b4532157b1dfcdfb5890aabe7c74c3055ef?s=96&d=mm&r=g","caption":"Mirveliz Caripe"},"url":"http:\/\/www.minhidrocarburos.gob.ve\/index.php\/author\/mcaripe\/"}]}},"_links":{"self":[{"href":"http:\/\/www.minhidrocarburos.gob.ve\/index.php\/wp-json\/wp\/v2\/posts\/5200","targetHints":{"allow":["GET"]}}],"collection":[{"href":"http:\/\/www.minhidrocarburos.gob.ve\/index.php\/wp-json\/wp\/v2\/posts"}],"about":[{"href":"http:\/\/www.minhidrocarburos.gob.ve\/index.php\/wp-json\/wp\/v2\/types\/post"}],"author":[{"embeddable":true,"href":"http:\/\/www.minhidrocarburos.gob.ve\/index.php\/wp-json\/wp\/v2\/users\/17"}],"replies":[{"embeddable":true,"href":"http:\/\/www.minhidrocarburos.gob.ve\/index.php\/wp-json\/wp\/v2\/comments?post=5200"}],"version-history":[{"count":1,"href":"http:\/\/www.minhidrocarburos.gob.ve\/index.php\/wp-json\/wp\/v2\/posts\/5200\/revisions"}],"predecessor-version":[{"id":5204,"href":"http:\/\/www.minhidrocarburos.gob.ve\/index.php\/wp-json\/wp\/v2\/posts\/5200\/revisions\/5204"}],"wp:featuredmedia":[{"embeddable":true,"href":"http:\/\/www.minhidrocarburos.gob.ve\/index.php\/wp-json\/wp\/v2\/media\/5203"}],"wp:attachment":[{"href":"http:\/\/www.minhidrocarburos.gob.ve\/index.php\/wp-json\/wp\/v2\/media?parent=5200"}],"wp:term":[{"taxonomy":"category","embeddable":true,"href":"http:\/\/www.minhidrocarburos.gob.ve\/index.php\/wp-json\/wp\/v2\/categories?post=5200"},{"taxonomy":"post_tag","embeddable":true,"href":"http:\/\/www.minhidrocarburos.gob.ve\/index.php\/wp-json\/wp\/v2\/tags?post=5200"}],"curies":[{"name":"wp","href":"https:\/\/api.w.org\/{rel}","templated":true}]}}